{"id":527,"date":"2016-01-01T12:00:00","date_gmt":"2016-01-01T12:00:00","guid":{"rendered":"http:\/\/37.18.42.237:8080\/index.php\/2016\/01\/01\/archives-maintenance\/"},"modified":"2016-01-01T12:00:00","modified_gmt":"2016-01-01T12:00:00","slug":"archives-maintenance","status":"publish","type":"post","link":"https:\/\/www.cylumine.fr\/index.php\/2016\/01\/01\/archives-maintenance\/","title":{"rendered":"Archives Maintenance"},"content":{"rendered":"<table style=\"width: 100%;\" border=\"0\" cellspacing=\"0\" cellpadding=\"0\">\n<tbody>\n<tr>\n<td valign=\"top\">\n<hr \/>\n<p><span style=\"color: #ffffff; font-family: arial,helvetica,sans-serif;\"><strong><span style=\"font-size: small; background-color: #cb1e44;\"><br \/>\u00a0FLASH INFOS TRAVAUX &#8211; PANNE HT POSTE LAMPARO du 24\/10\/2016 <br \/><\/span><\/strong><\/span><\/p>\n<p style=\"text-align: justify;\">\u00a0<\/p>\n<p><span style=\"font-family: arial,helvetica,sans-serif; font-size: small;\">Depuis ce matin 5h48 le <strong>d\u00e9part N\u00b03 du Poste Lamparo<\/strong> pr\u00e9sente un d\u00e9faut franc avec une fusion fusible. Les tests d\u2019isolement \u00e9tant trop faibles ne permettent pas son r\u00e9enclenchement. Il a \u00e9t\u00e9 consign\u00e9 dans l\u2019attente d\u2019une investigation qui sera men\u00e9e le lundi 24 Octobre 2016 par nos agents. Les rues impact\u00e9es ce soir sont:<\/span><\/p>\n<p style=\"text-align: justify;\">\u00a0<\/p>\n<p><span style=\"font-family: arial,helvetica,sans-serif; font-size: small;\"><img loading=\"lazy\" decoding=\"async\" src=\"https:\/\/www.cylumine.fr\/img\/puce1.png\" alt=\"\" width=\"13\" height=\"11\" border=\"0\" \/>\u00a0Rue\u00a0Fortes Terres<\/span><br \/><span style=\"font-family: arial,helvetica,sans-serif; font-size: small;\"><img loading=\"lazy\" decoding=\"async\" src=\"https:\/\/www.cylumine.fr\/img\/puce1.png\" alt=\"\" width=\"13\" height=\"11\" border=\"0\" \/>\u00a0Avenue Fond de Vaux<\/span><br \/><span style=\"font-family: arial,helvetica,sans-serif; font-size: small;\"><img loading=\"lazy\" decoding=\"async\" src=\"https:\/\/www.cylumine.fr\/img\/puce1.png\" alt=\"\" width=\"13\" height=\"11\" border=\"0\" \/>\u00a0Avenue du Chateau<\/span><br \/><span style=\"font-family: arial,helvetica,sans-serif; font-size: small;\"><img loading=\"lazy\" decoding=\"async\" src=\"https:\/\/www.cylumine.fr\/img\/puce1.png\" alt=\"\" width=\"13\" height=\"11\" border=\"0\" \/>\u00a0Avenue de l&rsquo;Eguillette<\/span><br \/><span style=\"font-family: arial,helvetica,sans-serif; font-size: small;\"><img loading=\"lazy\" decoding=\"async\" src=\"https:\/\/www.cylumine.fr\/img\/puce1.png\" alt=\"\" width=\"13\" height=\"11\" border=\"0\" \/>\u00a0Avenue des Gros Chevaux<\/span><br \/><span style=\"font-family: arial,helvetica,sans-serif; font-size: small;\"><img loading=\"lazy\" decoding=\"async\" src=\"https:\/\/www.cylumine.fr\/img\/puce1.png\" alt=\"\" width=\"13\" height=\"11\" border=\"0\" \/>\u00a0Avenue du Fief (Partie)<\/span><br \/><span style=\"font-family: arial,helvetica,sans-serif; font-size: small;\"><img loading=\"lazy\" decoding=\"async\" src=\"https:\/\/www.cylumine.fr\/img\/puce1.png\" alt=\"\" width=\"13\" height=\"11\" border=\"0\" \/>\u00a0Avenue des Bethunes (Partie)<\/span><\/p>\n<p style=\"text-align: justify;\"><span style=\"font-family: arial,helvetica,sans-serif; font-size: small;\"><strong><br \/>Le nombre de points lumineux impact\u00e9s par cette panne est d&rsquo;environ 240.<\/p>\n<p>\u00a0 <img loading=\"lazy\" decoding=\"async\" src=\"https:\/\/www.cylumine.fr\/images\/Panne HT poste LAMPARO du 24102016.png\" alt=\"\" width=\"429\" height=\"617\" border=\"0\" \/><\/strong><\/span><\/p>\n<p>\u00a0\u00a0<\/p>\n<p>\u00a0<\/p>\n<\/td>\n<\/tr>\n<\/tbody>\n<\/table>\n<table style=\"width: 100%;\" border=\"0\" cellspacing=\"0\" cellpadding=\"0\">\n<tbody>\n<tr>\n<td valign=\"top\">\n<hr \/>\n<p><span style=\"color: #ffffff; font-family: arial,helvetica,sans-serif;\"><strong><span style=\"font-size: small; background-color: #cb1e44;\"><br \/>\u00a0FLASH INFOS TRAVAUX &#8211; PANNE HT POSTE HALOGENE du 06\/10\/2016\u00a0<\/p>\n<p><\/span><\/strong><\/span><\/p>\n<p style=\"text-align: justify;\"><strong><span style=\"font-family: arial, helvetica, sans-serif; font-size: small;\">Le <\/span>d\u00e9part\u00a02<span style=\"font-family: arial, helvetica, sans-serif; font-size: small;\">\u00a0du <\/span>poste HALOGENE<\/strong><span style=\"font-family: arial, helvetica, sans-serif; font-size: small;\"> a \u00e9t\u00e9 remis en service.<\/span><\/p>\n<p style=\"text-align: justify;\"><span style=\"font-family: arial,helvetica,sans-serif; font-size: small;\">Suite \u00e0 notre RDD, nous avons trouv\u00e9 un sabot d\u00e9fense HS, situ\u00e9 dans une chambre de l&rsquo;ancien r\u00e9seau, qui doit \u00eatre d\u00e9pos\u00e9 prochainement dans le cadre des travaux de reconstruction;<\/span><br \/><span style=\"font-family: arial,helvetica,sans-serif; font-size: small;\">L\u2019ensemble de l\u2019\u00e9clairage public du secteur fonctionnera correctement ce soir.<\/p>\n<p><\/span><\/p>\n<\/td>\n<\/tr>\n<\/tbody>\n<\/table>\n<table style=\"width: 100%;\" border=\"0\" cellspacing=\"0\" cellpadding=\"0\">\n<tbody>\n<tr>\n<td valign=\"top\">\n<hr \/>\n<p><span style=\"color: #ffffff; font-family: arial,helvetica,sans-serif;\"><span style=\"color: #ffffff; font-family: arial,helvetica,sans-serif;\"><strong><span style=\"font-size: small; background-color: #cb1e44;\"><br \/>\u00a0FLASH INFOS TRAVAUX &#8211; PANNE HT POSTE HALOGENE du 05\/10\/2016\u00a0<\/span><\/strong><\/span><\/span><\/p>\n<p><span style=\"font-family: arial,helvetica,sans-serif; font-size: small;\"><br \/><\/span><span style=\"font-family: arial,helvetica,sans-serif; font-size: small;\">Le 05\/10\/2016 \u00e0 21h10, <strong>le d\u00e9part 2 (secteur Cergy) ainsi que les d\u00e9part 3,4 et 5 du poste HALOGENE (secteur Vaur\u00e9al et Courdimanche) se sont mis en d\u00e9faut<\/strong>.<\/span><span style=\"font-family: arial,helvetica,sans-serif; font-size: small;\"> Suite \u00e0 l\u2019intervention de nos \u00e9quipes les d\u00e9parts 3,4 et 5 ont pu \u00eatre remis en service, mais le d\u00e9part 2 n\u2019a pu \u00eatre remis en service. <\/span><span style=\"font-family: arial,helvetica,sans-serif; font-size: small;\">Nos \u00e9quipes proc\u00e9derons \u00e0 une recherche de d\u00e9faut d\u00e8s ce matin.<\/p>\n<p><\/span><\/p>\n<p style=\"text-align: justify;\"><strong><span style=\"font-family: arial, helvetica, sans-serif; font-size: small;\"><span style=\"text-decoration: underline;\">La panne\u00a0impacte les rues suivantes:<br \/><\/span><\/span><\/strong><span style=\"font-family: arial,helvetica,sans-serif; font-size: small;\"><br \/><img loading=\"lazy\" decoding=\"async\" src=\"https:\/\/www.cylumine.fr\/img\/puce1.png\" alt=\"\" width=\"13\" height=\"11\" border=\"0\" \/>\u00a0Boulevard de l\u2019Oise entre le rond-point du Golf et le rond-point des ch\u00eanes.<\/span><br \/><span style=\"font-family: arial,helvetica,sans-serif; font-size: small;\"><img loading=\"lazy\" decoding=\"async\" src=\"https:\/\/www.cylumine.fr\/img\/puce1.png\" alt=\"\" width=\"13\" height=\"11\" border=\"0\" \/>\u00a0Boulevard du Moulin \u00e0 Vent entre le rond-point des ch\u00eanes et le rond-point du Boulevard de la Paix.<\/span><br \/><span style=\"font-family: arial,helvetica,sans-serif; font-size: small;\"><img loading=\"lazy\" decoding=\"async\" src=\"https:\/\/www.cylumine.fr\/img\/puce1.png\" alt=\"\" width=\"13\" height=\"11\" border=\"0\" \/>\u00a0L\u2019Avenue des H\u00e9rons.<\/span><br \/><span style=\"font-family: arial,helvetica,sans-serif; font-size: small;\"><img loading=\"lazy\" decoding=\"async\" src=\"https:\/\/www.cylumine.fr\/img\/puce1.png\" alt=\"\" width=\"13\" height=\"11\" border=\"0\" \/>\u00a0Le chemin des Pilets.<\/p>\n<p><\/span><\/p>\n<p><span style=\"font-family: arial,helvetica,sans-serif; font-size: small;\"><strong>Le nombre de points lumineux impact\u00e9 par cette panne est d\u2019environ 90.<br \/><\/strong><br \/><img loading=\"lazy\" decoding=\"async\" src=\"https:\/\/www.cylumine.fr\/images\/Panne HT HALOGENE 20161005.png\" alt=\"\" width=\"309\" height=\"536\" border=\"0\" \/><\/p>\n<p><\/span><\/p>\n<p>\u00a0<\/p>\n<\/td>\n<\/tr>\n<\/tbody>\n<\/table>\n<table style=\"width: 100%;\" border=\"0\" cellspacing=\"0\" cellpadding=\"0\">\n<tbody>\n<tr>\n<td valign=\"top\">\n<hr \/>\n<p><span style=\"color: #ffffff; font-family: arial,helvetica,sans-serif;\"><span style=\"color: #ffffff; font-family: arial,helvetica,sans-serif;\"><strong><span style=\"font-size: small; background-color: #cb1e44;\"><br \/>\u00a0FLASH INFOS TRAVAUX &#8211; RENOVATION DU POSTE HT\u00a0LAMPARO du 13\/07\/2016\u00a0<\/span><\/strong><\/span><\/span><\/p>\n<p><span style=\"font-family: arial,helvetica,sans-serif; font-size: small;\"><br \/>Les travaux de r\u00e9novation du <strong>poste HT LAMPARO<\/strong>, dans la zone industrielle de Saint Ouen l&rsquo;Aum\u00f4ne, se d\u00e9rouleront cet \u00e9t\u00e9.<br \/>Une intervention coordonn\u00e9e avec ERDF nous am\u00e8ne \u00e0 pr\u00e9voir une coupure g\u00e9n\u00e9rale de l\u00a0\u00bb\u00e9clairage public sur toute cette zone durant <span style=\"color: #ff0000; font-size: medium;\">la nuit du 20\/07\/2016 au 21\/07\/2016.<br \/><span style=\"color: #000000; font-size: small;\">Ci-dessous un d\u00e9tail des voies qui seront impact\u00e9es par cette absence d&rsquo;\u00e9clairage.<\/p>\n<p><span style=\"text-decoration: underline;\">DEPART 1:<\/span> pr\u00e8s de 260 points lumineux impact\u00e9s<\/p>\n<p><img loading=\"lazy\" decoding=\"async\" src=\"https:\/\/www.cylumine.fr\/img\/puce1.png\" alt=\"\" width=\"13\" height=\"11\" border=\"0\" \/>\u00a0B\u00e9thunes (avenue des)<br \/><img loading=\"lazy\" decoding=\"async\" src=\"https:\/\/www.cylumine.fr\/img\/puce1.png\" alt=\"\" width=\"13\" height=\"11\" border=\"0\" \/>\u00a0Ch\u00e2teau (Avenue du)<br \/><img loading=\"lazy\" decoding=\"async\" src=\"https:\/\/www.cylumine.fr\/img\/puce1.png\" alt=\"\" width=\"13\" height=\"11\" border=\"0\" \/>\u00a0Eguillette (Avenue de l&rsquo;)<br \/><img loading=\"lazy\" decoding=\"async\" src=\"https:\/\/www.cylumine.fr\/img\/puce1.png\" alt=\"\" width=\"13\" height=\"11\" border=\"0\" \/>\u00a0Equerre (Rue de l&rsquo;)<br \/><img loading=\"lazy\" decoding=\"async\" src=\"https:\/\/www.cylumine.fr\/img\/puce1.png\" alt=\"\" width=\"13\" height=\"11\" border=\"0\" \/>\u00a0Guivernone (Rue de la)<br \/><img loading=\"lazy\" decoding=\"async\" src=\"https:\/\/www.cylumine.fr\/img\/puce1.png\" alt=\"\" width=\"13\" height=\"11\" border=\"0\" \/>\u00a0Marcel Dassault (Rue)<br \/><img loading=\"lazy\" decoding=\"async\" src=\"https:\/\/www.cylumine.fr\/img\/puce1.png\" alt=\"\" width=\"13\" height=\"11\" border=\"0\" \/>\u00a0Oziers (Rue des)<br \/><img loading=\"lazy\" decoding=\"async\" src=\"https:\/\/www.cylumine.fr\/img\/puce1.png\" alt=\"\" width=\"13\" height=\"11\" border=\"0\" \/>\u00a0Saint-Hilaire (Rue)<br \/><img loading=\"lazy\" decoding=\"async\" src=\"https:\/\/www.cylumine.fr\/img\/puce1.png\" alt=\"\" width=\"13\" height=\"11\" border=\"0\" \/>\u00a0Vert Galant (Avenue du)<\/p>\n<p><span style=\"text-decoration: underline;\">DEPART 2:<\/span>\u00a0pr\u00e8s de 260 points\u00a0lumineux impact\u00e9s\u00a0<\/p>\n<p><img loading=\"lazy\" decoding=\"async\" src=\"https:\/\/www.cylumine.fr\/img\/puce1.png\" alt=\"\" width=\"13\" height=\"11\" border=\"0\" \/>\u00a0Chateau (Avenue du)<br \/><img loading=\"lazy\" decoding=\"async\" src=\"https:\/\/www.cylumine.fr\/img\/puce1.png\" alt=\"\" width=\"13\" height=\"11\" border=\"0\" \/>\u00a0Eguillette (Avenue de l&rsquo;)<br \/><img loading=\"lazy\" decoding=\"async\" src=\"https:\/\/www.cylumine.fr\/img\/puce1.png\" alt=\"\" width=\"13\" height=\"11\" border=\"0\" \/>\u00a0Epluches (Rue d&rsquo;)<br \/><img loading=\"lazy\" decoding=\"async\" src=\"https:\/\/www.cylumine.fr\/img\/puce1.png\" alt=\"\" width=\"13\" height=\"11\" border=\"0\" \/>\u00a0Fief (Rue du)<br \/><img loading=\"lazy\" decoding=\"async\" src=\"https:\/\/www.cylumine.fr\/img\/puce1.png\" alt=\"\" width=\"13\" height=\"11\" border=\"0\" \/>\u00a0Fond de Vaux (Avenue du)<br \/><img loading=\"lazy\" decoding=\"async\" src=\"https:\/\/www.cylumine.fr\/img\/puce1.png\" alt=\"\" width=\"13\" height=\"11\" border=\"0\" \/>\u00a0Fortes\u00a0Terres (Rue\u00a0des)<br \/><img loading=\"lazy\" decoding=\"async\" src=\"https:\/\/www.cylumine.fr\/img\/puce1.png\" alt=\"\" width=\"13\" height=\"11\" border=\"0\" \/>\u00a0Gros Chevaux (Avenue des)<br \/><img loading=\"lazy\" decoding=\"async\" src=\"https:\/\/www.cylumine.fr\/img\/puce1.png\" alt=\"\" width=\"13\" height=\"11\" border=\"0\" \/>\u00a0Marcel Dassault (Rue)<br \/><img loading=\"lazy\" decoding=\"async\" src=\"https:\/\/www.cylumine.fr\/img\/puce1.png\" alt=\"\" width=\"13\" height=\"11\" border=\"0\" \/>\u00a0Mare (Avenue de la)<br \/><img loading=\"lazy\" decoding=\"async\" src=\"https:\/\/www.cylumine.fr\/img\/puce1.png\" alt=\"\" width=\"13\" height=\"11\" border=\"0\" \/>\u00a0Rapporteur (Rue Du)\u00a0<br \/><img loading=\"lazy\" decoding=\"async\" src=\"https:\/\/www.cylumine.fr\/img\/puce1.png\" alt=\"\" width=\"13\" height=\"11\" border=\"0\" \/>\u00a0Bois du Pont (Rue du)\u00a0<\/p>\n<p><span style=\"text-decoration: underline;\">DEPART 3:<\/span>\u00a0pr\u00e8s de\u00a0260 points\u00a0lumineux impact\u00e9s<\/p>\n<p><img loading=\"lazy\" decoding=\"async\" src=\"https:\/\/www.cylumine.fr\/img\/puce1.png\" alt=\"\" width=\"13\" height=\"11\" border=\"0\" \/>\u00a0B\u00e9thunes (avenue des)<br \/><img loading=\"lazy\" decoding=\"async\" src=\"https:\/\/www.cylumine.fr\/img\/puce1.png\" alt=\"\" width=\"13\" height=\"11\" border=\"0\" \/>\u00a0Chateau (Avenue du)<br \/><img loading=\"lazy\" decoding=\"async\" src=\"https:\/\/www.cylumine.fr\/img\/puce1.png\" alt=\"\" width=\"13\" height=\"11\" border=\"0\" \/>\u00a0Compas (Rue du)<br \/><img loading=\"lazy\" decoding=\"async\" src=\"https:\/\/www.cylumine.fr\/img\/puce1.png\" alt=\"\" width=\"13\" height=\"11\" border=\"0\" \/>\u00a0Eguillette (Avenue de l&rsquo;)<br \/><img loading=\"lazy\" decoding=\"async\" src=\"https:\/\/www.cylumine.fr\/img\/puce1.png\" alt=\"\" width=\"13\" height=\"11\" border=\"0\" \/>\u00a0Epluches (Rue d&rsquo;)<br \/><img loading=\"lazy\" decoding=\"async\" src=\"https:\/\/www.cylumine.fr\/img\/puce1.png\" alt=\"\" width=\"13\" height=\"11\" border=\"0\" \/>\u00a0Fief (Rue du)<br \/><img loading=\"lazy\" decoding=\"async\" src=\"https:\/\/www.cylumine.fr\/img\/puce1.png\" alt=\"\" width=\"13\" height=\"11\" border=\"0\" \/>\u00a0Fond de Vaux (Avenue du)<br \/><img loading=\"lazy\" decoding=\"async\" src=\"https:\/\/www.cylumine.fr\/img\/puce1.png\" alt=\"\" width=\"13\" height=\"11\" border=\"0\" \/>\u00a0Fortes Terres (Rue des)<br \/><img loading=\"lazy\" decoding=\"async\" src=\"https:\/\/www.cylumine.fr\/img\/puce1.png\" alt=\"\" width=\"13\" height=\"11\" border=\"0\" \/>\u00a0Gros Chevaux (Avenue des)<br \/><img loading=\"lazy\" decoding=\"async\" src=\"https:\/\/www.cylumine.fr\/img\/puce1.png\" alt=\"\" width=\"13\" height=\"11\" border=\"0\" \/>\u00a0Liesse (Boulevard de)<br \/><img loading=\"lazy\" decoding=\"async\" src=\"https:\/\/www.cylumine.fr\/img\/puce1.png\" alt=\"\" width=\"13\" height=\"11\" border=\"0\" \/>\u00a0Palmer (Rue du)<\/p>\n<p><img loading=\"lazy\" decoding=\"async\" style=\"width: 358px; height: 462px;\" src=\"https:\/\/www.cylumine.fr\/images\/Poste lamparo 20160713.jpg\" alt=\"\" width=\"378\" height=\"462\" border=\"0\" \/><br \/><\/span><\/span><\/span><\/p>\n<\/td>\n<\/tr>\n<\/tbody>\n<\/table>\n<table style=\"width: 666px; height: 156px;\" border=\"0\" cellspacing=\"0\" cellpadding=\"0\">\n<tbody>\n<tr>\n<td valign=\"top\">\n<hr \/>\n<p><span style=\"color: #ffffff; font-family: arial,helvetica,sans-serif;\"><span style=\"color: #ffffff; font-family: arial,helvetica,sans-serif;\"><strong><span style=\"font-size: small; background-color: #cb1e44;\"><br \/>\u00a0FLASH INFOS TRAVAUX &#8211; PANNE HT du 30\/06\/2016\u00a0<\/p>\n<p><\/span><\/strong><\/span><\/span><\/p>\n<p><span style=\"font-family: arial,helvetica,sans-serif; font-size: small;\">Nous avons rencontr\u00e9 hier soir \u00e0 l\u2019allumage (Mercredi 29 juin 2016)\u00a0une difficult\u00e9 <strong>sur le\u00a0d\u00e9part n\u00b01 du\u00a0poste Haute Tension\u00a0LAMPARO\u00a0\u00e0 Saint Ouen l\u2019aum\u00f4ne<\/strong>.<\/span><span style=\"font-family: arial,helvetica,sans-serif; font-size: small;\">Ce dernier pr\u00e9sente un d\u00e9faut franc avec fusion fusible sur le <strong>\u00a0d\u00e9part n\u00b01<\/strong>, le test d\u2019isolement \u00e9tant trop faible, ne permettant pas le r\u00e9-enclenchement du d\u00e9part.<\/span><span style=\"font-family: arial,helvetica,sans-serif; font-size: small;\">Il a \u00e9t\u00e9 consign\u00e9 dans l\u2019attente d\u2019investigations compl\u00e9mentaires qui seront men\u00e9es d\u00e8s ce matin par nos agents.<\/span>\u00a0<\/p>\n<p><span style=\"font-family: arial,helvetica,sans-serif; font-size: small;\"><strong><br \/>Le D\u00e9part n\u00b01 impacte les rues suivantes :<\/p>\n<p><\/strong><\/span><\/p>\n<p><span style=\"font-family: arial,helvetica,sans-serif; font-size: small;\"><img loading=\"lazy\" decoding=\"async\" src=\"https:\/\/www.cylumine.fr\/img\/puce1.png\" alt=\"\" width=\"13\" height=\"11\" border=\"0\" \/> Avenue de l\u2019Eguilette<\/span><\/p>\n<p><span style=\"font-family: arial,helvetica,sans-serif; font-size: small;\"><img loading=\"lazy\" decoding=\"async\" src=\"https:\/\/www.cylumine.fr\/img\/puce1.png\" alt=\"\" width=\"13\" height=\"11\" border=\"0\" \/>\u00a0Avenue du Vert Galant<\/span><\/p>\n<p><span style=\"font-family: arial,helvetica,sans-serif; font-size: small;\"><img loading=\"lazy\" decoding=\"async\" src=\"https:\/\/www.cylumine.fr\/img\/puce1.png\" alt=\"\" width=\"13\" height=\"11\" border=\"0\" \/> Avenue des B\u00e9thune<\/span><\/p>\n<p><span style=\"font-family: arial,helvetica,sans-serif; font-size: small;\"><img loading=\"lazy\" decoding=\"async\" src=\"https:\/\/www.cylumine.fr\/img\/puce1.png\" alt=\"\" width=\"13\" height=\"11\" border=\"0\" \/> Rue de l\u2019\u00e9querre<\/span><\/p>\n<p><span style=\"font-family: arial,helvetica,sans-serif; font-size: small;\"><img loading=\"lazy\" decoding=\"async\" src=\"https:\/\/www.cylumine.fr\/img\/puce1.png\" alt=\"\" width=\"13\" height=\"11\" border=\"0\" \/> Rue des Oziers<\/span><\/p>\n<p><span style=\"font-family: arial,helvetica,sans-serif; font-size: small;\"><img loading=\"lazy\" decoding=\"async\" src=\"https:\/\/www.cylumine.fr\/img\/puce1.png\" alt=\"\" width=\"13\" height=\"11\" border=\"0\" \/> Avenue Marcel Dassault<\/span><\/p>\n<p><span style=\"font-family: arial,helvetica,sans-serif; font-size: small;\"><img loading=\"lazy\" decoding=\"async\" src=\"https:\/\/www.cylumine.fr\/img\/puce1.png\" alt=\"\" width=\"13\" height=\"11\" border=\"0\" \/> Rue Saint-hilaire<\/span><\/p>\n<p><span style=\"font-family: arial,helvetica,sans-serif; font-size: small;\"><img loading=\"lazy\" decoding=\"async\" src=\"https:\/\/www.cylumine.fr\/img\/puce1.png\" alt=\"\" width=\"13\" height=\"11\" border=\"0\" \/> Avenue Du Ch\u00e2teau<\/span><\/p>\n<p><span style=\"font-family: arial,helvetica,sans-serif; font-size: small;\"><img loading=\"lazy\" decoding=\"async\" src=\"https:\/\/www.cylumine.fr\/img\/puce1.png\" alt=\"\" width=\"13\" height=\"11\" border=\"0\" \/> Rue de la Guivernone<\/p>\n<p>Environ\u00a0<strong>270<\/strong>\u00a0points lumineux concern\u00e9s par cette panne qui se d\u00e9composent de la fa\u00e7on suivante :<\/p>\n<p><img loading=\"lazy\" decoding=\"async\" style=\"width: 577px; height: 453px;\" src=\"https:\/\/www.cylumine.fr\/images\/Dpart lamparo N1-1 28062016.png\" alt=\"\" width=\"404\" height=\"372\" border=\"0\" \/><br \/><img loading=\"lazy\" decoding=\"async\" style=\"width: 575px; height: 434px;\" src=\"https:\/\/www.cylumine.fr\/images\/Dpart Lamparo N1-2 28062016.png\" alt=\"\" width=\"515\" height=\"393\" border=\"0\" \/><\/p>\n<p><\/span><\/p>\n<p><span style=\"font-family: arial,helvetica,sans-serif; font-size: small;\"><br \/><\/span><\/p>\n<\/td>\n<\/tr>\n<\/tbody>\n<\/table>\n<table style=\"width: 100%; height: 156px;\" border=\"0\" cellspacing=\"0\" cellpadding=\"0\">\n<tbody>\n<tr>\n<td valign=\"top\">\n<hr \/>\n<p><span style=\"color: #ffffff; font-family: arial,helvetica,sans-serif;\"><span style=\"color: #ffffff; font-family: arial,helvetica,sans-serif;\"><strong><span style=\"font-size: small; background-color: #cb1e44;\"><br \/>\u00a0FLASH INFOS TRAVAUX &#8211; PANNE HT du 27\/06\/2016\u00a0<\/span><\/strong><\/span><\/span><\/p>\n<p><span style=\"text-align: justify; font-family: arial, helvetica, sans-serif; font-size: small;\"><br \/>Nous avons rencontr\u00e9\u00a0Hier soir \u00e0 l\u2019allumage (Lundi 27 juin 2016) une difficult\u00e9 <\/span><strong style=\"text-align: justify; font-family: arial, helvetica, sans-serif;\">sur le\u00a0d\u00e9part n\u00b01 <\/strong><span style=\"text-align: justify; font-family: arial, helvetica, sans-serif; font-size: small;\">(ex\u00a0: D\u00e9part N\u00b01 + d\u00e9part N\u00b04)<\/span><strong style=\"text-align: justify; font-family: arial, helvetica, sans-serif;\">\u00a0poste Haute Tension\u00a0LAMPARO\u00a0\u00e0 Saint Ouen l\u2019aum\u00f4ne<\/strong><span style=\"text-align: justify; font-family: arial, helvetica, sans-serif; font-size: small;\">.<\/span><\/p>\n<p style=\"text-align: justify;\"><span style=\"font-family: arial,helvetica,sans-serif; font-size: small;\">(Le SMS indiqu\u00e9 d\u00e9part N\u00b02 mais sur place d\u00e9part N\u00b01 en d\u00e9faut)<\/span><\/p>\n<p style=\"text-align: justify;\"><span style=\"font-family: arial,helvetica,sans-serif; font-size: small;\">Ce dernier pr\u00e9sentent un d\u00e9faut franc avec fusion fusible sur le <strong>\u00a0d\u00e9part n\u00b01<\/strong>, le test d\u2019isolement \u00e9tant trop faible il ne permet pas le r\u00e9enclenchement du d\u00e9part concern\u00e9.<\/span><\/p>\n<p style=\"text-align: justify;\"><span style=\"font-family: arial,helvetica,sans-serif; font-size: small;\">Il a \u00e9t\u00e9 consign\u00e9 dans l\u2019attente d\u2019investigations compl\u00e9mentaires qui seront men\u00e9es d\u00e8s Mardi 28 Juin matin par nos agents.<\/span><\/p>\n<p><span style=\"font-family: arial,helvetica,sans-serif; font-size: small;\"><strong><br \/>Le D\u00e9part n\u00b01 impacte les rues suivantes\u00a0:<\/p>\n<p><\/strong><\/span><\/p>\n<p><span style=\"font-family: arial,helvetica,sans-serif; font-size: small;\"><img loading=\"lazy\" decoding=\"async\" src=\"https:\/\/www.cylumine.fr\/img\/puce1.png\" alt=\"\" width=\"13\" height=\"11\" border=\"0\" \/>\u00a0Avenue de l\u2019Eguilette<\/span><\/p>\n<p><span style=\"font-family: arial,helvetica,sans-serif; font-size: small;\"><img loading=\"lazy\" decoding=\"async\" src=\"https:\/\/www.cylumine.fr\/img\/puce1.png\" alt=\"\" width=\"13\" height=\"11\" border=\"0\" \/>\u00a0Avenue du Vert Galant<\/span><\/p>\n<p><span style=\"font-family: arial,helvetica,sans-serif; font-size: small;\"><img loading=\"lazy\" decoding=\"async\" src=\"https:\/\/www.cylumine.fr\/img\/puce1.png\" alt=\"\" width=\"13\" height=\"11\" border=\"0\" \/>\u00a0Avenue des B\u00e9thune<\/span><\/p>\n<p><span style=\"font-family: arial,helvetica,sans-serif; font-size: small;\"><img loading=\"lazy\" decoding=\"async\" src=\"https:\/\/www.cylumine.fr\/img\/puce1.png\" alt=\"\" width=\"13\" height=\"11\" border=\"0\" \/>\u00a0Rue de l\u2019\u00e9querre<\/span><\/p>\n<p><span style=\"font-family: arial,helvetica,sans-serif; font-size: small;\"><img loading=\"lazy\" decoding=\"async\" src=\"https:\/\/www.cylumine.fr\/img\/puce1.png\" alt=\"\" width=\"13\" height=\"11\" border=\"0\" \/>\u00a0Rue des Oziers<\/span><\/p>\n<p><span style=\"font-family: arial,helvetica,sans-serif; font-size: small;\"><img loading=\"lazy\" decoding=\"async\" src=\"https:\/\/www.cylumine.fr\/img\/puce1.png\" alt=\"\" width=\"13\" height=\"11\" border=\"0\" \/>\u00a0Avenue Marcel Dassault<\/span><\/p>\n<p><span style=\"font-family: arial,helvetica,sans-serif; font-size: small;\"><img loading=\"lazy\" decoding=\"async\" src=\"https:\/\/www.cylumine.fr\/img\/puce1.png\" alt=\"\" width=\"13\" height=\"11\" border=\"0\" \/>\u00a0Rue Saint-hilaire<\/span><\/p>\n<p><span style=\"font-family: arial,helvetica,sans-serif; font-size: small;\"><img loading=\"lazy\" decoding=\"async\" src=\"https:\/\/www.cylumine.fr\/img\/puce1.png\" alt=\"\" width=\"13\" height=\"11\" border=\"0\" \/>\u00a0Avenue Du Ch\u00e2teau<\/span><\/p>\n<p><span style=\"font-family: arial,helvetica,sans-serif; font-size: small;\"><img loading=\"lazy\" decoding=\"async\" src=\"https:\/\/www.cylumine.fr\/img\/puce1.png\" alt=\"\" width=\"13\" height=\"11\" border=\"0\" \/>\u00a0Rue de la Guivernone<\/p>\n<p>Environ\u00a0<strong>270<\/strong>\u00a0points lumineux concern\u00e9s par cette panne qui se d\u00e9composent de la fa\u00e7on suivante :<\/p>\n<p><img loading=\"lazy\" decoding=\"async\" style=\"width: 577px; height: 453px;\" src=\"https:\/\/www.cylumine.fr\/images\/Dpart lamparo N1-1 28062016.png\" alt=\"\" width=\"404\" height=\"372\" border=\"0\" \/><\/p>\n<p><img loading=\"lazy\" decoding=\"async\" style=\"width: 575px; height: 434px;\" src=\"https:\/\/www.cylumine.fr\/images\/Dpart Lamparo N1-2 28062016.png\" alt=\"\" width=\"515\" height=\"393\" border=\"0\" \/><br \/><\/span><\/p>\n<p><span style=\"font-family: arial,helvetica,sans-serif; font-size: small;\"><\/p>\n<p><\/span><\/p>\n<\/td>\n<\/tr>\n<\/tbody>\n<\/table>\n<table style=\"width: 666px; height: 156px;\" border=\"0\" cellspacing=\"0\" cellpadding=\"0\">\n<tbody>\n<tr>\n<td valign=\"top\">\n<hr \/>\n<p><span style=\"color: #ffffff; font-family: arial,helvetica,sans-serif;\"><span style=\"color: #ffffff; font-family: arial,helvetica,sans-serif;\"><strong><span style=\"font-size: small; background-color: #cb1e44;\"><br \/>\u00a0FLASH INFOS TRAVAUX PANNE HT 09\/06\/2016\u00a0<\/span><\/strong><\/span><\/span><\/p>\n<p><span style=\"font-family: arial, helvetica, sans-serif; font-size: small;\"><br \/>Nous rencontrons depuis le 08 Juin 2016, <\/span><strong style=\"font-family: arial, helvetica, sans-serif;\">un d\u00e9faut sur le d\u00e9part N\u00b0 3 du Poste LAMPARO<\/strong><\/p>\n<p><span style=\"font-family: arial,helvetica,sans-serif; font-size: small;\">Depuis Hier soir 22h51, le \u00a0d\u00e9part concern\u00e9 pr\u00e9sente un d\u00e9faut franc avec une fusion fusible. Les tests d\u2019isolement \u00e9tant trop faible, ils n\u2019ont pas permis le r\u00e9-enclenchement.<\/span><\/p>\n<p><span style=\"font-family: arial,helvetica,sans-serif; font-size: small;\">Le d\u00e9part a \u00e9t\u00e9 consign\u00e9 dans l\u2019attente d\u2019une investigation qui sera men\u00e9e aujourd\u2019hui, jeudi 09 Juin, par nos agents.<\/p>\n<p><\/span><\/p>\n<p><span style=\"font-family: arial,helvetica,sans-serif; font-size: small;\">Les rues impact\u00e9es sont:<\/p>\n<p><\/span><\/p>\n<p><span style=\"font-family: arial,helvetica,sans-serif; font-size: small;\"><img loading=\"lazy\" decoding=\"async\" src=\"https:\/\/www.cylumine.fr\/img\/puce1.png\" alt=\"\" width=\"13\" height=\"11\" border=\"0\" \/>\u00a0Rue Fortes Terres<\/span><\/p>\n<p><span style=\"font-family: arial,helvetica,sans-serif; font-size: small;\"><img loading=\"lazy\" decoding=\"async\" src=\"https:\/\/www.cylumine.fr\/img\/puce1.png\" alt=\"\" width=\"13\" height=\"11\" border=\"0\" \/>\u00a0Avenue du Fond de Vaux<\/span><\/p>\n<p><span style=\"font-family: arial,helvetica,sans-serif; font-size: small;\"><img loading=\"lazy\" decoding=\"async\" src=\"https:\/\/www.cylumine.fr\/img\/puce1.png\" alt=\"\" width=\"13\" height=\"11\" border=\"0\" \/>\u00a0Avenue du ch\u00e2teau<\/span><\/p>\n<p><span style=\"font-family: arial,helvetica,sans-serif; font-size: small;\"><img loading=\"lazy\" decoding=\"async\" src=\"https:\/\/www.cylumine.fr\/img\/puce1.png\" alt=\"\" width=\"13\" height=\"11\" border=\"0\" \/>\u00a0Avenue de l\u2019Eguillette<\/span><\/p>\n<p><span style=\"font-family: arial,helvetica,sans-serif; font-size: small;\"><img loading=\"lazy\" decoding=\"async\" src=\"https:\/\/www.cylumine.fr\/img\/puce1.png\" alt=\"\" width=\"13\" height=\"11\" border=\"0\" \/>\u00a0Avenue des Gros chevaux<\/span><\/p>\n<p><span style=\"font-family: arial,helvetica,sans-serif; font-size: small;\"><img loading=\"lazy\" decoding=\"async\" src=\"https:\/\/www.cylumine.fr\/img\/puce1.png\" alt=\"\" width=\"13\" height=\"11\" border=\"0\" \/>\u00a0Avenue du Fief (Partie)<\/span><\/p>\n<p><span style=\"font-family: arial,helvetica,sans-serif; font-size: small;\"><img loading=\"lazy\" decoding=\"async\" src=\"https:\/\/www.cylumine.fr\/img\/puce1.png\" alt=\"\" width=\"13\" height=\"11\" border=\"0\" \/>\u00a0Avenue de Bethunes ( Partie)<\/p>\n<p><img decoding=\"async\" src=\"https:\/\/www.cylumine.fr\/images\/Lamparo N 3 - 08_06_2016.png\" alt=\"\" border=\"0\" \/><br \/><\/span><\/p>\n<p>\u00a0<\/p>\n<p><span style=\"font-family: arial,helvetica,sans-serif; font-size: small;\">Environ 240 points lumineux impact\u00e9s.<\/p>\n<p><\/span><\/p>\n<p>\u00a0<\/p>\n<\/td>\n<\/tr>\n<\/tbody>\n<\/table>\n<table style=\"width: 666px; height: 156px;\" border=\"0\" cellspacing=\"0\" cellpadding=\"0\">\n<tbody>\n<tr>\n<td valign=\"top\">\n<hr \/>\n<p><span style=\"color: #ffffff; font-family: arial,helvetica,sans-serif;\"><span style=\"color: #ffffff; font-family: arial,helvetica,sans-serif;\"><strong><span style=\"font-size: small; background-color: #cb1e44;\"><br \/>\u00a0FLASH INFOS TRAVAUX PANNE HT 07\/06\/2016\u00a0<\/span><\/strong><\/span><\/span><\/p>\n<p><span style=\"font-family: arial,helvetica,sans-serif; font-size: small;\"><br \/><\/span><span style=\"font-family: arial,helvetica,sans-serif; font-size: small;\">Nous avons en partie r\u00e9tabli le d\u00e9faut sur Lamparo, \u00e0 savoir : n<\/span><span style=\"font-family: arial,helvetica,sans-serif; font-size: small;\">ous avons d\u00e9lest\u00e9 le d\u00e9part 2 sur les autres d\u00e9parts\u00a0 et tout \u00e0 a bien fonctionn\u00e9.<\/span><\/p>\n<p><span style=\"font-family: arial,helvetica,sans-serif; font-size: small;\">Nous continuons actuellement nos investigations pour r\u00e9tablir le d\u00e9parts 2 en totalit\u00e9.<br \/>\u00a0<\/span><\/p>\n<\/td>\n<\/tr>\n<\/tbody>\n<\/table>\n<table style=\"width: 666px; height: 156px;\" border=\"0\" cellspacing=\"0\" cellpadding=\"0\">\n<tbody>\n<tr>\n<td valign=\"top\">\n<hr \/>\n<p><span style=\"color: #ffffff; font-family: arial,helvetica,sans-serif;\"><span style=\"color: #ffffff; font-family: arial,helvetica,sans-serif;\"><strong><span style=\"font-size: small; background-color: #cb1e44;\"><br \/>\u00a0FLASH INFOS TRAVAUX PANNE HT 06\/06\/2016\u00a0<\/span><\/strong><\/span><\/span><\/p>\n<p><span style=\"font-family: arial,helvetica,sans-serif; font-size: small;\"><br \/>Nous avons rencontr\u00e9 Samedi\u00a0 soir 04 Juin 2016\u00a0\u00a0\u00e0 l\u2019allumage une difficult\u00e9 <strong>sur le\u00a0d\u00e9part n\u00b02 \u00a0poste Haute Tension\u00a0LAMPARO\u00a0\u00e0 Saint Ouen l\u2019aum\u00f4ne<\/strong>. \u00a0Ce dernier pr\u00e9sentent un d\u00e9faut franc avec fusion fusible sur le <strong>\u00a0d\u00e9part n\u00b02<\/strong>, le test d\u2019isolement \u00e9tant trop faible il ne permet pas le r\u00e9enclenchement du d\u00e9part concern\u00e9. <\/span><span style=\"font-family: arial,helvetica,sans-serif; font-size: small;\">Il a \u00e9t\u00e9 consign\u00e9 dans l\u2019attente d\u2019investigations compl\u00e9mentaires qui seront men\u00e9es d\u00e8s Lundi 06 Juin matin par nos agents.<\/span><\/p>\n<p><span style=\"font-family: arial,helvetica,sans-serif; font-size: small;\"><strong>Le D\u00e9part n\u00b02 impacte les rues suivantes\u00a0:<br \/><\/strong><\/span><br \/><span style=\"font-family: arial,helvetica,sans-serif; font-size: small;\"><img loading=\"lazy\" decoding=\"async\" src=\"https:\/\/www.cylumine.fr\/img\/puce1.png\" alt=\"\" width=\"13\" height=\"11\" border=\"0\" \/>\u00a0Avenue des Gros Chevaux<\/span><br \/><span style=\"font-family: arial,helvetica,sans-serif; font-size: small;\"><img loading=\"lazy\" decoding=\"async\" src=\"https:\/\/www.cylumine.fr\/img\/puce1.png\" alt=\"\" width=\"13\" height=\"11\" border=\"0\" \/>\u00a0Avenue du ch\u00e2teau<\/span><br \/><span style=\"font-family: arial,helvetica,sans-serif; font-size: small;\"><img loading=\"lazy\" decoding=\"async\" src=\"https:\/\/www.cylumine.fr\/img\/puce1.png\" alt=\"\" width=\"13\" height=\"11\" border=\"0\" \/>\u00a0Avenue du fond de Vaux<\/span><br \/><span style=\"font-family: arial,helvetica,sans-serif; font-size: small;\"><img loading=\"lazy\" decoding=\"async\" src=\"https:\/\/www.cylumine.fr\/img\/puce1.png\" alt=\"\" width=\"13\" height=\"11\" border=\"0\" \/>\u00a0Rue des Fortes Terres<\/span><br \/><span style=\"font-family: arial,helvetica,sans-serif; font-size: small;\"><img loading=\"lazy\" decoding=\"async\" src=\"https:\/\/www.cylumine.fr\/img\/puce1.png\" alt=\"\" width=\"13\" height=\"11\" border=\"0\" \/>\u00a0Avenue de la Mare<\/span><br \/><span style=\"font-family: arial,helvetica,sans-serif; font-size: small;\"><img loading=\"lazy\" decoding=\"async\" src=\"https:\/\/www.cylumine.fr\/img\/puce1.png\" alt=\"\" width=\"13\" height=\"11\" border=\"0\" \/>\u00a0Rue du Rapporteur<\/span><br \/><span style=\"font-family: arial,helvetica,sans-serif; font-size: small;\"><img loading=\"lazy\" decoding=\"async\" src=\"https:\/\/www.cylumine.fr\/img\/puce1.png\" alt=\"\" width=\"13\" height=\"11\" border=\"0\" \/>\u00a0Avenue Marcel Dassault<\/span><br \/><span style=\"font-family: arial,helvetica,sans-serif; font-size: small;\"><img loading=\"lazy\" decoding=\"async\" src=\"https:\/\/www.cylumine.fr\/img\/puce1.png\" alt=\"\" width=\"13\" height=\"11\" border=\"0\" \/>\u00a0Rue du Bois du Pont<\/p>\n<p><\/span><span style=\"font-family: arial,helvetica,sans-serif; font-size: small;\">\u00a0Environ <strong>1<\/strong><strong>96<\/strong> points lumineux concern\u00e9s par cette panne qui se d\u00e9composent de la fa\u00e7on suivante :<\/span><\/p>\n<p><span style=\"font-family: arial,helvetica,sans-serif; font-size: small;\"><\/p>\n<p><img loading=\"lazy\" decoding=\"async\" src=\"https:\/\/www.cylumine.fr\/images\/Dfaut LAMPARO N2-1_ 04-06.jpg\" alt=\"\" width=\"418\" height=\"493\" border=\"0\" \/><br \/><img decoding=\"async\" src=\"https:\/\/www.cylumine.fr\/images\/Dfaut LAMPARO N2-2_04-06.jpg\" alt=\"\" border=\"0\" \/><\/p>\n<p><\/span><span style=\"font-family: arial,helvetica,sans-serif; font-size: small;\"><\/p>\n<p><\/span><\/p>\n<\/td>\n<\/tr>\n<\/tbody>\n<\/table>\n<table style=\"width: 666px; height: 156px;\" border=\"0\" cellspacing=\"0\" cellpadding=\"0\">\n<tbody>\n<tr>\n<td valign=\"top\">\n<hr \/>\n<p><span style=\"color: #ffffff; font-family: arial,helvetica,sans-serif;\"><span style=\"color: #ffffff; font-family: arial,helvetica,sans-serif;\"><strong><span style=\"font-size: small; background-color: #cb1e44;\"><br \/>\u00a0FLASH INFOS TRAVAUX PANNE HT 03\/06\/2016\u00a0<\/span><\/strong><\/span><\/span><\/p>\n<p><span style=\"font-family: arial,helvetica,sans-serif; font-size: small;\"><br \/><\/span><span style=\"font-family: arial, helvetica, sans-serif; font-size: small;\">Nous avons rencontr\u00e9 hier soir ( Jeudi 02 Juin 2016 \u00e0 22h00)\u00a0 le d\u00e9part 7 du poste LAMPADAIRE c\u2019est mis en s\u00e9curit\u00e9 avec percussion de fusible. L\u2019intervenant, apr\u00e8s avoir effectu\u00e9 une mesure du r\u00e9seau n\u2019a put remettre en service. Ce vendredi matin \u00e0 la premi\u00e8re heure une recherche de d\u00e9faut a \u00e9t\u00e9\u00a0mise en place\u00a0<\/span><span style=\"font-family: arial, helvetica, sans-serif; font-size: small;\">afin de r\u00e9soudre le probl\u00e8me. Cette panne\u00a0impacte 202 points lumineux sur le secteur de Cergy et Pontoise.<\/p>\n<p><\/span><\/p>\n<p>\u00a0<img loading=\"lazy\" decoding=\"async\" style=\"width: 618px; height: 607px;\" src=\"https:\/\/www.cylumine.fr\/images\/depart 7 poste Lampadaire.png\" alt=\"\" width=\"618\" height=\"683\" border=\"0\" \/><\/p>\n<p><span style=\"font-family: arial,helvetica,sans-serif; font-size: small;\">\u00a0<\/span><\/p>\n<\/td>\n<\/tr>\n<\/tbody>\n<\/table>\n<table style=\"width: 666px; height: 156px;\" border=\"0\" cellspacing=\"0\" cellpadding=\"0\">\n<tbody>\n<tr>\n<td valign=\"top\">\n<hr \/>\n<p><span style=\"color: #ffffff; font-family: arial,helvetica,sans-serif;\"><span style=\"color: #ffffff; font-family: arial,helvetica,sans-serif;\"><strong><span style=\"font-size: small; background-color: #cb1e44;\"><br \/>\u00a0FLASH INFOS TRAVAUX PANNE HT 01\/06\/2016\u00a0<br \/><\/span><\/strong><\/span><\/span><\/p>\n<p><span style=\"font-family: arial,helvetica,sans-serif; font-size: small;\"><span style=\"font-size: medium; font-family: Calibri;\"><br \/>Suite \u00e0 la recherche de d\u00e9faut de ce jour, l\u2019int\u00e9gralit\u00e9 du <\/span><strong style=\"font-family: Calibri;\">d\u00e9part 3 du poste HALOGENE a \u00e9t\u00e9 remis en service<\/strong><span style=\"font-size: medium; font-family: Calibri;\">.<\/span><\/span><\/p>\n<p><span style=\"font-family: Calibri;\"><span style=\"font-size: medium;\">Nous avons d\u00e9tect\u00e9 une t\u00eate d\u00e9fense d\u00e9fectueuse dans la chambre COU-0043, situ\u00e9e Boulevard de la Cr\u00eate \u00e0 Courdimanche, et un sabot d\u00e9fectueux dans la chambre COU-0054, situ\u00e9e Rond-Point du Miroir \u00e9galement \u00e0 Courdimanche.<\/span><\/span><\/p>\n<p><span style=\"font-family: arial,helvetica,sans-serif; font-size: small;\">Nous vous annon\u00e7ons le bon fonctionnement de l\u2019\u00e9clairage et du poste.<\/p>\n<p><\/span><\/p>\n<\/td>\n<\/tr>\n<\/tbody>\n<\/table>\n<table style=\"width: 666px; height: 156px;\" border=\"0\" cellspacing=\"0\" cellpadding=\"0\">\n<tbody>\n<tr>\n<td valign=\"top\">\n<hr \/>\n<p><span style=\"color: #ffffff; font-family: arial,helvetica,sans-serif;\"><span style=\"color: #ffffff; font-family: arial,helvetica,sans-serif;\"><strong><span style=\"font-size: small; background-color: #cb1e44;\"><br \/>\u00a0FLASH INFOS TRAVAUX PANNE HT 01\/06\/2016\u00a0<\/p>\n<p><\/span><\/strong><\/span><\/span><\/p>\n<p><span style=\"font-family: arial,helvetica,sans-serif; font-size: small;\">Faisant suite \u00e0 la RDD (<span style=\"color: #ff0000;\">R<\/span>echerche <span style=\"color: #ff0000;\">D<\/span>e <span style=\"color: #ff0000;\">D<\/span>\u00e9faut) de ce jour sur le Poste Lamparo, \u00a0concernant le d\u00e9faut sur d\u00e9part n\u00b02, <\/span><span style=\"font-family: arial,helvetica,sans-serif; font-size: small;\">Nous sommes intervenus dans plusieurs chambres HT pour un nettoyage et l\u2019\u00e9vacuation des eaux. <\/span><span style=\"font-family: arial,helvetica,sans-serif; font-size: small;\">Suite \u00e0 notre intervention, tests et contr\u00f4les effectu\u00e9s, nous avons remis en service le d\u00e9part 2.<\/span><\/p>\n<p><span style=\"font-family: arial,helvetica,sans-serif; font-size: small;\">Nous vous annon\u00e7ons le bon fonctionnement de l\u2019\u00e9clairage et du poste.<\/span><\/p>\n<p><span style=\"color: #ffffff; font-family: arial,helvetica,sans-serif;\"><strong><span style=\"font-size: small; background-color: #cb1e44;\"><br \/><\/span><\/strong><\/span><\/td>\n<\/tr>\n<\/tbody>\n<\/table>\n<table style=\"width: 666px; height: 694px;\" border=\"0\" cellspacing=\"0\" cellpadding=\"0\">\n<tbody>\n<tr>\n<td valign=\"top\">\n<hr \/>\n<p><span style=\"color: #ffffff; font-family: arial,helvetica,sans-serif;\"><strong><span style=\"font-size: small; background-color: #cb1e44;\"><br \/>\u00a0FLASH INFOS PANNE HT 01\/06\/2016 <br \/><\/span><\/strong><\/span><\/p>\n<p><span style=\"font-family: arial,helvetica,sans-serif; font-size: small;\"><br \/>Nous avons rencontr\u00e9 hier soir ( Mardi 31 Mai 2016) \u00a0\u00e0 l\u2019allumage, une difficult\u00e9 <strong>sur le\u00a0d\u00e9part n\u00b02 \u00a0poste Haute Tension\u00a0LAMPARO\u00a0\u00e0 Saint Ouen l\u2019aum\u00f4ne<\/strong>. \u00a0Ce dernier pr\u00e9sente un d\u00e9faut franc avec fusion fusible sur le <strong>d\u00e9part n\u00b02<\/strong>, le test d\u2019isolement \u00e9tant trop faible, il ne permet pas le r\u00e9enclenchement du d\u00e9part concern\u00e9. Il a \u00e9t\u00e9 consign\u00e9 dans l\u2019attente d\u2019investigations compl\u00e9mentaires qui seront men\u00e9es d\u00e8s mercredi 01 Juin matin par nos agents.<\/span><\/p>\n<p>\u00a0<\/p>\n<p><span style=\"font-family: arial,helvetica,sans-serif; font-size: small;\"><strong>Le D\u00e9part n\u00b02 impacte les rues suivantes\u00a0:<\/strong><\/span><\/p>\n<p>\u00a0<\/p>\n<p><span style=\"font-family: arial,helvetica,sans-serif; font-size: small;\"><img loading=\"lazy\" decoding=\"async\" src=\"https:\/\/www.cylumine.fr\/img\/puce1.png\" alt=\"\" width=\"13\" height=\"11\" border=\"0\" \/>\u00a0Avenue des Gros Chevaux<\/span><br \/><span style=\"font-family: arial,helvetica,sans-serif; font-size: small;\"><img loading=\"lazy\" decoding=\"async\" src=\"https:\/\/www.cylumine.fr\/img\/puce1.png\" alt=\"\" width=\"13\" height=\"11\" border=\"0\" \/>\u00a0Avenue du ch\u00e2teau<\/p>\n<p><\/span><\/p>\n<p>\u00a0<img decoding=\"async\" src=\"https:\/\/www.cylumine.fr\/images\/Defaut lamparo N2-1.jpg\" alt=\"\" border=\"0\" \/><\/p>\n<p><span style=\"font-family: arial,helvetica,sans-serif; font-size: small;\"><img loading=\"lazy\" decoding=\"async\" src=\"https:\/\/www.cylumine.fr\/img\/puce1.png\" alt=\"\" width=\"13\" height=\"11\" border=\"0\" \/>\u00a0Avenue du fond de Vaux<\/span><\/p>\n<p><span style=\"font-family: arial,helvetica,sans-serif; font-size: small;\"><img loading=\"lazy\" decoding=\"async\" src=\"https:\/\/www.cylumine.fr\/img\/puce1.png\" alt=\"\" width=\"13\" height=\"11\" border=\"0\" \/>\u00a0Rue des Fortes Terres<\/span><\/p>\n<p><img decoding=\"async\" src=\"https:\/\/www.cylumine.fr\/images\/Dfaut lamparo N2-2.jpg\" alt=\"\" border=\"0\" \/><\/p>\n<p><span style=\"color: #000000;\"><span style=\"font-family: 'Calibri','sans-serif'; font-size: 11pt; mso-fareast-font-family: Calibri; mso-fareast-theme-font: minor-latin; mso-ansi-language: FR; mso-fareast-language: FR; mso-bidi-language: AR-SA;\">Environ <\/span><strong><span style=\"font-family: 'Calibri','sans-serif'; font-size: 12pt; mso-fareast-font-family: Calibri; mso-fareast-theme-font: minor-latin; mso-ansi-language: FR; mso-fareast-language: FR; mso-bidi-language: AR-SA;\">96<\/span><\/strong><span style=\"font-family: 'Calibri','sans-serif'; font-size: 11pt; mso-fareast-font-family: Calibri; mso-fareast-theme-font: minor-latin; mso-ansi-language: FR; mso-fareast-language: FR; mso-bidi-language: AR-SA;\"> points lumineux concern\u00e9s par cette panne.<\/p>\n<p><\/span><\/span><\/p>\n<\/td>\n<\/tr>\n<\/tbody>\n<\/table>\n<table style=\"width: 666px;\" border=\"0\" cellspacing=\"0\" cellpadding=\"0\">\n<tbody>\n<tr>\n<td valign=\"top\">\n<hr \/>\n<p><span style=\"color: #ffffff; font-family: arial,helvetica,sans-serif;\"><strong><span style=\"font-size: small; background-color: #cb1e44;\"><br \/>\u00a0FLASH INFOS PANNE HT 01\/06\/2016\u00a0<\/span><\/strong><\/span><\/p>\n<p>\u00a0<\/p>\n<p><span style=\"font-family: arial,helvetica,sans-serif; font-size: small;\">Suite \u00e0 la recherche de d\u00e9faut faite ce jour sur le d\u00e9part 3 du poste HALOGENE \u00e0 Vaur\u00e9al, nous n\u2019avons pas encore d\u00e9tect\u00e9 la panne.<br \/><\/span><span style=\"font-family: arial,helvetica,sans-serif; font-size: small;\">Cependant, nous avons remis une partie du r\u00e9seau en fonctionnement, les secteurs dans le noir sont les suivants\u00a0:<\/p>\n<p><\/span><\/p>\n<p><span style=\"font-family: arial,helvetica,sans-serif; font-size: small;\"><img loading=\"lazy\" decoding=\"async\" src=\"https:\/\/www.cylumine.fr\/img\/puce1.png\" alt=\"\" width=\"13\" height=\"11\" border=\"0\" \/>\u00a0Une partie du Rond-Point du Miroir<\/span><\/p>\n<p><span style=\"font-family: arial,helvetica,sans-serif; font-size: small;\"><img loading=\"lazy\" decoding=\"async\" src=\"https:\/\/www.cylumine.fr\/img\/puce1.png\" alt=\"\" width=\"13\" height=\"11\" border=\"0\" \/>\u00a0Boulevard de la Cr\u00eate (du Rond-Point du Miroir \u00e0 la rue Vieille Saint Martin)<\/span><\/p>\n<p><span style=\"font-family: arial,helvetica,sans-serif; font-size: small;\"><img loading=\"lazy\" decoding=\"async\" src=\"https:\/\/www.cylumine.fr\/img\/puce1.png\" alt=\"\" width=\"13\" height=\"11\" border=\"0\" \/>\u00a0Rue Vieille Saint Martin<\/span><\/p>\n<p><span style=\"font-family: arial,helvetica,sans-serif; font-size: small;\"><img loading=\"lazy\" decoding=\"async\" src=\"https:\/\/www.cylumine.fr\/img\/puce1.png\" alt=\"\" width=\"13\" height=\"11\" border=\"0\" \/>\u00a0Boulevard des Chasseurs (de la rue Saint Apolline jusqu\u2019au stade municipal)<br \/><\/span><span style=\"font-family: arial,helvetica,sans-serif; font-size: small;\"><br \/><\/span><\/p>\n<p>\u00a0<img loading=\"lazy\" decoding=\"async\" src=\"https:\/\/www.cylumine.fr\/images\/Panne HT 01062016.jpg\" alt=\"\" width=\"468\" height=\"417\" border=\"0\" \/><br \/><span style=\"font-family: arial,helvetica,sans-serif; font-size: small;\"><br \/><\/span><span style=\"font-family: arial,helvetica,sans-serif; font-size: small;\"><br \/><\/span><\/p>\n<\/td>\n<\/tr>\n<\/tbody>\n<\/table>\n<table style=\"width: 666px;\" border=\"0\" cellspacing=\"0\" cellpadding=\"0\">\n<tbody>\n<tr>\n<td valign=\"top\">\n<hr width=\"100%\" size=\"1\" noshade=\"noshade\" \/><span style=\"color: #ffffff; font-family: arial,helvetica,sans-serif;\"><strong><span style=\"font-size: small; background-color: #cb1e44;\"><br \/>\u00a0FLASH INFOS Panne HT du 31\/05\/2016\u00a0<\/span><\/strong><\/span><\/p>\n<p>\u00a0<\/p>\n<p style=\"text-align: justify;\"><span style=\"font-family: arial,helvetica,sans-serif; font-size: small;\">Nous avons rencontr\u00e9\u00a0mardi\u00a031 Mai 2016 \u00e0 00h23 une difficult\u00e9 <strong>sur le d\u00e9part n\u00b03 du Poste Haute Tension HALOGENE \u00e0 CERGY<\/strong>.<\/span><\/p>\n<p style=\"text-align: justify;\"><span style=\"font-family: arial,helvetica,sans-serif; font-size: small;\">Ce dernier pr\u00e9sente un d\u00e9faut franc avec fusion fusible. Le test d\u2019isolement \u00e9tant trop faible il ne nous a pas permis le r\u00e9enclenchement du d\u00e9part concern\u00e9. Malgr\u00e9 nos recherches le d\u00e9part n\u2019a pas pu \u00eatre remis en service.<br \/><\/span><span style=\"font-family: arial,helvetica,sans-serif; font-size: small;\">Nous continuons notre recherche de d\u00e9faut ce jour, afin que nous puissions le remettre en service dans les plus brefs d\u00e9lais.<br \/><\/span><span style=\"font-family: arial,helvetica,sans-serif; font-size: small;\"><br \/>Le d\u00e9part n\u00b03 impacte le secteur de COURDIMANCHE :<\/p>\n<p><img loading=\"lazy\" decoding=\"async\" src=\"https:\/\/www.cylumine.fr\/images\/220216 holo 4.jpg\" alt=\"\" width=\"402\" height=\"406\" border=\"0\" \/><\/p>\n<p>Les rues impact\u00e9es sont les suivantes:<br \/><\/span><\/p>\n<p><span style=\"font-family: arial,helvetica,sans-serif; font-size: small;\"><img loading=\"lazy\" decoding=\"async\" src=\"https:\/\/www.cylumine.fr\/img\/puce1.png\" alt=\"\" width=\"13\" height=\"11\" border=\"0\" \/><\/span><span style=\"font-family: arial,helvetica,sans-serif; font-size: small;\">Boulevard du Golf<br \/><\/span><span style=\"font-family: arial,helvetica,sans-serif; font-size: small;\"><img loading=\"lazy\" decoding=\"async\" src=\"https:\/\/www.cylumine.fr\/img\/puce1.png\" alt=\"\" width=\"13\" height=\"11\" border=\"0\" \/><\/span><span style=\"font-family: arial,helvetica,sans-serif; font-size: small;\">Boulevard de la Cr\u00eate (D51)<br \/><\/span><span style=\"font-family: arial,helvetica,sans-serif; font-size: small;\"><img loading=\"lazy\" decoding=\"async\" src=\"https:\/\/www.cylumine.fr\/img\/puce1.png\" alt=\"\" width=\"13\" height=\"11\" border=\"0\" \/>\u00a0Boulevard des chasseurs<br \/><\/span><span style=\"font-family: arial,helvetica,sans-serif; font-size: small;\"><img loading=\"lazy\" decoding=\"async\" src=\"https:\/\/www.cylumine.fr\/img\/puce1.png\" alt=\"\" width=\"13\" height=\"11\" border=\"0\" \/>\u00a0Rond-point\u00a0du Miroir\u00a0<\/span><\/p>\n<p><span style=\"font-family: arial,helvetica,sans-serif; font-size: small;\">Environ\u00a0189 points lumineux concern\u00e9s par cette panne.<\/span><\/p>\n<p><span style=\"font-family: arial,helvetica,sans-serif; font-size: small;\">\u00a0<\/span><\/p>\n<\/td>\n<\/tr>\n<\/tbody>\n<\/table>\n<table style=\"width: 666px; height: 156px;\" border=\"0\" cellspacing=\"0\" cellpadding=\"0\">\n<tbody>\n<tr>\n<td valign=\"top\">\n<hr \/>\n<p><span style=\"color: #ffffff; font-family: arial,helvetica,sans-serif;\"><strong><span style=\"font-size: small; background-color: #cb1e44;\"><br \/>\u00a0FLASH INFOS TRAVAUX RENOVATION DE POSTES HT 24\/05\/2016\u00a0<\/span><\/strong><\/span><\/p>\n<p><span style=\"font-family: arial,helvetica,sans-serif; font-size: small;\"><br \/>Nous\u00a0vous informons que les travaux de\u00a0r\u00e9novation du poste Haute Tension HALOGENE, Sont termin\u00e9s.<\/span><\/p>\n<p style=\"text-align: justify;\">\u00a0<\/p>\n<\/td>\n<\/tr>\n<\/tbody>\n<\/table>\n<table style=\"width: 666px; height: 1596px;\" border=\"0\" cellspacing=\"0\" cellpadding=\"0\">\n<tbody>\n<tr>\n<td valign=\"top\">\n<hr \/>\n<p><span style=\"color: #ffffff; font-family: arial,helvetica,sans-serif;\"><strong><span style=\"font-size: small; background-color: #cb1e44;\"><br \/>\u00a0FLASH INFOS TRAVAUX RENOVATION DE POSTES HT 24\/05\/2016\u00a0<\/span><\/strong><\/span><\/p>\n<p><span style=\"font-family: arial,helvetica,sans-serif; font-size: small;\"><br \/>Nous r\u00e9alisons actuellement la r\u00e9novation du poste Haute Tension HALOGENE, pouvant provoquer des perturbations sur le r\u00e9seau d&rsquo;\u00e9clairage public jusque la fin de la semaine. Les secteurs pouvant \u00eatre impact\u00e9s par ces travaux sont les suivants:<\/span><\/p>\n<p style=\"text-align: justify;\">\u00a0<\/p>\n<p><span style=\"font-family: arial,helvetica,sans-serif; font-size: small;\"><strong><span style=\"text-decoration: underline;\">Le d\u00e9part 2 :<\/span><\/strong> impactant pr\u00e8s de 225 points lumineux sur Cergy.<\/p>\n<p><\/span><\/p>\n<p style=\"text-align: justify;\"><img loading=\"lazy\" decoding=\"async\" title=\"D\u00e9part 2 Halog\u00e8ne\" src=\"https:\/\/www.cylumine.fr\/images\/dpart 2 hautilum.png\" alt=\"\" width=\"299\" height=\"541\" border=\"0\" \/><\/p>\n<p><span style=\"font-family: arial,helvetica,sans-serif; font-size: small;\"><strong><span style=\"text-decoration: underline;\">Les rues impact\u00e9es sont les suivantes :<\/span><\/strong><\/span><\/p>\n<p>\u00a0<\/p>\n<p><span style=\"font-family: arial,helvetica,sans-serif; font-size: small;\"><img loading=\"lazy\" decoding=\"async\" src=\"https:\/\/www.cylumine.fr\/img\/puce1.png\" alt=\"\" width=\"13\" height=\"11\" border=\"0\" \/>\u00a0Un cot\u00e9 du Boulevard de l\u2019Oise : du rond-point du Golf au rond-point du Ch\u00eane<\/span><\/p>\n<p><span style=\"font-family: arial,helvetica,sans-serif; font-size: small;\"><img loading=\"lazy\" decoding=\"async\" src=\"https:\/\/www.cylumine.fr\/img\/puce1.png\" alt=\"\" width=\"13\" height=\"11\" border=\"0\" \/>\u00a0Avenue des Essarts<\/span><\/p>\n<p><span style=\"font-family: arial,helvetica,sans-serif; font-size: small;\"><img loading=\"lazy\" decoding=\"async\" src=\"https:\/\/www.cylumine.fr\/img\/puce1.png\" alt=\"\" width=\"13\" height=\"11\" border=\"0\" \/>\u00a0Boulevard du Moulin \u00e0 Vent<\/span><\/p>\n<p><span style=\"font-family: arial,helvetica,sans-serif; font-size: small;\"><img loading=\"lazy\" decoding=\"async\" src=\"https:\/\/www.cylumine.fr\/img\/puce1.png\" alt=\"\" width=\"13\" height=\"11\" border=\"0\" \/>\u00a0Avenue des H\u00e9rons<\/span><\/p>\n<p style=\"text-align: justify;\">\u00a0<\/p>\n<p><span style=\"font-family: arial,helvetica,sans-serif; font-size: small;\"><strong><span style=\"text-decoration: underline;\">Le d\u00e9part 3 :<\/span><\/strong> impactant pr\u00e8s de 165 points lumineux sur Courdimanche<\/span><\/p>\n<p style=\"text-align: justify;\"><img decoding=\"async\" title=\"D\u00e9part 3 \" src=\"https:\/\/www.cylumine.fr\/images\/Dpart 3 hautilum.png\" alt=\"\" border=\"0\" \/><\/p>\n<p><span style=\"font-family: arial,helvetica,sans-serif; font-size: small;\"><strong><span style=\"text-decoration: underline;\">Les rues impact\u00e9es sont les suivantes :<\/span><\/strong><\/span><\/p>\n<p>\u00a0<\/p>\n<p><span style=\"font-family: arial,helvetica,sans-serif; font-size: small;\"><img loading=\"lazy\" decoding=\"async\" src=\"https:\/\/www.cylumine.fr\/img\/puce1.png\" alt=\"\" width=\"13\" height=\"11\" border=\"0\" \/>\u00a0Boulevard du Golf<\/span><\/p>\n<p><span style=\"font-family: arial,helvetica,sans-serif; font-size: small;\"><img loading=\"lazy\" decoding=\"async\" src=\"https:\/\/www.cylumine.fr\/img\/puce1.png\" alt=\"\" width=\"13\" height=\"11\" border=\"0\" \/>\u00a0Boulevard de la Cr\u00eate (D51)<\/span><\/p>\n<p><span style=\"font-family: arial,helvetica,sans-serif; font-size: small;\"><img loading=\"lazy\" decoding=\"async\" src=\"https:\/\/www.cylumine.fr\/img\/puce1.png\" alt=\"\" width=\"13\" height=\"11\" border=\"0\" \/>\u00a0Boulevard des Chasseurs<\/span><\/p>\n<p><span style=\"font-family: arial,helvetica,sans-serif; font-size: small;\"><img loading=\"lazy\" decoding=\"async\" src=\"https:\/\/www.cylumine.fr\/img\/puce1.png\" alt=\"\" width=\"13\" height=\"11\" border=\"0\" \/>\u00a0Rond-point du Miroir<\/span><\/p>\n<p><span style=\"font-family: arial,helvetica,sans-serif; font-size: small;\"><\/p>\n<p><\/span><\/p>\n<\/td>\n<\/tr>\n<\/tbody>\n<\/table>\n<table style=\"width: 666px; height: 1596px;\" border=\"0\" cellspacing=\"0\" cellpadding=\"0\">\n<tbody>\n<tr>\n<td valign=\"top\">\n<hr \/>\n<p><span style=\"color: #ffffff; font-family: arial,helvetica,sans-serif;\"><strong><span style=\"font-size: small; background-color: #cb1e44;\"><br \/>\u00a0FLASH INFOS TRAVAUX RENOVATION DE POSTES HT 20\/05\/2016 <\/p>\n<p><\/span><\/strong><\/span><\/p>\n<p><span style=\"font-family: arial,helvetica,sans-serif; font-size: small;\">Nous r\u00e9alisons actuellement\u00a0la r\u00e9novation du poste Haute Tension HALOGENE, pouvant provoquer des perturbations sur le r\u00e9seau d&rsquo;\u00e9clairage public jusque la fin de la semaine. Les secteurs pouvant \u00eatre impact\u00e9s par ces travaux sont les suivants:<\/p>\n<p><\/span><\/p>\n<p><span style=\"font-family: arial,helvetica,sans-serif; font-size: small;\"><strong><span style=\"text-decoration: underline;\">Le d\u00e9part 2\u00a0:<\/span><\/strong> impactant pr\u00e8s de 225 points lumineux sur Cergy.<\/p>\n<p><\/span><\/p>\n<p style=\"text-align: justify;\">\u00a0<img loading=\"lazy\" decoding=\"async\" title=\"D\u00e9part 2 Halog\u00e8ne\" src=\"https:\/\/www.cylumine.fr\/images\/dpart 2 hautilum.png\" alt=\"\" width=\"299\" height=\"541\" border=\"0\" \/><\/p>\n<p><span style=\"font-family: arial,helvetica,sans-serif; font-size: small;\"><strong><span style=\"text-decoration: underline;\">Les rues impact\u00e9es sont les suivantes\u00a0:<\/span><\/strong><\/span><\/p>\n<p><span style=\"font-family: arial,helvetica,sans-serif; font-size: small;\">\u00a0<\/span><\/p>\n<p><span style=\"font-family: arial,helvetica,sans-serif; font-size: small;\"><img loading=\"lazy\" decoding=\"async\" src=\"https:\/\/www.cylumine.fr\/img\/puce1.png\" alt=\"\" width=\"13\" height=\"11\" border=\"0\" \/>\u00a0Un cot\u00e9 du Boulevard de l\u2019Oise\u00a0: \u00a0Du rond-point du Golf au rond-point du Ch\u00eane<\/span><\/p>\n<p><span style=\"font-family: arial,helvetica,sans-serif; font-size: small;\"><img loading=\"lazy\" decoding=\"async\" src=\"https:\/\/www.cylumine.fr\/img\/puce1.png\" alt=\"\" width=\"13\" height=\"11\" border=\"0\" \/>\u00a0Avenue des Essarts<\/span><\/p>\n<p><span style=\"font-family: arial,helvetica,sans-serif; font-size: small;\"><img loading=\"lazy\" decoding=\"async\" src=\"https:\/\/www.cylumine.fr\/img\/puce1.png\" alt=\"\" width=\"13\" height=\"11\" border=\"0\" \/>\u00a0Boulevard du Moulin \u00e0 Vent<\/span><\/p>\n<p><span style=\"font-family: arial,helvetica,sans-serif; font-size: small;\"><img loading=\"lazy\" decoding=\"async\" src=\"https:\/\/www.cylumine.fr\/img\/puce1.png\" alt=\"\" width=\"13\" height=\"11\" border=\"0\" \/>\u00a0Avenue des H\u00e9rons<\/span><\/p>\n<p style=\"text-align: justify;\"><span style=\"font-family: arial,helvetica,sans-serif; font-size: small;\">\u00a0<\/span><\/p>\n<p><span style=\"font-family: arial,helvetica,sans-serif; font-size: small;\"><strong><span style=\"text-decoration: underline;\">Le d\u00e9part 3\u00a0:<\/span><\/strong> impactant pr\u00e8s de 165 points lumineux sur Courdimanche<\/span><\/p>\n<p style=\"text-align: justify;\"><img decoding=\"async\" title=\"D\u00e9part 3 \" src=\"https:\/\/www.cylumine.fr\/images\/Dpart 3 hautilum.png\" alt=\"\" border=\"0\" \/><\/p>\n<p><span style=\"font-family: arial,helvetica,sans-serif; font-size: small;\"><strong><span style=\"text-decoration: underline;\">Les rues impact\u00e9es sont les suivantes\u00a0:<\/p>\n<p><\/span><\/strong><\/span><\/p>\n<p><span style=\"font-family: arial,helvetica,sans-serif; font-size: small;\"><img loading=\"lazy\" decoding=\"async\" src=\"https:\/\/www.cylumine.fr\/img\/puce1.png\" alt=\"\" width=\"13\" height=\"11\" border=\"0\" \/>\u00a0Boulevard du Golf<\/span><\/p>\n<p><span style=\"font-family: arial,helvetica,sans-serif; font-size: small;\"><img loading=\"lazy\" decoding=\"async\" src=\"https:\/\/www.cylumine.fr\/img\/puce1.png\" alt=\"\" width=\"13\" height=\"11\" border=\"0\" \/>\u00a0Boulevard de la Cr\u00eate (D51)<\/span><\/p>\n<p><span style=\"font-family: arial,helvetica,sans-serif; font-size: small;\"><img loading=\"lazy\" decoding=\"async\" src=\"https:\/\/www.cylumine.fr\/img\/puce1.png\" alt=\"\" width=\"13\" height=\"11\" border=\"0\" \/>\u00a0Boulevard des Chasseurs<\/span><\/p>\n<p><span style=\"font-family: arial,helvetica,sans-serif; font-size: small;\"><img loading=\"lazy\" decoding=\"async\" src=\"https:\/\/www.cylumine.fr\/img\/puce1.png\" alt=\"\" width=\"13\" height=\"11\" border=\"0\" \/>\u00a0Rond-point du Miroir<\/span><\/p>\n<p>\u00a0<\/p>\n<\/td>\n<\/tr>\n<\/tbody>\n<\/table>\n<table style=\"width: 666px; height: 258px;\" border=\"0\" cellspacing=\"0\" cellpadding=\"0\">\n<tbody>\n<tr>\n<td valign=\"top\">\n<hr \/>\n<p><span style=\"color: #ffffff; font-family: arial,helvetica,sans-serif;\"><strong><span style=\"font-size: small; background-color: #cb1e44;\"><br \/>\u00a0FLASH INFOS PANNE HT 20\/05\/2016\u00a0<\/span><\/strong><\/span><\/p>\n<p>\u00a0<\/p>\n<p style=\"text-align: justify;\"><span style=\"font-family: arial,helvetica,sans-serif; font-size: small;\">Suite au d\u00e9faut rencontr\u00e9 le Jeudi 19 Mai 2016, Un d\u00e9faut franc sur une phase avec une valeur d&rsquo;isolement trop faible, <strong>sur le d\u00e9part n\u00b04 du Poste Haute Tension HAUTILUM \u00e0 Jouy-Le-Moutier<\/strong>.<\/p>\n<p><\/span><span style=\"font-family: arial,helvetica,sans-serif; font-size: small;\">Nous avons continu\u00e9 la recherche de d\u00e9faut Haute Tension sur ce d\u00e9part n\u00b04 ce jour et avons d\u00e9tect\u00e9 <span style=\"color: #000000; font-family: 'Calibri','sans-serif'; font-size: 11pt; mso-fareast-font-family: Calibri; mso-fareast-theme-font: minor-latin; mso-ansi-language: FR; mso-fareast-language: EN-US; mso-bidi-language: AR-SA;\">une\u00a0t\u00eate DROP en d\u00e9faut dans la chambre VAU-0032 se situant sur le boulevard de l&rsquo;oise en face de la station service, que nous avons remplac\u00e9.<\/p>\n<p><\/span><\/span><span style=\"font-family: arial,helvetica,sans-serif; font-size: small;\">Apr\u00e9s remplacement de cet \u00e9quipement d\u00e9fectueux, des essais ont \u00e9t\u00e9 r\u00e9alis\u00e9s et le d\u00e9part N\u00b04 a \u00e9t\u00e9 remis en service.<\/p>\n<p>L\u2019ensemble du patrimoine d\u2019\u00e9clairage public fonctionne de nouveau.<\/span><\/p>\n<p>\u00a0<\/p>\n<\/td>\n<\/tr>\n<\/tbody>\n<\/table>\n<table style=\"width: 666px; height: 258px;\" border=\"0\" cellspacing=\"0\" cellpadding=\"0\">\n<tbody>\n<tr>\n<td valign=\"top\">\n<hr \/>\n<p><span style=\"color: #ffffff; font-family: arial,helvetica,sans-serif;\"><strong><span style=\"font-size: small; background-color: #cb1e44;\"><br \/>\u00a0FLASH INFOS TRAVAUX RENOVATION DE POSTES HT 20\/05\/2016\u00a0<\/span><\/strong><\/span><\/p>\n<p>\u00a0<\/p>\n<p style=\"text-align: justify;\"><span style=\"font-family: arial,helvetica,sans-serif; font-size: small;\">Nous vous informons que les travaux sur le\u00a0poste Haute Tension HAUTILUM sont termin\u00e9s, concerant le poste HT\u00a0HALOGENE, les travaux sont report\u00e9s sur\u00a0la semaine prochaine\u00a0pouvant provoquer des perturbations sur le r\u00e9seau d&rsquo;\u00e9clairage public jusque la fin de la semaine 21. Les secteurs pouvant \u00eatre impact\u00e9s par ces travaux sont les suivants:<\/p>\n<p><img loading=\"lazy\" decoding=\"async\" src=\"https:\/\/www.cylumine.fr\/img\/puce1.png\" alt=\"\" width=\"13\" height=\"11\" border=\"0\" \/>\u00a0JOUY LE MOUTIER <br \/><img loading=\"lazy\" decoding=\"async\" src=\"https:\/\/www.cylumine.fr\/img\/puce1.png\" alt=\"\" width=\"13\" height=\"11\" border=\"0\" \/>\u00a0VAUREAL <br \/><img loading=\"lazy\" decoding=\"async\" src=\"https:\/\/www.cylumine.fr\/img\/puce1.png\" alt=\"\" width=\"13\" height=\"11\" border=\"0\" \/>\u00a0CERGY LE HAUT <br \/><img loading=\"lazy\" decoding=\"async\" src=\"https:\/\/www.cylumine.fr\/img\/puce1.png\" alt=\"\" width=\"13\" height=\"11\" border=\"0\" \/>\u00a0COURDIMANCHE<\/span><\/p>\n<p style=\"text-align: justify;\">\u00a0<\/p>\n<\/td>\n<\/tr>\n<\/tbody>\n<\/table>\n<table style=\"width: 667px; height: 272px;\" border=\"0\" cellspacing=\"0\" cellpadding=\"0\">\n<tbody>\n<tr>\n<td valign=\"top\">\n<hr width=\"100%\" size=\"1\" noshade=\"noshade\" \/><span style=\"color: #ffffff; font-family: arial,helvetica,sans-serif;\"><strong><span style=\"font-size: small; background-color: #cb1e44;\"><br \/>\u00a0FLASH INFOS\u00a0TRAVAUX\u00a0RENOVATION DE POSTES HT\u00a017\/05\/2016\u00a0<\/span><\/strong><\/span><\/p>\n<p>\u00a0<\/p>\n<p style=\"text-align: justify;\"><span style=\"font-family: arial,helvetica,sans-serif; font-size: small;\">Nous r\u00e9alisons actuellement des r\u00e9novations des postes Haute Tension HAUTILUM et HALOGENE, pouvant provoquer des perturbations sur le r\u00e9seau d&rsquo;\u00e9clairage public jusque la fin de la semaine. Les secteurs pouvant \u00eatre impact\u00e9s par ces travaux sont les suivants:<\/p>\n<p><img loading=\"lazy\" decoding=\"async\" src=\"https:\/\/www.cylumine.fr\/img\/puce1.png\" alt=\"\" width=\"13\" height=\"11\" border=\"0\" \/>\u00a0JOUY LE MOUTIER<br \/><img loading=\"lazy\" decoding=\"async\" src=\"https:\/\/www.cylumine.fr\/img\/puce1.png\" alt=\"\" width=\"13\" height=\"11\" border=\"0\" \/>\u00a0VAUREAL<br \/><img loading=\"lazy\" decoding=\"async\" src=\"https:\/\/www.cylumine.fr\/img\/puce1.png\" alt=\"\" width=\"13\" height=\"11\" border=\"0\" \/>\u00a0CERGY LE HAUT<br \/><img loading=\"lazy\" decoding=\"async\" src=\"https:\/\/www.cylumine.fr\/img\/puce1.png\" alt=\"\" width=\"13\" height=\"11\" border=\"0\" \/>\u00a0COURDIMANCHE<\/span><\/p>\n<p style=\"text-align: justify;\"><span style=\"font-family: arial,helvetica,sans-serif; font-size: small;\"><\/p>\n<p><\/span><\/p>\n<\/td>\n<\/tr>\n<\/tbody>\n<\/table>\n<table style=\"width: 667px; height: 272px;\" border=\"0\" cellspacing=\"0\" cellpadding=\"0\">\n<tbody>\n<tr>\n<td valign=\"top\">\n<hr \/>\n<p><span style=\"color: #ffffff; font-family: arial,helvetica,sans-serif;\"><strong><span style=\"font-size: small; background-color: #cb1e44;\"><br \/>\u00a0FLASH INFOS Panne HT du 13\/05\/2016\u00a0<\/span><\/strong><\/span><\/p>\n<p>\u00a0<\/p>\n<p style=\"text-align: justify;\"><span style=\"font-family: arial,helvetica,sans-serif; font-size: small;\">Suite au d\u00e9faut rencontr\u00e9 le\u00a0Mercredi 11 Mai 2016, \u00e0 l\u2019allumage, <strong>sur le d\u00e9part n\u00b04 du Poste Haute Tension HAUTILUM \u00e0 Jouy-Le-Moutier<\/strong>.<\/span><\/p>\n<p style=\"text-align: justify;\">\u00a0<\/p>\n<p><span style=\"font-family: arial,helvetica,sans-serif; font-size: small;\">Nous avons continu\u00e9 la recherche de d\u00e9faut Haute Tension sur ce d\u00e9part n\u00b04\u00a0ce jour et avons d\u00e9tect\u00e9 un module DROP (2 directions) brul\u00e9, ainsi que 2 t\u00eates DROP.<br \/>Ce mat\u00e9riel se situe dans la chambre VAU-0033, qui elle se situe \u00e0 l\u2019angle du Boulevard de l\u2019Oise et de la Rue des Valanchards.<\/span><\/p>\n<p style=\"text-align: justify;\">\u00a0<\/p>\n<p><span style=\"font-family: arial,helvetica,sans-serif; font-size: small;\">Suite au remplacement de ces\u00a0\u00e9quipements d\u00e9fectueux, des essais ont \u00e9t\u00e9 r\u00e9alis\u00e9s et l\u2019ensemble du patrimoine d\u2019\u00e9clairage public\u00a0fonctionne de nouveau.<\/span><\/p>\n<p style=\"text-align: justify;\"><span style=\"font-family: arial,helvetica,sans-serif; font-size: small;\"><br \/><\/span>\u00a0<\/p>\n<\/td>\n<\/tr>\n<\/tbody>\n<\/table>\n<table style=\"width: 667px; height: 1063px;\" border=\"0\" cellspacing=\"0\" cellpadding=\"0\">\n<tbody>\n<tr>\n<td valign=\"top\">\n<hr width=\"100%\" size=\"1\" noshade=\"noshade\" \/><span style=\"color: #ffffff; font-family: arial,helvetica,sans-serif;\"><strong><span style=\"font-size: small; background-color: #cb1e44;\"><br \/>\u00a0FLASH INFOS Panne HT du 13\/05\/2016\u00a0<\/span><\/strong><\/span><\/p>\n<p>\u00a0<\/p>\n<p style=\"text-align: justify;\"><span style=\"font-family: arial,helvetica,sans-serif; font-size: small;\">Nous avons rencontr\u00e9 Mercredi 11 Mai 2016 \u00e0 l\u2019allumage une difficult\u00e9 <strong>sur le d\u00e9part n\u00b04 du Poste Haute Tension HAUTILUM \u00e0 Jouy-Le-Moutier<\/strong>.<\/span><\/p>\n<p style=\"text-align: justify;\"><span style=\"font-family: arial,helvetica,sans-serif; font-size: small;\">Ce dernier pr\u00e9sente un d\u00e9faut franc sur 2 phases avec fusion fusible sur ces 2 phases.<\/span><\/p>\n<p style=\"text-align: justify;\"><span style=\"font-family: arial,helvetica,sans-serif; font-size: small;\">Apr\u00e8s une recherche de d\u00e9faut effectu\u00e9e le lendemain (12\/05\/2016),nous avons remplac\u00e9s une t\u00eate et un transformateur de d\u00e9fense brul\u00e9s dans la chambre JLM-0174 situ\u00e9e Mail Alphonse Lamartine.<\/span><\/p>\n<p style=\"text-align: justify;\"><span style=\"font-family: arial,helvetica,sans-serif; font-size: small;\">Malgr\u00e9 nos recherches le d\u00e9part n\u2019a pas pu \u00eatre remis en service le soir m\u00eame.<\/span><\/p>\n<p style=\"text-align: justify;\"><span style=\"font-family: arial,helvetica,sans-serif; font-size: small;\">Nous continuons notre recherche de d\u00e9faut ce jour, afin que nous puissions le remettre en service dans les plus brefs d\u00e9lais.<\/span><span style=\"font-family: arial,helvetica,sans-serif; font-size: small;\"><\/p>\n<p>Le d\u00e9part n\u00b04 impacte les rues suivantes :<\/p>\n<p><\/span><\/p>\n<p><span style=\"font-family: arial,helvetica,sans-serif; font-size: small;\"><img loading=\"lazy\" decoding=\"async\" src=\"https:\/\/www.cylumine.fr\/img\/puce1.png\" alt=\"\" width=\"13\" height=\"11\" border=\"0\" \/>\u00a0<\/span><span style=\"font-family: arial,helvetica,sans-serif; font-size: small;\">Boulevard de l\u2019Oise du Rond-Point de la Croix Villecoq au Rond-Point Mend\u00e8s France<\/span><br \/><span style=\"font-family: arial,helvetica,sans-serif; font-size: small;\"><img loading=\"lazy\" decoding=\"async\" src=\"https:\/\/www.cylumine.fr\/img\/puce1.png\" alt=\"\" width=\"13\" height=\"11\" border=\"0\" \/>\u00a0<\/span><span style=\"font-family: arial,helvetica,sans-serif; font-size: small;\">Avenue des Tremblays<br \/><\/span><span style=\"font-family: arial,helvetica,sans-serif; font-size: small;\"><img loading=\"lazy\" decoding=\"async\" src=\"https:\/\/www.cylumine.fr\/img\/puce1.png\" alt=\"\" width=\"13\" height=\"11\" border=\"0\" \/>\u00a0Rue des Valanchards <br \/><\/span><span style=\"font-family: arial,helvetica,sans-serif; font-size: small;\"><img loading=\"lazy\" decoding=\"async\" src=\"https:\/\/www.cylumine.fr\/img\/puce1.png\" alt=\"\" width=\"13\" height=\"11\" border=\"0\" \/> Une partie du Mail de l&rsquo;Etincelle <br \/><\/span><span style=\"font-family: arial,helvetica,sans-serif; font-size: small;\"><img loading=\"lazy\" decoding=\"async\" src=\"https:\/\/www.cylumine.fr\/img\/puce1.png\" alt=\"\" width=\"13\" height=\"11\" border=\"0\" \/> Avenue Louise Michel <br \/><\/span><span style=\"font-family: arial,helvetica,sans-serif; font-size: small;\"><img loading=\"lazy\" decoding=\"async\" src=\"https:\/\/www.cylumine.fr\/img\/puce1.png\" alt=\"\" width=\"13\" height=\"11\" border=\"0\" \/> Avenue Simone Signoret <br \/><\/span><span style=\"font-family: arial,helvetica,sans-serif; font-size: small;\"><img loading=\"lazy\" decoding=\"async\" src=\"https:\/\/www.cylumine.fr\/img\/puce1.png\" alt=\"\" width=\"13\" height=\"11\" border=\"0\" \/> Une partie de l&rsquo;Avenue Gandhi <br \/><\/span><span style=\"font-family: arial,helvetica,sans-serif; font-size: small;\"><img loading=\"lazy\" decoding=\"async\" src=\"https:\/\/www.cylumine.fr\/img\/puce1.png\" alt=\"\" width=\"13\" height=\"11\" border=\"0\" \/> Une partie de l&rsquo;Avenue Jacques Brel <\/p>\n<p><\/span><\/p>\n<p><span style=\"font-family: arial,helvetica,sans-serif; font-size: small;\">Environ 230 points lumineux concern\u00e9s par cette panne:<\/p>\n<p><\/span>\u00a0<img loading=\"lazy\" decoding=\"async\" style=\"width: 462px; height: 423px;\" src=\"https:\/\/www.cylumine.fr\/images\/Plan%20depart%204%20HAUTILUM.png\" width=\"462\" height=\"528\" border=\"0\" \/><\/p>\n<p>\u00a0<\/p>\n<\/td>\n<\/tr>\n<\/tbody>\n<\/table>\n<table style=\"width: 747px; height: 175px;\" border=\"0\" cellspacing=\"0\" cellpadding=\"0\">\n<tbody>\n<tr>\n<td valign=\"top\">\n<hr width=\"100%\" size=\"1\" noshade=\"noshade\" \/><span style=\"color: #ffffff; font-family: arial,helvetica,sans-serif;\"><strong><span style=\"font-size: small; background-color: #cb1e44;\"><br \/>\u00a0FLASH INFOS Panne HT du 05\/03\/2016\u00a0<\/span><\/strong><\/span><\/p>\n<p>\u00a0<\/p>\n<p><span style=\"font-family: arial,helvetica,sans-serif; font-size: small;\">Nous avons rencontr\u00e9 samedi 05 mars 2016 \u00a0\u00e0 l\u2019allumage une difficult\u00e9 <strong>sur le\u00a0d\u00e9part n\u00b03 \u00a0poste Haute Tension\u00a0Eralum\u00a0\u00e0 Eragny-sur-Oise<\/strong>.<\/span><\/p>\n<p><span style=\"font-family: arial,helvetica,sans-serif; font-size: small;\">Ce dernier pr\u00e9sente un d\u00e9faut franc avec fusion fusible sur le <strong>\u00a0d\u00e9part n\u00b03<\/strong>, le test d\u2019isolement \u00e9tant trop faible il ne permet pas le r\u00e9enclenchement du d\u00e9part concern\u00e9.<\/span><\/p>\n<p><span style=\"font-family: arial,helvetica,sans-serif; font-size: small;\">Il a \u00e9t\u00e9 consign\u00e9 dans l\u2019attente d\u2019investigations compl\u00e9mentaires qui sont men\u00e9es d\u00e8s ce matin par nos agents appuy\u00e9s d\u2019un camion laboratoire.<\/span><\/p>\n<p>\u00a0<\/p>\n<p><span style=\"font-family: arial,helvetica,sans-serif; font-size: small;\">Le d\u00e9part n\u00b03 impacte les rues suivantes\u00a0:<\/p>\n<p><\/span><\/p>\n<p><span style=\"font-family: arial,helvetica,sans-serif; font-size: small;\"><img loading=\"lazy\" decoding=\"async\" src=\"https:\/\/www.cylumine.fr\/img\/puce1.png\" alt=\"\" width=\"13\" height=\"11\" border=\"0\" \/>\u00a0Boulevard Charles de Gaulle<\/span><br \/><span style=\"font-family: arial,helvetica,sans-serif; font-size: small;\"><img loading=\"lazy\" decoding=\"async\" src=\"https:\/\/www.cylumine.fr\/img\/puce1.png\" alt=\"\" width=\"13\" height=\"11\" border=\"0\" \/>\u00a0Avenue Fernand Ch\u00e2telain<br \/><\/span><span style=\"font-family: arial,helvetica,sans-serif; font-size: small;\"><img loading=\"lazy\" decoding=\"async\" src=\"https:\/\/www.cylumine.fr\/img\/puce1.png\" alt=\"\" width=\"13\" height=\"11\" border=\"0\" \/>\u00a0Avenue du Gros Ch\u00eane<br \/><\/span><span style=\"font-family: arial,helvetica,sans-serif; font-size: small;\"><img loading=\"lazy\" decoding=\"async\" src=\"https:\/\/www.cylumine.fr\/img\/puce1.png\" alt=\"\" width=\"13\" height=\"11\" border=\"0\" \/>\u00a0Avenue des Bellevues<br \/><\/span><span style=\"font-family: arial,helvetica,sans-serif; font-size: small;\"><img loading=\"lazy\" decoding=\"async\" src=\"https:\/\/www.cylumine.fr\/img\/puce1.png\" alt=\"\" width=\"13\" height=\"11\" border=\"0\" \/>\u00a0Avenue de la Patelle<br \/><\/span><span style=\"font-family: arial,helvetica,sans-serif; font-size: small;\"><img loading=\"lazy\" decoding=\"async\" src=\"https:\/\/www.cylumine.fr\/img\/puce1.png\" alt=\"\" width=\"13\" height=\"11\" border=\"0\" \/>\u00a0Rue du gros Murger<br \/><\/span><span style=\"font-family: arial,helvetica,sans-serif; font-size: small;\"><img loading=\"lazy\" decoding=\"async\" src=\"https:\/\/www.cylumine.fr\/img\/puce1.png\" alt=\"\" width=\"13\" height=\"11\" border=\"0\" \/>\u00a0Boulevard Charles de Gaulle<br \/><\/span><span style=\"font-family: arial,helvetica,sans-serif; font-size: small;\"><img loading=\"lazy\" decoding=\"async\" src=\"https:\/\/www.cylumine.fr\/img\/puce1.png\" alt=\"\" width=\"13\" height=\"11\" border=\"0\" \/>\u00a0La Butte Olive<br \/><\/span><span style=\"font-family: arial,helvetica,sans-serif; font-size: small;\"><img loading=\"lazy\" decoding=\"async\" src=\"https:\/\/www.cylumine.fr\/img\/puce1.png\" alt=\"\" width=\"13\" height=\"11\" border=\"0\" \/>\u00a0Avenue Albert Camus<br \/><\/span><span style=\"font-family: arial,helvetica,sans-serif; font-size: small;\"><img loading=\"lazy\" decoding=\"async\" src=\"https:\/\/www.cylumine.fr\/img\/puce1.png\" alt=\"\" width=\"13\" height=\"11\" border=\"0\" \/>\u00a0Avenue Roger Salengro<br \/><\/span><span style=\"font-family: arial,helvetica,sans-serif; font-size: small;\"><img loading=\"lazy\" decoding=\"async\" src=\"https:\/\/www.cylumine.fr\/img\/puce1.png\" alt=\"\" width=\"13\" height=\"11\" border=\"0\" \/>\u00a0All\u00e9e du Stade<br \/><\/span><span style=\"font-family: arial,helvetica,sans-serif; font-size: small;\"><img loading=\"lazy\" decoding=\"async\" src=\"https:\/\/www.cylumine.fr\/img\/puce1.png\" alt=\"\" width=\"13\" height=\"11\" border=\"0\" \/>\u00a0Rue des M\u00e9sanges<br \/><\/span><span style=\"font-family: arial,helvetica,sans-serif; font-size: small;\"><img loading=\"lazy\" decoding=\"async\" src=\"https:\/\/www.cylumine.fr\/img\/puce1.png\" alt=\"\" width=\"13\" height=\"11\" border=\"0\" \/>\u00a0Allee Des Tulipes<br \/><\/span><span style=\"font-family: arial,helvetica,sans-serif; font-size: small;\"><img loading=\"lazy\" decoding=\"async\" src=\"https:\/\/www.cylumine.fr\/img\/puce1.png\" alt=\"\" width=\"13\" height=\"11\" border=\"0\" \/>\u00a0Rue Du Grillon<\/span><\/p>\n<p><span style=\"font-family: arial,helvetica,sans-serif; font-size: small;\">Environ 224 points lumineux concern\u00e9s par cette panne:<\/span><\/p>\n<p>\u00a0<\/p>\n<p><span style=\"font-family: arial,helvetica,sans-serif; font-size: small;\"><img loading=\"lazy\" decoding=\"async\" src=\"https:\/\/www.cylumine.fr\/images\/panne 05032016.png\" alt=\"\" width=\"447\" height=\"385\" border=\"0\" \/><\/span><\/p>\n<p>\u00a0<\/p>\n<p>\u00a0<\/p>\n<\/td>\n<\/tr>\n<\/tbody>\n<\/table>\n<table style=\"width: 747px; height: 175px;\" border=\"0\" cellspacing=\"0\" cellpadding=\"0\">\n<tbody>\n<tr>\n<td valign=\"top\">\n<hr width=\"100%\" size=\"1\" noshade=\"noshade\" \/><span style=\"color: #ffffff; font-family: arial,helvetica,sans-serif;\"><strong><span style=\"font-size: small; background-color: #cb1e44;\"><br \/>\u00a0FLASH INFOS Avancement\u00a0Panne HT du 04\/03\/2016\u00a0<\/span><\/strong><\/span><\/p>\n<p>\u00a0<\/p>\n<p><span style=\"font-family: arial,helvetica,sans-serif; font-size: small;\">Nos techniciens on fait une recherche de d\u00e9faut sur <strong>les\u00a0d\u00e9parts n\u00b03 et n\u00b04\u00a0du poste Haute Tension\u00a0HAUTILUM \u00e0 Jouy-le-Moutier<\/strong>.<\/span><\/p>\n<p><span style=\"font-family: arial,helvetica,sans-serif; font-size: small;\">Il a \u00e9t\u00e9 identifi\u00e9 un module d\u00e9fectueux dans la chambre \u00ab\u00a0VAU-HAU3-B1\u00a0\u00bb se situant Avenue Simone Signoret \u00e0 Vaur\u00e9al qui a \u00e9t\u00e9 remplac\u00e9\u00a0:<\/span><\/p>\n<p><span style=\"font-family: arial,helvetica,sans-serif; font-size: small;\"><img loading=\"lazy\" decoding=\"async\" src=\"https:\/\/www.cylumine.fr\/images\/panne ht.JPG\" alt=\"\" width=\"292\" height=\"317\" border=\"0\" \/>\u00a0\u00a0\u00a0\u00a0\u00a0\u00a0\u00a0\u00a0\u00a0\u00a0\u00a0\u00a0\u00a0\u00a0\u00a0\u00a0\u00a0\u00a0<\/span><\/p>\n<p>\u00a0<\/p>\n<p><span style=\"font-family: arial,helvetica,sans-serif; font-size: small;\">Ainsi qu\u2019un sabot simple en d\u00e9faut dans la chambre \u00ab\u00a0new_ch_jt_20131002_03\u00a0\u00bb se situant \u00e0 l\u2019angle du Mail Georges Brassens \u00e0 Vaur\u00e9al et de la Rue des Valanchards \u00e0 Jouy-le-Moutier qui a \u00e9galement \u00e9t\u00e9 remplac\u00e9\u00a0:<\/span><\/p>\n<p>\u00a0<\/p>\n<p><span style=\"font-family: arial,helvetica,sans-serif; font-size: small;\"><img loading=\"lazy\" decoding=\"async\" style=\"width: 291px; height: 310px;\" src=\"https:\/\/www.cylumine.fr\/images\/panne ht-1.JPG\" alt=\"\" width=\"287\" height=\"310\" border=\"0\" \/>\u00a0<\/span><\/p>\n<p>\u00a0<\/p>\n<p><span style=\"font-family: arial,helvetica,sans-serif; font-size: small;\">Suite au remplacement des \u00e9quipements d\u00e9fectueux, des essais ont \u00e9t\u00e9 r\u00e9alis\u00e9s et l\u2019ensemble du patrimoine d\u2019\u00e9clairage public associ\u00e9 fonctionne de nouveau.<\/span><\/p>\n<p><span style=\"font-family: arial,helvetica,sans-serif; font-size: small;\">\u00a0<br \/><\/span><\/p>\n<\/td>\n<\/tr>\n<\/tbody>\n<\/table>\n<table style=\"width: 747px; height: 175px;\" border=\"0\" cellspacing=\"0\" cellpadding=\"0\">\n<tbody>\n<tr>\n<td valign=\"top\">\n<hr width=\"100%\" size=\"1\" noshade=\"noshade\" \/><span style=\"color: #ffffff; font-family: arial,helvetica,sans-serif;\"><strong><span style=\"font-size: small; background-color: #cb1e44;\"><br \/>\u00a0FLASH INFOS Panne HT du 03\/03\/2016\u00a0<\/span><\/strong><\/span><\/p>\n<p>\u00a0<\/p>\n<p><span style=\"font-family: arial,helvetica,sans-serif; font-size: small;\">Nous avons rencontr\u00e9 ce matin \u00e0 00h58 une difficult\u00e9 <strong>sur les\u00a0d\u00e9parts n\u00b03 et n\u00b04\u00a0du poste Haute Tension\u00a0HAUTILUM \u00e0 Jouy-le-Moutier<\/strong>. \u00a0Ces derniers pr\u00e9sentent un d\u00e9faut franc avec une percussion fusible, les tests d\u2019isolement \u00e9tant trop faibles ne permettent pas le r\u00e9 enclenchement de ces d\u00e9parts concern\u00e9s. Ils ont \u00e9t\u00e9 consign\u00e9s dans l\u2019attente d\u2019une investigation compl\u00e9mentaire qui est en cours depuis ce matin par nos agents appuy\u00e9 d\u2019un camion laboratoire.<\/span><\/p>\n<p><span style=\"font-family: arial,helvetica,sans-serif; font-size: small;\">Les rues impact\u00e9es sur Jouy-le-Moutier \u00e9taient\u00a0:<\/span><\/p>\n<p><span style=\"font-family: arial,helvetica,sans-serif; font-size: small;\">\u00a0<\/span><\/p>\n<p><span style=\"font-family: arial,helvetica,sans-serif; font-size: small;\"><img loading=\"lazy\" decoding=\"async\" src=\"https:\/\/www.cylumine.fr\/img\/puce1.png\" alt=\"\" width=\"13\" height=\"11\" border=\"0\" \/>\u00a0Avenue des Bruzacques<br \/><\/span><span style=\"font-family: arial,helvetica,sans-serif; font-size: small;\"><img loading=\"lazy\" decoding=\"async\" src=\"https:\/\/www.cylumine.fr\/img\/puce1.png\" alt=\"\" width=\"13\" height=\"11\" border=\"0\" \/>\u00a0Boulevard de L&rsquo;Oise<br \/><\/span><span style=\"font-family: arial,helvetica,sans-serif; font-size: small;\"><img loading=\"lazy\" decoding=\"async\" src=\"https:\/\/www.cylumine.fr\/img\/puce1.png\" alt=\"\" width=\"13\" height=\"11\" border=\"0\" \/>\u00a0Avenue des Tremblays<br \/><\/span><span style=\"font-family: arial,helvetica,sans-serif; font-size: small;\"><img loading=\"lazy\" decoding=\"async\" src=\"https:\/\/www.cylumine.fr\/img\/puce1.png\" alt=\"\" width=\"13\" height=\"11\" border=\"0\" \/>\u00a0All\u00e9e Des Sources<br \/><\/span><span style=\"font-family: arial,helvetica,sans-serif; font-size: small;\"><img loading=\"lazy\" decoding=\"async\" src=\"https:\/\/www.cylumine.fr\/img\/puce1.png\" alt=\"\" width=\"13\" height=\"11\" border=\"0\" \/>\u00a0Rue Maurice Ravel<\/span><\/p>\n<p><span style=\"font-family: arial,helvetica,sans-serif; font-size: small;\">\u00a0<\/span><\/p>\n<p><span style=\"font-family: arial,helvetica,sans-serif; font-size: small;\">Environ 83 points lumineux concern\u00e9s par cette panne sur le secteur de Jouy-le-Moutier\u00a0:<\/p>\n<p><\/span><\/p>\n<p><img loading=\"lazy\" decoding=\"async\" style=\"width: 417px; height: 344px;\" src=\"https:\/\/www.cylumine.fr\/images\/030316-1.png\" alt=\"\" width=\"402\" height=\"269\" border=\"0\" \/><\/p>\n<p>\u00a0<\/p>\n<p><span style=\"font-family: arial,helvetica,sans-serif; font-size: small;\">Les rues impact\u00e9es sur Vaur\u00e9al \u00e9taient\u00a0:<\/span><\/p>\n<p><span style=\"font-family: arial,helvetica,sans-serif; font-size: small;\">\u00a0<\/span><\/p>\n<p><span style=\"font-family: arial,helvetica,sans-serif; font-size: small;\"><img loading=\"lazy\" decoding=\"async\" src=\"https:\/\/www.cylumine.fr\/img\/puce1.png\" alt=\"\" width=\"13\" height=\"11\" border=\"0\" \/>\u00a0Chemin des Hauts Toupets<br \/><\/span><span style=\"font-family: arial,helvetica,sans-serif; font-size: small;\"><img loading=\"lazy\" decoding=\"async\" src=\"https:\/\/www.cylumine.fr\/img\/puce1.png\" alt=\"\" width=\"13\" height=\"11\" border=\"0\" \/>\u00a0Avenue Jacques Brel<br \/><\/span><span style=\"font-family: arial,helvetica,sans-serif; font-size: small;\"><img loading=\"lazy\" decoding=\"async\" src=\"https:\/\/www.cylumine.fr\/img\/puce1.png\" alt=\"\" width=\"13\" height=\"11\" border=\"0\" \/>\u00a0Place des Amoureux<br \/><\/span><span style=\"font-family: arial,helvetica,sans-serif; font-size: small;\"><img loading=\"lazy\" decoding=\"async\" src=\"https:\/\/www.cylumine.fr\/img\/puce1.png\" alt=\"\" width=\"13\" height=\"11\" border=\"0\" \/>\u00a0Avenue Louise Michelle<br \/><\/span><span style=\"font-family: arial,helvetica,sans-serif; font-size: small;\"><img loading=\"lazy\" decoding=\"async\" src=\"https:\/\/www.cylumine.fr\/img\/puce1.png\" alt=\"\" width=\"13\" height=\"11\" border=\"0\" \/>\u00a0Boulevard de l\u2019Oise, du Rond-Point de la Croix Villecoq au rond-point de la Croix Lieu<br \/><\/span><span style=\"font-family: arial,helvetica,sans-serif; font-size: small;\"><img loading=\"lazy\" decoding=\"async\" src=\"https:\/\/www.cylumine.fr\/img\/puce1.png\" alt=\"\" width=\"13\" height=\"11\" border=\"0\" \/>\u00a0Avenue Gavroche<br \/><\/span><span style=\"font-family: arial,helvetica,sans-serif; font-size: small;\"><img loading=\"lazy\" decoding=\"async\" src=\"https:\/\/www.cylumine.fr\/img\/puce1.png\" alt=\"\" width=\"13\" height=\"11\" border=\"0\" \/>\u00a0Avenue Sigmund Freud<br \/><\/span><span style=\"font-family: arial,helvetica,sans-serif; font-size: small;\"><img loading=\"lazy\" decoding=\"async\" src=\"https:\/\/www.cylumine.fr\/img\/puce1.png\" alt=\"\" width=\"13\" height=\"11\" border=\"0\" \/>\u00a0Mail Mendes France<br \/><\/span><span style=\"font-family: arial,helvetica,sans-serif; font-size: small;\"><img loading=\"lazy\" decoding=\"async\" src=\"https:\/\/www.cylumine.fr\/img\/puce1.png\" alt=\"\" width=\"13\" height=\"11\" border=\"0\" \/>\u00a0Avenue de la Libert\u00e9<br \/><\/span><span style=\"font-family: arial,helvetica,sans-serif; font-size: small;\"><img loading=\"lazy\" decoding=\"async\" src=\"https:\/\/www.cylumine.fr\/img\/puce1.png\" alt=\"\" width=\"13\" height=\"11\" border=\"0\" \/>\u00a0Avenue de la R\u00e9volution Fran\u00e7aise<br \/><\/span><span style=\"font-family: arial,helvetica,sans-serif; font-size: small;\"><img loading=\"lazy\" decoding=\"async\" src=\"https:\/\/www.cylumine.fr\/img\/puce1.png\" alt=\"\" width=\"13\" height=\"11\" border=\"0\" \/>\u00a0Rue des Valanchards<br \/><\/span><span style=\"font-family: arial,helvetica,sans-serif; font-size: small;\"><img loading=\"lazy\" decoding=\"async\" src=\"https:\/\/www.cylumine.fr\/img\/puce1.png\" alt=\"\" width=\"13\" height=\"11\" border=\"0\" \/>\u00a0Avenue Louise Michel<br \/><\/span><span style=\"font-family: arial,helvetica,sans-serif; font-size: small;\"><img loading=\"lazy\" decoding=\"async\" src=\"https:\/\/www.cylumine.fr\/img\/puce1.png\" alt=\"\" width=\"13\" height=\"11\" border=\"0\" \/>\u00a0Mail de l\u2019Etincelle, du Boulevard de l\u2019Oise \u00e0 l\u2019Avenue Simone Signoret<br \/><\/span><span style=\"font-family: arial,helvetica,sans-serif; font-size: small;\"><img loading=\"lazy\" decoding=\"async\" src=\"https:\/\/www.cylumine.fr\/img\/puce1.png\" alt=\"\" width=\"13\" height=\"11\" border=\"0\" \/>\u00a0Avenue Simone Signoret<br \/><\/span><span style=\"font-family: arial,helvetica,sans-serif; font-size: small;\"><img loading=\"lazy\" decoding=\"async\" src=\"https:\/\/www.cylumine.fr\/img\/puce1.png\" alt=\"\" width=\"13\" height=\"11\" border=\"0\" \/>\u00a0Avenue Jacques Brel<br \/><\/span><span style=\"font-family: arial,helvetica,sans-serif; font-size: small;\"><img loading=\"lazy\" decoding=\"async\" src=\"https:\/\/www.cylumine.fr\/img\/puce1.png\" alt=\"\" width=\"13\" height=\"11\" border=\"0\" \/>\u00a0Avenue Gandhi, de l\u2019Avenue Michel Colucci \u00e0 l\u2019Avenue Simone Signoret<\/span><\/p>\n<p><span style=\"font-family: arial,helvetica,sans-serif; font-size: small;\">\u00a0<\/span><\/p>\n<p><span style=\"font-family: arial,helvetica,sans-serif; font-size: small;\">\u00a0<\/span><\/p>\n<p><span style=\"font-family: arial,helvetica,sans-serif; font-size: small;\">Environ 206 points lumineux concern\u00e9s par cette panne sur le secteur de Vaur\u00e9al\u00a0:<\/p>\n<p><\/span><\/p>\n<p><img loading=\"lazy\" decoding=\"async\" style=\"width: 430px; height: 398px;\" src=\"https:\/\/www.cylumine.fr\/images\/030316-2.png.jpg\" alt=\"\" width=\"424\" height=\"343\" border=\"0\" \/><\/p>\n<p><span style=\"font-family: arial,helvetica,sans-serif; font-size: small;\">\u00a0<br \/><span style=\"font-family: arial,helvetica,sans-serif; font-size: small;\">L\u2019ensemble des postes HT sur l\u2019agglom\u00e9ration se sont tous correctement mis en service.<\/span><\/span><\/p>\n<p>\u00a0<\/p>\n<\/td>\n<\/tr>\n<\/tbody>\n<\/table>\n<table style=\"width: 747px; height: 175px;\" border=\"0\" cellspacing=\"0\" cellpadding=\"0\">\n<tbody>\n<tr>\n<td valign=\"top\">\n<hr width=\"100%\" size=\"1\" noshade=\"noshade\" \/><span style=\"color: #ffffff; font-family: arial,helvetica,sans-serif;\"><strong><span style=\"font-size: small; background-color: #cb1e44;\"><br \/>\u00a0FLASH INFOS Panne HT du 22\/02\/2016\u00a0<\/span><\/strong><\/span><\/p>\n<p>\u00a0<\/p>\n<p><span style=\"font-family: arial,helvetica,sans-serif; font-size: small;\">Nous avons rencontr\u00e9 cette nuit \u00e0 00h52 une difficult\u00e9 sur le <strong>d\u00e9part 4<\/strong> du poste HT <strong>Halog\u00e8ne<\/strong> \u00e0 Vaur\u00e9al.<br \/><\/span><span style=\"font-family: arial,helvetica,sans-serif; font-size: small;\">Nos agents ont consign\u00e9s le d\u00e9part 4 et sont en cours de recherche de d\u00e9faut.<\/span><\/p>\n<p>\u00a0<span style=\"font-family: arial,helvetica,sans-serif; font-size: small;\"><br \/>Les secteurs impact\u00e9s cette nuit sur Courdimanche sont\u00a0:<\/span><span style=\"font-family: arial,helvetica,sans-serif; font-size: small;\">\u00a0<\/span><\/p>\n<p><span style=\"font-family: arial,helvetica,sans-serif; font-size: small;\"><img loading=\"lazy\" decoding=\"async\" src=\"https:\/\/www.cylumine.fr\/img\/puce1.png\" alt=\"\" width=\"13\" height=\"11\" border=\"0\" \/>\u00a0Boulevard du Golf<br \/><\/span><span style=\"font-family: arial,helvetica,sans-serif; font-size: small;\"><img loading=\"lazy\" decoding=\"async\" src=\"https:\/\/www.cylumine.fr\/img\/puce1.png\" alt=\"\" width=\"13\" height=\"11\" border=\"0\" \/>\u00a0Boulevard Sainte Apolline<br \/><\/span><span style=\"font-family: arial,helvetica,sans-serif; font-size: small;\"><img loading=\"lazy\" decoding=\"async\" src=\"https:\/\/www.cylumine.fr\/img\/puce1.png\" alt=\"\" width=\"13\" height=\"11\" border=\"0\" \/>\u00a0Boulevard de La Cr\u00eate<br \/><\/span><span style=\"font-family: arial,helvetica,sans-serif; font-size: small;\"><img loading=\"lazy\" decoding=\"async\" src=\"https:\/\/www.cylumine.fr\/img\/puce1.png\" alt=\"\" width=\"13\" height=\"11\" border=\"0\" \/>\u00a0Rond-Point du Miroir<br \/><\/span><span style=\"font-family: arial,helvetica,sans-serif; font-size: small;\"><img loading=\"lazy\" decoding=\"async\" src=\"https:\/\/www.cylumine.fr\/img\/puce1.png\" alt=\"\" width=\"13\" height=\"11\" border=\"0\" \/>\u00a0Une partie du Boulevard des Chasseurs<\/span><\/p>\n<p>\u00a0<\/p>\n<p><span style=\"font-family: arial,helvetica,sans-serif; font-size: small;\">Environ 165 points lumineux concern\u00e9s par cette panne.<\/span><\/p>\n<p><img decoding=\"async\" src=\"https:\/\/www.cylumine.fr\/images\/220216 holo 4.jpg\" alt=\"\" border=\"0\" \/><\/p>\n<p>\u00a0<\/p>\n<p>\u00a0<\/p>\n<\/td>\n<\/tr>\n<\/tbody>\n<\/table>\n<table style=\"width: 747px; height: 175px;\" border=\"0\" cellspacing=\"0\" cellpadding=\"0\">\n<tbody>\n<tr>\n<td valign=\"top\">\n<hr width=\"100%\" size=\"1\" noshade=\"noshade\" \/><span style=\"color: #ffffff; font-family: arial,helvetica,sans-serif;\"><strong><span style=\"font-size: small; background-color: #cb1e44;\"><br \/>\u00a0FLASH INFOS Panne HT du 08\/02\/2016\u00a0<\/span><\/strong><\/span>\u00a0 <\/p>\n<p>\u00a0<\/p>\n<p><span style=\"font-family: arial,helvetica,sans-serif; font-size: small;\">Nos techniciens on fait une recherche de d\u00e9faut sur le <strong>d\u00e9part n\u00b03<\/strong> de <strong>Hautilum<\/strong> \u00e0 Jouy-le-Moutier ce jour.<\/p>\n<p><\/span><\/p>\n<p><span style=\"font-family: arial,helvetica,sans-serif; font-size: small;\">Il a \u00e9t\u00e9 identifi\u00e9 deux sabots en d\u00e9faut, qui ont \u00e9t\u00e9 remplac\u00e9s, ainsi qu\u2019une port\u00e9e de c\u00e2ble HS se situant entre la chambre JLM-HAU3-D9 et NEW_CH_ocodet_20130925_750_ au niveau du Rond-Point Carrefour de la Croix Villecoq \u00e0 Jouy-le-Moutier. (Voir plan ci-joint).<\/p>\n<p><\/span><\/p>\n<p><span style=\"font-family: arial,helvetica,sans-serif; font-size: small;\"><img decoding=\"async\" src=\"https:\/\/www.cylumine.fr\/images\/08022016 haut.png\" alt=\"\" border=\"0\" \/><\/p>\n<p><\/span><\/p>\n<p><span style=\"font-family: arial,helvetica,sans-serif; font-size: small;\">Nos techniciens ont proc\u00e9d\u00e9 \u00e0 un basculement afin d\u2019alimenter provisoirement le secteur en d\u00e9faut et permettant ainsi la remise en service de la totalit\u00e9 des points lumineux associ\u00e9s au d\u00e9part 3 du poste HT Hautilum.<\/span><\/p>\n<p>\u00a0<\/p>\n<p><span style=\"font-family: arial,helvetica,sans-serif; font-size: small;\">Nous vous tiendrons inform\u00e9s du remplacement de la port\u00e9e de c\u00e2ble qui sera fait dans les plus brefs d\u00e9lais.<\/p>\n<p><\/span><\/p>\n<p>\u00a0<\/p>\n<\/td>\n<\/tr>\n<\/tbody>\n<\/table>\n<table style=\"width: 747px; height: 175px;\" border=\"0\" cellspacing=\"0\" cellpadding=\"0\">\n<tbody>\n<tr>\n<td valign=\"top\">\n<hr width=\"100%\" size=\"1\" noshade=\"noshade\" \/><span style=\"color: #ffffff; font-family: arial,helvetica,sans-serif;\"><strong><span style=\"font-size: small; background-color: #cb1e44;\"><br \/>\u00a0FLASH INFOS Panne HT du 08\/02\/2016\u00a0<\/span><\/strong><\/span><\/p>\n<p>\u00a0<\/p>\n<p><span style=\"font-family: arial,helvetica,sans-serif; font-size: small;\">Nous avons rencontr\u00e9 hier soir \u00e0 22h45 une difficult\u00e9 sur le <strong>d\u00e9part n\u00b03<\/strong> du poste Haute Tension <strong>HAUTILUM <\/strong>\u00e0 Jouy-le-Moutier.\u00a0 Ce dernier pr\u00e9sente un d\u00e9faut franc avec une percussion fusible, les tests d\u2019isolement \u00e9tant trop faibles ne permettent pas le r\u00e9enclenchement du d\u00e9part concern\u00e9. Il a \u00e9t\u00e9 consign\u00e9 dans l\u2019attente d\u2019une investigation compl\u00e9mentaire qui est men\u00e9e d\u00e8s ce matin par nos agents.<\/span><\/p>\n<p>\u00a0<\/p>\n<p><span style=\"font-family: arial,helvetica,sans-serif; font-size: small;\">1\/Les secteurs impact\u00e9s cette nuit sur Vaur\u00e9al sont:<\/span><\/p>\n<p>\u00a0<\/p>\n<p><span style=\"font-family: arial,helvetica,sans-serif; font-size: small;\"><img loading=\"lazy\" decoding=\"async\" src=\"https:\/\/www.cylumine.fr\/img\/puce1.png\" alt=\"\" width=\"13\" height=\"11\" border=\"0\" \/>\u00a0Boulevard de l\u2019Oise<br \/><\/span><span style=\"font-family: arial,helvetica,sans-serif; font-size: small;\"><img loading=\"lazy\" decoding=\"async\" src=\"https:\/\/www.cylumine.fr\/img\/puce1.png\" alt=\"\" width=\"13\" height=\"11\" border=\"0\" \/>\u00a0Avenue Gavroche<br \/><\/span><span style=\"font-family: arial,helvetica,sans-serif; font-size: small;\"><img loading=\"lazy\" decoding=\"async\" src=\"https:\/\/www.cylumine.fr\/img\/puce1.png\" alt=\"\" width=\"13\" height=\"11\" border=\"0\" \/>\u00a0Avenue de la R\u00e9volution Fran\u00e7aise<br \/><\/span><span style=\"font-family: arial,helvetica,sans-serif; font-size: small;\"><img loading=\"lazy\" decoding=\"async\" src=\"https:\/\/www.cylumine.fr\/img\/puce1.png\" alt=\"\" width=\"13\" height=\"11\" border=\"0\" \/>\u00a0Avenue de la Libert\u00e9<br \/><\/span><span style=\"font-family: arial,helvetica,sans-serif; font-size: small;\"><img loading=\"lazy\" decoding=\"async\" src=\"https:\/\/www.cylumine.fr\/img\/puce1.png\" alt=\"\" width=\"13\" height=\"11\" border=\"0\" \/>\u00a0Mail Mendes France<br \/><\/span><span style=\"font-family: arial,helvetica,sans-serif; font-size: small;\"><img loading=\"lazy\" decoding=\"async\" src=\"https:\/\/www.cylumine.fr\/img\/puce1.png\" alt=\"\" width=\"13\" height=\"11\" border=\"0\" \/>\u00a0Rue de l\u2019Oiseau Migrateur<\/span><\/p>\n<p>\u00a0<\/p>\n<p><span style=\"font-family: arial,helvetica,sans-serif; font-size: small;\">Environ 112 points lumineux concern\u00e9s par cette panne.<\/span><\/p>\n<p>\u00a0<\/p>\n<p><span style=\"font-family: arial,helvetica,sans-serif; font-size: small;\">2\/Les secteurs impact\u00e9s cette nuit sur Jouy-Le-Moutier\u00a0:<\/span><\/p>\n<p><span style=\"font-family: arial,helvetica,sans-serif; font-size: small;\"><img loading=\"lazy\" decoding=\"async\" src=\"https:\/\/www.cylumine.fr\/img\/puce1.png\" alt=\"\" width=\"13\" height=\"11\" border=\"0\" \/>\u00a0Boulevard de l\u2019Oise<\/span><\/p>\n<p><span style=\"font-family: arial,helvetica,sans-serif; font-size: small;\">Environ 33 points lumineux concern\u00e9s par cette panne\u00a0<\/span><span style=\"font-family: arial, helvetica, sans-serif; font-size: small;\">:<\/span><\/p>\n<p><img loading=\"lazy\" decoding=\"async\" src=\"https:\/\/www.cylumine.fr\/images\/080216.jpg\" alt=\"\" width=\"336\" height=\"354\" border=\"0\" \/><\/p>\n<p><\/p>\n<\/td>\n<\/tr>\n<\/tbody>\n<\/table>\n<table style=\"width: 747px; height: 175px;\" border=\"0\" cellspacing=\"0\" cellpadding=\"0\">\n<tbody>\n<tr>\n<td valign=\"top\">\n<hr width=\"100%\" size=\"1\" noshade=\"noshade\" \/>\n<p><span style=\"color: #ffffff; font-family: arial,helvetica,sans-serif;\"><strong><span style=\"font-size: small; background-color: #cb1e44;\"><br \/>\u00a0FLASH INFOS Panne HT du 06\/02\/2016\u00a0<\/span><\/strong><\/span><\/p>\n<p>\u00a0<\/p>\n<p><span style=\"font-family: arial,helvetica,sans-serif; font-size: small;\">Nous avons rencontr\u00e9 Samedi 06\/02\/2016 \u00e0 21h17 un probl\u00e8me sur le D\u00e9part n\u00b01\u00a0du poste Haute Tension\u00a0Eralum\u00a0\u00e0 Eragny-sur-Oise. \u00a0Ce dernier pr\u00e9sente un d\u00e9faut franc avec fusion fusible sur la Phase 3 du d\u00e9part concern\u00e9. Notre agent d\u2019astreinte l\u2019a isol\u00e9 et consign\u00e9 afin de limiter la zone d\u2019influence correspondante et m\u00e8nera des investigations compl\u00e9mentaires d\u00e8s ce matin avec l\u2019aide de nos techniciens. Le D\u00e9part 1 a donc \u00e9t\u00e9 relanc\u00e9 \u00e0 22h06.<\/span><\/p>\n<p>\u00a0<\/p>\n<p><span style=\"font-family: arial,helvetica,sans-serif; font-size: small;\">Les rues impact\u00e9es sont sur Eragny-sur-Oise sont\u00a0:<\/span><\/p>\n<p>\u00a0<\/p>\n<p><span style=\"font-family: arial,helvetica,sans-serif; font-size: small;\"><img loading=\"lazy\" decoding=\"async\" src=\"https:\/\/www.cylumine.fr\/img\/puce1.png\" alt=\"\" width=\"13\" height=\"11\" border=\"0\" \/>\u00a0Chemin de la Butte<br \/><img loading=\"lazy\" decoding=\"async\" src=\"https:\/\/www.cylumine.fr\/img\/puce1.png\" alt=\"\" width=\"13\" height=\"11\" border=\"0\" \/>\u00a0Chemin des Beaux Vents <\/span><\/p>\n<p>\u00a0<\/p>\n<p><span style=\"font-family: arial,helvetica,sans-serif; font-size: small;\"><br \/>Environ 22 points lumineux concern\u00e9s par cette panne qui se d\u00e9composent de la fa\u00e7on suivante sur le plan ci-dessous:<\/span><\/p>\n<p><img loading=\"lazy\" decoding=\"async\" style=\"width: 350px; height: 376px;\" src=\"https:\/\/www.cylumine.fr\/images\/06022016.jpg\" alt=\"\" width=\"335\" height=\"376\" border=\"0\" \/><\/p>\n<p>\u00a0<\/p>\n<\/td>\n<\/tr>\n<\/tbody>\n<\/table>\n<table style=\"width: 747px; height: 175px;\" border=\"0\" cellspacing=\"0\" cellpadding=\"0\">\n<tbody>\n<tr>\n<td valign=\"top\">\n<hr width=\"100%\" size=\"1\" noshade=\"noshade\" \/>\n<p><span style=\"color: #ffffff; font-family: arial,helvetica,sans-serif;\"><strong><span style=\"font-size: small; background-color: #cb1e44;\"><br \/>\u00a0FLASH INFOS Avancement Panne HT du 28\/01\/2016\u00a0<\/p>\n<p><\/span><\/strong><\/span><\/p>\n<p><span style=\"font-family: arial,helvetica,sans-serif; font-size: small;\">Suite \u00e0 l\u2019investigation de nos techniciens sur le d\u00e9faut du \u00a0<strong>d\u00e9part 4<\/strong> du poste HT <strong>PUISUM<\/strong> \u00e0 Cergy.<\/span><\/p>\n<p><span style=\"font-family: arial,helvetica,sans-serif; font-size: small;\">Il a \u00e9t\u00e9 identifi\u00e9 un module d\u00e9fectueux dans une chambre se situant sur Boulevard de l&rsquo;Oise suivant le plan ci-dessous\u00a0:<\/span><\/p>\n<p><\/p>\n<p><img loading=\"lazy\" decoding=\"async\" src=\"https:\/\/www.cylumine.fr\/images\/avancement 28012016.png\" alt=\"\" width=\"485\" height=\"284\" border=\"0\" \/>\u00a0<\/p>\n<p><\/p>\n<p><span style=\"font-family: arial,helvetica,sans-serif; font-size: small;\">Le module en d\u00e9faut a \u00e9t\u00e9 remplac\u00e9 et le d\u00e9part concern\u00e9 a pu \u00eatre remis en service.<\/span><\/p>\n<p>\u00a0<\/p>\n<\/td>\n<\/tr>\n<\/tbody>\n<\/table>\n<table style=\"width: 747px; height: 175px;\" border=\"0\" cellspacing=\"0\" cellpadding=\"0\">\n<tbody>\n<tr>\n<td valign=\"top\">\n<hr width=\"100%\" size=\"1\" noshade=\"noshade\" \/>\n<p><span style=\"color: #ffffff; font-family: arial,helvetica,sans-serif;\"><strong><span style=\"font-size: small; background-color: #cb1e44;\"><br \/>\u00a0FLASH INFOS Panne HT du 28\/01\/2016\u00a0<\/p>\n<p><\/span><\/strong><\/span><\/p>\n<p><span style=\"font-family: arial,helvetica,sans-serif; font-size: small;\">Nous avons rencontr\u00e9 ce matin \u00e0 04h37 une difficult\u00e9 sur le <strong>d\u00e9part 4<\/strong> du poste HT <strong>PUISUM<\/strong> \u00e0 Cergy.<\/span><br \/><span style=\"font-family: arial,helvetica,sans-serif; font-size: small;\">Malgr\u00e9 l\u2019intervention de notre agent d\u2019astreinte sur place, ce dernier ne repart pas. Le d\u00e9part concern\u00e9 a \u00e9t\u00e9 consign\u00e9 dans l\u2019attente d\u2019une investigation compl\u00e9mentaire pr\u00e9vue aujourd\u2019hui.<\/span><\/p>\n<p><span style=\"font-family: arial,helvetica,sans-serif; font-size: small;\"><br \/>Les rues impact\u00e9es cette nuit sont sur Cergy :<br \/><\/span><\/p>\n<p>\u00a0<\/p>\n<p><span style=\"font-family: arial,helvetica,sans-serif; font-size: small;\"><img loading=\"lazy\" decoding=\"async\" src=\"https:\/\/www.cylumine.fr\/img\/puce1.png\" alt=\"\" width=\"13\" height=\"11\" border=\"0\" \/>\u00a0Boulevard de l\u2019Oise.(entre le poste et le rond-point de Gency)<\/span><br \/><span style=\"font-family: arial,helvetica,sans-serif; font-size: small;\"><img loading=\"lazy\" decoding=\"async\" src=\"https:\/\/www.cylumine.fr\/img\/puce1.png\" alt=\"\" width=\"13\" height=\"11\" border=\"0\" \/>\u00a0Boulevard d\u2019Osny<\/span><br \/><span style=\"font-family: arial,helvetica,sans-serif; font-size: small;\"><img loading=\"lazy\" decoding=\"async\" src=\"https:\/\/www.cylumine.fr\/img\/puce1.png\" alt=\"\" width=\"13\" height=\"11\" border=\"0\" \/>\u00a0Boulevard de la paix.(entre bld d\u2019Osny et bld du moulin \u00e0 vent)<\/span><br \/><span style=\"font-family: arial,helvetica,sans-serif; font-size: small;\"><img loading=\"lazy\" decoding=\"async\" src=\"https:\/\/www.cylumine.fr\/img\/puce1.png\" alt=\"\" width=\"13\" height=\"11\" border=\"0\" \/>\u00a0Avenue de la constellation<\/span><br \/><span style=\"font-family: arial,helvetica,sans-serif; font-size: small;\"><img loading=\"lazy\" decoding=\"async\" src=\"https:\/\/www.cylumine.fr\/img\/puce1.png\" alt=\"\" width=\"13\" height=\"11\" border=\"0\" \/>\u00a0Avenue de la belle haumi\u00e8re<\/span><br \/><span style=\"font-family: arial,helvetica,sans-serif; font-size: small;\"><img loading=\"lazy\" decoding=\"async\" src=\"https:\/\/www.cylumine.fr\/img\/puce1.png\" alt=\"\" width=\"13\" height=\"11\" border=\"0\" \/>\u00a0Rue du chemin de fer.(entre constellation et bastide)<\/span><br \/><span style=\"font-family: arial,helvetica,sans-serif; font-size: small;\"><img loading=\"lazy\" decoding=\"async\" src=\"https:\/\/www.cylumine.fr\/img\/puce1.png\" alt=\"\" width=\"13\" height=\"11\" border=\"0\" \/>\u00a0Rue de la bastide<\/p>\n<p><img loading=\"lazy\" decoding=\"async\" src=\"https:\/\/www.cylumine.fr\/images\/panne 28012016.jpg\" alt=\"\" width=\"496\" height=\"277\" border=\"0\" \/><\/p>\n<p><span style=\"font-family: arial,helvetica,sans-serif; font-size: small;\">L\u2019ensemble des postes HT sur l\u2019agglom\u00e9ration se sont tous correctement mis en service.<\/span><\/span><\/p>\n<p>\u00a0<\/p>\n<p>\u00a0<\/p>\n<\/td>\n<\/tr>\n<\/tbody>\n<\/table>\n<table style=\"width: 747px; height: 175px;\" border=\"0\" cellspacing=\"0\" cellpadding=\"0\">\n<tbody>\n<tr>\n<td valign=\"top\">\n<hr width=\"100%\" size=\"1\" noshade=\"noshade\" \/>\n<p><span style=\"color: #ffffff; font-family: arial,helvetica,sans-serif;\"><strong><span style=\"font-size: small; background-color: #cb1e44;\"><br \/>\u00a0FLASH INFOS Avancement\u00a0Panne HT du 21\/01\/2016\u00a0<\/span><\/strong><\/span><\/p>\n<p>\u00a0<\/p>\n<p><span style=\"font-family: arial,helvetica,sans-serif; font-size: small;\">Nos techniciens on fait une recherche de d\u00e9faut sur le <strong>d\u00e9part n\u00b01 d\u2019ERALUM <\/strong>\u00e0 ERAGNY.<\/span><\/p>\n<p><span style=\"font-family: arial,helvetica,sans-serif; font-size: small;\">Il a \u00e9t\u00e9 identifi\u00e9 une t\u00eate de c\u00e2ble d\u00e9fectueuse sur un transformateur dans la \u00a0chambre ERA1-T20 angle rue Pierrelaye et Chemin des Beaux Vents suivant le plan ci-dessous\u00a0:<\/p>\n<p><\/span><\/p>\n<p><span style=\"font-family: arial,helvetica,sans-serif; font-size: small;\"><img loading=\"lazy\" decoding=\"async\" src=\"https:\/\/www.cylumine.fr\/images\/panne 21012016-1.jpg.png\" alt=\"\" width=\"412\" height=\"369\" border=\"0\" \/><br \/>\u00a0<br \/><\/span><\/p>\n<p>\u00a0<\/p>\n<\/td>\n<\/tr>\n<\/tbody>\n<\/table>\n<table style=\"width: 747px; height: 175px;\" border=\"0\" cellspacing=\"0\" cellpadding=\"0\">\n<tbody>\n<tr>\n<td valign=\"top\">\n<hr width=\"100%\" size=\"1\" noshade=\"noshade\" \/>\n<p><span style=\"color: #ffffff; font-family: arial,helvetica,sans-serif;\"><strong><span style=\"font-size: small; background-color: #cb1e44;\"><br \/>\u00a0FLASH INFOS\u00a0Panne HT du 21\/01\/2016\u00a0<\/span><\/strong><\/span><\/p>\n<p>\u00a0<\/p>\n<p>\u00a0<\/p>\n<p><span style=\"font-family: arial,helvetica,sans-serif; font-size: small;\">Nous avons rencontr\u00e9 ce soir \u00e0 18h04 un probl\u00e8me<strong> sur le d\u00e9part n\u00b01\u00a0du poste Haute Tension\u00a0Eralum\u00a0\u00e0 Eragny-sur-Oise<\/strong>. \u00a0Ce dernier pr\u00e9sentent un d\u00e9faut franc avec fusion fusible sur le <strong>d\u00e9part n\u00b01 <\/strong>, les tests d\u2019isolements \u00e9tant trop faibles ne permettent pas le r\u00e9enclenchement du d\u00e9part concern\u00e9.<\/span><\/p>\n<p>\u00a0<\/p>\n<p><span style=\"font-family: arial,helvetica,sans-serif; font-size: small;\">Ils ont \u00e9t\u00e9 consign\u00e9s dans l\u2019attente d\u2019investigations compl\u00e9mentaires qui seront men\u00e9es d\u00e8s demain matin par nos agents.<\/span><\/p>\n<p>\u00a0<\/p>\n<p><span style=\"font-family: arial,helvetica,sans-serif; font-size: small;\">Les rues impact\u00e9es ce soir sur Eragny-sur-Oise li\u00e9 \u00e0 la panne du <strong>d\u00e9part n\u00b01 sont\u00a0:<\/strong><\/span><\/p>\n<p>\u00a0<\/p>\n<p><span style=\"font-family: arial,helvetica,sans-serif; font-size: small;\"><img loading=\"lazy\" decoding=\"async\" src=\"https:\/\/www.cylumine.fr\/img\/puce1.png\" alt=\"\" width=\"13\" height=\"11\" border=\"0\" \/>\u00a0Chemin de la Butte<\/span><br \/><span style=\"font-family: arial,helvetica,sans-serif; font-size: small;\"><img loading=\"lazy\" decoding=\"async\" src=\"https:\/\/www.cylumine.fr\/img\/puce1.png\" alt=\"\" width=\"13\" height=\"11\" border=\"0\" \/>\u00a0Chemin des Beaux Vents<br \/><\/span><span style=\"font-family: arial,helvetica,sans-serif; font-size: small;\"><img loading=\"lazy\" decoding=\"async\" src=\"https:\/\/www.cylumine.fr\/img\/puce1.png\" alt=\"\" width=\"13\" height=\"11\" border=\"0\" \/>\u00a0Rue de Pierrelaye<br \/><\/span><span style=\"font-family: arial,helvetica,sans-serif; font-size: small;\"><img loading=\"lazy\" decoding=\"async\" src=\"https:\/\/www.cylumine.fr\/img\/puce1.png\" alt=\"\" width=\"13\" height=\"11\" border=\"0\" \/>\u00a0Rue Salvador Allende<\/span><\/p>\n<p><span style=\"font-family: arial,helvetica,sans-serif; font-size: small;\">Environ 53 points lumineux concern\u00e9s par cette panne qui se d\u00e9composent de la fa\u00e7on suivante sur le plan ci-dessous:<\/span><span style=\"font-family: arial,helvetica,sans-serif; font-size: small;\"><\/p>\n<p><img loading=\"lazy\" decoding=\"async\" style=\"width: 475px; height: 350px;\" src=\"https:\/\/www.cylumine.fr\/images\/panne 21012016.jpg\" alt=\"\" width=\"532\" height=\"403\" border=\"0\" \/><\/p>\n<p><span style=\"font-family: arial,helvetica,sans-serif; font-size: small;\">L\u2019ensemble des postes HT sur l\u2019agglom\u00e9ration se sont tous correctement mis en service.<\/span><\/span><\/p>\n<p>\u00a0<\/p>\n<\/td>\n<\/tr>\n<\/tbody>\n<\/table>\n<table style=\"width: 747px; height: 175px;\" border=\"0\" cellspacing=\"0\" cellpadding=\"0\">\n<tbody>\n<tr>\n<td valign=\"top\">\n<hr width=\"100%\" size=\"1\" noshade=\"noshade\" \/>\n<p><span style=\"color: #ffffff; font-family: arial,helvetica,sans-serif;\"><strong><span style=\"font-size: small; background-color: #cb1e44;\"><br \/>\u00a0FLASH INFOS Avancement Panne HT du 12\/01\/2016\u00a0<\/span><\/strong><\/span><\/p>\n<p>\u00a0<\/p>\n<p><span style=\"font-family: arial,helvetica,sans-serif; font-size: small;\">Nos techniciens on fait une recherche de d\u00e9faut sur le <strong>d\u00e9part n\u00b03 de Puisum<\/strong> \u00e0 Cergy.<\/span><\/p>\n<p><span style=\"font-family: arial,helvetica,sans-serif; font-size: small;\">Il a \u00e9t\u00e9 identifi\u00e9 deux sabots en d\u00e9faut sur la chambre CER-0658 qui se situe au croisement de la Rue du Chemin de Fer et de la Rue de la Bastide \u00e0 Cergy suivant le plan ci-dessous\u00a0:<\/span><\/p>\n<p><img loading=\"lazy\" decoding=\"async\" style=\"width: 454px; height: 264px;\" src=\"https:\/\/www.cylumine.fr\/images\/pui 3.gif\" alt=\"\" width=\"452\" height=\"251\" border=\"0\" \/><\/p>\n<p>\u00a0<\/p>\n<p><span style=\"font-family: arial,helvetica,sans-serif; font-size: small;\">Apr\u00e8s avoir effectu\u00e9 le remplacement des \u00e9quipements d\u00e9fectueux, le d\u00e9part concern\u00e9 a pu \u00eatre remis en service.<\/span><\/p>\n<p>\u00a0<\/p>\n<p>\u00a0<\/p>\n<\/td>\n<\/tr>\n<\/tbody>\n<\/table>\n<table style=\"width: 747px; height: 175px;\" border=\"0\" cellspacing=\"0\" cellpadding=\"0\">\n<tbody>\n<tr>\n<td valign=\"top\">\n<hr width=\"100%\" size=\"1\" noshade=\"noshade\" \/>\n<p><span style=\"color: #ffffff; font-family: arial,helvetica,sans-serif;\"><strong><span style=\"font-size: small; background-color: #cb1e44;\"><br \/>\u00a0FLASH INFOS Panne HT du 11\/01\/2016\u00a0<\/span><\/strong><\/span><\/p>\n<p>\u00a0<\/p>\n<p><span style=\"font-family: arial,helvetica,sans-serif; font-size: small;\">Nous avons rencontr\u00e9 ce matin \u00e0 05h38 une difficult\u00e9 sur le <strong>d\u00e9part 3<\/strong> du <strong>poste HT Puisum \u00e0 Cergy<\/strong>. Malgr\u00e9 l\u2019intervention de notre agent d\u2019astreinte sur place, ce dernier ne repart pas. Le d\u00e9part concern\u00e9 a \u00e9t\u00e9 consign\u00e9 dans l\u2019attente d\u2019une investigation compl\u00e9mentaire pr\u00e9vue aujourd\u2019hui.<\/span><\/p>\n<p>\u00a0<\/p>\n<p><span style=\"font-family: arial,helvetica,sans-serif; font-size: small;\">1\/ Les rues impact\u00e9s cette nuit sont sur Cergy\u00a0:<\/span><\/p>\n<p>\u00a0<\/p>\n<p><span style=\"font-family: arial,helvetica,sans-serif; font-size: small;\"><img loading=\"lazy\" decoding=\"async\" src=\"https:\/\/www.cylumine.fr\/img\/puce1.png\" alt=\"\" width=\"13\" height=\"11\" border=\"0\" \/>\u00a0Avenue des Genottes<br \/><\/span><span style=\"font-family: arial,helvetica,sans-serif; font-size: small;\"><img loading=\"lazy\" decoding=\"async\" src=\"https:\/\/www.cylumine.fr\/img\/puce1.png\" alt=\"\" width=\"13\" height=\"11\" border=\"0\" \/>\u00a0Rue du Petit Albi<br \/><\/span><span style=\"font-family: arial,helvetica,sans-serif; font-size: small;\"><img loading=\"lazy\" decoding=\"async\" src=\"https:\/\/www.cylumine.fr\/img\/puce1.png\" alt=\"\" width=\"13\" height=\"11\" border=\"0\" \/>\u00a0Boulevard d\u2019Osny<br \/><\/span><span style=\"font-family: arial,helvetica,sans-serif; font-size: small;\"><img loading=\"lazy\" decoding=\"async\" src=\"https:\/\/www.cylumine.fr\/img\/puce1.png\" alt=\"\" width=\"13\" height=\"11\" border=\"0\" \/>\u00a0Boulevard de la Paix<br \/><\/span><span style=\"font-family: arial,helvetica,sans-serif; font-size: small;\"><img loading=\"lazy\" decoding=\"async\" src=\"https:\/\/www.cylumine.fr\/img\/puce1.png\" alt=\"\" width=\"13\" height=\"11\" border=\"0\" \/>\u00a0Boulevard des M\u00e9rites<br \/><\/span><span style=\"font-family: arial,helvetica,sans-serif; font-size: small;\"><img loading=\"lazy\" decoding=\"async\" src=\"https:\/\/www.cylumine.fr\/img\/puce1.png\" alt=\"\" width=\"13\" height=\"11\" border=\"0\" \/>\u00a0Rue Francis Combe<br \/><\/span><span style=\"font-family: arial,helvetica,sans-serif; font-size: small;\"><img loading=\"lazy\" decoding=\"async\" src=\"https:\/\/www.cylumine.fr\/img\/puce1.png\" alt=\"\" width=\"13\" height=\"11\" border=\"0\" \/>\u00a0Rue du Chemin de Fer<br \/><\/span><span style=\"font-family: arial,helvetica,sans-serif; font-size: small;\"><img loading=\"lazy\" decoding=\"async\" src=\"https:\/\/www.cylumine.fr\/img\/puce1.png\" alt=\"\" width=\"13\" height=\"11\" border=\"0\" \/>\u00a0Avenue du Centaure<br \/><\/span><\/p>\n<p><span style=\"font-family: arial,helvetica,sans-serif; font-size: small;\">Environ 245 Points Lumineux concern\u00e9s.<\/span><\/p>\n<p><span style=\"font-family: arial,helvetica,sans-serif; font-size: small;\">2\/ Les rues impact\u00e9s cette nuit sont sur Osny\u00a0:<\/span><\/p>\n<p><span style=\"font-family: arial,helvetica,sans-serif; font-size: small;\"><br \/><img loading=\"lazy\" decoding=\"async\" src=\"https:\/\/www.cylumine.fr\/img\/puce1.png\" alt=\"\" width=\"13\" height=\"11\" border=\"0\" \/>\u00a0Rond-Point d\u2019Osny<br \/><\/span><span style=\"font-family: arial,helvetica,sans-serif; font-size: small;\"><img loading=\"lazy\" decoding=\"async\" src=\"https:\/\/www.cylumine.fr\/img\/puce1.png\" alt=\"\" width=\"13\" height=\"11\" border=\"0\" \/>\u00a0Boulevard d\u2019Osny<br \/><\/span><span style=\"font-family: arial,helvetica,sans-serif; font-size: small;\"><img loading=\"lazy\" decoding=\"async\" src=\"https:\/\/www.cylumine.fr\/img\/puce1.png\" alt=\"\" width=\"13\" height=\"11\" border=\"0\" \/>\u00a0Chauss\u00e9e Jules C\u00e9sar<br \/><\/span><span style=\"font-family: arial,helvetica,sans-serif; font-size: small;\"><img loading=\"lazy\" decoding=\"async\" src=\"https:\/\/www.cylumine.fr\/img\/puce1.png\" alt=\"\" width=\"13\" height=\"11\" border=\"0\" \/>\u00a0Rue de la Ravini\u00e8re<br \/><\/span><span style=\"font-family: arial,helvetica,sans-serif; font-size: small;\"><img loading=\"lazy\" decoding=\"async\" src=\"https:\/\/www.cylumine.fr\/img\/puce1.png\" alt=\"\" width=\"13\" height=\"11\" border=\"0\" \/>\u00a0Rue du G\u00e9n\u00e9ral de Gaulle<\/span><\/p>\n<p>\u00a0<\/p>\n<p><span style=\"font-family: arial,helvetica,sans-serif; font-size: small;\">Environ 135 Points Lumineux concern\u00e9s.<\/span><\/p>\n<p>\u00a0<\/p>\n<p><span style=\"font-family: arial,helvetica,sans-serif; font-size: small;\">L\u2019ensemble des postes HT sur l\u2019agglom\u00e9ration se sont tous correctement mis en service.<\/span><\/p>\n<p>\u00a0<\/p>\n<\/td>\n<\/tr>\n<\/tbody>\n<\/table>\n<table style=\"width: 747px; height: 175px;\" border=\"0\" cellspacing=\"0\" cellpadding=\"0\">\n<tbody>\n<tr>\n<td valign=\"top\">\n<hr width=\"100%\" size=\"1\" noshade=\"noshade\" \/>\n<p><span style=\"color: #ffffff; font-family: arial,helvetica,sans-serif;\"><strong><span style=\"font-size: small; background-color: #cb1e44;\"><br \/>\u00a0FLASH INFOS Panne HT du 05\/01\/2016\u00a0<\/span><\/strong><\/span><\/p>\n<p>\u00a0<\/p>\n<p><span style=\"font-family: arial,helvetica,sans-serif; font-size: small;\">Nous rencontrons ce soir une difficult\u00e9 \u00e0 l\u2019allumage sur le\u00a0<strong>d\u00e9part 2 du poste HT Halog\u00e8ne \u00e0 Vaur\u00e9al<\/strong>. Malgr\u00e9 l\u2019intervention de notre agent d\u2019astreinte sur place, ce dernier ne repart pas. Le d\u00e9part concern\u00e9 a \u00e9t\u00e9 consign\u00e9 dans l\u2019attente d\u2019une investigation compl\u00e9mentaire pr\u00e9vue demain.<\/span><\/p>\n<p><span style=\"font-family: arial,helvetica,sans-serif; font-size: small;\">Les rues impact\u00e9s cette nuit sont:<\/span><\/p>\n<p><span style=\"font-family: arial,helvetica,sans-serif; font-size: small;\"><img loading=\"lazy\" decoding=\"async\" src=\"https:\/\/www.cylumine.fr\/img\/puce1.png\" alt=\"\" width=\"13\" height=\"11\" border=\"0\" \/>\u00a0Boulevard du Moulin \u00e0 Vent \u00e0 Cergy<\/span><br \/><span style=\"font-family: arial,helvetica,sans-serif; font-size: small;\"><img loading=\"lazy\" decoding=\"async\" src=\"https:\/\/www.cylumine.fr\/img\/puce1.png\" alt=\"\" width=\"13\" height=\"11\" border=\"0\" \/>\u00a0Avenue des H\u00e9rons \u00e0 Cergy<\/span><br \/><span style=\"font-family: arial,helvetica,sans-serif; font-size: small;\"><img loading=\"lazy\" decoding=\"async\" src=\"https:\/\/www.cylumine.fr\/img\/puce1.png\" alt=\"\" width=\"13\" height=\"11\" border=\"0\" \/>\u00a0Rond-Point du Ch\u00eane \u00e0 Cergy<\/span><br \/><span style=\"font-family: arial,helvetica,sans-serif; font-size: small;\"><img loading=\"lazy\" decoding=\"async\" src=\"https:\/\/www.cylumine.fr\/img\/puce1.png\" alt=\"\" width=\"13\" height=\"11\" border=\"0\" \/>\u00a0Rond-Point du Golf \u00e0 Cergy limite Vaur\u00e9al<\/span><br \/><span style=\"font-family: arial,helvetica,sans-serif; font-size: small;\"><img loading=\"lazy\" decoding=\"async\" src=\"https:\/\/www.cylumine.fr\/img\/puce1.png\" alt=\"\" width=\"13\" height=\"11\" border=\"0\" \/>\u00a0Boulevard de l\u2019Oise entre le Rond-Point du Ch\u00eane et le Rond-Point du Golf \u00e0 Cergy<\/span><br \/><span style=\"font-family: arial,helvetica,sans-serif; font-size: small;\"><img loading=\"lazy\" decoding=\"async\" src=\"https:\/\/www.cylumine.fr\/img\/puce1.png\" alt=\"\" width=\"13\" height=\"11\" border=\"0\" \/>\u00a0Avenue des Essarts \u00e0 Cergy<\/span><br \/><span style=\"font-family: arial,helvetica,sans-serif; font-size: small;\"><img loading=\"lazy\" decoding=\"async\" src=\"https:\/\/www.cylumine.fr\/img\/puce1.png\" alt=\"\" width=\"13\" height=\"11\" border=\"0\" \/>\u00a0Promenade des Essarts \u00e0 Cergy<\/span><br \/><span style=\"font-family: arial,helvetica,sans-serif; font-size: small;\"><img loading=\"lazy\" decoding=\"async\" src=\"https:\/\/www.cylumine.fr\/img\/puce1.png\" alt=\"\" width=\"13\" height=\"11\" border=\"0\" \/>\u00a0Chemin des Pilets \u00e0 Cergy<\/span><br \/><span style=\"font-family: arial,helvetica,sans-serif; font-size: small;\"><img loading=\"lazy\" decoding=\"async\" src=\"https:\/\/www.cylumine.fr\/img\/puce1.png\" alt=\"\" width=\"13\" height=\"11\" border=\"0\" \/>\u00a0Mail du Terroir \u00e0 Cergy<\/span><br \/><span style=\"font-family: arial,helvetica,sans-serif; font-size: small;\"><img loading=\"lazy\" decoding=\"async\" src=\"https:\/\/www.cylumine.fr\/img\/puce1.png\" alt=\"\" width=\"13\" height=\"11\" border=\"0\" \/>\u00a0Mail du Point du Jour \u00e0 Cergy<\/span><\/p>\n<p><span style=\"font-family: arial,helvetica,sans-serif; font-size: small;\">Environ 90 Points Lumineux concern\u00e9s.<\/span><\/p>\n<p><span style=\"font-family: arial,helvetica,sans-serif; font-size: small;\">L\u2019ensemble des postes HT sur l\u2019agglom\u00e9ration se sont tous correctement mis en service.<\/span><\/p>\n<p>\u00a0<\/p>\n<\/td>\n<\/tr>\n<\/tbody>\n<\/table>\n<table style=\"width: 747px; height: 175px;\" border=\"0\" cellspacing=\"0\" cellpadding=\"0\">\n<tbody>\n<tr>\n<td valign=\"top\">\n<hr width=\"100%\" size=\"1\" noshade=\"noshade\" \/>\n<p><span style=\"color: #ffffff; font-family: arial,helvetica,sans-serif;\"><strong><span style=\"font-size: small; background-color: #cb1e44;\"><br \/>\u00a0FLASH INFOS Panne HT du 16\/12\/2015\u00a0<\/span><\/strong><\/span><\/p>\n<p>\u00a0<\/p>\n<p><span style=\"font-family: arial,helvetica,sans-serif; font-size: small;\">Nous avons rencontr\u00e9 hier soir \u00e0 17h20 une difficult\u00e9 lors de l\u2019allumage sur <strong>le\u00a0d\u00e9part n\u00b05\u00a0du poste Haute Tension\u00a0PUISUM \u00e0 Cergy<\/strong>.<\/span><\/p>\n<p><span style=\"font-family: arial,helvetica,sans-serif; font-size: small;\">Ce dernier pr\u00e9sente un d\u00e9faut franc avec une percussion fusible. Il a \u00e9t\u00e9 consign\u00e9 dans l\u2019attente d\u2019une investigation compl\u00e9mentaire qui sera men\u00e9e d\u00e8s ce matin par nos agents.<\/p>\n<p><\/span><\/p>\n<p><span style=\"font-family: arial,helvetica,sans-serif; font-size: small;\">Les rues impact\u00e9es cette nuit sur Cergy\u00a0:<\/p>\n<p><\/span><\/p>\n<p><span style=\"font-family: arial,helvetica,sans-serif; font-size: small;\"><img loading=\"lazy\" decoding=\"async\" src=\"https:\/\/www.cylumine.fr\/img\/puce1.png\" alt=\"\" width=\"13\" height=\"11\" border=\"0\" \/>\u00a0All\u00e9e du Bois de Justice<br \/><\/span><span style=\"font-family: arial,helvetica,sans-serif; font-size: small;\"><img loading=\"lazy\" decoding=\"async\" src=\"https:\/\/www.cylumine.fr\/img\/puce1.png\" alt=\"\" width=\"13\" height=\"11\" border=\"0\" \/>\u00a0Avenue des Raies<br \/><\/span><span style=\"font-family: arial,helvetica,sans-serif; font-size: small;\"><img loading=\"lazy\" decoding=\"async\" src=\"https:\/\/www.cylumine.fr\/img\/puce1.png\" alt=\"\" width=\"13\" height=\"11\" border=\"0\" \/>\u00a0Une partie du Boulevard de L&rsquo;Oise<\/span><span style=\"font-family: arial,helvetica,sans-serif; font-size: small;\"><br \/><\/span><span style=\"font-family: arial,helvetica,sans-serif; font-size: small;\"><img loading=\"lazy\" decoding=\"async\" src=\"https:\/\/www.cylumine.fr\/img\/puce1.png\" alt=\"\" width=\"13\" height=\"11\" border=\"0\" \/>\u00a0Rue Francis Combe<br \/><\/span><span style=\"font-family: arial,helvetica,sans-serif; font-size: small;\"><img loading=\"lazy\" decoding=\"async\" src=\"https:\/\/www.cylumine.fr\/img\/puce1.png\" alt=\"\" width=\"13\" height=\"11\" border=\"0\" \/>\u00a0Une partie du Boulevard Des Merites<br \/><\/span><span style=\"font-family: arial,helvetica,sans-serif; font-size: small;\"><img loading=\"lazy\" decoding=\"async\" src=\"https:\/\/www.cylumine.fr\/img\/puce1.png\" alt=\"\" width=\"13\" height=\"11\" border=\"0\" \/>\u00a0Une partie du Boulevard de la Viosne<\/span><\/p>\n<p>\u00a0<\/p>\n<p><span style=\"font-family: arial,helvetica,sans-serif; font-size: small;\">Environ 45 points lumineux concern\u00e9s par cette panne sur le secteur de Cergy:<\/span><\/p>\n<p><span style=\"font-family: arial,helvetica,sans-serif; font-size: small;\">Les rues impact\u00e9es cette nuit sur Osny\u00a0:<\/span><\/p>\n<p>\u00a0<\/p>\n<p><span style=\"font-family: arial,helvetica,sans-serif; font-size: small;\"><img loading=\"lazy\" decoding=\"async\" src=\"https:\/\/www.cylumine.fr\/img\/puce1.png\" alt=\"\" width=\"13\" height=\"11\" border=\"0\" \/>\u00a0Boulevard Des M\u00e9rites<br \/><\/span><span style=\"font-family: arial,helvetica,sans-serif; font-size: small;\"><img loading=\"lazy\" decoding=\"async\" src=\"https:\/\/www.cylumine.fr\/img\/puce1.png\" alt=\"\" width=\"13\" height=\"11\" border=\"0\" \/>\u00a0Rue de la Falaise<br \/><\/span><span style=\"font-family: arial,helvetica,sans-serif; font-size: small;\"><img loading=\"lazy\" decoding=\"async\" src=\"https:\/\/www.cylumine.fr\/img\/puce1.png\" alt=\"\" width=\"13\" height=\"11\" border=\"0\" \/>\u00a0Une partie Chauss\u00e9e Jules C\u00e9sar<\/span><\/p>\n<p>\u00a0<\/p>\n<p><span style=\"font-family: arial,helvetica,sans-serif; font-size: small;\">Environ 15 points lumineux concern\u00e9s par cette panne sur le secteur d\u2019Osny\u00a0:<\/span><\/p>\n<p>\u00a0<\/p>\n<p><img loading=\"lazy\" decoding=\"async\" style=\"width: 289px; height: 318px;\" src=\"https:\/\/www.cylumine.fr\/images\/ht osn pui.JPG\" alt=\"\" width=\"296\" height=\"388\" border=\"0\" \/><\/p>\n<p>\u00a0<\/p>\n<p>\u00a0<\/p>\n<\/td>\n<\/tr>\n<\/tbody>\n<\/table>\n<table style=\"width: 747px; height: 175px;\" border=\"0\" cellspacing=\"0\" cellpadding=\"0\">\n<tbody>\n<tr>\n<td valign=\"top\">\n<hr width=\"100%\" size=\"1\" noshade=\"noshade\" \/>\n<p><span style=\"color: #ffffff; font-family: arial,helvetica,sans-serif;\"><strong><span style=\"font-size: small; background-color: #cb1e44;\"><br \/>\u00a0FLASH INFOS point d&rsquo;Avancement Panne HT du 10\/12\/2015\u00a0<\/span><\/strong><\/span><\/p>\n<p>\u00a0<\/p>\n<p>\u00a0<\/p>\n<p><span style=\"font-family: arial,helvetica,sans-serif; font-size: small;\">Le<strong>\u00a0d\u00e9part n\u00b05\u00a0du poste Haute Tension\u00a0PUISUM \u00e0 Cergy <\/strong>a \u00e9t\u00e9 remis en service sur sa totalit\u00e9.<\/span><\/p>\n<p><span style=\"font-family: arial,helvetica,sans-serif; font-size: small;\">Comme convenu et suite \u00e0 l\u2019investigation men\u00e9e par le camion laboratoire, nos techniciens sont intervenus pour remplacer un module en d\u00e9faut dans la chambre juste apr\u00e8s le carrefour Bd de l\u2019Oise \/ C\u00f4t\u00e9 Linandes en descendant vers le Boulevard de Viosne, suivant le plan ci-dessous\u00a0:<\/p>\n<p><\/span><\/p>\n<p><span style=\"font-family: arial,helvetica,sans-serif; font-size: small;\"><img decoding=\"async\" src=\"https:\/\/www.cylumine.fr\/images\/ht 10122015-1.jpg\" alt=\"\" border=\"0\" \/><\/span><\/p>\n<p>\u00a0<\/p>\n<\/td>\n<\/tr>\n<\/tbody>\n<\/table>\n<table style=\"width: 747px; height: 175px;\" border=\"0\" cellspacing=\"0\" cellpadding=\"0\">\n<tbody>\n<tr>\n<td valign=\"top\">\n<hr width=\"100%\" size=\"1\" noshade=\"noshade\" \/>\n<p><span style=\"color: #ffffff; font-family: arial,helvetica,sans-serif;\"><strong><span style=\"font-size: small; background-color: #cb1e44;\"><br \/>\u00a0FLASH INFOS point d&rsquo;Avancement Panne HT du 10\/12\/2015\u00a0<\/span><\/strong><\/span><\/p>\n<p>\u00a0<\/p>\n<p><span style=\"font-family: arial,helvetica,sans-serif; font-size: small;\">Le\u00a0<strong>d\u00e9part 4\u00a0du\u00a0poste Haute Tension Hautilum\u00a0\u00e0\u00a0Jouy-le-Moutier<\/strong>\u00a0a \u00e9t\u00e9 remis en service sur sa totalit\u00e9. Comme convenu et suite \u00e0 l\u2019investigation men\u00e9e par le camion laboratoire, nos techniciens sont intervenus pour remplacer un module de transformateur immergeable en d\u00e9faut situ\u00e9e au croisement du Boulevard De L&rsquo;Oise et du Mail de l\u2019Etincelle \u00e0 Vaur\u00e9al suivant le plan ci-dessous\u00a0:<\/p>\n<p><img decoding=\"async\" src=\"https:\/\/www.cylumine.fr\/images\/ht 10122015.jpg\" alt=\"\" border=\"0\" \/><\/span><\/p>\n<p>\u00a0<\/p>\n<\/td>\n<\/tr>\n<\/tbody>\n<\/table>\n<table style=\"width: 747px; height: 175px;\" border=\"0\" cellspacing=\"0\" cellpadding=\"0\">\n<tbody>\n<tr>\n<td valign=\"top\">\n<hr width=\"100%\" size=\"1\" noshade=\"noshade\" \/>\n<p><span style=\"color: #ffffff; font-family: arial,helvetica,sans-serif;\"><strong><span style=\"font-size: small; background-color: #cb1e44;\"><br \/>\u00a0FLASH INFOS Panne HT du 09\/12\/2015\u00a0<\/span><\/strong><\/span><\/p>\n<p>\u00a0<\/p>\n<p><span style=\"font-family: arial,helvetica,sans-serif; font-size: small;\">Nous avons rencontr\u00e9 ce matin \u00e0 03h12 une difficult\u00e9 <strong>sur le\u00a0d\u00e9part n\u00b05\u00a0du poste Haute Tension\u00a0PUISUM \u00e0 Cergy<\/strong>. \u00a0Ce dernier pr\u00e9sente un d\u00e9faut franc avec une percussion fusible, les tests d\u2019isolement \u00e9tant trop faibles ne permettent pas le r\u00e9enclenchement du d\u00e9part concern\u00e9. Il a \u00e9t\u00e9 consign\u00e9 dans l\u2019attente d\u2019une investigation compl\u00e9mentaire qui sera men\u00e9e d\u00e8s ce matin par nos agents appuy\u00e9e d\u2019un camion laboratoire.<\/span><\/p>\n<p>\u00a0<\/p>\n<p><span style=\"font-family: arial,helvetica,sans-serif; font-size: small;\">Les rues impact\u00e9es cette nuit sur Cergy \u00e9taient:<\/span><\/p>\n<p><span style=\"font-family: arial,helvetica,sans-serif; font-size: small;\"><span style=\"font-family: arial,helvetica,sans-serif; font-size: small;\"><br \/><img loading=\"lazy\" decoding=\"async\" src=\"https:\/\/www.cylumine.fr\/img\/puce1.png\" alt=\"\" width=\"13\" height=\"11\" border=\"0\" \/><\/span>\u00a0Rond-Point des M\u00e9rites<br \/><\/span><span style=\"font-family: arial,helvetica,sans-serif; font-size: small;\"><span style=\"font-family: arial,helvetica,sans-serif; font-size: small;\"><img loading=\"lazy\" decoding=\"async\" src=\"https:\/\/www.cylumine.fr\/img\/puce1.png\" alt=\"\" width=\"13\" height=\"11\" border=\"0\" \/><\/span>\u00a0Une partie du Boulevard de l\u2019Oise<br \/><\/span><span style=\"font-family: arial,helvetica,sans-serif; font-size: small;\"><span style=\"font-family: arial,helvetica,sans-serif; font-size: small;\"><img loading=\"lazy\" decoding=\"async\" src=\"https:\/\/www.cylumine.fr\/img\/puce1.png\" alt=\"\" width=\"13\" height=\"11\" border=\"0\" \/><\/span>\u00a0Avenue des Raies<br \/><\/span><span style=\"font-family: arial,helvetica,sans-serif; font-size: small;\"><span style=\"font-family: arial,helvetica,sans-serif; font-size: small;\"><img loading=\"lazy\" decoding=\"async\" src=\"https:\/\/www.cylumine.fr\/img\/puce1.png\" alt=\"\" width=\"13\" height=\"11\" border=\"0\" \/><\/span>\u00a0All\u00e9e du Bois de Justice<br \/><\/span><span style=\"font-family: arial,helvetica,sans-serif; font-size: small;\"><span style=\"font-family: arial,helvetica,sans-serif; font-size: small;\"><img loading=\"lazy\" decoding=\"async\" src=\"https:\/\/www.cylumine.fr\/img\/puce1.png\" alt=\"\" width=\"13\" height=\"11\" border=\"0\" \/><\/span>\u00a0Boulevard des M\u00e9rites<\/span><\/p>\n<p>\u00a0<\/p>\n<p><img loading=\"lazy\" decoding=\"async\" style=\"width: 524px; height: 263px;\" src=\"https:\/\/www.cylumine.fr\/images\/ht 091215.jpg\" alt=\"\" width=\"539\" height=\"263\" border=\"0\" \/><\/p>\n<p>\u00a0<\/p>\n<p>\u00a0<\/p>\n<\/td>\n<\/tr>\n<\/tbody>\n<\/table>\n<table style=\"width: 747px; height: 175px;\" border=\"0\" cellspacing=\"0\" cellpadding=\"0\">\n<tbody>\n<tr>\n<td valign=\"top\">\n<hr width=\"100%\" size=\"1\" noshade=\"noshade\" \/>\n<p><span style=\"color: #ffffff; font-family: arial,helvetica,sans-serif;\"><strong><span style=\"font-size: small; background-color: #cb1e44;\"><br \/>\u00a0FLASH INFOS Panne HT du 08\/12\/2015\u00a0<\/span><\/strong><\/span><\/p>\n<p>\u00a0<\/p>\n<p><span style=\"font-family: arial,helvetica,sans-serif; font-size: small;\">Nous avons rencontr\u00e9 hier soir \u00e0 18h05 une difficult\u00e9 <strong>sur le\u00a0d\u00e9part n\u00b04\u00a0du poste Haute Tension\u00a0HAUTILUM \u00e0 Jouy-le-Moutier<\/strong>. \u00a0Ce dernier pr\u00e9sente un d\u00e9faut franc avec une percussion fusible, les tests d\u2019isolement \u00e9tant trop faibles ne permettent pas le r\u00e9enclenchement du d\u00e9part concern\u00e9. Il a \u00e9t\u00e9 consign\u00e9 dans l\u2019attente d\u2019une investigation compl\u00e9mentaire qui sera men\u00e9e d\u00e8s ce matin par nos agents appuy\u00e9 d\u2019un camion laboratoire.<\/span><\/p>\n<p>\u00a0<\/p>\n<p><span style=\"font-family: arial,helvetica,sans-serif; font-size: small;\">Les rues impact\u00e9es cette nuit sur Jouy-le-Moutier \u00e9taient\u00a0:<\/span><\/p>\n<p><span style=\"font-family: arial,helvetica,sans-serif; font-size: small;\"><img loading=\"lazy\" decoding=\"async\" src=\"https:\/\/www.cylumine.fr\/img\/puce1.png\" alt=\"\" width=\"13\" height=\"11\" border=\"0\" \/>\u00a0Avenue des Bruzacques<br \/><\/span><span style=\"font-family: arial,helvetica,sans-serif; font-size: small;\"><img loading=\"lazy\" decoding=\"async\" src=\"https:\/\/www.cylumine.fr\/img\/puce1.png\" alt=\"\" width=\"13\" height=\"11\" border=\"0\" \/>\u00a0Boulevard de L&rsquo;Oise<br \/><\/span><span style=\"font-family: arial,helvetica,sans-serif; font-size: small;\"><img loading=\"lazy\" decoding=\"async\" src=\"https:\/\/www.cylumine.fr\/img\/puce1.png\" alt=\"\" width=\"13\" height=\"11\" border=\"0\" \/>\u00a0Mail Alphonse de Lamartine<br \/><\/span><span style=\"font-family: arial,helvetica,sans-serif; font-size: small;\"><img loading=\"lazy\" decoding=\"async\" src=\"https:\/\/www.cylumine.fr\/img\/puce1.png\" alt=\"\" width=\"13\" height=\"11\" border=\"0\" \/>\u00a0Avenue des Tremblays<br \/><\/span><span style=\"font-family: arial,helvetica,sans-serif; font-size: small;\"><img loading=\"lazy\" decoding=\"async\" src=\"https:\/\/www.cylumine.fr\/img\/puce1.png\" alt=\"\" width=\"13\" height=\"11\" border=\"0\" \/>\u00a0Allee Des Sources<br \/><\/span><span style=\"font-family: arial,helvetica,sans-serif; font-size: small;\"><img loading=\"lazy\" decoding=\"async\" src=\"https:\/\/www.cylumine.fr\/img\/puce1.png\" alt=\"\" width=\"13\" height=\"11\" border=\"0\" \/>\u00a0Rue Maurice Ravel<\/span><\/p>\n<p>\u00a0<\/p>\n<p><span style=\"font-family: arial,helvetica,sans-serif; font-size: small;\">Environ 83 points lumineux concern\u00e9s par cette panne sur le secteur de Jouy-le-Moutier\u00a0:<\/span><\/p>\n<p><img loading=\"lazy\" decoding=\"async\" style=\"width: 472px; height: 304px;\" src=\"https:\/\/www.cylumine.fr\/images\/ht 081215.png\" alt=\"\" width=\"463\" height=\"304\" border=\"0\" \/><\/p>\n<p>\u00a0<\/p>\n<p><span style=\"font-family: arial,helvetica,sans-serif; font-size: small;\">Les rues impact\u00e9es cette nuit sur Vaur\u00e9al \u00e9taient\u00a0:<\/span><\/p>\n<p>\u00a0<\/p>\n<p><span style=\"font-family: arial,helvetica,sans-serif; font-size: small;\"><img loading=\"lazy\" decoding=\"async\" src=\"https:\/\/www.cylumine.fr\/img\/puce1.png\" alt=\"\" width=\"13\" height=\"11\" border=\"0\" \/>\u00a0Chemin des Hauts Toupets<br \/><\/span><span style=\"font-family: arial,helvetica,sans-serif; font-size: small;\"><img loading=\"lazy\" decoding=\"async\" src=\"https:\/\/www.cylumine.fr\/img\/puce1.png\" alt=\"\" width=\"13\" height=\"11\" border=\"0\" \/>\u00a0Boulevard De L&rsquo;Oise<br \/><\/span><span style=\"font-family: arial,helvetica,sans-serif; font-size: small;\"><img loading=\"lazy\" decoding=\"async\" src=\"https:\/\/www.cylumine.fr\/img\/puce1.png\" alt=\"\" width=\"13\" height=\"11\" border=\"0\" \/>\u00a0Mail de l&rsquo;\u00c9tincelle<br \/><\/span><span style=\"font-family: arial,helvetica,sans-serif; font-size: small;\"><img loading=\"lazy\" decoding=\"async\" src=\"https:\/\/www.cylumine.fr\/img\/puce1.png\" alt=\"\" width=\"13\" height=\"11\" border=\"0\" \/>\u00a0Avenue Simone Signoret<br \/><\/span><span style=\"font-family: arial,helvetica,sans-serif; font-size: small;\"><img loading=\"lazy\" decoding=\"async\" src=\"https:\/\/www.cylumine.fr\/img\/puce1.png\" alt=\"\" width=\"13\" height=\"11\" border=\"0\" \/>\u00a0Avenue Jacques Brel<br \/><\/span><span style=\"font-family: arial,helvetica,sans-serif; font-size: small;\"><img loading=\"lazy\" decoding=\"async\" src=\"https:\/\/www.cylumine.fr\/img\/puce1.png\" alt=\"\" width=\"13\" height=\"11\" border=\"0\" \/>\u00a0Avenue Boris Vian<br \/><\/span><span style=\"font-family: arial,helvetica,sans-serif; font-size: small;\"><img loading=\"lazy\" decoding=\"async\" src=\"https:\/\/www.cylumine.fr\/img\/puce1.png\" alt=\"\" width=\"13\" height=\"11\" border=\"0\" \/>\u00a0Avenue Gandhi<br \/><\/span><span style=\"font-family: arial,helvetica,sans-serif; font-size: small;\"><img loading=\"lazy\" decoding=\"async\" src=\"https:\/\/www.cylumine.fr\/img\/puce1.png\" alt=\"\" width=\"13\" height=\"11\" border=\"0\" \/>\u00a0Place des Amoureux<br \/><\/span><span style=\"font-family: arial,helvetica,sans-serif; font-size: small;\"><img loading=\"lazy\" decoding=\"async\" src=\"https:\/\/www.cylumine.fr\/img\/puce1.png\" alt=\"\" width=\"13\" height=\"11\" border=\"0\" \/>\u00a0Avenue Louise Michelle<\/span><\/p>\n<p>\u00a0<\/p>\n<p><span style=\"font-family: arial,helvetica,sans-serif; font-size: small;\">Environ 106 points lumineux concern\u00e9s par cette panne sur le secteur de Vaur\u00e9al\u00a0:<\/span><\/p>\n<p><img loading=\"lazy\" decoding=\"async\" style=\"width: 492px; height: 290px;\" src=\"https:\/\/www.cylumine.fr\/images\/ht 081215-vau.jpg\" alt=\"\" width=\"511\" height=\"301\" border=\"0\" \/><\/p>\n<p>\u00a0<\/p>\n<p>\u00a0<\/p>\n<\/td>\n<\/tr>\n<\/tbody>\n<\/table>\n<table style=\"width: 747px; height: 175px;\" border=\"0\" cellspacing=\"0\" cellpadding=\"0\">\n<tbody>\n<tr>\n<td valign=\"top\">\n<hr width=\"100%\" size=\"1\" noshade=\"noshade\" \/>\n<p><span style=\"color: #ffffff; font-family: arial,helvetica,sans-serif;\"><strong><span style=\"font-size: small; background-color: #cb1e44;\"><br \/>\u00a0FLASH INFOS Avancement Panne HT du 25\/11\/2015\u00a0<\/span><\/strong><\/span><\/p>\n<p>\u00a0<\/p>\n<p><span style=\"font-family: arial,helvetica,sans-serif; font-size: small;\">Le\u00a0<strong>d\u00e9part 5<\/strong>\u00a0du\u00a0<strong>poste HT Halog\u00e8ne<\/strong>\u00a0\u00e0\u00a0<strong>Vaur\u00e9al<\/strong>\u00a0a \u00e9t\u00e9 remis en service ce soir sur sa totalit\u00e9. Comme convenu et suite \u00e0 l\u2019investigation men\u00e9e ce jour par le camion laboratoire, nos techniciens sont intervenus pour remplacer une boite modulaire en d\u00e9faut sur la chambre VAU-0167 situ\u00e9e \u00e0 l\u2019angle du Boulevard de l\u2019Oise et de l\u2019Avenue Boris Vian \u00e0 Vaur\u00e9al suivant le plan ci-dessous\u00a0:<\/p>\n<p><img loading=\"lazy\" decoding=\"async\" style=\"width: 532px; height: 272px;\" src=\"https:\/\/www.cylumine.fr\/images\/251115-halo.png\" alt=\"\" width=\"542\" height=\"272\" border=\"0\" \/><\/span><\/p>\n<p>\u00a0<\/p>\n<\/td>\n<\/tr>\n<\/tbody>\n<\/table>\n<table style=\"width: 747px; height: 175px;\" border=\"0\" cellspacing=\"0\" cellpadding=\"0\">\n<tbody>\n<tr>\n<td valign=\"top\">\n<hr width=\"100%\" size=\"1\" noshade=\"noshade\" \/>\n<p><span style=\"color: #ffffff; font-family: arial,helvetica,sans-serif;\"><strong><span style=\"font-size: small; background-color: #cb1e44;\"><br \/>\u00a0FLASH INFOS Avancement Panne HT du 25\/11\/2015\u00a0<\/span><\/strong><\/span><\/p>\n<p>\u00a0<\/p>\n<p><span style=\"font-family: arial,helvetica,sans-serif; font-size: small;\">Les\u00a0<strong>d\u00e9parts n\u00b01 et 3<\/strong>\u00a0du\u00a0<strong>poste HT Eralum<\/strong>\u00a0\u00e0\u00a0<strong>Eragny-sur-Oise<\/strong>\u00a0ont \u00e9t\u00e9 remis en service ce soir. L\u2019ensemble du patrimoine d\u2019\u00e9clairage public associ\u00e9 fonctionne de nouveau.<\/span><\/p>\n<p>\u00a0<\/p>\n<p><span style=\"font-family: arial,helvetica,sans-serif; font-size: small;\">Toutefois, il demeure un risque de pannes sur le <strong>d\u00e9part n\u00b01<\/strong> li\u00e9 \u00e0 des valeurs d\u2019isolements trop faibles et une phase Hors Service sur un tron\u00e7on de c\u00e2bles qui n\u00e9cessite des investigations compl\u00e9mentaires sur le Chemin des Beaux Vents.<\/span><\/p>\n<p>\u00a0<\/p>\n<p><span style=\"font-family: arial,helvetica,sans-serif; font-size: small;\">La recherche de d\u00e9faut men\u00e9e ce jour sur le <strong>d\u00e9part n\u00b03<\/strong> a permis de d\u00e9tecter un fusible en fusion dans un module de r\u00e9partition Haute Tension sur l\u2019Avenue Albert Camus qui a \u00e9t\u00e9 remplac\u00e9 depuis.<\/span><\/p>\n<p><span style=\"font-family: arial,helvetica,sans-serif; font-size: small;\">Vous trouverez ci-dessous le d\u00e9tail des r\u00e9solutions de ces pannes Haute Tension.<\/span><\/p>\n<p><span style=\"font-family: arial,helvetica,sans-serif; font-size: small;\">\u00a0<\/span><\/p>\n<p><span style=\"font-family: arial,helvetica,sans-serif; font-size: small;\"><img loading=\"lazy\" decoding=\"async\" style=\"width: 521px; height: 398px;\" src=\"https:\/\/www.cylumine.fr\/images\/251115-era.png\" alt=\"\" width=\"521\" height=\"425\" border=\"0\" \/><br \/><\/span><\/p>\n<p>\u00a0<\/p>\n<\/td>\n<\/tr>\n<\/tbody>\n<\/table>\n<table style=\"width: 747px; height: 175px;\" border=\"0\" cellspacing=\"0\" cellpadding=\"0\">\n<tbody>\n<tr>\n<td valign=\"top\">\n<hr width=\"100%\" size=\"1\" noshade=\"noshade\" \/>\n<p><span style=\"color: #ffffff; font-family: arial,helvetica,sans-serif;\"><strong><span style=\"font-size: small; background-color: #cb1e44;\"><br \/>\u00a0FLASH INFOS Panne HT du 24\/11\/2015\u00a0<\/span><\/strong><\/span><\/p>\n<p>\u00a0<\/p>\n<p>\u00a0<\/p>\n<p><span style=\"font-family: arial,helvetica,sans-serif; font-size: small;\">Nous avons rencontr\u00e9 hier soir \u00e0 18h45 un probl\u00e8me sur le D\u00e9part 5 du poste HT HALOGENE \u00e0 Vaur\u00e9al. Ce dernier pr\u00e9sente un d\u00e9faut franc avec fusion fusible. Les tests d\u2019isolements \u00e9tant trop faibles ne permettent pas le r\u00e9enclenchement du d\u00e9part concern\u00e9.<\/span><\/p>\n<p>\u00a0<\/p>\n<p><span style=\"font-family: arial,helvetica,sans-serif; font-size: small;\">Il a \u00e9t\u00e9 consign\u00e9 dans l\u2019attente d\u2019investigations compl\u00e9mentaires qui sont men\u00e9es aujourd\u2019hui par nos agents appuy\u00e9es d\u2019un camion laboratoire.<\/span><\/p>\n<p>\u00a0<\/p>\n<p><span style=\"font-family: arial,helvetica,sans-serif; font-size: small;\">Les grands axes impact\u00e9s hier soir sur Vaur\u00e9al li\u00e9s \u00e0 la panne sont<strong>:<\/strong><\/span><\/p>\n<p>\u00a0<\/p>\n<p><span style=\"font-family: arial,helvetica,sans-serif; font-size: small;\"><img loading=\"lazy\" decoding=\"async\" src=\"https:\/\/www.cylumine.fr\/img\/puce1.png\" alt=\"\" width=\"13\" height=\"11\" border=\"0\" \/>\u00a0Une partie du Boulevard de l\u2019Oise<\/span><br \/><span style=\"font-family: arial,helvetica,sans-serif; font-size: small;\"><img loading=\"lazy\" decoding=\"async\" src=\"https:\/\/www.cylumine.fr\/img\/puce1.png\" alt=\"\" width=\"13\" height=\"11\" border=\"0\" \/>\u00a0Avenue Martin Luther King<\/span><br \/><span style=\"font-family: arial,helvetica,sans-serif; font-size: small;\"><img loading=\"lazy\" decoding=\"async\" src=\"https:\/\/www.cylumine.fr\/img\/puce1.png\" alt=\"\" width=\"13\" height=\"11\" border=\"0\" \/>\u00a0Avenue de la Paix<\/span><br \/><span style=\"font-family: arial,helvetica,sans-serif; font-size: small;\"><img loading=\"lazy\" decoding=\"async\" src=\"https:\/\/www.cylumine.fr\/img\/puce1.png\" alt=\"\" width=\"13\" height=\"11\" border=\"0\" \/>\u00a0Une partie de l\u2019avenue Gandhi<\/span><br \/><span style=\"font-family: arial,helvetica,sans-serif; font-size: small;\"><img loading=\"lazy\" decoding=\"async\" src=\"https:\/\/www.cylumine.fr\/img\/puce1.png\" alt=\"\" width=\"13\" height=\"11\" border=\"0\" \/>\u00a0Avenue Pierre Brasseur<\/span><\/p>\n<p><span style=\"font-family: arial,helvetica,sans-serif; font-size: small;\">Soit environ 140 points lumineux.<\/span><\/p>\n<p><img loading=\"lazy\" decoding=\"async\" style=\"width: 526px; height: 306px;\" src=\"https:\/\/www.cylumine.fr\/images\/241115-2-halo.jpg\" alt=\"\" width=\"526\" height=\"365\" border=\"0\" \/><\/p>\n<p><img loading=\"lazy\" decoding=\"async\" style=\"width: 525px; height: 340px;\" src=\"https:\/\/www.cylumine.fr\/images\/241115-3-halo.jpg\" alt=\"\" width=\"525\" height=\"366\" border=\"0\" \/><\/p>\n<p>\u00a0<\/p>\n<\/td>\n<\/tr>\n<\/tbody>\n<\/table>\n<table style=\"width: 747px; height: 175px;\" border=\"0\" cellspacing=\"0\" cellpadding=\"0\">\n<tbody>\n<tr>\n<td valign=\"top\">\n<hr width=\"100%\" size=\"1\" noshade=\"noshade\" \/>\n<p><span style=\"color: #ffffff; font-family: arial,helvetica,sans-serif;\"><strong><span style=\"font-size: small; background-color: #cb1e44;\"><br \/>\u00a0FLASH INFOS Avancement Panne HT du 24\/11\/2015\u00a0<\/span><\/strong><\/span><\/p>\n<p>\u00a0<\/p>\n<p><span style=\"font-family: arial,helvetica,sans-serif; font-size: small;\">Nous avons rencontr\u00e9 ce soir \u00e0 l\u2019allumage une nouvelle difficult\u00e9 <strong>sur le\u00a0d\u00e9part n\u00b03 ainsi que sur le d\u00e9part n\u00b01\u00a0du poste Haute Tension\u00a0Eralum\u00a0\u00e0 Eragny-sur-Oise<\/strong>. \u00a0Ces derniers pr\u00e9sentent des d\u00e9fauts francs avec fusion fusible sur le <strong>d\u00e9part n\u00b01 <\/strong>et d\u00e9faut sur une phase du <strong>\u00a0d\u00e9part n\u00b03<\/strong>, les tests d\u2019isolements \u00e9tant trop faibles ne permettent pas le r\u00e9enclenchement des d\u00e9parts concern\u00e9s.<\/span><\/p>\n<p>\u00a0<\/p>\n<p><span style=\"font-family: arial,helvetica,sans-serif; font-size: small;\">Ils ont \u00e9t\u00e9 consign\u00e9s dans l\u2019attente d\u2019investigations compl\u00e9mentaires qui seront men\u00e9es d\u00e8s demain matin par nos agents appuy\u00e9es d\u2019un camion laboratoire.<\/span><\/p>\n<p>\u00a0<\/p>\n<p><span style=\"font-family: arial,helvetica,sans-serif; font-size: small;\">Les rues impact\u00e9es ce soir sur Eragny-sur-Oise li\u00e9 \u00e0 la panne du <strong>d\u00e9part n\u00b01 sont\u00a0:<\/strong><\/span><\/p>\n<p><span style=\"font-family: arial,helvetica,sans-serif; font-size: small;\"><img loading=\"lazy\" decoding=\"async\" src=\"https:\/\/www.cylumine.fr\/img\/puce1.png\" alt=\"\" width=\"13\" height=\"11\" border=\"0\" \/>\u00a0Chemin de la Butte<\/span><br \/><span style=\"font-family: arial,helvetica,sans-serif; font-size: small;\"><img loading=\"lazy\" decoding=\"async\" src=\"https:\/\/www.cylumine.fr\/img\/puce1.png\" alt=\"\" width=\"13\" height=\"11\" border=\"0\" \/>\u00a0Chemin des Beaux Vents<br \/><\/span><span style=\"font-family: arial,helvetica,sans-serif; font-size: small;\"><img loading=\"lazy\" decoding=\"async\" src=\"https:\/\/www.cylumine.fr\/img\/puce1.png\" alt=\"\" width=\"13\" height=\"11\" border=\"0\" \/>\u00a0Rue de Pierrelaye<br \/><\/span><span style=\"font-family: arial,helvetica,sans-serif; font-size: small;\"><img loading=\"lazy\" decoding=\"async\" src=\"https:\/\/www.cylumine.fr\/img\/puce1.png\" alt=\"\" width=\"13\" height=\"11\" border=\"0\" \/>\u00a0Rue Salvador Allende<\/span><\/p>\n<p>\u00a0<\/p>\n<p><span style=\"font-family: arial,helvetica,sans-serif; font-size: small;\">Environ 53 points lumineux concern\u00e9s par cette panne qui se d\u00e9composent de la fa\u00e7on suivante sur le plan ci-dessous:<\/span><\/p>\n<p><span style=\"font-family: arial,helvetica,sans-serif; font-size: small;\"><br \/><img loading=\"lazy\" decoding=\"async\" style=\"width: 490px; height: 300px;\" src=\"https:\/\/www.cylumine.fr\/images\/241115.jpg\" alt=\"\" width=\"450\" height=\"300\" border=\"0\" \/><\/p>\n<p><\/span><\/p>\n<p><span style=\"font-family: arial,helvetica,sans-serif; font-size: small;\"><strong>Le D\u00e9part n\u00b03 quant \u00e0 lui\u00a0pr\u00e9sente un d\u00e9faut franc sur une phase qui entraine des points lumineux \u00e9teints un peu al\u00e9atoire sur plusieurs rues suivantes\u00a0:<\/strong><\/span><\/p>\n<p>\u00a0<\/p>\n<p><span style=\"font-family: arial,helvetica,sans-serif; font-size: small;\"><img loading=\"lazy\" decoding=\"async\" src=\"https:\/\/www.cylumine.fr\/img\/puce1.png\" alt=\"\" width=\"13\" height=\"11\" border=\"0\" \/>\u00a0Boulevard Charles de Gaulle<\/span><br \/><span style=\"font-family: arial,helvetica,sans-serif; font-size: small;\"><img loading=\"lazy\" decoding=\"async\" src=\"https:\/\/www.cylumine.fr\/img\/puce1.png\" alt=\"\" width=\"13\" height=\"11\" border=\"0\" \/>\u00a0Avenue Fernand Ch\u00e2telain<br \/><\/span><span style=\"font-family: arial,helvetica,sans-serif; font-size: small;\"><img loading=\"lazy\" decoding=\"async\" src=\"https:\/\/www.cylumine.fr\/img\/puce1.png\" alt=\"\" width=\"13\" height=\"11\" border=\"0\" \/>\u00a0Avenue du Gros Ch\u00eane<br \/><\/span><span style=\"font-family: arial,helvetica,sans-serif; font-size: small;\"><img loading=\"lazy\" decoding=\"async\" src=\"https:\/\/www.cylumine.fr\/img\/puce1.png\" alt=\"\" width=\"13\" height=\"11\" border=\"0\" \/>\u00a0Avenue des Bellevues<br \/><\/span><span style=\"font-family: arial,helvetica,sans-serif; font-size: small;\"><img loading=\"lazy\" decoding=\"async\" src=\"https:\/\/www.cylumine.fr\/img\/puce1.png\" alt=\"\" width=\"13\" height=\"11\" border=\"0\" \/>\u00a0Avenue de la Patelle<br \/><\/span><span style=\"font-family: arial,helvetica,sans-serif; font-size: small;\"><img loading=\"lazy\" decoding=\"async\" src=\"https:\/\/www.cylumine.fr\/img\/puce1.png\" alt=\"\" width=\"13\" height=\"11\" border=\"0\" \/>\u00a0Rue du gros Murger <\/span><\/p>\n<p><span style=\"font-family: arial,helvetica,sans-serif; font-size: small;\">Environ 80 points lumineux concern\u00e9s par cette panne qui se d\u00e9composent de la fa\u00e7on suivante :<\/p>\n<p><img loading=\"lazy\" decoding=\"async\" style=\"width: 368px; height: 377px;\" src=\"https:\/\/www.cylumine.fr\/images\/241115-1.png\" alt=\"\" width=\"365\" height=\"377\" border=\"0\" \/><img loading=\"lazy\" decoding=\"async\" style=\"width: 360px; height: 377px;\" src=\"https:\/\/www.cylumine.fr\/images\/241115-2.png\" alt=\"\" width=\"358\" height=\"375\" border=\"0\" \/><\/p>\n<p><\/span><span style=\"font-family: arial,helvetica,sans-serif; font-size: small;\">L\u2019ensemble des autres postes HT sur l\u2019agglom\u00e9ration se sont tous correctement allum\u00e9s ce soir.<\/span><\/p>\n<p>\u00a0<\/p>\n<\/td>\n<\/tr>\n<\/tbody>\n<\/table>\n<table style=\"width: 747px; height: 175px;\" border=\"0\" cellspacing=\"0\" cellpadding=\"0\">\n<tbody>\n<tr>\n<td valign=\"top\">\n<hr width=\"100%\" size=\"1\" noshade=\"noshade\" \/>\n<p><span style=\"color: #ffffff; font-family: arial,helvetica,sans-serif;\"><strong><span style=\"font-size: small; background-color: #cb1e44;\"><br \/>\u00a0FLASH INFOS Avancement Panne HT du 23\/11\/2015\u00a0<\/span><\/strong><\/span><\/p>\n<p>\u00a0<\/p>\n<p>\u00a0<\/p>\n<p><span style=\"font-family: arial,helvetica,sans-serif; font-size: small;\">Le\u00a0<strong>d\u00e9part 3<\/strong>\u00a0du\u00a0<strong>poste HT Eralum<\/strong>\u00a0\u00e0\u00a0<strong>Eragny-sur-Oise<\/strong>\u00a0a \u00e9t\u00e9 remis en service ce soir sur sa totalit\u00e9. Comme convenu et suite \u00e0 l\u2019investigation men\u00e9e ce jour par le camion laboratoire, nos techniciens sont intervenus pour remplacer un module de transformateur immergeable en d\u00e9faut sur la chambre ERA3-D10 situ\u00e9e sur l\u2019Avenue Albert Camus \u00e0 Eragny-sur-Oise suivant le plan ci-dessous\u00a0:<\/span><\/p>\n<p><span style=\"font-family: arial,helvetica,sans-serif; font-size: small;\"><img loading=\"lazy\" decoding=\"async\" style=\"width: 533px; height: 390px;\" src=\"https:\/\/www.cylumine.fr\/images\/231115.jpg\" alt=\"\" width=\"533\" height=\"418\" border=\"0\" \/><\/p>\n<p><\/span><\/p>\n<p><span style=\"font-family: arial,helvetica,sans-serif; font-size: small;\">L\u2019ensemble des autres postes HT sur l\u2019agglom\u00e9ration se sont tous correctement allum\u00e9s ce soir.<\/span><\/p>\n<p>\u00a0<\/p>\n<\/td>\n<\/tr>\n<\/tbody>\n<\/table>\n<table style=\"width: 747px; height: 175px;\" border=\"0\" cellspacing=\"0\" cellpadding=\"0\">\n<tbody>\n<tr>\n<td valign=\"top\">\n<hr width=\"100%\" size=\"1\" noshade=\"noshade\" \/>\n<p><span style=\"color: #ffffff; font-family: arial,helvetica,sans-serif;\"><strong><span style=\"font-size: small; background-color: #cb1e44;\"><br \/>\u00a0FLASH INFOS\u00a0Panne HT du 21\/11\/2015\u00a0<\/span><\/strong><\/span><\/p>\n<p><span style=\"font-family: arial,helvetica,sans-serif; font-size: small;\">\u00a0<\/span><\/p>\n<p><span style=\"font-family: arial,helvetica,sans-serif; font-size: small;\">Nous avons rencontr\u00e9 vers 22 heure une difficult\u00e9 <strong>sur le\u00a0d\u00e9part n\u00b03\u00a0du poste Haute Tension\u00a0Eralum\u00a0\u00e0 Eragny sur Oise<\/strong>. \u00a0Ce dernier pr\u00e9sente un d\u00e9faut franc avec une fusion fusible, les tests d\u2019isolement \u00e9tant trop faibles ne permettent pas le r\u00e9enclenchement du d\u00e9part concern\u00e9. Il a \u00e9t\u00e9 consign\u00e9 dans l\u2019attente d\u2019une investigation compl\u00e9mentaire qui sera men\u00e9e d\u00e8s demain par nos agents appuy\u00e9e d\u2019un camion laboratoire.<\/span><\/p>\n<p>\u00a0<\/p>\n<p><span style=\"font-family: arial,helvetica,sans-serif; font-size: small;\">Les rues impact\u00e9es ce soir sur Eragny sur Oise:<\/span><\/p>\n<p>\u00a0<\/p>\n<p><span style=\"font-family: arial,helvetica,sans-serif; font-size: small;\"><img loading=\"lazy\" decoding=\"async\" src=\"https:\/\/www.cylumine.fr\/img\/puce1.png\" alt=\"\" width=\"13\" height=\"11\" border=\"0\" \/>\u00a0Avenue Roger Salengro\u00a0<\/span><br \/><span style=\"font-family: arial,helvetica,sans-serif; font-size: small;\"><img loading=\"lazy\" decoding=\"async\" src=\"https:\/\/www.cylumine.fr\/img\/puce1.png\" alt=\"\" width=\"13\" height=\"11\" border=\"0\" \/>\u00a0Boulevarde la commune de Paris<br \/><\/span><span style=\"font-family: arial,helvetica,sans-serif; font-size: small;\"><img loading=\"lazy\" decoding=\"async\" src=\"https:\/\/www.cylumine.fr\/img\/puce1.png\" alt=\"\" width=\"13\" height=\"11\" border=\"0\" \/>\u00a0Buttes aux Olives\u00a0<\/span><br \/><span style=\"font-family: arial,helvetica,sans-serif; font-size: small;\"><img loading=\"lazy\" decoding=\"async\" src=\"https:\/\/www.cylumine.fr\/img\/puce1.png\" alt=\"\" width=\"13\" height=\"11\" border=\"0\" \/>\u00a0All\u00e9e du stade\u00a0<\/span><br \/><span style=\"font-family: arial,helvetica,sans-serif; font-size: small;\"><img loading=\"lazy\" decoding=\"async\" src=\"https:\/\/www.cylumine.fr\/img\/puce1.png\" alt=\"\" width=\"13\" height=\"11\" border=\"0\" \/>\u00a0All\u00e9e des tulipes\u00a0<\/span><br \/><span style=\"font-family: arial,helvetica,sans-serif; font-size: small;\"><img loading=\"lazy\" decoding=\"async\" src=\"https:\/\/www.cylumine.fr\/img\/puce1.png\" alt=\"\" width=\"13\" height=\"11\" border=\"0\" \/>\u00a0Avenue Albert Camus\u00a0<\/span><br \/><span style=\"font-family: arial,helvetica,sans-serif; font-size: small;\"><img loading=\"lazy\" decoding=\"async\" src=\"https:\/\/www.cylumine.fr\/img\/puce1.png\" alt=\"\" width=\"13\" height=\"11\" border=\"0\" \/>\u00a0Boulevard Charles de Gaulee<\/span><br \/><span style=\"font-family: arial,helvetica,sans-serif; font-size: small;\"><img loading=\"lazy\" decoding=\"async\" src=\"https:\/\/www.cylumine.fr\/img\/puce1.png\" alt=\"\" width=\"13\" height=\"11\" border=\"0\" \/>\u00a0Avenue Fernand Ch\u00e2telain<br \/><\/span><span style=\"font-family: arial,helvetica,sans-serif; font-size: small;\"><img loading=\"lazy\" decoding=\"async\" src=\"https:\/\/www.cylumine.fr\/img\/puce1.png\" alt=\"\" width=\"13\" height=\"11\" border=\"0\" \/>\u00a0Avenue du gros ch\u00eane<br \/><\/span><span style=\"font-family: arial,helvetica,sans-serif; font-size: small;\"><img loading=\"lazy\" decoding=\"async\" src=\"https:\/\/www.cylumine.fr\/img\/puce1.png\" alt=\"\" width=\"13\" height=\"11\" border=\"0\" \/>\u00a0Avenue des Bellevues<br \/><\/span><span style=\"font-family: arial,helvetica,sans-serif; font-size: small;\"><img loading=\"lazy\" decoding=\"async\" src=\"https:\/\/www.cylumine.fr\/img\/puce1.png\" alt=\"\" width=\"13\" height=\"11\" border=\"0\" \/>\u00a0Avenue de la Patelle<br \/><\/span><span style=\"font-family: arial,helvetica,sans-serif; font-size: small;\"><img loading=\"lazy\" decoding=\"async\" src=\"https:\/\/www.cylumine.fr\/img\/puce1.png\" alt=\"\" width=\"13\" height=\"11\" border=\"0\" \/>\u00a0Rue du gros Murger <\/span><\/p>\n<p><span style=\"font-family: arial,helvetica,sans-serif; font-size: small;\">Environ 223 points lumineux concern\u00e9s par cette panne qui se d\u00e9composent de la fa\u00e7on suivante :<\/p>\n<p><\/span><\/p>\n<p><span style=\"font-family: arial,helvetica,sans-serif; font-size: small;\"><img loading=\"lazy\" decoding=\"async\" style=\"width: 539px; height: 267px;\" src=\"https:\/\/www.cylumine.fr\/images\/panne 221115.png\" alt=\"\" width=\"539\" height=\"289\" border=\"0\" \/><\/span><\/p>\n<p><span style=\"font-family: arial,helvetica,sans-serif; font-size: small;\"><\/p>\n<p><img loading=\"lazy\" decoding=\"async\" style=\"width: 541px; height: 297px;\" src=\"https:\/\/www.cylumine.fr\/images\/panne 221115-1.png\" alt=\"\" width=\"541\" height=\"317\" border=\"0\" \/><br \/><\/span><\/p>\n<p>\u00a0<\/p>\n<p><span style=\"font-family: arial,helvetica,sans-serif; font-size: small;\">L\u2019ensemble des autres postes HT sur l\u2019agglom\u00e9ration se sont tous correctement allum\u00e9s ce soir.<\/span><\/p>\n<p>\u00a0<\/p>\n<\/td>\n<\/tr>\n<\/tbody>\n<\/table>\n<table style=\"width: 747px; height: 175px;\" border=\"0\" cellspacing=\"0\" cellpadding=\"0\">\n<tbody>\n<tr>\n<td valign=\"top\">\n<hr width=\"100%\" size=\"1\" noshade=\"noshade\" \/>\n<p><span style=\"color: #ffffff; font-family: arial,helvetica,sans-serif;\"><strong><span style=\"font-size: small; background-color: #cb1e44;\"><br \/>\u00a0FLASH INFOS\u00a0Avancement Panne HT du 18\/11\/2015\u00a0<\/span><\/strong><\/span><\/p>\n<p>\u00a0<br \/><span style=\"font-family: arial,helvetica,sans-serif; font-size: small;\">Nos techniciens ont sold\u00e9 ce jour le d\u00e9faut rencontr\u00e9 Lundi 16 Septembre 2015 au soir sur le\u00a0d\u00e9part 6 du poste HT Lampadaire \u00e0 Cergy. Nos \u00e9quipes ainsi que le camion laboratoire sont intervenus hier sur site afin d\u2019effectuer une recherche et de localiser le d\u00e9faut. Gr\u00e2ce \u00e0 ces moyens mis en place, nous avons pu identifier un module de transformateur immergeable en d\u00e9faut sur la chambre CER-0391 situ\u00e9e sur l\u2019Avenue des Trois Fontaines \u00e0 Cergy suivant le plan ci-dessous:<\/span><\/p>\n<p><span style=\"font-family: arial,helvetica,sans-serif; font-size: small;\"><br \/><img loading=\"lazy\" decoding=\"async\" style=\"width: 552px; height: 289px;\" src=\"https:\/\/www.cylumine.fr\/images\/161115.png\" alt=\"\" width=\"552\" height=\"277\" border=\"0\" \/><\/p>\n<p><\/span><\/p>\n<p><span style=\"font-family: arial,helvetica,sans-serif; font-size: small;\">Apr\u00e8s avoir effectu\u00e9 ce jour le remplacement de ce dernier ainsi que les joints et pi\u00e8ces diverses associ\u00e9s, le d\u00e9part concern\u00e9 a pu \u00eatre remis en service ce soir.<\/span><\/p>\n<p>\u00a0<\/p>\n<p><span style=\"font-family: arial,helvetica,sans-serif; font-size: small;\">L\u2019ensemble des autres postes HT sur l\u2019agglom\u00e9ration se sont tous correctement allum\u00e9s ce soir.<\/span><\/p>\n<p>\u00a0<\/p>\n<\/td>\n<\/tr>\n<\/tbody>\n<\/table>\n<table style=\"width: 747px; height: 175px;\" border=\"0\" cellspacing=\"0\" cellpadding=\"0\">\n<tbody>\n<tr>\n<td valign=\"top\">\n<hr width=\"100%\" size=\"1\" noshade=\"noshade\" \/>\n<p><span style=\"color: #ffffff; font-family: arial,helvetica,sans-serif;\"><strong><span style=\"font-size: small; background-color: #cb1e44;\"><br \/>\u00a0FLASH INFOS MAINTENANCE Panne HT du 16\/11\/2015\u00a0<\/span><\/strong><\/span><\/p>\n<p><span style=\"font-family: arial,helvetica,sans-serif; font-size: small;\"><span style=\"font-family: arial,helvetica,sans-serif; font-size: small;\">\u00a0<\/span><\/span><\/p>\n<p><span style=\"font-family: arial,helvetica,sans-serif; font-size: small;\">Nous avons rencontr\u00e9 apr\u00e8s l\u2019allumage hier soir \u00e0 18h55 une difficult\u00e9 sur le d\u00e9part n\u00b06 du poste haute tension LAMAPDAIRE se trouvant sur Cergy. Suite \u00e0 l\u2019intervention des techniciens, une tentative de remise en service a \u00e9t\u00e9 effectu\u00e9e mais sans succ\u00e8s. \u00a0<\/span><\/p>\n<p><span style=\"font-family: arial,helvetica,sans-serif; font-size: small;\">\u00a0<\/span><\/p>\n<p><span style=\"font-family: arial,helvetica,sans-serif; font-size: small;\">Environ 170\u00a0 points lumineux hors zones travaux.<\/span><\/p>\n<p>\u00a0<\/p>\n<p><span style=\"font-family: arial,helvetica,sans-serif; font-size: small;\">\u00a0Les rues impact\u00e9es sont les suivantes\u00a0:<\/span><\/p>\n<p><span style=\"font-family: arial,helvetica,sans-serif; font-size: small;\">\u00a0<\/span><\/p>\n<p><span style=\"font-family: arial,helvetica,sans-serif; font-size: small;\"><img loading=\"lazy\" decoding=\"async\" src=\"https:\/\/www.cylumine.fr\/img\/puce1.png\" alt=\"\" width=\"13\" height=\"11\" border=\"0\" \/>\u00a0Avenue Bernard Hirsch<\/span><br \/><span style=\"font-family: arial,helvetica,sans-serif; font-size: small;\"><img loading=\"lazy\" decoding=\"async\" src=\"https:\/\/www.cylumine.fr\/img\/puce1.png\" alt=\"\" width=\"13\" height=\"11\" border=\"0\" \/>\u00a0Rue de la Pr\u00e9fecture<\/span><br \/><span style=\"font-family: arial,helvetica,sans-serif; font-size: small;\"><img loading=\"lazy\" decoding=\"async\" src=\"https:\/\/www.cylumine.fr\/img\/puce1.png\" alt=\"\" width=\"13\" height=\"11\" border=\"0\" \/>\u00a0Rue de la Gare<\/span><br \/><span style=\"font-family: arial,helvetica,sans-serif; font-size: small;\"><img loading=\"lazy\" decoding=\"async\" src=\"https:\/\/www.cylumine.fr\/img\/puce1.png\" alt=\"\" width=\"13\" height=\"11\" border=\"0\" \/>\u00a0Avenue de la Poste<\/span><br \/><span style=\"font-family: arial,helvetica,sans-serif; font-size: small;\"><img loading=\"lazy\" decoding=\"async\" src=\"https:\/\/www.cylumine.fr\/img\/puce1.png\" alt=\"\" width=\"13\" height=\"11\" border=\"0\" \/>\u00a0Place des Arts<\/span><br \/><span style=\"font-family: arial,helvetica,sans-serif; font-size: small;\"><img loading=\"lazy\" decoding=\"async\" src=\"https:\/\/www.cylumine.fr\/img\/puce1.png\" alt=\"\" width=\"13\" height=\"11\" border=\"0\" \/>\u00a0Avenue des 3 Fontaines<\/span><br \/><span style=\"font-family: arial,helvetica,sans-serif; font-size: small;\"><img loading=\"lazy\" decoding=\"async\" src=\"https:\/\/www.cylumine.fr\/img\/puce1.png\" alt=\"\" width=\"13\" height=\"11\" border=\"0\" \/>\u00a0Boulevard du Port<\/span><br \/><span style=\"font-family: arial,helvetica,sans-serif; font-size: small;\"><img loading=\"lazy\" decoding=\"async\" src=\"https:\/\/www.cylumine.fr\/img\/puce1.png\" alt=\"\" width=\"13\" height=\"11\" border=\"0\" \/>\u00a0Rue de la Boucle<\/span><br \/><span style=\"font-family: arial,helvetica,sans-serif; font-size: small;\"><img loading=\"lazy\" decoding=\"async\" src=\"https:\/\/www.cylumine.fr\/img\/puce1.png\" alt=\"\" width=\"13\" height=\"11\" border=\"0\" \/>\u00a0Boulevard de l\u2019Oise<\/span><br \/><span style=\"font-family: arial,helvetica,sans-serif; font-size: small;\"><img loading=\"lazy\" decoding=\"async\" src=\"https:\/\/www.cylumine.fr\/img\/puce1.png\" alt=\"\" width=\"13\" height=\"11\" border=\"0\" \/>\u00a0Boulevard de la Viosne<\/span><\/p>\n<p><span style=\"font-family: arial,helvetica,sans-serif; font-size: small;\"><span style=\"font-family: arial,helvetica,sans-serif; font-size: small;\"><img decoding=\"async\" src=\"https:\/\/www.cylumine.fr\/images\/16112015.jpg\" alt=\"\" border=\"0\" \/><\/p>\n<p><\/span><\/span><\/p>\n<p><span style=\"font-family: arial,helvetica,sans-serif; font-size: small;\">Nos techniciens sont en cours de recherche de d\u00e9faut ce matin sur ce secteur. Nous vous tiendrons inform\u00e9s de la suite des \u00e9v\u00e8nements au plus vite.<\/span><\/p>\n<p>\u00a0<\/p>\n<p><span style=\"font-family: arial,helvetica,sans-serif; font-size: small;\">L\u2019ensemble des autres postes HT sur l\u2019agglom\u00e9ration se sont tous correctement allum\u00e9s hier soir.<\/span><\/p>\n<p><span style=\"font-family: arial,helvetica,sans-serif; font-size: small;\">\u00a0<\/span><\/p>\n<\/td>\n<\/tr>\n<\/tbody>\n<\/table>\n<table style=\"width: 747px; height: 175px;\" border=\"0\" cellspacing=\"0\" cellpadding=\"0\">\n<tbody>\n<tr>\n<td valign=\"top\">\n<hr width=\"100%\" size=\"1\" noshade=\"noshade\" \/>\n<p><span style=\"color: #ffffff; font-family: arial,helvetica,sans-serif;\"><strong><span style=\"font-size: small; background-color: #cb1e44;\"><br \/>\u00a0FLASH INFOS MAINTENANCE Avancement Panne HT du 16\/11\/2015\u00a0<\/span><\/strong><\/span><\/p>\n<p><span style=\"font-family: arial,helvetica,sans-serif; font-size: small;\"><br \/><\/span><span style=\"font-family: arial,helvetica,sans-serif; font-size: small;\">Nos techniciens ont proc\u00e9d\u00e9 hier \u00e0 un basculement afin d\u2019alimenter provisoirement le secteur en d\u00e9faut et permettant ainsi la remise en service de la totalit\u00e9 des points lumineux associ\u00e9s au d\u00e9part 3 du poste HT Lamparo \u00e0 Saint-Ouen-l\u2019Aum\u00f4ne. Nos \u00e9quipes ainsi que le camion laboratoire sont intervenus hier sur site afin d\u2019effectuer une recherche et de localiser le ou les d\u00e9fauts. Gr\u00e2ce \u00e0 ces moyens mis en place, nous avons pu identifier dans un premier temps un module de transformateur immergeable en d\u00e9faut dans la chambre SOA-0023 suivant le plan ci-dessous qui a \u00e9t\u00e9 depuis remplac\u00e9 sur l\u2019Avenue des B\u00e9thunes \u00e0 Saint-Ouen-l\u2019Aum\u00f4ne. L\u2019investigation compl\u00e9mentaire se poursuivra jusqu\u2019\u00e0 sa r\u00e9solution. Nous vous tiendrons inform\u00e9s.<\/span><\/p>\n<p><span style=\"font-family: arial,helvetica,sans-serif; font-size: small;\"><span style=\"font-family: arial,helvetica,sans-serif; font-size: small;\"><br \/><img loading=\"lazy\" decoding=\"async\" style=\"width: 571px; height: 279px;\" src=\"https:\/\/www.cylumine.fr\/images\/panne141115.png\" alt=\"\" width=\"556\" height=\"275\" border=\"0\" \/><\/p>\n<p><\/span><\/span><\/p>\n<p>\u00a0<\/p>\n<\/td>\n<\/tr>\n<\/tbody>\n<\/table>\n<table style=\"width: 747px; height: 175px;\" border=\"0\" cellspacing=\"0\" cellpadding=\"0\">\n<tbody>\n<tr>\n<td valign=\"top\">\n<hr width=\"100%\" size=\"1\" noshade=\"noshade\" \/>\n<p><span style=\"color: #ffffff; font-family: arial,helvetica,sans-serif;\"><strong><span style=\"font-size: small; background-color: #cb1e44;\"><br \/>\u00a0FLASH INFOS MAINTENANCE &#8211; 15\/11\/2015\u00a0<\/span><\/strong><\/span><\/p>\n<p>\u00a0<\/p>\n<p><span style=\"font-family: arial,helvetica,sans-serif; font-size: small;\"><span style=\"color: #1f497d; font-family: 'Calibri','sans-serif'; font-size: 11pt; mso-fareast-font-family: Calibri; mso-fareast-theme-font: minor-latin; mso-bidi-font-family: 'Times New Roman'; mso-ansi-language: FR; mso-fareast-language: FR; mso-bidi-language: AR-SA;\"><span style=\"color: #000000; font-family: arial,helvetica,sans-serif; font-size: small;\">Le\u00a0<strong>d\u00e9part 3<\/strong>\u00a0du\u00a0<strong>poste HT Lamparo<\/strong>\u00a0\u00e0\u00a0<strong>Saint-Ouen-l\u2019Aum\u00f4ne<\/strong>\u00a0a \u00e9t\u00e9 remis partiellement en service ce soir. Suite \u00e0 l\u2019investigation men\u00e9e ce jour, nous avons identifi\u00e9 la zone en d\u00e9faut qui a \u00e9t\u00e9 isol\u00e9 sur l\u2019Avenue des B\u00e9thunes suivant la zone entour\u00e9e dans le plan ci-dessous, ce qui nous permet de r\u00e9duire consid\u00e9rablement le nombre de points lumineux impact\u00e9s. <\/p>\n<p><\/span><span style=\"color: #000000; font-family: arial,helvetica,sans-serif; font-size: small;\"><span style=\"mso-fareast-font-family: Calibri; mso-fareast-theme-font: minor-latin; mso-bidi-font-family: 'Times New Roman'; mso-ansi-language: FR; mso-fareast-language: FR; mso-bidi-language: AR-SA;\">Environs 35 Points Lumineux resterons \u00e9teints ce soir jusqu\u2019\u00e0 investigation compl\u00e9mentaire qui se poursuivra demain.<\/span><br \/><\/span><\/p>\n<p><img loading=\"lazy\" decoding=\"async\" style=\"width: 558px; height: 277px;\" src=\"https:\/\/www.cylumine.fr\/images\/panne141115.png\" alt=\"\" width=\"489\" height=\"261\" border=\"0\" \/><\/p>\n<p><\/span><\/span><\/p>\n<\/td>\n<\/tr>\n<\/tbody>\n<\/table>\n<table style=\"width: 747px; height: 175px;\" border=\"0\" cellspacing=\"0\" cellpadding=\"0\">\n<tbody>\n<tr>\n<td valign=\"top\">\n<hr width=\"100%\" size=\"1\" noshade=\"noshade\" \/>\n<p><span style=\"color: #ffffff; font-family: arial,helvetica,sans-serif;\"><strong><span style=\"font-size: small; background-color: #cb1e44;\"><br \/>\u00a0FLASH INFOS MAINTENANCE &#8211; 14\/11\/2015\u00a0<\/span><\/strong><\/span><\/p>\n<p>\u00a0<\/p>\n<p><span style=\"font-family: arial,helvetica,sans-serif; font-size: small;\">Nous avons rencontr\u00e9 ce matin \u00e0 1h44 une difficult\u00e9 <strong>sur le\u00a0d\u00e9part n\u00b03\u00a0du poste Haute Tension\u00a0Lamparo\u00a0\u00e0 Saint-Ouen-l\u2019Aum\u00f4ne<\/strong>. \u00a0Ce dernier pr\u00e9sente un d\u00e9faut franc avec une fusion fusible, les tests d\u2019isolement \u00e9tant trop faibles ne permettent pas le r\u00e9enclenchement du d\u00e9part concern\u00e9. Il a \u00e9t\u00e9 consign\u00e9 dans l\u2019attente d\u2019une investigation compl\u00e9mentaire qui sera men\u00e9e d\u00e8s demain par nos agents appuy\u00e9e d\u2019un camion laboratoire.<\/span><\/p>\n<p>\u00a0<\/p>\n<p><span style=\"font-family: arial,helvetica,sans-serif; font-size: small;\">Les rues impact\u00e9es ce soir sur Saint-Ouen-l\u2019Aum\u00f4ne sont:<\/span><\/p>\n<p>\u00a0<\/p>\n<p><span style=\"font-family: arial,helvetica,sans-serif; font-size: small;\"><img loading=\"lazy\" decoding=\"async\" src=\"https:\/\/www.cylumine.fr\/img\/puce1.png\" alt=\"\" width=\"13\" height=\"11\" border=\"0\" \/>\u00a0Rue des Fortes Terres<\/span><br \/><span style=\"font-family: arial,helvetica,sans-serif; font-size: small;\"><img loading=\"lazy\" decoding=\"async\" src=\"https:\/\/www.cylumine.fr\/img\/puce1.png\" alt=\"\" width=\"13\" height=\"11\" border=\"0\" \/>\u00a0Avenue du Fond de Vaux<\/span><br \/><span style=\"font-family: arial,helvetica,sans-serif; font-size: small;\"><img loading=\"lazy\" decoding=\"async\" src=\"https:\/\/www.cylumine.fr\/img\/puce1.png\" alt=\"\" width=\"13\" height=\"11\" border=\"0\" \/>\u00a0Avenue du Ch\u00e2teau<\/span><br \/><span style=\"font-family: arial,helvetica,sans-serif; font-size: small;\"><img loading=\"lazy\" decoding=\"async\" src=\"https:\/\/www.cylumine.fr\/img\/puce1.png\" alt=\"\" width=\"13\" height=\"11\" border=\"0\" \/>\u00a0Avenue de l\u2019Eguillette<\/span><br \/><span style=\"font-family: arial,helvetica,sans-serif; font-size: small;\"><img loading=\"lazy\" decoding=\"async\" src=\"https:\/\/www.cylumine.fr\/img\/puce1.png\" alt=\"\" width=\"13\" height=\"11\" border=\"0\" \/>\u00a0Avenue des Gros Chevaux<\/span><br \/><span style=\"font-family: arial,helvetica,sans-serif; font-size: small;\"><img loading=\"lazy\" decoding=\"async\" src=\"https:\/\/www.cylumine.fr\/img\/puce1.png\" alt=\"\" width=\"13\" height=\"11\" border=\"0\" \/>\u00a0Une partie de l\u2019Avenue du Fief<\/span><br \/><span style=\"font-family: arial,helvetica,sans-serif; font-size: small;\"><img loading=\"lazy\" decoding=\"async\" src=\"https:\/\/www.cylumine.fr\/img\/puce1.png\" alt=\"\" width=\"13\" height=\"11\" border=\"0\" \/>\u00a0Une partie de l\u2019Avenue de B\u00e9thunes<\/span><\/p>\n<p><span style=\"font-family: arial,helvetica,sans-serif; font-size: small;\">Environ 240 points lumineux concern\u00e9s par cette panne qui se d\u00e9composent de la fa\u00e7on suivante :<\/p>\n<p><img loading=\"lazy\" decoding=\"async\" style=\"width: 331px; height: 433px;\" src=\"https:\/\/www.cylumine.fr\/images\/141115.png\" alt=\"\" width=\"356\" height=\"460\" border=\"0\" \/><\/p>\n<p><span style=\"font-family: arial,helvetica,sans-serif; font-size: small;\">L\u2019ensemble des autres postes HT sur l\u2019agglom\u00e9ration se sont tous correctement allum\u00e9s hier soir.<\/span><\/span><\/p>\n<p>\u00a0<\/p>\n<\/td>\n<\/tr>\n<\/tbody>\n<\/table>\n<table style=\"width: 747px; height: 175px;\" border=\"0\" cellspacing=\"0\" cellpadding=\"0\">\n<tbody>\n<tr>\n<td valign=\"top\">\n<hr width=\"100%\" size=\"1\" noshade=\"noshade\" \/>\n<p><span style=\"color: #ffffff; font-family: arial,helvetica,sans-serif;\"><strong><span style=\"font-size: small; background-color: #cb1e44;\"><\/p>\n<p>\u00a0FLASH INFOS MAINTENANCE &#8211; 28\/10\/2015\u00a0<\/span><\/strong><\/span><\/p>\n<p>\u00a0<\/p>\n<p><span style=\"font-family: arial,helvetica,sans-serif; font-size: small;\"><br \/>Nos techniciens, suite \u00e0 leur recherche de d\u00e9faut,\u00a0 ont d\u00e9tect\u00e9 un court-circuit sur un transformateur se situant sur le Boulevard de l\u2019Oise \u00e0 Cergy. Ils ont proc\u00e9d\u00e9 au remplacement de celui-ci.<\/span><\/p>\n<p>\u00a0<\/p>\n<p><span style=\"font-family: arial,helvetica,sans-serif; font-size: small;\">Des tests et essais du r\u00e9seau avec allumage ont \u00e9t\u00e9 effectu\u00e9s, tout fonctionne correctement.<\/p>\n<p><\/span><\/p>\n<\/td>\n<\/tr>\n<\/tbody>\n<\/table>\n<table style=\"width: 747px; height: 175px;\" border=\"0\" cellspacing=\"0\" cellpadding=\"0\">\n<tbody>\n<tr>\n<td valign=\"top\">\n<hr width=\"100%\" size=\"1\" noshade=\"noshade\" \/>\n<p><span style=\"color: #ffffff; font-family: arial,helvetica,sans-serif;\"><strong><span style=\"font-size: small; background-color: #cb1e44;\"><br \/>\u00a0FLASH INFOS MAINTENANCE &#8211; 28\/10\/2015\u00a0<\/span><\/strong><\/span><\/p>\n<p><span style=\"font-family: arial,helvetica,sans-serif; font-size: small;\">Nous avons rencontr\u00e9 apr\u00e8s l\u2019allumage hier soir \u00e0 02h43 une difficult\u00e9 sur le d\u00e9part n\u00b06 du poste haute tension LAMAPDAIRE se trouvant sur Cergy. Suite \u00e0 l\u2019intervention des techniciens, une tentative de remise en service a \u00e9t\u00e9 effectu\u00e9e mais sans succ\u00e8s. \u00a0Le d\u00e9part 6 est retomb\u00e9 \u00e0 03h46.<\/span><\/p>\n<p><span style=\"font-family: arial,helvetica,sans-serif; font-size: small;\">Les rues impact\u00e9es hier soir sur Cergy ont \u00e9t\u00e9: <\/span><\/p>\n<p><span style=\"font-family: arial,helvetica,sans-serif;\"><span style=\"font-size: small;\"><img loading=\"lazy\" decoding=\"async\" src=\"https:\/\/www.cylumine.fr\/img\/puce1.png\" alt=\"\" width=\"13\" height=\"11\" border=\"0\" \/>\u00a0Avenue Bernard Hirsch<\/span><\/span><br \/><span style=\"font-family: arial,helvetica,sans-serif; font-size: small;\"><img loading=\"lazy\" decoding=\"async\" src=\"https:\/\/www.cylumine.fr\/img\/puce1.png\" alt=\"\" width=\"13\" height=\"11\" border=\"0\" \/>\u00a0Rue de la Pr\u00e9fecture<\/span><br \/><span style=\"font-family: arial,helvetica,sans-serif; font-size: small;\"><img loading=\"lazy\" decoding=\"async\" src=\"https:\/\/www.cylumine.fr\/img\/puce1.png\" alt=\"\" width=\"13\" height=\"11\" border=\"0\" \/>\u00a0Rue de la Gare<\/span><br \/><span style=\"font-family: arial,helvetica,sans-serif; font-size: small;\"><img loading=\"lazy\" decoding=\"async\" src=\"https:\/\/www.cylumine.fr\/img\/puce1.png\" alt=\"\" width=\"13\" height=\"11\" border=\"0\" \/>\u00a0Avenue de la Poste<\/span><br \/><span style=\"font-family: arial,helvetica,sans-serif; font-size: small;\"><img loading=\"lazy\" decoding=\"async\" src=\"https:\/\/www.cylumine.fr\/img\/puce1.png\" alt=\"\" width=\"13\" height=\"11\" border=\"0\" \/>\u00a0Place des Arts<\/span><br \/><span style=\"font-family: arial,helvetica,sans-serif; font-size: small;\"><img loading=\"lazy\" decoding=\"async\" src=\"https:\/\/www.cylumine.fr\/img\/puce1.png\" alt=\"\" width=\"13\" height=\"11\" border=\"0\" \/>\u00a0Avenue des 3 Fontaines<\/span><br \/><span style=\"font-family: arial,helvetica,sans-serif; font-size: small;\"><img loading=\"lazy\" decoding=\"async\" src=\"https:\/\/www.cylumine.fr\/img\/puce1.png\" alt=\"\" width=\"13\" height=\"11\" border=\"0\" \/>\u00a0Boulevard du Port<\/span><br \/><span style=\"font-family: arial,helvetica,sans-serif; font-size: small;\"><img loading=\"lazy\" decoding=\"async\" src=\"https:\/\/www.cylumine.fr\/img\/puce1.png\" alt=\"\" width=\"13\" height=\"11\" border=\"0\" \/>\u00a0Rue de la Boucle<\/span><br \/><span style=\"font-family: arial,helvetica,sans-serif; font-size: small;\"><img loading=\"lazy\" decoding=\"async\" src=\"https:\/\/www.cylumine.fr\/img\/puce1.png\" alt=\"\" width=\"13\" height=\"11\" border=\"0\" \/>\u00a0Boulevard de la Viosne<\/span><br \/><span style=\"font-family: arial,helvetica,sans-serif; font-size: small;\"><img loading=\"lazy\" decoding=\"async\" src=\"https:\/\/www.cylumine.fr\/img\/puce1.png\" alt=\"\" width=\"13\" height=\"11\" border=\"0\" \/> Boulevard de l\u2019Oise\u00a0<\/span><\/p>\n<p><span style=\"font-family: arial,helvetica,sans-serif; font-size: small;\"><\/p>\n<p>Environ 170\u00a0 points lumineux hors zones travaux.<\/span><\/p>\n<p><img decoding=\"async\" src=\"https:\/\/www.cylumine.fr\/images\/panne ht 28102015.JPG\" alt=\"\" border=\"0\" \/>\u00a0<\/p>\n<p>\u00a0<\/p>\n<p><span style=\"font-family: arial,helvetica,sans-serif; font-size: small;\">Nos techniciens sont en cours de recherche. Nous vous tiendrons inform\u00e9s de la suite des \u00e9v\u00e8nements au plus vite.<\/span><\/p>\n<p><span style=\"font-family: arial,helvetica,sans-serif; font-size: small;\"><br \/><\/span><span style=\"font-family: arial,helvetica,sans-serif; font-size: small;\">L\u2019ensemble des autres postes HT sur l\u2019agglom\u00e9ration se sont tous correctement allum\u00e9s hier soir.<\/span><\/p>\n<p>\u00a0<\/p>\n<\/td>\n<\/tr>\n<\/tbody>\n<\/table>\n<table style=\"width: 747px; height: 175px;\" border=\"0\" cellspacing=\"0\" cellpadding=\"0\">\n<tbody>\n<tr>\n<td valign=\"top\">\n<hr width=\"100%\" size=\"1\" noshade=\"noshade\" \/>\n<p><span style=\"color: #ffffff; font-family: arial,helvetica,sans-serif;\"><strong><span style=\"font-size: small; background-color: #cb1e44;\"><br \/>\u00a0FLASH INFOS MAINTENANCE &#8211; 21\/10\/2015\u00a0<\/span><\/strong><\/span><\/p>\n<p>\u00a0<\/p>\n<p><span style=\"font-family: arial,helvetica,sans-serif; font-size: small;\">Nos techniciens, suite \u00e0 leur recherche de d\u00e9faut sur le <strong>d\u00e9part 1<\/strong> du poste haute tension <strong>HALOGENE<\/strong> \u00e0 Vaur\u00e9al,\u00a0 ont d\u00e9tect\u00e9 un d\u00e9faut \u00e0 la terre sur un transformateur se situant dans le Rond-Point du Ch\u00eane \u00e0 Cergy. Ils ont proc\u00e9d\u00e9 au remplacement de celui-ci. <\/p>\n<p>Des tests et essais du r\u00e9seau avec allumage ont \u00e9t\u00e9 effectu\u00e9s, tout fonctionne correctement.<\/span><\/p>\n<\/td>\n<\/tr>\n<\/tbody>\n<\/table>\n<table style=\"width: 747px; height: 175px;\" border=\"0\" cellspacing=\"0\" cellpadding=\"0\">\n<tbody>\n<tr>\n<td valign=\"top\">\n<hr width=\"100%\" size=\"1\" noshade=\"noshade\" \/>\n<p><span style=\"color: #ffffff; font-family: arial,helvetica,sans-serif;\"><strong><span style=\"font-size: small; background-color: #cb1e44;\"><br \/>\u00a0FLASH INFOS MAINTENANCE &#8211; 21\/10\/2015\u00a0<\/span><\/strong><\/span><\/p>\n<p>\u00a0<\/p>\n<p><span style=\"font-family: arial,helvetica,sans-serif; font-size: small;\">Nous avons rencontr\u00e9 hier soir un probl\u00e8me sur le <strong>d\u00e9part 1<\/strong> du poste haute tension <strong>HALOGENE<\/strong> \u00e0 Vaur\u00e9al, peu de temps apr\u00e8s l\u2019allumage. Le d\u00e9part 1 \u00e9tait en d\u00e9faut homopolaire, apr\u00e8s plusieurs tentatives de remise en service infructueuse. Nous <span style=\"color: black; font-family: 'Arial','sans-serif'; font-size: 9pt; mso-fareast-font-family: 'Times New Roman'; mso-ansi-language: FR; mso-fareast-language: FR; mso-bidi-language: AR-SA;\">avons effectu\u00e9 une consignation du d\u00e9part 1, afin de proc\u00e9der \u00e0 une recherche de d\u00e9faut sur le terrain d\u00e8s ce matin \u00e0 la premi\u00e8re heure.<\/span><\/span><\/p>\n<p>\u00a0<\/p>\n<p><span style=\"font-family: arial,helvetica,sans-serif; font-size: small;\">Les rues impact\u00e9es hier soir sur Cergy ont \u00e9t\u00e9: <\/span><\/p>\n<p>\u00a0<\/p>\n<p><span style=\"font-family: arial,helvetica,sans-serif;\"><img loading=\"lazy\" decoding=\"async\" src=\"https:\/\/www.cylumine.fr\/img\/puce1.png\" alt=\"\" width=\"13\" height=\"11\" border=\"0\" \/><span style=\"font-size: small;\"> Boulevard de l\u2019Oise<\/span><\/span><br \/><span style=\"font-family: arial,helvetica,sans-serif; font-size: small;\"><img loading=\"lazy\" decoding=\"async\" src=\"https:\/\/www.cylumine.fr\/img\/puce1.png\" alt=\"\" width=\"13\" height=\"11\" border=\"0\" \/> Boulevard du Moulin \u00e0 Vent jusqu\u2019\u00e0 l\u2019Autoroute A15<\/span><br \/><span style=\"font-family: arial,helvetica,sans-serif; font-size: small;\"><img loading=\"lazy\" decoding=\"async\" src=\"https:\/\/www.cylumine.fr\/img\/puce1.png\" alt=\"\" width=\"13\" height=\"11\" border=\"0\" \/> Avenue du Bontemps<\/span><br \/><span style=\"font-family: arial,helvetica,sans-serif; font-size: small;\"><img loading=\"lazy\" decoding=\"async\" src=\"https:\/\/www.cylumine.fr\/img\/puce1.png\" alt=\"\" width=\"13\" height=\"11\" border=\"0\" \/> Boulevard des explorateurs<\/span><br \/><span style=\"font-family: arial,helvetica,sans-serif; font-size: small;\"><img loading=\"lazy\" decoding=\"async\" src=\"https:\/\/www.cylumine.fr\/img\/puce1.png\" alt=\"\" width=\"13\" height=\"11\" border=\"0\" \/> Boulevard des Chasseurs<\/span><br \/><span style=\"font-family: arial,helvetica,sans-serif; font-size: small;\"><img loading=\"lazy\" decoding=\"async\" src=\"https:\/\/www.cylumine.fr\/img\/puce1.png\" alt=\"\" width=\"13\" height=\"11\" border=\"0\" \/> Rue du Fief \u00e0 Cavan<br \/><\/span><span style=\"font-family: arial,helvetica,sans-serif; font-size: small;\"><img loading=\"lazy\" decoding=\"async\" src=\"https:\/\/www.cylumine.fr\/img\/puce1.png\" alt=\"\" width=\"13\" height=\"11\" border=\"0\" \/> Carrefour\u00a0 de l\u2019Albatros jusqu\u2019au Rond-point de Mirapolis<\/span><br \/><span style=\"font-family: arial,helvetica,sans-serif; font-size: small;\"><img loading=\"lazy\" decoding=\"async\" src=\"https:\/\/www.cylumine.fr\/img\/puce1.png\" alt=\"\" width=\"13\" height=\"11\" border=\"0\" \/> Rond-point du jour<\/span><br \/><span style=\"font-family: arial,helvetica,sans-serif; font-size: small;\"><img loading=\"lazy\" decoding=\"async\" src=\"https:\/\/www.cylumine.fr\/img\/puce1.png\" alt=\"\" width=\"13\" height=\"11\" border=\"0\" \/> Rue des Abysses<\/span><br \/><span style=\"font-family: arial,helvetica,sans-serif; font-size: small;\"><img loading=\"lazy\" decoding=\"async\" src=\"https:\/\/www.cylumine.fr\/img\/puce1.png\" alt=\"\" width=\"13\" height=\"11\" border=\"0\" \/> Une partie du Rond-point du Ch\u00eane<\/span><\/p>\n<p>\u00a0<\/p>\n<p><span style=\"font-family: arial,helvetica,sans-serif; font-size: small;\">Environ 270 points lumineux concern\u00e9s par cette panne qui se d\u00e9composent de la fa\u00e7on suivante :<\/p>\n<p><img decoding=\"async\" src=\"https:\/\/www.cylumine.fr\/images\/panne ht depart1.jpg\" alt=\"\" border=\"0\" \/><\/span><\/p>\n<p><span style=\"font-family: arial,helvetica,sans-serif; font-size: small;\">\u00a0<\/span><\/p>\n<p><span style=\"font-family: arial,helvetica,sans-serif; font-size: small;\">Nos techniciens sont en cours de recherche. Nous vous tiendrons inform\u00e9s de la suite des \u00e9v\u00e8nements au plus vite.<\/span><\/p>\n<p><span style=\"font-family: arial,helvetica,sans-serif; font-size: small;\"><\/p>\n<p>\u00a0<\/span><span style=\"font-family: arial,helvetica,sans-serif; font-size: small;\">L\u2019ensemble des autres postes HT sur l\u2019agglom\u00e9ration se sont tous correctement allum\u00e9s hier soir.<\/span><\/p>\n<p>\u00a0<\/p>\n<\/td>\n<\/tr>\n<\/tbody>\n<\/table>\n<table style=\"width: 747px; height: 175px;\" border=\"0\" cellspacing=\"0\" cellpadding=\"0\">\n<tbody>\n<tr>\n<td valign=\"top\">\n<hr width=\"100%\" size=\"1\" noshade=\"noshade\" \/>\n<p><span style=\"color: #ffffff; font-family: arial,helvetica,sans-serif;\"><strong><span style=\"font-size: small; background-color: #cb1e44;\"><br \/>\u00a0FLASH INFOS MAINTENANCE &#8211; 13\/10\/2015\u00a0<\/span><\/strong><\/span><\/p>\n<p>\u00a0<\/p>\n<p><span style=\"font-family: arial,helvetica,sans-serif; font-size: small;\">Nous avons subis hier soir la rupture d\u2019alimentation \u00e9lectrique, du fait du fournisseur d\u2019\u00e9nergie sur le poste de transformation haute tension (HT) \u00e9clairage public \u00a0\u00ab LAMPADAIRE \u00bb \u00e0 Cergy. Nous les avons sollicit\u00e9 par t\u00e9l\u00e9phone, il semblerait que leur poste de transformation 20Kv en amont de notre installation est en d\u00e9faut depuis 20h53 hier soir soit \u00e0 l\u2019allumage du poste.<\/span><\/p>\n<p>\u00a0<\/p>\n<p><span style=\"font-family: arial,helvetica,sans-serif; font-size: small;\">Environ 1448 Points Lumineux impact\u00e9s sur la commune de Cergy.<\/span><\/p>\n<p><span style=\"font-family: arial,helvetica,sans-serif; font-size: small;\"><br \/>L\u2019alimentation g\u00e9n\u00e9rale est repartie ce matin \u00e0 06h26.<\/span><\/p>\n<p><span style=\"font-family: arial,helvetica,sans-serif; font-size: small;\"><br \/>Tous les autres postes HT de l\u2019agglom\u00e9ration se sont correctement mis en service hier soir.<\/p>\n<p><\/span><\/p>\n<\/td>\n<\/tr>\n<\/tbody>\n<\/table>\n<table style=\"width: 747px; height: 175px;\" border=\"0\" cellspacing=\"0\" cellpadding=\"0\">\n<tbody>\n<tr>\n<td valign=\"top\">\n<hr width=\"100%\" size=\"1\" noshade=\"noshade\" \/>\n<p><span style=\"color: #ffffff; font-family: arial,helvetica,sans-serif;\"><strong><span style=\"font-size: small; background-color: #cb1e44;\"><br \/>\u00a0FLASH INFOS MAINTENANCE &#8211; 07\/10\/2015\u00a0<\/span><\/strong><\/span><\/p>\n<p>\u00a0<\/p>\n<p><span style=\"font-size: small;\"><span style=\"color: black;\">Nos techniciens on fait une recherche de d\u00e9faut sur les d\u00e9parts 1 et 4 d\u2019Halog\u00e8ne \u00e0 Vaur\u00e9al. <\/span>Il a \u00e9t\u00e9 identifi\u00e9 un d\u00e9faut homopolaire sur le d\u00e9part 1. Concernant le d\u00e9part 4, il a \u00e9t\u00e9 constat\u00e9 qu&rsquo;un transformateur et deux sabots \u00e9taient en d\u00e9faut. <\/span><\/p>\n<p><span style=\"font-size: small;\">Apr\u00e8s avoir \u00e9limin\u00e9 le d\u00e9faut homopolaire sur la cellule du d\u00e9part 1 et effectu\u00e9 le remplacement des \u00e9quipements d\u00e9fectueux sur le d\u00e9part4, les d\u00e9parts concern\u00e9s ont pu \u00eatre remis en service ce jour. <\/span><\/p>\n<p>\u00a0<\/p>\n<\/td>\n<\/tr>\n<\/tbody>\n<\/table>\n<table style=\"width: 747px; height: 175px;\" border=\"0\" cellspacing=\"0\" cellpadding=\"0\">\n<tbody>\n<tr>\n<td valign=\"top\">\n<hr width=\"100%\" size=\"1\" noshade=\"noshade\" \/>\n<p><span style=\"color: #ffffff; font-family: arial,helvetica,sans-serif;\"><strong><span style=\"font-size: small; background-color: #cb1e44;\"><br \/>\u00a0FLASH INFOS MAINTENANCE &#8211; 07\/10\/2015\u00a0<\/span><\/strong><\/span><\/p>\n<p>\u00a0<\/p>\n<p>\u00a0<\/p>\n<p><span style=\"font-family: arial,helvetica,sans-serif; font-size: small;\">Nous avons rencontr\u00e9 peu apr\u00e8s l\u2019allumage hier soir \u00e0 20h45 une difficult\u00e9 sur le <strong>d\u00e9part n\u00b04<\/strong> du poste HT <strong>Halog\u00e8ne <\/strong>\u00e0 Vaur\u00e9al. Apr\u00e8s plusieurs tentatives de remise en service infructueuse, nous avons pr\u00e9f\u00e9r\u00e9 mettre ce d\u00e9part hors service en le consignant. Une recherche de d\u00e9faut a \u00e9t\u00e9 mise en \u0153uvre d\u00e8s ce matin, mercredi 07 octobre, afin de remettre en service au plus t\u00f4t.<\/span><\/p>\n<p>\u00a0<\/p>\n<p><span style=\"font-family: arial,helvetica,sans-serif; font-size: small;\">Les rues impact\u00e9es hier soir sur Courdimanche ont \u00e9t\u00e9:<br \/><\/span><\/p>\n<p><span style=\"font-family: arial,helvetica,sans-serif; font-size: small;\"><img loading=\"lazy\" decoding=\"async\" src=\"https:\/\/www.cylumine.fr\/img\/puce1.png\" alt=\"\" width=\"13\" height=\"11\" border=\"0\" \/>\u00a0Boulevard du Golf<\/span><br \/><span style=\"font-family: arial,helvetica,sans-serif; font-size: small;\"><img loading=\"lazy\" decoding=\"async\" src=\"https:\/\/www.cylumine.fr\/img\/puce1.png\" alt=\"\" width=\"13\" height=\"11\" border=\"0\" \/>\u00a0Boulevard de la Cr\u00eate<\/span><br \/><span style=\"font-family: arial,helvetica,sans-serif; font-size: small;\"><img loading=\"lazy\" decoding=\"async\" src=\"https:\/\/www.cylumine.fr\/img\/puce1.png\" alt=\"\" width=\"13\" height=\"11\" border=\"0\" \/>\u00a0Boulevard des Chasseurs<\/span><br \/><span style=\"font-family: arial,helvetica,sans-serif; font-size: small;\"><img loading=\"lazy\" decoding=\"async\" src=\"https:\/\/www.cylumine.fr\/img\/puce1.png\" alt=\"\" width=\"13\" height=\"11\" border=\"0\" \/>\u00a0Rue du Trou du Tonnerre<\/span><br \/><span style=\"font-family: arial,helvetica,sans-serif; font-size: small;\"><img loading=\"lazy\" decoding=\"async\" src=\"https:\/\/www.cylumine.fr\/img\/puce1.png\" alt=\"\" width=\"13\" height=\"11\" border=\"0\" \/>\u00a0Rue des Grands Bouleaux<\/span><br \/><span style=\"font-family: arial,helvetica,sans-serif; font-size: small;\"><img loading=\"lazy\" decoding=\"async\" src=\"https:\/\/www.cylumine.fr\/img\/puce1.png\" alt=\"\" width=\"13\" height=\"11\" border=\"0\" \/>\u00a0Boulevard Sainte Apolline<\/span><br \/><span style=\"font-family: arial,helvetica,sans-serif; font-size: small;\"><img loading=\"lazy\" decoding=\"async\" src=\"https:\/\/www.cylumine.fr\/img\/puce1.png\" alt=\"\" width=\"13\" height=\"11\" border=\"0\" \/>\u00a0Une partie du Rond-Point du Miroir<\/span><\/p>\n<p>\u00a0<\/p>\n<p><span style=\"font-family: arial,helvetica,sans-serif; font-size: small;\">Environ 250 points lumineux concern\u00e9s par cette panne qui se d\u00e9composent de la fa\u00e7on suivante :<\/p>\n<p>\u00a0<img decoding=\"async\" src=\"https:\/\/www.cylumine.fr\/images\/panne he depart 4.png\" alt=\"\" border=\"0\" \/><\/p>\n<p><\/span><span style=\"font-family: arial,helvetica,sans-serif; font-size: small;\">L\u2019ensemble des autres postes HT sur l\u2019agglom\u00e9ration se sont tous correctement allum\u00e9s hier soir.<\/span><\/p>\n<p>\u00a0<\/p>\n<\/td>\n<\/tr>\n<\/tbody>\n<\/table>\n<table style=\"width: 747px; height: 175px;\" border=\"0\" cellspacing=\"0\" cellpadding=\"0\">\n<tbody>\n<tr>\n<td valign=\"top\">\n<hr width=\"100%\" size=\"1\" noshade=\"noshade\" \/>\n<p><span style=\"color: #ffffff; font-family: arial,helvetica,sans-serif;\"><strong><span style=\"font-size: small; background-color: #cb1e44;\"><br \/>\u00a0FLASH INFOS MAINTENANCE &#8211; 07\/10\/2015\u00a0<\/span><\/strong><\/span><\/p>\n<p>\u00a0<\/p>\n<p>\u00a0<\/p>\n<p><span style=\"font-family: arial,helvetica,sans-serif; font-size: small;\">Nous avons rencontr\u00e9 peu apr\u00e8s l\u2019allumage hier soir \u00e0 20h45 une difficult\u00e9 sur le <strong>d\u00e9part n\u00b01 <\/strong>du poste HT Halog\u00e8ne \u00e0 Vaur\u00e9al. Apr\u00e8s plusieurs tentatives de remise en service infructueuse, nous avons pr\u00e9f\u00e9r\u00e9 mettre ce d\u00e9part hors service en le consignant. Une recherche de d\u00e9faut a \u00e9t\u00e9 mise en \u0153uvre d\u00e8s ce matin afin de remettre en service au plus t\u00f4t. <\/span><\/p>\n<p>\u00a0<\/p>\n<p><span style=\"font-family: arial,helvetica,sans-serif; font-size: small;\">Les rues impact\u00e9es\u00a0hier soir sur Cergy ont \u00e9t\u00e9:<br \/><\/span><\/p>\n<p><span style=\"font-family: arial,helvetica,sans-serif;\"><img loading=\"lazy\" decoding=\"async\" src=\"https:\/\/www.cylumine.fr\/img\/puce1.png\" alt=\"\" width=\"13\" height=\"11\" border=\"0\" \/><span style=\"font-size: small;\">\u00a0Boulevard de l\u2019Oise<\/span><\/span><br \/><span style=\"font-family: arial,helvetica,sans-serif; font-size: small;\"><img loading=\"lazy\" decoding=\"async\" src=\"https:\/\/www.cylumine.fr\/img\/puce1.png\" alt=\"\" width=\"13\" height=\"11\" border=\"0\" \/>\u00a0Boulevard du Moulin \u00e0 Vent jusqu\u2019\u00e0 l\u2019Autoroute A15<\/span><br \/><span style=\"font-family: arial,helvetica,sans-serif; font-size: small;\"><img loading=\"lazy\" decoding=\"async\" src=\"https:\/\/www.cylumine.fr\/img\/puce1.png\" alt=\"\" width=\"13\" height=\"11\" border=\"0\" \/>\u00a0Avenue du Bontemps<\/span><br \/><span style=\"font-family: arial,helvetica,sans-serif; font-size: small;\"><img loading=\"lazy\" decoding=\"async\" src=\"https:\/\/www.cylumine.fr\/img\/puce1.png\" alt=\"\" width=\"13\" height=\"11\" border=\"0\" \/>\u00a0Boulevard des explorateurs<\/span><br \/><span style=\"font-family: arial,helvetica,sans-serif; font-size: small;\"><img loading=\"lazy\" decoding=\"async\" src=\"https:\/\/www.cylumine.fr\/img\/puce1.png\" alt=\"\" width=\"13\" height=\"11\" border=\"0\" \/>\u00a0Boulevard des Chasseurs<\/span><br \/><span style=\"font-family: arial,helvetica,sans-serif; font-size: small;\"><img loading=\"lazy\" decoding=\"async\" src=\"https:\/\/www.cylumine.fr\/img\/puce1.png\" alt=\"\" width=\"13\" height=\"11\" border=\"0\" \/>\u00a0Rue du Fief \u00e0 Cavan<\/span><br \/><span style=\"font-family: arial,helvetica,sans-serif; font-size: small;\"><img loading=\"lazy\" decoding=\"async\" src=\"https:\/\/www.cylumine.fr\/img\/puce1.png\" alt=\"\" width=\"13\" height=\"11\" border=\"0\" \/>\u00a0Carrefour \u00a0de l\u2019Albatros jusqu\u2019au Rond-point de Mirapolis<\/span><br \/><span style=\"font-family: arial,helvetica,sans-serif; font-size: small;\"><img loading=\"lazy\" decoding=\"async\" src=\"https:\/\/www.cylumine.fr\/img\/puce1.png\" alt=\"\" width=\"13\" height=\"11\" border=\"0\" \/>\u00a0Rond-point du jour<\/span><br \/><span style=\"font-family: arial,helvetica,sans-serif; font-size: small;\"><img loading=\"lazy\" decoding=\"async\" src=\"https:\/\/www.cylumine.fr\/img\/puce1.png\" alt=\"\" width=\"13\" height=\"11\" border=\"0\" \/>\u00a0Rue des Abysses<\/span><br \/><span style=\"font-family: arial,helvetica,sans-serif; font-size: small;\"><img loading=\"lazy\" decoding=\"async\" src=\"https:\/\/www.cylumine.fr\/img\/puce1.png\" alt=\"\" width=\"13\" height=\"11\" border=\"0\" \/>\u00a0Une partie du Rond-point du Ch\u00eane<\/span><\/p>\n<p><span style=\"font-family: arial,helvetica,sans-serif; font-size: small;\"><br \/>Environ 270 points lumineux concern\u00e9s par cette panne qui se d\u00e9composent de la fa\u00e7on suivante :<\/p>\n<p>\u00a0<img decoding=\"async\" src=\"https:\/\/www.cylumine.fr\/images\/panne ht depart1.jpg\" alt=\"\" border=\"0\" \/><\/p>\n<p><\/span><span style=\"font-family: arial,helvetica,sans-serif; font-size: small;\">L\u2019ensemble des autres postes HT sur l\u2019agglom\u00e9ration se sont tous correctement allum\u00e9s hier soir.<\/span><\/p>\n<p>\u00a0<\/p>\n<\/td>\n<\/tr>\n<\/tbody>\n<\/table>\n<table style=\"width: 747px; height: 175px;\" border=\"0\" cellspacing=\"0\" cellpadding=\"0\">\n<tbody>\n<tr>\n<td valign=\"top\">\n<hr width=\"100%\" size=\"1\" noshade=\"noshade\" \/>\n<p><span style=\"color: #ffffff; font-family: arial,helvetica,sans-serif;\"><strong><span style=\"font-size: small; background-color: #cb1e44;\"><br \/>\u00a0FLASH INFOS MAINTENANCE &#8211; 28\/09\/2015\u00a0<\/span><\/strong><\/span><\/p>\n<p>\u00a0<\/p>\n<p><span style=\"font-family: arial,helvetica,sans-serif; font-size: small;\"><span style=\"color: #1f497d; font-family: 'Calibri','sans-serif'; font-size: 11pt; mso-fareast-font-family: Calibri; mso-fareast-theme-font: minor-latin; mso-bidi-font-family: 'Times New Roman'; mso-ansi-language: FR; mso-fareast-language: FR; mso-bidi-language: AR-SA;\"><span style=\"color: #000000; font-family: arial,helvetica,sans-serif; font-size: small;\">Nos techniciens ont sold\u00e9s ce jour le d\u00e9faut rencontr\u00e9 Samedi 26 Septembre 2015 au soir sur le\u00a0d\u00e9part 3 du poste HT Lamparo \u00e0 Saint-Ouen-l\u2019Aum\u00f4ne. Nos \u00e9quipes ainsi que le camion laboratoire sont intervenus ce jour sur site afin d\u2019effectuer une recherche et de localiser le ou les d\u00e9fauts. Gr\u00e2ce \u00e0 ces moyens mis en place, nous avons pu identifier un<\/span><br \/><span style=\"color: #000000; font-family: arial,helvetica,sans-serif; font-size: small;\">module de transformateur immergeable en d\u00e9faut sur la chambre SOA-0025 situ\u00e9 sur l\u2019Avenue des B\u00e9thunes \u00e0 Saint-Ouen-l\u2019Aum\u00f4ne suivant le plan ci-dessous:<br \/><\/span><\/p>\n<p><\/span><img loading=\"lazy\" decoding=\"async\" src=\"https:\/\/www.cylumine.fr\/images\/panne 280915.png\" alt=\"\" width=\"566\" height=\"319\" border=\"0\" \/><br \/><\/span><\/p>\n<p><span style=\"font-family: arial,helvetica,sans-serif; font-size: small;\">Apr\u00e8s avoir effectu\u00e9 le remplacement de ce dernier ainsi que les joints et pi\u00e8ces diverses associ\u00e9s, le d\u00e9part concern\u00e9 a pu \u00eatre remis en service ce soir.<\/span><\/p>\n<p>\u00a0<\/p>\n<p><span style=\"font-family: arial,helvetica,sans-serif; font-size: small;\">L\u2019ensemble des autres postes HT sur l\u2019agglom\u00e9ration se sont tous correctement allum\u00e9s hier soir.<\/span><\/p>\n<p>\u00a0<\/p>\n<\/td>\n<\/tr>\n<\/tbody>\n<\/table>\n<table style=\"width: 747px; height: 175px;\" border=\"0\" cellspacing=\"0\" cellpadding=\"0\">\n<tbody>\n<tr>\n<td valign=\"top\">\n<hr width=\"100%\" size=\"1\" noshade=\"noshade\" \/>\n<p><span style=\"color: #ffffff; font-family: arial,helvetica,sans-serif;\"><strong><span style=\"font-size: small; background-color: #cb1e44;\"><\/p>\n<p>\u00a0FLASH INFOS MAINTENANCE &#8211; 26\/09\/2015\u00a0<\/span><\/strong><\/span><\/p>\n<p>\u00a0<\/p>\n<p>\u00a0<\/p>\n<p><span style=\"font-family: arial,helvetica,sans-serif; font-size: small;\">Nous avons rencontr\u00e9 peu apr\u00e8s l\u2019allumage hier soir \u00e0 21h44 une difficult\u00e9 sur le <strong>d\u00e9part n\u00b03<\/strong> du poste Haute Tension<strong> Lamparo<\/strong> \u00e0 <strong>Saint-Ouen-l\u2019Aum\u00f4ne<\/strong>.\u00a0 Ce dernier pr\u00e9sente un d\u00e9faut franc avec une fusion fusible, les tests d\u2019isolement \u00e9tant trop faibles ne permettent pas le r\u00e9enclenchement du d\u00e9part concern\u00e9. Il a \u00e9t\u00e9 consign\u00e9 dans l\u2019attente d\u2019une investigation compl\u00e9mentaire qui sera men\u00e9e d\u00e8s ce lundi 28 Septembre 2015 par nos agents appuy\u00e9e d\u2019un camion laboratoire.<\/span><\/p>\n<p>\u00a0<\/p>\n<p><span style=\"font-family: arial,helvetica,sans-serif; font-size: small;\">Les rues impact\u00e9es ce soir sur Saint-Ouen-l\u2019Aum\u00f4ne sont:<br \/><\/span><\/p>\n<p><img loading=\"lazy\" decoding=\"async\" src=\"https:\/\/www.cylumine.fr\/img\/puce1.png\" alt=\"\" width=\"13\" height=\"11\" border=\"0\" \/><span style=\"font-family: arial,helvetica,sans-serif; font-size: small;\"> Rue des Fortes Terres<br \/><\/span><span style=\"font-family: arial,helvetica,sans-serif; font-size: small;\"><img loading=\"lazy\" decoding=\"async\" src=\"https:\/\/www.cylumine.fr\/img\/puce1.png\" alt=\"\" width=\"13\" height=\"11\" border=\"0\" \/> Avenue du Fond de Vaux<\/span><br \/><span style=\"font-family: arial,helvetica,sans-serif; font-size: small;\"><img loading=\"lazy\" decoding=\"async\" src=\"https:\/\/www.cylumine.fr\/img\/puce1.png\" alt=\"\" width=\"13\" height=\"11\" border=\"0\" \/> Avenue du Ch\u00e2teau<br \/><\/span><span style=\"font-family: arial,helvetica,sans-serif; font-size: small;\"><img loading=\"lazy\" decoding=\"async\" src=\"https:\/\/www.cylumine.fr\/img\/puce1.png\" alt=\"\" width=\"13\" height=\"11\" border=\"0\" \/> Avenue de l\u2019Eguillette<br \/><\/span><span style=\"font-family: arial,helvetica,sans-serif; font-size: small;\"><img loading=\"lazy\" decoding=\"async\" src=\"https:\/\/www.cylumine.fr\/img\/puce1.png\" alt=\"\" width=\"13\" height=\"11\" border=\"0\" \/> Avenue des Gros Chevaux<br \/><\/span><span style=\"font-family: arial,helvetica,sans-serif; font-size: small;\"><img loading=\"lazy\" decoding=\"async\" src=\"https:\/\/www.cylumine.fr\/img\/puce1.png\" alt=\"\" width=\"13\" height=\"11\" border=\"0\" \/> Une partie de l\u2019Avenue du Fief<br \/><\/span><span style=\"font-family: arial,helvetica,sans-serif; font-size: small;\"><img loading=\"lazy\" decoding=\"async\" src=\"https:\/\/www.cylumine.fr\/img\/puce1.png\" alt=\"\" width=\"13\" height=\"11\" border=\"0\" \/> Une partie de l\u2019Avenue de B\u00e9thunes<br \/><\/span><\/p>\n<p><span style=\"font-family: arial,helvetica,sans-serif; font-size: small;\">Environ 240 points lumineux concern\u00e9s par cette panne qui se d\u00e9composent de la fa\u00e7on suivante :<\/p>\n<p><span style=\"font-family: arial,helvetica,sans-serif; font-size: small;\"><img loading=\"lazy\" decoding=\"async\" style=\"width: 335px; height: 405px;\" src=\"https:\/\/www.cylumine.fr\/images\/panne 26092015.png\" alt=\"\" width=\"335\" height=\"450\" border=\"0\" \/><\/span><\/p>\n<p><\/span><span style=\"font-family: arial,helvetica,sans-serif; font-size: small;\">L\u2019ensemble des autres postes HT sur l\u2019agglom\u00e9ration se sont tous correctement allum\u00e9s hier soir.<br \/><\/span><\/p>\n<p>\u00a0<\/p>\n<\/td>\n<\/tr>\n<\/tbody>\n<\/table>\n<table style=\"width: 747px; height: 175px;\" border=\"0\" cellspacing=\"0\" cellpadding=\"0\">\n<tbody>\n<tr>\n<td valign=\"top\">\n<hr width=\"100%\" size=\"1\" noshade=\"noshade\" \/>\n<p><span style=\"color: #ffffff; font-family: arial,helvetica,sans-serif;\"><strong><span style=\"background-color: #bc0000;\"><span style=\"font-size: small;\"><\/p>\n<p><\/span><\/span><\/strong><strong><span style=\"font-size: small; background-color: #cb1e44;\">\u00a0FLASH INFOS MAINTENANCE &#8211; 25\/09\/2015\u00a0<\/span><\/strong><\/span><\/p>\n<p>\u00a0<\/p>\n<p>\u00a0<\/p>\n<p><span style=\"font-family: arial,helvetica,sans-serif; font-size: small;\">Nos techniciens ont sold\u00e9 ce jour le d\u00e9faut rencontr\u00e9 sur le d\u00e9part 5 du poste HT Puisum \u00e0 Cergy. Comme convenu, nos techniciens sont intervenus ce jour pour r\u00e9parer la port\u00e9e de c\u00e2ble en dysfonctionnement, ce qui a abouti \u00e0 sa r\u00e9solution.<\/span><\/p>\n<p>\u00a0<\/p>\n<p><span style=\"font-family: arial,helvetica,sans-serif; font-size: small;\">Tous les autres postes HT de l\u2019agglom\u00e9ration se sont correctement mis en service ce soir.<\/span><\/p>\n<\/td>\n<\/tr>\n<\/tbody>\n<\/table>\n<table style=\"width: 747px; height: 250px;\" border=\"0\" cellspacing=\"0\" cellpadding=\"0\">\n<tbody>\n<tr>\n<td valign=\"top\">\n<hr width=\"100%\" size=\"1\" noshade=\"noshade\" \/>\n<p><span style=\"color: #ffffff; font-family: arial,helvetica,sans-serif;\"><strong><span style=\"background-color: #bc0000;\"><span style=\"font-size: small;\"><\/p>\n<p><\/span><\/span><\/strong><strong><span style=\"font-size: small; background-color: #cb1e44;\">\u00a0FLASH INFOS MAINTENANCE &#8211; 24\/09\/2015\u00a0<\/span><\/strong><\/span><\/p>\n<p>\u00a0<\/p>\n<p><span style=\"font-family: arial,helvetica,sans-serif; font-size: small;\">Le <strong>d\u00e9part 5<\/strong> du <strong>poste HT Puisum<\/strong> \u00e0 <strong>Cergy<\/strong> a \u00e9t\u00e9 remis partiellement en service ce soir. Comme convenu et suite \u00e0 l\u2019investigation men\u00e9e ce jour, nos terrassiers ainsi que nos techniciens sont intervenus afin d\u2019effectuer une recherche de d\u00e9faut appuy\u00e9e d\u2019un camion laboratoire. Plusieurs sondages ont \u00e9t\u00e9 mis en \u0153uvre, le d\u00e9faut a \u00e9t\u00e9 cibl\u00e9 en fin journ\u00e9e. Il sera r\u00e9par\u00e9 d\u00e8s demain, ce qui permettra de r\u00e9sorber le d\u00e9faut Haute Tension avant ce week-end sur les communes de Cergy et d\u2019Osny.<\/span><\/p>\n<p><span style=\"font-family: arial,helvetica,sans-serif; font-size: small;\">Nous vous tiendrons inform\u00e9 de cette r\u00e9solution totale.<\/span><\/p>\n<p><span style=\"font-family: arial,helvetica,sans-serif; font-size: small;\"> Les secteurs impact\u00e9s cette nuit sont les m\u00eames que ceux cibl\u00e9s dans l\u2019article pr\u00e9c\u00e9dent.<\/span><\/p>\n<p>\u00a0<\/p>\n<p><span style=\"font-family: arial,helvetica,sans-serif; font-size: small;\">L\u2019ensemble des autres postes HT sur l\u2019agglom\u00e9ration se sont tous correctement allum\u00e9s.<\/p>\n<p><\/span><\/p>\n<\/td>\n<\/tr>\n<\/tbody>\n<\/table>\n<table style=\"width: 747px; height: 365px;\" border=\"0\" cellspacing=\"0\" cellpadding=\"0\">\n<tbody>\n<tr>\n<td valign=\"top\">\n<hr width=\"100%\" size=\"1\" noshade=\"noshade\" \/>\n<p><span style=\"color: #ffffff; font-family: arial,helvetica,sans-serif;\"><strong><span style=\"background-color: #bc0000;\"><span style=\"font-size: small;\"><\/p>\n<p><\/span><\/span><span style=\"font-size: small; background-color: #cb1e44;\">\u00a0FLASH INFOS MAINTENANCE &#8211; 23\/09\/2015\u00a0<\/span><\/strong><\/span><\/p>\n<p>\u00a0<\/p>\n<p><span style=\"font-family: arial,helvetica,sans-serif; font-size: small;\">Le <strong>d\u00e9part 5 du poste HT Puisum \u00e0 Cergy<\/strong> pr\u00e9sente toujours un d\u00e9faut ce soir. Suite \u00e0 l\u2019investigation men\u00e9e ce jour, nous avons identifi\u00e9 la zone en d\u00e9faut. Le secteur a \u00e9t\u00e9 isol\u00e9 au maximum, ce qui nous permet de r\u00e9duire consid\u00e9rablement le nombre de points lumineux impact\u00e9s. La Recherche de D\u00e9faut se poursuivra demain.<\/p>\n<p><\/span><span style=\"font-family: arial,helvetica,sans-serif; font-size: small;\"> Les rues impact\u00e9es cette nuit suivant les plans ci-dessous:<\/span><\/p>\n<p>\u00a0<\/p>\n<p><span style=\"font-family: arial,helvetica,sans-serif; font-size: small;\"><img loading=\"lazy\" decoding=\"async\" src=\"https:\/\/www.cylumine.fr\/img\/puce1.png\" alt=\"\" width=\"13\" height=\"11\" border=\"0\" \/> Rue Francis Combe \u00e0 Cergy <br \/><\/span><span style=\"font-family: arial,helvetica,sans-serif; font-size: small;\"><img loading=\"lazy\" decoding=\"async\" src=\"https:\/\/www.cylumine.fr\/img\/puce1.png\" alt=\"\" width=\"13\" height=\"11\" border=\"0\" \/> Boulevard des M\u00e9rites \u00e0 Cergy<br \/><\/span><\/p>\n<p><span style=\"font-family: arial,helvetica,sans-serif; font-size: small;\">Soit 30 points lumineux impact\u00e9s sur la commune de Cergy suivant le plan ci-dessous : <\/span><\/p>\n<p><img loading=\"lazy\" decoding=\"async\" style=\"width: 547px; height: 302px;\" src=\"https:\/\/www.cylumine.fr\/images\/ht 230915-1.png\" alt=\"\" width=\"538\" height=\"297\" border=\"0\" \/><\/p>\n<p><span style=\"font-family: arial,helvetica,sans-serif; font-size: small;\"><img loading=\"lazy\" decoding=\"async\" src=\"https:\/\/www.cylumine.fr\/img\/puce1.png\" alt=\"\" width=\"13\" height=\"11\" border=\"0\" \/> Boulevard des M\u00e9rites \u00e0 Osny<br \/><\/span><span style=\"font-family: arial,helvetica,sans-serif; font-size: small;\"><img loading=\"lazy\" decoding=\"async\" src=\"https:\/\/www.cylumine.fr\/img\/puce1.png\" alt=\"\" width=\"13\" height=\"11\" border=\"0\" \/> Une partie de la Chauss\u00e9e Jules C\u00e9sar \u00e0 Osny<br \/><\/span><span style=\"font-family: arial,helvetica,sans-serif; font-size: small;\"><img loading=\"lazy\" decoding=\"async\" src=\"https:\/\/www.cylumine.fr\/img\/puce1.png\" alt=\"\" width=\"13\" height=\"11\" border=\"0\" \/> Rue des Beaux Soleils \u00e0 Osny<\/span><\/p>\n<p>\u00a0<\/p>\n<p><span style=\"font-family: arial,helvetica,sans-serif; font-size: small;\">Soit 35 points lumineux impact\u00e9s sur la commune de Cergy suivant le plan ci-dessous :<\/p>\n<p><\/span><\/p>\n<p><img loading=\"lazy\" decoding=\"async\" src=\"https:\/\/www.cylumine.fr\/images\/ht 230915-2.png\" alt=\"\" width=\"547\" height=\"318\" border=\"0\" \/><\/p>\n<p><span style=\"font-family: arial,helvetica,sans-serif; font-size: small;\"><br \/>L\u2019ensemble des autres postes HT sur l\u2019agglom\u00e9ration se sont tous correctement allum\u00e9s.<br \/><\/span><\/p>\n<p>\u00a0<\/p>\n<\/td>\n<\/tr>\n<\/tbody>\n<\/table>\n<table style=\"width: 747px; height: 365px;\" border=\"0\" cellspacing=\"0\" cellpadding=\"0\">\n<tbody>\n<tr>\n<td valign=\"top\">\n<p>\u00a0<\/p>\n<hr \/>\n<p><span style=\"color: #ffffff; font-family: arial,helvetica,sans-serif;\"><strong><span style=\"background-color: #bc0000;\"><span style=\"font-size: small;\"><br \/><\/span><\/span><\/strong><strong><span style=\"font-size: small; background-color: #cb1e44;\">\u00a0FLASH INFOS MAINTENANCE &#8211; 22\/09\/2015\u00a0<\/span><\/strong><\/span><\/p>\n<p>\u00a0<\/p>\n<p><span style=\"font-family: arial,helvetica,sans-serif; font-size: small;\">Nous rencontrons ce soir une difficult\u00e9 sur le <strong>d\u00e9part 5 du poste HT Puisum \u00e0 Cergy<\/strong>. Le d\u00e9part concern\u00e9 pr\u00e9sente un d\u00e9faut franc avec une fusion fusible. Les tests d\u2019isolement \u00e9tant trop faible ne permettent pas son r\u00e9enclenchement. Il a \u00e9t\u00e9 consign\u00e9 ce soir dans l\u2019attente d\u2019une investigation qui sera men\u00e9e demain par nos agents. Un camion laboratoire a \u00e9t\u00e9 \u00e9galement sollicit\u00e9 pour nous appuyer dans cette recherche de d\u00e9faut. Les rues impact\u00e9es ce soir sont:<\/span><\/p>\n<p>\u00a0<\/p>\n<p><span style=\"font-family: arial,helvetica,sans-serif; font-size: small;\"><img loading=\"lazy\" decoding=\"async\" src=\"https:\/\/www.cylumine.fr\/img\/puce1.png\" alt=\"\" width=\"13\" height=\"11\" border=\"0\" \/> Boulevard de l\u2019Oise (1 seul c\u00f4t\u00e9) \u00e0 Cergy (entre Raies et M\u00e9rites)\u00a0 c\u00f4t\u00e9 Justice<br \/><\/span><span style=\"font-family: arial,helvetica,sans-serif; font-size: small;\"><img loading=\"lazy\" decoding=\"async\" src=\"https:\/\/www.cylumine.fr\/img\/puce1.png\" alt=\"\" width=\"13\" height=\"11\" border=\"0\" \/> Avenue des Blayes \u00e0 Cergy<br \/><\/span><span style=\"font-family: arial,helvetica,sans-serif; font-size: small;\"><img loading=\"lazy\" decoding=\"async\" src=\"https:\/\/www.cylumine.fr\/img\/puce1.png\" alt=\"\" width=\"13\" height=\"11\" border=\"0\" \/> Avenue des Raies \u00e0 Cergy<br \/><\/span><span style=\"font-family: arial,helvetica,sans-serif; font-size: small;\"><img loading=\"lazy\" decoding=\"async\" src=\"https:\/\/www.cylumine.fr\/img\/puce1.png\" alt=\"\" width=\"13\" height=\"11\" border=\"0\" \/> Rue de la Justice Brune \u00e0 Cergy<br \/><\/span><span style=\"font-family: arial,helvetica,sans-serif; font-size: small;\"><img loading=\"lazy\" decoding=\"async\" src=\"https:\/\/www.cylumine.fr\/img\/puce1.png\" alt=\"\" width=\"13\" height=\"11\" border=\"0\" \/> All\u00e9e du Bois de Justice \u00e0 Cergy<br \/><\/span><span style=\"font-family: arial,helvetica,sans-serif; font-size: small;\"><img loading=\"lazy\" decoding=\"async\" src=\"https:\/\/www.cylumine.fr\/img\/puce1.png\" alt=\"\" width=\"13\" height=\"11\" border=\"0\" \/> Rue Francis Combe \u00e0 Cergy<br \/><\/span><span style=\"font-family: arial,helvetica,sans-serif; font-size: small;\"><img loading=\"lazy\" decoding=\"async\" src=\"https:\/\/www.cylumine.fr\/img\/puce1.png\" alt=\"\" width=\"13\" height=\"11\" border=\"0\" \/> Boulevard des M\u00e9rites (Osny\/Cergy)<\/span><br \/><span style=\"font-family: arial,helvetica,sans-serif; font-size: small;\"><img loading=\"lazy\" decoding=\"async\" src=\"https:\/\/www.cylumine.fr\/img\/puce1.png\" alt=\"\" width=\"13\" height=\"11\" border=\"0\" \/> Une partie de la Chauss\u00e9e Jules C\u00e9sar \u00e0 Osny<br \/><\/span><span style=\"font-family: arial,helvetica,sans-serif; font-size: small;\"><img loading=\"lazy\" decoding=\"async\" src=\"https:\/\/www.cylumine.fr\/img\/puce1.png\" alt=\"\" width=\"13\" height=\"11\" border=\"0\" \/> Rue des Beaux Soleils \u00e0 Osny<\/p>\n<p><\/span><\/p>\n<p><span style=\"font-family: arial,helvetica,sans-serif; font-size: small;\"><img loading=\"lazy\" decoding=\"async\" style=\"width: 543px; height: 246px;\" src=\"https:\/\/www.cylumine.fr\/images\/ht 22092015.jpg\" alt=\"\" width=\"551\" height=\"249\" border=\"0\" \/><\/p>\n<p><\/span><span style=\"font-family: arial,helvetica,sans-serif; font-size: small;\">Environ 140 points lumineux impact\u00e9s qui se d\u00e9composent de la fa\u00e7on suivante : <br \/><\/span><\/p>\n<p><span style=\"font-family: arial,helvetica,sans-serif; font-size: small;\">&#8211;\u00a0 83 points lumineux sur la commune de Cergy<\/span><br \/><span style=\"font-family: arial,helvetica,sans-serif; font-size: small;\">&#8211;\u00a0 57 points lumineux sur la commune d\u2019Osny<\/span><\/p>\n<p><span style=\"font-family: arial,helvetica,sans-serif; font-size: small;\">L\u2019ensemble des autres postes HT sur l\u2019agglom\u00e9ration se sont tous correctement allum\u00e9s.<\/span><\/p>\n<p>\u00a0<\/p>\n<\/td>\n<\/tr>\n<\/tbody>\n<\/table>\n<table style=\"width: 745px; height: 534px;\" border=\"0\" cellspacing=\"0\" cellpadding=\"0\">\n<tbody>\n<tr>\n<td valign=\"top\">\n<hr width=\"100%\" size=\"1\" noshade=\"noshade\" \/>\n<p><span style=\"font-family: arial,helvetica,sans-serif;\"><strong><span style=\"font-size: small; background-color: #cb1e44;\"><span style=\"color: #ffffff;\"><br \/>\u00a0FLASH INFOS MAINTENANCE &#8211; 28\/08\/2015\u00a0<\/span><\/span><\/strong><\/span><\/p>\n<p>\u00a0\u00a0<\/p>\n<p><span style=\"font-family: arial,helvetica,sans-serif; font-size: small;\">Nos techniciens ont sold\u00e9s ce jour les d\u00e9fauts rencontr\u00e9s hier soir sur le\u00a0<strong>d\u00e9part 1 et 4 du poste HT Puisum \u00e0 Cergy<\/strong>. Effectivement, nous avions pas pris en compte le fait que le d\u00e9part 1 du poste HT Halog\u00e8ne \u00e9taient repris provisoirement sur le d\u00e9part 4 du poste HT Puisum.<\/span><\/p>\n<p><span style=\"font-family: arial,helvetica,sans-serif; font-size: small;\">\u00a0<\/span><\/p>\n<p><span style=\"font-family: arial,helvetica,sans-serif; font-size: small;\">Concernant le d\u00e9faut sur le <strong>d\u00e9part 4 du poste HT Puisum \u00e0 Cergy<\/strong>, nos \u00e9quipes ainsi que le camion laboratoire sont intervenus ce jour sur site afin d\u2019effectuer une recherche et de localiser les d\u00e9fauts. Gr\u00e2ce \u00e0 ces moyens mis en place, nous avons pu d\u2019une part identifier un module de transformateur immergeable en d\u00e9faut sur la chambre CER-HAL1-B2 \u00e0 l\u2019angle du boulevard de la Paix et du boulevard du Moulin \u00e0 Vent \u00e0 Cergy\u00a0 suivant le plan ci-dessous. En effet suite aux intemp\u00e9ries de ces derniers jours, ce mat\u00e9riel a fini par se retrouver momentan\u00e9ment sous l\u2019eau suite \u00e0 un mauvais drainage de la fosse visitable concern\u00e9e. Par cons\u00e9quence la cellule s\u2019est mise en s\u00e9curit\u00e9 pour la protection des biens et des personnes ce qui est un d\u00e9clenchement normal.<\/span><br \/><span style=\"font-family: arial,helvetica,sans-serif; font-size: small;\">Apr\u00e8s avoir effectu\u00e9 le remplacement de joints et pi\u00e8ces diverses sur le transformateur, d\u00e9boucher et nettoyer le drainage, le d\u00e9part concern\u00e9 a pu \u00eatre remis en service ce soir.<\/span><\/p>\n<p><img loading=\"lazy\" decoding=\"async\" src=\"https:\/\/www.cylumine.fr\/images\/halo.jpg\" alt=\"\" width=\"487\" height=\"278\" border=\"0\" \/><\/p>\n<p><\/p>\n<p>\u00a0<\/p>\n<p><span style=\"font-family: arial,helvetica,sans-serif; font-size: small;\">D\u2019autre part, le d\u00e9faut sur le <strong>d\u00e9part 1 du poste HT Puisum \u00e0 Cergy a \u00e9t\u00e9 localis\u00e9 <\/strong>sur le boulevard de l\u2019Oise au niveau de l\u2019Esplanade de Paris \u00e0\u00a0 Cergy. M\u00eame situation que pr\u00e9c\u00e9demment dans la chambre HTA\/BT CER-0119, un module de transformateur prend l\u2019eau et par contre celui-ci \u00e0 commencer \u00e0 arquer. Nos \u00e9quipes ont d\u00fb proc\u00e9der \u00e0 son remplacement afin de pouvoir remettre en service ce soir le secteur impact\u00e9.<\/span><\/p>\n<p><img loading=\"lazy\" decoding=\"async\" src=\"https:\/\/www.cylumine.fr\/images\/halo1.png\" alt=\"\" width=\"485\" height=\"253\" border=\"0\" \/><\/p>\n<p><span style=\"font-family: arial,helvetica,sans-serif; font-size: small;\">Les autres postes HT de l\u2019agglom\u00e9ration se sont tous correctement mis en service ce soir.<\/span><\/p>\n<p>\u00a0<\/p>\n<p>\u00a0<\/p>\n<\/td>\n<\/tr>\n<\/tbody>\n<\/table>\n<table style=\"width: 745px; height: 534px;\" border=\"0\" cellspacing=\"0\" cellpadding=\"0\">\n<tbody>\n<tr>\n<td valign=\"top\">\n<hr width=\"100%\" size=\"1\" noshade=\"noshade\" \/>\n<p><span style=\"font-family: arial,helvetica,sans-serif;\"><strong><span style=\"font-size: small; background-color: #cb1e44;\"><span style=\"color: #ffffff;\"><\/p>\n<p>\u00a0FLASH INFOS MAINTENANCE &#8211; 27\/08\/2015\u00a0<\/span><\/span><\/strong><\/span><\/p>\n<p><span style=\"font-family: arial,helvetica,sans-serif;\">\u00a0<\/span><\/p>\n<p><span style=\"font-family: arial,helvetica,sans-serif;\">\u00a0<\/span><\/p>\n<p><span style=\"font-family: arial,helvetica,sans-serif; font-size: small;\">Suite aux fortes pluies de ces derniers jours, nous rencontrons des difficult\u00e9s sur diff\u00e9rents d\u00e9parts du poste HT Puisum d\u00e9taill\u00e9s ci-dessous :<\/span><br \/><span style=\"font-family: arial,helvetica,sans-serif; font-size: small;\">1. Nous avons rencontr\u00e9s hier soir une difficult\u00e9 majeure sur le d\u00e9part 1 du poste HT Puisum \u00e0 Cergy.\u00a0 Le d\u00e9part concern\u00e9 pr\u00e9sente un d\u00e9faut franc avec une fusion fusible, les tests d\u2019isolement \u00e9tant trop faible ne permettent pas le r\u00e9enclenchement du d\u00e9part concern\u00e9. Le d\u00e9part a \u00e9t\u00e9 consign\u00e9 dans l\u2019attente d\u2019une investigation compl\u00e9mentaire.<\/span><br \/><span style=\"font-family: arial,helvetica,sans-serif; font-size: small;\">Les secteurs impact\u00e9s cette nuit sur Cergy sont:<\/span><br \/><span style=\"font-family: arial,helvetica,sans-serif; font-size: small;\"> Rondpoint du Haut de Cergy Une partie du Boulevard de l\u2019Oise du Croisement Boulevard d\u2019Osny au Rond-Point du Ch\u00eane Avenue de la Constellation Avenue de l\u2019Embellie Avenue du Jour Rue de la Lanterne Rue de la Sardane<\/span><br \/><span style=\"font-family: arial,helvetica,sans-serif; font-size: small;\">Environ 103 Points Lumineux concern\u00e9s.<\/span><\/p>\n<p><span style=\"font-family: arial,helvetica,sans-serif; font-size: small;\">\u00a0<\/span><\/p>\n<p><span style=\"font-family: arial,helvetica,sans-serif; font-size: small;\">2. Nous avons \u00e9galement rencontr\u00e9 hier soir une difficult\u00e9 majeure sur le d\u00e9part 4 du poste HT Puisum \u00e0 Cergy. Le d\u00e9part concern\u00e9 pr\u00e9sente un d\u00e9faut homopolaire. Ce dernier a \u00e9t\u00e9 \u00e9galement consign\u00e9 dans l\u2019attente d\u2019une investigation compl\u00e9mentaire.<\/span><br \/><span style=\"font-family: arial,helvetica,sans-serif; font-size: small;\">Les secteurs impact\u00e9s cette nuit sur Cergy sont:<\/span><br \/><span style=\"font-family: arial,helvetica,sans-serif; font-size: small;\"> Une partie du Boulevard de l\u2019Oise entre le Boulevard des M\u00e9rites et le Boulevard d\u2019Osny Boulevard d\u2019Osny Boulevard de la Paix Avenue de la Constellation Avenue de la Belle Haumi\u00e8re Avenue du Haut Pav\u00e9 Avenue des B\u00e9guines Rue du Cloitre Rue de la Chanterelle Passage de l\u2019Escapade Rue de la Musaraigne Sente Margot Promenade du Gros Caillou<\/span><br \/><span style=\"font-family: arial,helvetica,sans-serif; font-size: small;\">Environ 280 Points Lumineux concern\u00e9s.<\/span><\/p>\n<p><span style=\"font-size: small;\">\u00a0<\/span><\/p>\n<p><span style=\"font-size: small;\">\u00a0 <\/span><br \/><span style=\"font-family: arial,helvetica,sans-serif; font-size: small;\">Un camion laboratoire a \u00e9t\u00e9 sollicit\u00e9 ce jour pour nous appuyer dans ces recherches de d\u00e9fauts.<\/span><br \/><span style=\"font-family: arial,helvetica,sans-serif; font-size: small;\"> Les autres postes HT de l\u2019agglom\u00e9ration se sont tous correctement mis en service ce soir.<\/span><\/p>\n<p>\u00a0<\/p>\n<\/td>\n<\/tr>\n<\/tbody>\n<\/table>\n<table style=\"width: 747px; height: 365px;\" border=\"0\" cellspacing=\"0\" cellpadding=\"0\">\n<tbody>\n<tr>\n<td valign=\"top\">\n<hr width=\"100%\" size=\"1\" noshade=\"noshade\" \/>\n<p><span style=\"color: #ffffff; font-family: arial,helvetica,sans-serif;\"><strong><span style=\"background-color: #bc0000;\"><span style=\"font-size: small;\"><\/p>\n<p><\/span><\/span><span style=\"font-size: small; background-color: #cb1e44;\">\u00a0FLASH INFOS MAINTENANCE &#8211; 21\/08\/2015\u00a0<\/span><\/strong><\/span><\/p>\n<p>\u00a0<\/p>\n<p>\u00a0<\/p>\n<p><span style=\"font-family: arial,helvetica,sans-serif; font-size: small;\">Le <strong>d\u00e9part 7<\/strong> du <strong>poste HT Lampadaire<\/strong> \u00e0 <strong>Cergy<\/strong> a \u00e9t\u00e9 remis en service ce soir sur sa totalit\u00e9. Comme convenu et suite \u00e0 l\u2019investigation men\u00e9e ce jour par le camion laboratoire, nos terrassiers ainsi que nos techniciens sont intervenus pour remplacer d\u2019une part le transformateur modulaire en d\u00e9faut et d\u2019autre part r\u00e9parer la port\u00e9e de c\u00e2ble en d\u00e9faut suivant le plan ci-dessous, ce qui a abouti \u00e0 la r\u00e9solution du d\u00e9faut Haute Tension sur la commune de Pontoise.<\/span><\/p>\n<p>\u00a0<\/p>\n<p><span style=\"font-family: arial,helvetica,sans-serif; font-size: small;\"><img loading=\"lazy\" decoding=\"async\" src=\"https:\/\/www.cylumine.fr\/images\/panne 21-08-15.png\" alt=\"\" width=\"379\" height=\"391\" border=\"0\" \/><\/p>\n<p><\/span><\/p>\n<p><span style=\"font-family: arial,helvetica,sans-serif; font-size: small;\">Les autres postes HT de l\u2019agglom\u00e9ration se sont tous correctement mis en service ce soir.<br \/><\/span><\/p>\n<\/td>\n<\/tr>\n<\/tbody>\n<\/table>\n<table style=\"width: 747px; height: 365px;\" border=\"0\" cellspacing=\"0\" cellpadding=\"0\">\n<tbody>\n<tr>\n<td valign=\"top\">\n<hr width=\"100%\" size=\"1\" noshade=\"noshade\" \/>\n<p><span style=\"color: #ffffff; font-family: arial,helvetica,sans-serif;\"><strong><span style=\"background-color: #bc0000;\"><span style=\"font-size: small;\"><\/p>\n<p><\/span><\/span><span style=\"font-size: small; background-color: #cb1e44;\">\u00a0FLASH INFOS MAINTENANCE &#8211; 20\/08\/2015 <br \/><\/span><\/strong><\/span><\/p>\n<p>\u00a0<\/p>\n<p><span style=\"font-family: arial,helvetica,sans-serif; font-size: small;\">Le <strong>d\u00e9part 7<\/strong> du <strong>poste HT Lampadaire<\/strong> \u00e0 <strong>Cergy<\/strong><strong>pr\u00e9sentait<\/strong> toujours un d\u00e9faut hier soir. Suite \u00e0 l\u2019investigation men\u00e9e hier, nous avons identifi\u00e9 d\u2019une part un transformateur en d\u00e9faut sur l\u2019Avenue de l\u2019Est, ce dernier sera remplac\u00e9 ce jour. D\u2019autre part apr\u00e8s l\u2019isolation de ce transformateur, un tron\u00e7on de c\u00e2ble Haute Tension en pleine terre est \u00e9galement en d\u00e9faut. Un camion laboratoire a \u00e9t\u00e9 sollicit\u00e9 ce jour pour situer pr\u00e9cis\u00e9ment la panne\u00a0 afin que nous puissions proc\u00e9der \u00e0 sa r\u00e9paration. De ce fait, le secteur en d\u00e9faut a \u00e9t\u00e9 circonscrit au maximum hier soir. <\/span><\/p>\n<p><span style=\"font-family: arial,helvetica,sans-serif; font-size: small;\"><br \/>Les secteurs impact\u00e9s hier soir sur Pontoise sont: <\/p>\n<p><\/span><\/p>\n<p><span style=\"font-family: arial,helvetica,sans-serif; font-size: small;\"><img loading=\"lazy\" decoding=\"async\" src=\"https:\/\/www.cylumine.fr\/img\/puce1.png\" alt=\"\" width=\"13\" height=\"11\" border=\"0\" \/> Parc des Larris \u00e0 Pontoise <br \/><\/span><span style=\"font-family: arial,helvetica,sans-serif; font-size: small;\"><img loading=\"lazy\" decoding=\"async\" src=\"https:\/\/www.cylumine.fr\/img\/puce1.png\" alt=\"\" width=\"13\" height=\"11\" border=\"0\" \/> Avenue de l\u2019Est \u00e0 Pontoise<\/p>\n<p> Environ 29 points lumineux impact\u00e9s qui se d\u00e9composent de la fa\u00e7on suivante :<br \/><\/span><\/p>\n<p><img loading=\"lazy\" decoding=\"async\" style=\"width: 408px; height: 444px;\" src=\"https:\/\/www.cylumine.fr\/images\/panne ht 20-08-15.png\" alt=\"\" width=\"429\" height=\"493\" border=\"0\" \/><\/p>\n<p><span style=\"font-family: arial,helvetica,sans-serif; font-size: small;\"><\/p>\n<p>Les autres postes HT de l\u2019agglom\u00e9ration se sont tous correctement mis en service ce soir.<\/span><\/p>\n<p>\u00a0<\/p>\n<\/td>\n<\/tr>\n<\/tbody>\n<\/table>\n<table style=\"width: 747px; height: 365px;\" border=\"0\" cellspacing=\"0\" cellpadding=\"0\">\n<tbody>\n<tr>\n<td valign=\"top\">\n<hr width=\"100%\" size=\"1\" noshade=\"noshade\" \/>\n<p><span style=\"color: #ffffff; font-family: arial,helvetica,sans-serif;\"><strong><span style=\"background-color: #bc0000;\"><span style=\"font-size: small;\"><\/p>\n<p><\/span><\/span><span style=\"font-size: small; background-color: #cb1e44;\">\u00a0FLASH INFOS MAINTENANCE &#8211; 19\/08\/2015 <\/p>\n<p><\/span><\/strong><\/span><\/p>\n<p><span style=\"font-family: arial,helvetica,sans-serif; font-size: small;\">Le <strong>d\u00e9part 7<\/strong> du <strong>poste HT Lampadaire<\/strong> \u00e0 <strong>Cergy<\/strong><strong>pr\u00e9sente<\/strong> toujours un d\u00e9faut ce soir. Suite \u00e0 l\u2019investigation men\u00e9e ce jour, nous avons identifi\u00e9 la zone en d\u00e9faut. Le secteur a \u00e9t\u00e9 isol\u00e9 au maximum, ce qui nous permet de r\u00e9duire consid\u00e9rablement le nombre de points lumineux impact\u00e9s. La Recherche de D\u00e9faut se poursuivra demain.<br \/><\/span><\/p>\n<p><span style=\"font-family: arial,helvetica,sans-serif; font-size: small;\">Les rues impact\u00e9es cette nuit sont:<br \/><\/span><\/p>\n<p><span style=\"font-family: arial,helvetica,sans-serif; font-size: small;\"><img loading=\"lazy\" decoding=\"async\" src=\"https:\/\/www.cylumine.fr\/img\/puce1.png\" alt=\"\" width=\"13\" height=\"11\" border=\"0\" \/> Larris Mauves \u00e0 Pontoise<br \/><\/span><span style=\"font-family: arial,helvetica,sans-serif; font-size: small;\"><img loading=\"lazy\" decoding=\"async\" src=\"https:\/\/www.cylumine.fr\/img\/puce1.png\" alt=\"\" width=\"13\" height=\"11\" border=\"0\" \/> Avenue de l\u2019Est \u00e0 Pontoise<br \/><\/span><\/p>\n<p><span style=\"font-family: arial,helvetica,sans-serif; font-size: small;\">Environ 60 points lumineux impact\u00e9s qui se d\u00e9composent de la fa\u00e7on suivante :<\/p>\n<p><img loading=\"lazy\" decoding=\"async\" style=\"width: 460px; height: 365px;\" src=\"https:\/\/www.cylumine.fr\/images\/19-08-15.png\" alt=\"\" width=\"497\" height=\"403\" border=\"0\" \/><br \/><\/span><\/p>\n<p><span style=\"font-family: arial,helvetica,sans-serif; font-size: small;\">Les autres postes HT de l\u2019agglom\u00e9ration se sont tous correctement mis en service ce soir.<\/span><\/p>\n<p>\u00a0<\/p>\n<\/td>\n<\/tr>\n<\/tbody>\n<\/table>\n<table style=\"width: 747px; height: 158px;\" border=\"0\" cellspacing=\"0\" cellpadding=\"0\">\n<tbody>\n<tr>\n<td valign=\"top\">\n<hr width=\"100%\" size=\"1\" noshade=\"noshade\" \/>\n<p><strong><span style=\"font-family: Arial, 'Gill Sans', 'Gill Sans MT', 'Myriad Pro', 'DejaVu Sans Condensed', Helvetica, sans-serif; font-size: 14px; font-weight: bold; color: #ffffff; background-color: #cb1e44; background-size: contain; line-height: 20pt;\"><strong><strong><strong><strong><span style=\"font-family: Arial, 'Gill Sans', 'Gill Sans MT', 'Myriad Pro', 'DejaVu Sans Condensed', Helvetica, sans-serif; font-size: 14px; font-weight: bold; color: #ffffff; background-color: #cb1e44; background-size: contain; line-height: 20pt;\"><strong><strong><span style=\"font-family: Arial, 'Gill Sans', 'Gill Sans MT', 'Myriad Pro', 'DejaVu Sans Condensed', Helvetica, sans-serif; font-size: 14px; font-weight: bold; color: #ffffff; background-color: #cb1e44; background-size: contain; line-height: 20pt;\"><strong><strong><strong><span style=\"font-family: Arial, 'Gill Sans', 'Gill Sans MT', 'Myriad Pro', 'DejaVu Sans Condensed', Helvetica, sans-serif; font-size: 14px; font-weight: bold; color: #ffffff; background-color: #cb1e44; background-size: contain; line-height: 20pt;\"><strong><strong><span style=\"font-family: Arial, 'Gill Sans', 'Gill Sans MT', 'Myriad Pro', 'DejaVu Sans Condensed', Helvetica, sans-serif; font-size: 14px; font-weight: bold; color: #ffffff; background-color: #cb1e44; background-size: contain; line-height: 20pt;\">\u00a0FLASH INFOS MAINTENANCE &#8211; 03\/08\/2015 <br \/><\/span><\/strong><\/strong><\/span><\/strong><\/strong><\/strong><\/span><\/strong><\/strong><\/span><\/strong><\/strong><\/strong><\/strong><\/span><\/strong><\/p>\n<p><span style=\"font-family: arial,helvetica,sans-serif; font-size: small;\">Nos techniciens ont r\u00e9solu ce jour le d\u00e9faut rencontr\u00e9 sur le d\u00e9part 3 du poste HT Hautilum \u00e0 Jouy-Le-Moutier. <br \/>Nous rencontrons toujours une difficult\u00e9 sur le d\u00e9part 4 du poste HT Hautilum \u00e0 Jouy-Le-Moutier. La recherche de d\u00e9faut suit son cours sur l\u2019Avenue des Tremblays \u00e0 Jouy-Le-Moutier n\u00e9anmoins une alimentation provisoire a \u00e9t\u00e9 mise en place temporairement par nos agents pour palier \u00e0 ce dysfonctionnement le temps des investigations et de sa r\u00e9solution.<\/p>\n<p><\/span><\/p>\n<\/td>\n<\/tr>\n<\/tbody>\n<\/table>\n<table style=\"width: 747px; height: 230px;\" border=\"0\" cellspacing=\"0\" cellpadding=\"0\">\n<tbody>\n<tr>\n<td valign=\"top\">\n<hr width=\"100%\" size=\"1\" noshade=\"noshade\" \/>\n<p><strong><span style=\"font-family: Arial, 'Gill Sans', 'Gill Sans MT', 'Myriad Pro', 'DejaVu Sans Condensed', Helvetica, sans-serif; font-size: 14px; font-weight: bold; color: #ffffff; background-color: #cb1e44; background-size: contain; line-height: 20pt;\"><strong><strong><strong><strong><span style=\"font-family: Arial, 'Gill Sans', 'Gill Sans MT', 'Myriad Pro', 'DejaVu Sans Condensed', Helvetica, sans-serif; font-size: 14px; font-weight: bold; color: #ffffff; background-color: #cb1e44; background-size: contain; line-height: 20pt;\"><strong><strong><span style=\"font-family: Arial, 'Gill Sans', 'Gill Sans MT', 'Myriad Pro', 'DejaVu Sans Condensed', Helvetica, sans-serif; font-size: 14px; font-weight: bold; color: #ffffff; background-color: #cb1e44; background-size: contain; line-height: 20pt;\"><strong><strong><strong><span style=\"font-family: Arial, 'Gill Sans', 'Gill Sans MT', 'Myriad Pro', 'DejaVu Sans Condensed', Helvetica, sans-serif; font-size: 14px; font-weight: bold; color: #ffffff; background-color: #cb1e44; background-size: contain; line-height: 20pt;\"><strong><strong><span style=\"font-family: Arial, 'Gill Sans', 'Gill Sans MT', 'Myriad Pro', 'DejaVu Sans Condensed', Helvetica, sans-serif; font-size: 14px; font-weight: bold; color: #ffffff; background-color: #cb1e44; background-size: contain; line-height: 20pt;\">\u00a0FLASH INFOS MAINTENANCE\u00a0 &#8211; 31\/07\/2015 <br \/><\/span><\/strong><\/strong><\/span><\/strong><\/strong><\/strong><\/span><\/strong><\/strong><\/span><\/strong><\/strong><\/strong><\/strong><\/span><\/strong><\/p>\n<p><span style=\"font-family: arial,helvetica,sans-serif; font-size: small;\">Nous rencontrons \u00e0 l\u2019allumage ce soir une difficult\u00e9 sur le d\u00e9part 4 du poste HT Hautilum \u00e0 Jouy-Le-Moutier. Le d\u00e9part concern\u00e9 pr\u00e9sente un d\u00e9faut franc d\u00fb \u00e0 un c\u00e2ble en court-circuit sur deux phases sur l\u2019Avenue des Tremblays.\u00a0 L\u2019intervention de nos techniciens ce soir a permis d\u2019isoler le secteur en d\u00e9faut. N\u00e9anmoins pour palier provisoirement \u00e0 ce dysfonctionnement et dans notre objectif commun de continuit\u00e9 de service public, nous mettrons en \u0153uvre une alimentation provisoire depuis le r\u00e9seau Basse Tension pour r\u00e9alimenter ces derniers. <br \/>Nous rencontrons \u00e9galement depuis ce matin 00h19 une difficult\u00e9 sur le d\u00e9part 3 du poste HT Hautilum \u00e0 Jouy-Le-Moutier. Le secteur en d\u00e9faut a \u00e9t\u00e9 isol\u00e9 au maximum ce jour et cibl\u00e9 du c\u00f4t\u00e9 du Mail Mend\u00e8s France \u00e0 Vaur\u00e9al. La recherche de d\u00e9faut n\u00e9cessite des investigations compl\u00e9mentaires avec l\u2019aide d\u2019un camion laboratoire pour une analyse plus pr\u00e9cise puisque le d\u00e9faut a \u00e9t\u00e9 cibl\u00e9. <\/p>\n<p>Les secteurs impact\u00e9s cette nuit sur Vaur\u00e9al sont:<\/p>\n<p><\/span><\/p>\n<p><span style=\"font-family: arial,helvetica,sans-serif; font-size: small;\"><img loading=\"lazy\" decoding=\"async\" src=\"https:\/\/www.cylumine.fr\/img\/puce1.png\" alt=\"\" width=\"13\" height=\"11\" border=\"0\" \/> Mail Mend\u00e8s France<\/span><\/p>\n<p><span style=\"font-family: arial,helvetica,sans-serif; font-size: small;\"><img loading=\"lazy\" decoding=\"async\" src=\"https:\/\/www.cylumine.fr\/img\/puce1.png\" alt=\"\" width=\"13\" height=\"11\" border=\"0\" \/> Avenue de la R\u00e9volution Fran\u00e7aise<\/span><\/p>\n<p><span style=\"font-family: arial,helvetica,sans-serif; font-size: small;\"><img loading=\"lazy\" decoding=\"async\" src=\"https:\/\/www.cylumine.fr\/img\/puce1.png\" alt=\"\" width=\"13\" height=\"11\" border=\"0\" \/> Avenue Gavroche<\/span><\/p>\n<p><span style=\"font-family: arial,helvetica,sans-serif; font-size: small;\"><img loading=\"lazy\" decoding=\"async\" src=\"https:\/\/www.cylumine.fr\/img\/puce1.png\" alt=\"\" width=\"13\" height=\"11\" border=\"0\" \/> Avenue Sigmund Freud<\/span><\/p>\n<p><span style=\"font-family: arial,helvetica,sans-serif; font-size: small;\"><img loading=\"lazy\" decoding=\"async\" src=\"https:\/\/www.cylumine.fr\/img\/puce1.png\" alt=\"\" width=\"13\" height=\"11\" border=\"0\" \/> Rue de la Source\u00a0<\/p>\n<p> Les autres postes HT de l\u2019agglom\u00e9ration se sont tous correctement mis en service ce soir.<\/p>\n<p><\/span><\/p>\n<\/td>\n<\/tr>\n<\/tbody>\n<\/table>\n<table style=\"width: 747px; height: 230px;\" border=\"0\" cellspacing=\"0\" cellpadding=\"0\">\n<tbody>\n<tr>\n<td valign=\"top\">\n<hr width=\"100%\" size=\"1\" noshade=\"noshade\" \/>\n<p><strong><span style=\"font-family: Arial, 'Gill Sans', 'Gill Sans MT', 'Myriad Pro', 'DejaVu Sans Condensed', Helvetica, sans-serif; font-size: 14px; font-weight: bold; color: #ffffff; background-color: #cb1e44; background-size: contain; line-height: 20pt;\"><strong><strong><strong><strong><span style=\"font-family: Arial, 'Gill Sans', 'Gill Sans MT', 'Myriad Pro', 'DejaVu Sans Condensed', Helvetica, sans-serif; font-size: 14px; font-weight: bold; color: #ffffff; background-color: #cb1e44; background-size: contain; line-height: 20pt;\"><strong><strong><span style=\"font-family: Arial, 'Gill Sans', 'Gill Sans MT', 'Myriad Pro', 'DejaVu Sans Condensed', Helvetica, sans-serif; font-size: 14px; font-weight: bold; color: #ffffff; background-color: #cb1e44; background-size: contain; line-height: 20pt;\"><strong><strong><strong><span style=\"font-family: Arial, 'Gill Sans', 'Gill Sans MT', 'Myriad Pro', 'DejaVu Sans Condensed', Helvetica, sans-serif; font-size: 14px; font-weight: bold; color: #ffffff; background-color: #cb1e44; background-size: contain; line-height: 20pt;\"><strong><strong><span style=\"font-family: Arial, 'Gill Sans', 'Gill Sans MT', 'Myriad Pro', 'DejaVu Sans Condensed', Helvetica, sans-serif; font-size: 14px; font-weight: bold; color: #ffffff; background-color: #cb1e44; background-size: contain; line-height: 20pt;\">\u00a0FLASH INFOS MAINTENANCE\u00a0 &#8211; 16\/07\/2015\u00a0<\/span><\/strong><\/strong><\/span><\/strong><\/strong><\/strong><\/span><\/strong><\/strong><\/span><\/strong><\/strong><\/strong><\/strong><\/span><\/strong><\/p>\n<p>\u00a0<\/p>\n<p><span style=\"font-family: arial,helvetica,sans-serif; font-size: small;\">Nos techniciens sont parvenus hier \u00e0 alimenter provisoirement une tr\u00e8s grande partie de la zone en d\u00e9faut impact\u00e9e par cette panne. Il reste 8 Points Lumineux \u00e0 r\u00e9alimenter. Toutefois, une investigation compl\u00e9mentaire sera men\u00e9e ce jour pour \u00e9liminer le d\u00e9faut majeur. <\/p>\n<p>Le secteur impact\u00e9 cette nuit sur Jouy-Le-Moutier est : <\/p>\n<p><img loading=\"lazy\" decoding=\"async\" src=\"https:\/\/www.cylumine.fr\/img\/puce1.png\" alt=\"\" width=\"13\" height=\"11\" border=\"0\" \/> 8 Points Lumineux entre le Rond-Point de la Croix Saint Jacques et le Pont de Neuville <\/p>\n<p>Les autres postes HT de l\u2019agglom\u00e9ration se sont tous correctement mis en service ce soir.<\/p>\n<p><\/span><\/p>\n<\/td>\n<\/tr>\n<\/tbody>\n<\/table>\n<table style=\"width: 747px; height: 230px;\" border=\"0\" cellspacing=\"0\" cellpadding=\"0\">\n<tbody>\n<tr>\n<td valign=\"top\">\n<hr width=\"100%\" size=\"1\" noshade=\"noshade\" \/>\n<p><strong><span style=\"font-family: Arial, 'Gill Sans', 'Gill Sans MT', 'Myriad Pro', 'DejaVu Sans Condensed', Helvetica, sans-serif; font-size: 14px; font-weight: bold; color: #ffffff; background-color: #cb1e44; background-size: contain; line-height: 20pt;\"><strong><strong><strong><strong><span style=\"font-family: Arial, 'Gill Sans', 'Gill Sans MT', 'Myriad Pro', 'DejaVu Sans Condensed', Helvetica, sans-serif; font-size: 14px; font-weight: bold; color: #ffffff; background-color: #cb1e44; background-size: contain; line-height: 20pt;\"><strong><strong><span style=\"font-family: Arial, 'Gill Sans', 'Gill Sans MT', 'Myriad Pro', 'DejaVu Sans Condensed', Helvetica, sans-serif; font-size: 14px; font-weight: bold; color: #ffffff; background-color: #cb1e44; background-size: contain; line-height: 20pt;\"><strong><strong><strong><span style=\"font-family: Arial, 'Gill Sans', 'Gill Sans MT', 'Myriad Pro', 'DejaVu Sans Condensed', Helvetica, sans-serif; font-size: 14px; font-weight: bold; color: #ffffff; background-color: #cb1e44; background-size: contain; line-height: 20pt;\"><strong><strong><span style=\"font-family: Arial, 'Gill Sans', 'Gill Sans MT', 'Myriad Pro', 'DejaVu Sans Condensed', Helvetica, sans-serif; font-size: 14px; font-weight: bold; color: #ffffff; background-color: #cb1e44; background-size: contain; line-height: 20pt;\">\u00a0FLASH INFOS MAINTENANCE &#8211; 15\/07\/2015\u00a0<br \/><\/span><\/strong><\/strong><\/span><\/strong><\/strong><\/strong><\/span><\/strong><\/strong><\/span><\/strong><\/strong><\/strong><\/strong><\/span><\/strong><span style=\"font-size: small;\"><br \/><\/span><\/p>\n<p><span style=\"font-family: arial,helvetica,sans-serif; font-size: small;\">Nous avons rencontr\u00e9 hier soir une difficult\u00e9 sur le d\u00e9part 2 du poste HT Hautilum \u00e0 Jouy le Moutier.\u00a0 Il semblerait qu\u2019un c\u00e2ble d\u00e9t\u00e9rior\u00e9 en pleine de terre dans le Rond-Point de la Croix Saint Jacques \u00e0 Jouy-Le-Moutier est \u00e0 l\u2019origine de la panne. Le secteur en court-circuit a \u00e9t\u00e9 isol\u00e9. Une intervention est programm\u00e9e ce jour pour effectuer une investigation compl\u00e9mentaire.<\/p>\n<p>Les secteurs impact\u00e9s cette nuit sur Jouy-Le-Moutier sont : <\/p>\n<p><img loading=\"lazy\" decoding=\"async\" src=\"https:\/\/www.cylumine.fr\/img\/puce1.png\" alt=\"\" width=\"13\" height=\"11\" border=\"0\" \/> 24 Points Lumineux sur l\u2019Avenue des Saules Brul\u00e9s <br \/><img loading=\"lazy\" decoding=\"async\" src=\"https:\/\/www.cylumine.fr\/img\/puce1.png\" alt=\"\" width=\"13\" height=\"11\" border=\"0\" \/> 11 Points Lumineux sur la moiti\u00e9 du Rond-Point de la Croix Saint Jacques <br \/><img loading=\"lazy\" decoding=\"async\" src=\"https:\/\/www.cylumine.fr\/img\/puce1.png\" alt=\"\" width=\"13\" height=\"11\" border=\"0\" \/> 8 Points Lumineux entre le Rond-Point de la Croix Saint Jacques et le Pont de Neuville\u00a0<\/p>\n<p> Les autres postes HT de l\u2019agglom\u00e9ration se sont tous correctement mis en service ce soir.<\/span><\/p>\n<p>\u00a0<\/p>\n<\/td>\n<\/tr>\n<\/tbody>\n<\/table>\n<table style=\"width: 750px; height: 145px;\" border=\"0\" cellspacing=\"0\" cellpadding=\"0\">\n<tbody>\n<tr>\n<td valign=\"top\">\n<hr width=\"100%\" size=\"1\" noshade=\"noshade\" \/>\n<p><span style=\"font-family: Arial, 'Gill Sans', 'Gill Sans MT', 'Myriad Pro', 'DejaVu Sans Condensed', Helvetica, sans-serif; font-size: 14px; font-weight: bold; color: #ffffff; background-color: #cb1e44; background-size: contain; line-height: 20pt;\"><strong><strong><strong><strong><span style=\"font-family: Arial, 'Gill Sans', 'Gill Sans MT', 'Myriad Pro', 'DejaVu Sans Condensed', Helvetica, sans-serif; font-size: 14px; font-weight: bold; color: #ffffff; background-color: #cb1e44; background-size: contain; line-height: 20pt;\"><strong><strong><span style=\"font-family: Arial, 'Gill Sans', 'Gill Sans MT', 'Myriad Pro', 'DejaVu Sans Condensed', Helvetica, sans-serif; font-size: 14px; font-weight: bold; color: #ffffff; background-color: #cb1e44; background-size: contain; line-height: 20pt;\"><strong><strong><strong><span style=\"font-family: Arial, 'Gill Sans', 'Gill Sans MT', 'Myriad Pro', 'DejaVu Sans Condensed', Helvetica, sans-serif; font-size: 14px; font-weight: bold; color: #ffffff; background-color: #cb1e44; background-size: contain; line-height: 20pt;\"><strong><strong><span style=\"font-family: Arial, 'Gill Sans', 'Gill Sans MT', 'Myriad Pro', 'DejaVu Sans Condensed', Helvetica, sans-serif; font-size: 14px; font-weight: bold; color: #ffffff; background-color: #cb1e44; background-size: contain; line-height: 20pt;\"><span style=\"font-family: Arial, 'Gill Sans', 'Gill Sans MT', 'Myriad Pro', 'DejaVu Sans Condensed', Helvetica, sans-serif; font-size: 14px; font-weight: bold; color: #ffffff; background-color: #cb1e44; background-size: contain; line-height: 20pt;\"><strong><strong><strong><strong><span style=\"font-family: Arial, 'Gill Sans', 'Gill Sans MT', 'Myriad Pro', 'DejaVu Sans Condensed', Helvetica, sans-serif; font-size: 14px; font-weight: bold; color: #ffffff; background-color: #cb1e44; background-size: contain; line-height: 20pt;\"><strong><strong><span style=\"font-family: Arial, 'Gill Sans', 'Gill Sans MT', 'Myriad Pro', 'DejaVu Sans Condensed', Helvetica, sans-serif; font-size: 14px; font-weight: bold; color: #ffffff; background-color: #cb1e44; background-size: contain; line-height: 20pt;\"><strong><strong><strong><span style=\"font-family: Arial, 'Gill Sans', 'Gill Sans MT', 'Myriad Pro', 'DejaVu Sans Condensed', Helvetica, sans-serif; font-size: 14px; font-weight: bold; color: #ffffff; background-color: #cb1e44; background-size: contain; line-height: 20pt;\"><strong><strong><span style=\"font-family: Arial, 'Gill Sans', 'Gill Sans MT', 'Myriad Pro', 'DejaVu Sans Condensed', Helvetica, sans-serif; font-size: 14px; font-weight: bold; color: #ffffff; background-color: #cb1e44; background-size: contain; line-height: 20pt;\">\u00a0FLASH INFOS MAINTENANCE &#8211; 08\/07\/2015 \u00e0 23h28\u00a0<br \/><\/span><\/strong><\/strong><\/span><\/strong><\/strong><\/strong><\/span><\/strong><\/strong><\/span><\/strong><\/strong><\/strong><\/strong><\/span><\/span><\/strong><\/strong><\/span><\/strong><\/strong><\/strong><\/span><\/strong><\/strong><\/span><\/strong><\/strong><\/strong><\/strong><\/span><span style=\"font-family: arial,helvetica,sans-serif; font-size: small;\">Les probl\u00e8mes rencontr\u00e9s sur le <strong>d\u00e9part 2 du poste HT Hautilum \u00e0 Jouy le Moutier <\/strong>ont \u00e9t\u00e9 r\u00e9gl\u00e9s par nos techniciens ce jour. Un \u00e9quipement Haute Tension v\u00e9tuste qui a \u00e9t\u00e9 remplac\u00e9 depuis est \u00e0 l\u2019origine de cette panne. Ainsi tous les secteurs impact\u00e9s hier soir <strong>sont de nouveau en fonctionnement.<\/strong><\/span><\/p>\n<\/td>\n<\/tr>\n<\/tbody>\n<\/table>\n<table style=\"width: 751px; height: 279px;\" border=\"0\" cellspacing=\"0\" cellpadding=\"0\">\n<tbody>\n<tr>\n<td valign=\"top\">\n<hr width=\"100%\" size=\"1\" noshade=\"noshade\" \/>\n<p><span style=\"font-family: Arial, 'Gill Sans', 'Gill Sans MT', 'Myriad Pro', 'DejaVu Sans Condensed', Helvetica, sans-serif; font-size: 14px; font-weight: bold; color: #ffffff; background-color: #cb1e44; background-size: contain; line-height: 20pt;\"><strong><strong><strong><strong><span style=\"font-family: Arial, 'Gill Sans', 'Gill Sans MT', 'Myriad Pro', 'DejaVu Sans Condensed', Helvetica, sans-serif; font-size: 14px; font-weight: bold; color: #ffffff; background-color: #cb1e44; background-size: contain; line-height: 20pt;\"><strong><strong><span style=\"font-family: Arial, 'Gill Sans', 'Gill Sans MT', 'Myriad Pro', 'DejaVu Sans Condensed', Helvetica, sans-serif; font-size: 14px; font-weight: bold; color: #ffffff; background-color: #cb1e44; background-size: contain; line-height: 20pt;\"><strong><strong><strong><span style=\"font-family: Arial, 'Gill Sans', 'Gill Sans MT', 'Myriad Pro', 'DejaVu Sans Condensed', Helvetica, sans-serif; font-size: 14px; font-weight: bold; color: #ffffff; background-color: #cb1e44; background-size: contain; line-height: 20pt;\"><strong><strong><span style=\"font-family: Arial, 'Gill Sans', 'Gill Sans MT', 'Myriad Pro', 'DejaVu Sans Condensed', Helvetica, sans-serif; font-size: 14px; font-weight: bold; color: #ffffff; background-color: #cb1e44; background-size: contain; line-height: 20pt;\">\u00a0FLASH INFOS MAINTENANCE &#8211; 07\/07\/2015 \u00e0 03h38\u00a0<br \/><\/span><\/strong><\/strong><\/span><\/strong><\/strong><\/strong><\/span><\/strong><\/strong><\/span><\/strong><\/strong><\/strong><\/strong><\/span><span style=\"font-family: arial,helvetica,sans-serif; font-size: small;\">Nous rencontrons ce soir une difficult\u00e9 sur les phases 1 et 3 du <strong>d\u00e9part 2 du poste HT Hautilum \u00e0 Jouy-Le-Moutier<\/strong>. Le d\u00e9part concern\u00e9 a \u00e9t\u00e9 consign\u00e9 dans l\u2019attente d\u2019une investigation compl\u00e9mentaire. Un camion laboratoire a \u00e9t\u00e9 sollicit\u00e9 ce matin pour nous appuyer dans cette recherche de d\u00e9faut.<\/p>\n<p>1\/ Les secteurs impact\u00e9s cette nuit sur Jouy-Le-Moutier sont :<\/p>\n<p><\/span><img loading=\"lazy\" decoding=\"async\" src=\"https:\/\/www.cylumine.fr\/img\/puce1.png\" alt=\"\" width=\"13\" height=\"11\" border=\"0\" \/><span style=\"font-family: arial,helvetica,sans-serif; font-size: small;\">Rue Auguste Renoir<br \/><\/span><span style=\"font-family: arial,helvetica,sans-serif; font-size: small;\"><img loading=\"lazy\" decoding=\"async\" src=\"https:\/\/www.cylumine.fr\/img\/puce1.png\" alt=\"\" width=\"13\" height=\"11\" border=\"0\" \/> Rue Claude Monnet<\/span><br \/><span style=\"font-family: arial,helvetica,sans-serif; font-size: small;\"><img loading=\"lazy\" decoding=\"async\" src=\"https:\/\/www.cylumine.fr\/img\/puce1.png\" alt=\"\" width=\"13\" height=\"11\" border=\"0\" \/> Avenue du Temps Perdu<\/span><br \/><span style=\"font-family: arial,helvetica,sans-serif; font-size: small;\"><img loading=\"lazy\" decoding=\"async\" src=\"https:\/\/www.cylumine.fr\/img\/puce1.png\" alt=\"\" width=\"13\" height=\"11\" border=\"0\" \/> Rue du Moulinet<br \/><\/span><span style=\"font-family: arial,helvetica,sans-serif; font-size: small;\"><img loading=\"lazy\" decoding=\"async\" src=\"https:\/\/www.cylumine.fr\/img\/puce1.png\" alt=\"\" width=\"13\" height=\"11\" border=\"0\" \/> Rue de l\u2019Angelus<br \/><\/span><span style=\"font-family: arial,helvetica,sans-serif; font-size: small;\"><img loading=\"lazy\" decoding=\"async\" src=\"https:\/\/www.cylumine.fr\/img\/puce1.png\" alt=\"\" width=\"13\" height=\"11\" border=\"0\" \/> All\u00e9e des Noyers<br \/><\/span><span style=\"font-family: arial,helvetica,sans-serif; font-size: small;\"><img loading=\"lazy\" decoding=\"async\" src=\"https:\/\/www.cylumine.fr\/img\/puce1.png\" alt=\"\" width=\"13\" height=\"11\" border=\"0\" \/> Rue des Marguerites<\/span><br \/><span style=\"font-family: arial,helvetica,sans-serif; font-size: small;\"><img loading=\"lazy\" decoding=\"async\" src=\"https:\/\/www.cylumine.fr\/img\/puce1.png\" alt=\"\" width=\"13\" height=\"11\" border=\"0\" \/> Rue des Joncquilles<br \/><\/span><span style=\"font-family: arial,helvetica,sans-serif; font-size: small;\"><img loading=\"lazy\" decoding=\"async\" src=\"https:\/\/www.cylumine.fr\/img\/puce1.png\" alt=\"\" width=\"13\" height=\"11\" border=\"0\" \/> Rue des Noisetiers<br \/><\/span><span style=\"font-family: arial,helvetica,sans-serif; font-size: small;\"><img loading=\"lazy\" decoding=\"async\" src=\"https:\/\/www.cylumine.fr\/img\/puce1.png\" alt=\"\" width=\"13\" height=\"11\" border=\"0\" \/> Rue des Pervenches<br \/><\/span><span style=\"font-family: arial,helvetica,sans-serif; font-size: small;\"><img loading=\"lazy\" decoding=\"async\" src=\"https:\/\/www.cylumine.fr\/img\/puce1.png\" alt=\"\" width=\"13\" height=\"11\" border=\"0\" \/> Une partie du Boulevard de l\u2019Oise<br \/><\/span><span style=\"font-family: arial,helvetica,sans-serif; font-size: small;\"><img loading=\"lazy\" decoding=\"async\" src=\"https:\/\/www.cylumine.fr\/img\/puce1.png\" alt=\"\" width=\"13\" height=\"11\" border=\"0\" \/> Avenue du Vast<br \/><\/span><span style=\"font-family: arial,helvetica,sans-serif; font-size: small;\"><img loading=\"lazy\" decoding=\"async\" src=\"https:\/\/www.cylumine.fr\/img\/puce1.png\" alt=\"\" width=\"13\" height=\"11\" border=\"0\" \/> Rue de la Hayette<\/span><br \/><span style=\"font-family: arial,helvetica,sans-serif; font-size: small;\"><img loading=\"lazy\" decoding=\"async\" src=\"https:\/\/www.cylumine.fr\/img\/puce1.png\" alt=\"\" width=\"13\" height=\"11\" border=\"0\" \/> Rue du Chemin Vert<\/span><br \/><span style=\"font-family: arial,helvetica,sans-serif; font-size: small;\"><img loading=\"lazy\" decoding=\"async\" src=\"https:\/\/www.cylumine.fr\/img\/puce1.png\" alt=\"\" width=\"13\" height=\"11\" border=\"0\" \/> Place du noyer<\/p>\n<p>2\/ Les secteurs impact\u00e9s cette nuit sur Cergy sont : <\/p>\n<p><\/span><span style=\"font-family: arial,helvetica,sans-serif; font-size: small;\"><img loading=\"lazy\" decoding=\"async\" src=\"https:\/\/www.cylumine.fr\/img\/puce1.png\" alt=\"\" width=\"13\" height=\"11\" border=\"0\" \/> Avenue des B\u00e9guines<\/span><br \/><span style=\"font-family: arial,helvetica,sans-serif; font-size: small;\"><img loading=\"lazy\" decoding=\"async\" src=\"https:\/\/www.cylumine.fr\/img\/puce1.png\" alt=\"\" width=\"13\" height=\"11\" border=\"0\" \/> Avenue de la Belle Haumi\u00e8re<\/span><br \/><span style=\"font-family: arial,helvetica,sans-serif; font-size: small;\"><img loading=\"lazy\" decoding=\"async\" src=\"https:\/\/www.cylumine.fr\/img\/puce1.png\" alt=\"\" width=\"13\" height=\"11\" border=\"0\" \/> Une partie du Boulevard d\u2019Osny<\/span><br \/><span style=\"font-family: arial,helvetica,sans-serif; font-size: small;\"><img loading=\"lazy\" decoding=\"async\" src=\"https:\/\/www.cylumine.fr\/img\/puce1.png\" alt=\"\" width=\"13\" height=\"11\" border=\"0\" \/> Une partie du Boulevard de l\u2019Oise<\/span><\/p>\n<p><span style=\"font-family: arial,helvetica,sans-serif; font-size: small;\">Environ 180 Points Lumineux concern\u00e9s.<\/span><\/p>\n<p><span style=\"font-family: arial,helvetica,sans-serif; font-size: small;\">Les autres postes HT de l\u2019agglom\u00e9ration se sont tous correctement mis en service ce soir.<\/p>\n<p><\/span><\/p>\n<\/td>\n<\/tr>\n<\/tbody>\n<\/table>\n<p><\/p>\n<table style=\"width: 752px; height: 165px;\" border=\"0\" cellspacing=\"0\" cellpadding=\"0\">\n<tbody>\n<tr>\n<td valign=\"top\">\n<hr width=\"100%\" size=\"1\" noshade=\"noshade\" \/>\n<p><strong><span style=\"font-family: Arial, 'Gill Sans', 'Gill Sans MT', 'Myriad Pro', 'DejaVu Sans Condensed', Helvetica, sans-serif; font-size: 14px; font-weight: bold; color: #ffffff; background-color: #cb1e44; background-size: contain; line-height: 20pt;\"><strong><strong><strong><strong><span style=\"font-family: Arial, 'Gill Sans', 'Gill Sans MT', 'Myriad Pro', 'DejaVu Sans Condensed', Helvetica, sans-serif; font-size: 14px; font-weight: bold; color: #ffffff; background-color: #cb1e44; background-size: contain; line-height: 20pt;\"><strong><strong><span style=\"font-family: Arial, 'Gill Sans', 'Gill Sans MT', 'Myriad Pro', 'DejaVu Sans Condensed', Helvetica, sans-serif; font-size: 14px; font-weight: bold; color: #ffffff; background-color: #cb1e44; background-size: contain; line-height: 20pt;\"><strong><strong><strong><span style=\"font-family: Arial, 'Gill Sans', 'Gill Sans MT', 'Myriad Pro', 'DejaVu Sans Condensed', Helvetica, sans-serif; font-size: 14px; font-weight: bold; color: #ffffff; background-color: #cb1e44; background-size: contain; line-height: 20pt;\"><strong><strong><span style=\"font-family: Arial, 'Gill Sans', 'Gill Sans MT', 'Myriad Pro', 'DejaVu Sans Condensed', Helvetica, sans-serif; font-size: 14px; font-weight: bold; color: #ffffff; background-color: #cb1e44; background-size: contain; line-height: 20pt;\">\u00a0FLASH INFOS MAINTENANCE &#8211; 20\/04\/2015 <\/span><\/strong><\/strong><\/span><\/strong><\/strong><\/strong><\/span><\/strong><\/strong><\/span><\/strong><\/strong><\/strong><\/strong><\/span><\/strong><span style=\"font-size: small;\"><\/p>\n<p>Nous avons subi ce soir la rupture d\u2019alimentation \u00e9lectrique, du fait du fournisseur d\u2019\u00e9nergie sur le poste de transformation haute tension (HT) \u00e9clairage public \u00ab LAMPADAIRE \u00bb \u00e0 Cergy. Nous les avons sollicit\u00e9s par t\u00e9l\u00e9phone, il semblerait que leur poste de transformation 20Kv en amont de notre installation est en d\u00e9faut depuis 22h15 ce soir. L\u2019alimentation g\u00e9n\u00e9rale a \u00e9t\u00e9 r\u00e9tablie \u00e0 23h30 ce soir soit une coupure de l\u2019\u00e9clairage public d\u2019environ 1h15. Environ 1560 Points Lumineux concern\u00e9s sur la commune de Cergy et Neuville-sur-Oise. <\/p>\n<p>Tous les autres postes HT de l\u2019agglom\u00e9ration se sont correctement mis en service ce soir.<br \/><\/span><\/p>\n<\/td>\n<\/tr>\n<\/tbody>\n<\/table>\n<p><\/p>\n<table border=\"0\" cellspacing=\"0\" cellpadding=\"0\">\n<tbody>\n<tr>\n<td valign=\"top\">\n<hr width=\"100%\" size=\"1\" noshade=\"noshade\" \/>\n<p><strong><strong><strong><strong><strong><strong><strong><strong><strong><strong><strong><strong><span style=\"font-family: Arial, 'Gill Sans', 'Gill Sans MT', 'Myriad Pro', 'DejaVu Sans Condensed', Helvetica, sans-serif; font-size: 14px; font-weight: bold; color: #ffffff; background-color: #cb1e44; background-size: contain; line-height: 20pt;\"><strong><strong><strong><strong><span style=\"font-family: Arial, 'Gill Sans', 'Gill Sans MT', 'Myriad Pro', 'DejaVu Sans Condensed', Helvetica, sans-serif; font-size: 14px; font-weight: bold; color: #ffffff; background-color: #cb1e44; background-size: contain; line-height: 20pt;\"><strong><strong><span style=\"font-family: Arial, 'Gill Sans', 'Gill Sans MT', 'Myriad Pro', 'DejaVu Sans Condensed', Helvetica, sans-serif; font-size: 14px; font-weight: bold; color: #ffffff; background-color: #cb1e44; background-size: contain; line-height: 20pt;\"><strong><strong><strong><span style=\"font-family: Arial, 'Gill Sans', 'Gill Sans MT', 'Myriad Pro', 'DejaVu Sans Condensed', Helvetica, sans-serif; font-size: 14px; font-weight: bold; color: #ffffff; background-color: #cb1e44; background-size: contain; line-height: 20pt;\"><strong><strong><span style=\"font-family: Arial, 'Gill Sans', 'Gill Sans MT', 'Myriad Pro', 'DejaVu Sans Condensed', Helvetica, sans-serif; font-size: 14px; font-weight: bold; color: #ffffff; background-color: #cb1e44; background-size: contain; line-height: 20pt;\">\u00a0FLASH INFOS MAINTENANCE &#8211; 06\/03\/2015 \u00e0 23h00\u00a0<\/p>\n<p><\/span><\/strong><\/strong><\/span><\/strong><\/strong><\/strong><\/span><\/strong><\/strong><\/span><\/strong><\/strong><\/strong><\/strong><\/span><\/strong><\/strong><\/strong><\/strong><\/strong><\/strong><\/strong><\/strong><\/strong><\/strong><\/strong><\/strong><span style=\"font-family: arial,helvetica,sans-serif; font-size: small;\">Nos techniciens ont sold\u00e9 ce jour le d\u00e9faut rencontr\u00e9 sur le d\u00e9part 2 et 3 du poste HT Lamparo \u00e0 Saint-Ouen-l\u2019Aum\u00f4ne. Comme convenu, nos terrassiers et techniciens sont intervenus pour remplacer la port\u00e9e de c\u00e2ble en d\u00e9faut, ce qui a abouti \u00e0 la r\u00e9solution des d\u00e9fauts Haute Tension.<\/p>\n<p><\/span><\/p>\n<p><span style=\"font-family: arial,helvetica,sans-serif; font-size: small;\">Tous les autres postes HT de l\u2019agglom\u00e9ration se sont correctement mis en service ce soir.<br \/><\/span><\/p>\n<\/td>\n<\/tr>\n<\/tbody>\n<\/table>\n<p><\/p>\n<table style=\"width: 751px; height: 279px;\" border=\"0\" cellspacing=\"0\" cellpadding=\"0\">\n<tbody>\n<tr>\n<td valign=\"top\">\n<hr width=\"100%\" size=\"1\" noshade=\"noshade\" \/>\n<p><span style=\"font-family: Arial, 'Gill Sans', 'Gill Sans MT', 'Myriad Pro', 'DejaVu Sans Condensed', Helvetica, sans-serif; font-size: 14px; font-weight: bold; color: #ffffff; background-color: #cb1e44; background-size: contain; line-height: 20pt;\"><strong><strong><strong><strong><span style=\"font-family: Arial, 'Gill Sans', 'Gill Sans MT', 'Myriad Pro', 'DejaVu Sans Condensed', Helvetica, sans-serif; font-size: 14px; font-weight: bold; color: #ffffff; background-color: #cb1e44; background-size: contain; line-height: 20pt;\"><strong><strong><span style=\"font-family: Arial, 'Gill Sans', 'Gill Sans MT', 'Myriad Pro', 'DejaVu Sans Condensed', Helvetica, sans-serif; font-size: 14px; font-weight: bold; color: #ffffff; background-color: #cb1e44; background-size: contain; line-height: 20pt;\"><strong><strong><strong><span style=\"font-family: Arial, 'Gill Sans', 'Gill Sans MT', 'Myriad Pro', 'DejaVu Sans Condensed', Helvetica, sans-serif; font-size: 14px; font-weight: bold; color: #ffffff; background-color: #cb1e44; background-size: contain; line-height: 20pt;\"><strong><strong><span style=\"font-family: Arial, 'Gill Sans', 'Gill Sans MT', 'Myriad Pro', 'DejaVu Sans Condensed', Helvetica, sans-serif; font-size: 14px; font-weight: bold; color: #ffffff; background-color: #cb1e44; background-size: contain; line-height: 20pt;\">\u00a0FLASH INFOS MAINTENANCE &#8211; 05\/03\/2015 \u00e0 21h03\u00a0<\/p>\n<p><\/span><\/strong><\/strong><\/span><\/strong><\/strong><\/strong><\/span><\/strong><\/strong><\/span><\/strong><\/strong><\/strong><\/strong><\/span><\/p>\n<p><span style=\"font-family: arial,helvetica,sans-serif; font-size: small;\">Nous rencontrons toujours\u00a0 des difficult\u00e9s sur le d\u00e9part 2 et 3 du poste HT Lamparo \u00e0 Saint-Ouen-l\u2019Aum\u00f4ne.<\/span><span style=\"font-family: arial,helvetica,sans-serif; font-size: small;\">Un bouclage depuis le d\u00e9part 4 du m\u00eame poste Haute Tension a \u00e9t\u00e9 mis en place afin de limiter comme vous le constaterez ci-dessous le nombre de points lumineux impact\u00e9s. L\u2019origine de la panne est un tron\u00e7on de c\u00e2ble Haute Tension en d\u00e9faut qui d\u2019ailleurs a \u00e9t\u00e9 cibl\u00e9 par nos agents ce jour. Une demande d\u2019Autorisation de Travail Urgent a \u00e9t\u00e9 faite depuis le guichet unique afin de d\u00e9marrer les travaux d\u00e8s demain matin.<\/span><span style=\"font-family: arial,helvetica,sans-serif; font-size: small;\">Des \u00e9quipes de terrassiers ainsi que plusieurs techniciens ont \u00e9t\u00e9 sollicit\u00e9s afin de mener \u00e0 bien cette mise en \u0153uvre.<br \/><\/span><\/p>\n<p><span style=\"font-family: arial,helvetica,sans-serif; font-size: small;\">Les secteurs impact\u00e9s cette nuit \u00e0 Saint-Ouen-l\u2019Aum\u00f4ne sont:<\/p>\n<p><\/span><\/p>\n<p><span style=\"font-family: arial,helvetica,sans-serif; font-size: small;\"><img loading=\"lazy\" decoding=\"async\" src=\"https:\/\/www.cylumine.fr\/img\/puce1.png\" alt=\"\" width=\"13\" height=\"11\" border=\"0\" \/> Avenue du Fond de Vaux (apr\u00e8s la N184) <br \/><\/span><span style=\"font-family: arial,helvetica,sans-serif; font-size: small;\"><img loading=\"lazy\" decoding=\"async\" src=\"https:\/\/www.cylumine.fr\/img\/puce1.png\" alt=\"\" width=\"13\" height=\"11\" border=\"0\" \/> Avenue de la Mare <br \/><\/span><span style=\"font-family: arial,helvetica,sans-serif; font-size: small;\"><img loading=\"lazy\" decoding=\"async\" src=\"https:\/\/www.cylumine.fr\/img\/puce1.png\" alt=\"\" width=\"13\" height=\"11\" border=\"0\" \/> Avenue du Fief <br \/><\/span><span style=\"font-family: arial,helvetica,sans-serif; font-size: small;\"><img loading=\"lazy\" decoding=\"async\" src=\"https:\/\/www.cylumine.fr\/img\/puce1.png\" alt=\"\" width=\"13\" height=\"11\" border=\"0\" \/> Avenue des B\u00e9thunes<br \/><\/span><span style=\"font-family: arial,helvetica,sans-serif; font-size: small;\"><img loading=\"lazy\" decoding=\"async\" src=\"https:\/\/www.cylumine.fr\/img\/puce1.png\" alt=\"\" width=\"13\" height=\"11\" border=\"0\" \/> Avenue de la Haute Borne<br \/><\/span><span style=\"font-family: arial,helvetica,sans-serif; font-size: small;\"><img loading=\"lazy\" decoding=\"async\" src=\"https:\/\/www.cylumine.fr\/img\/puce1.png\" alt=\"\" width=\"13\" height=\"11\" border=\"0\" \/> Rue Marcel Dassault<br \/><\/span><span style=\"font-family: arial,helvetica,sans-serif; font-size: small;\"><img loading=\"lazy\" decoding=\"async\" src=\"https:\/\/www.cylumine.fr\/img\/puce1.png\" alt=\"\" width=\"13\" height=\"11\" border=\"0\" \/> Rue de l\u2019Equerre<br \/><\/span><span style=\"font-family: arial,helvetica,sans-serif; font-size: small;\"><img loading=\"lazy\" decoding=\"async\" src=\"https:\/\/www.cylumine.fr\/img\/puce1.png\" alt=\"\" width=\"13\" height=\"11\" border=\"0\" \/> Rue de la Garenne<br \/><\/span><span style=\"font-family: arial,helvetica,sans-serif; font-size: small;\"><img loading=\"lazy\" decoding=\"async\" src=\"https:\/\/www.cylumine.fr\/img\/puce1.png\" alt=\"\" width=\"13\" height=\"11\" border=\"0\" \/> Rue Saint-Simon <br \/><\/span><span style=\"font-family: arial,helvetica,sans-serif; font-size: small;\"><img loading=\"lazy\" decoding=\"async\" src=\"https:\/\/www.cylumine.fr\/img\/puce1.png\" alt=\"\" width=\"13\" height=\"11\" border=\"0\" \/> Rue du Bois du Pont<br \/><\/span><span style=\"font-family: arial,helvetica,sans-serif; font-size: small;\"><img loading=\"lazy\" decoding=\"async\" src=\"https:\/\/www.cylumine.fr\/img\/puce1.png\" alt=\"\" width=\"13\" height=\"11\" border=\"0\" \/> Rue du Rapporteur<br \/><\/span><span style=\"font-family: arial,helvetica,sans-serif; font-size: small;\"><img loading=\"lazy\" decoding=\"async\" src=\"https:\/\/www.cylumine.fr\/img\/puce1.png\" alt=\"\" width=\"13\" height=\"11\" border=\"0\" \/> Rue du Compas<br \/><\/span><span style=\"font-family: arial,helvetica,sans-serif; font-size: small;\"><img loading=\"lazy\" decoding=\"async\" src=\"https:\/\/www.cylumine.fr\/img\/puce1.png\" alt=\"\" width=\"13\" height=\"11\" border=\"0\" \/> Rue du Palmer<br \/><\/span><span style=\"font-family: arial,helvetica,sans-serif; font-size: small;\"><img loading=\"lazy\" decoding=\"async\" src=\"https:\/\/www.cylumine.fr\/img\/puce1.png\" alt=\"\" width=\"13\" height=\"11\" border=\"0\" \/> Chemin des Bergers<\/span><span style=\"font-family: arial,helvetica,sans-serif; font-size: small;\"><\/p>\n<p>Environ 255 Points Lumineux concern\u00e9s.<br \/><\/span><span style=\"font-family: arial,helvetica,sans-serif; font-size: small;\"><\/p>\n<p>Le poste de transformation haute tension (HT) \u00e9clairage public \u00ab Halog\u00e8ne \u00bb \u00e0 Vaur\u00e9al a \u00e9t\u00e9 r\u00e9aliment\u00e9 hier en milieu de soir\u00e9e suite \u00e0 une rupture d\u2019alimentation \u00e9lectrique momentan\u00e9 du fournisseur d\u2019\u00e9nergie.<\/p>\n<p><\/span><span style=\"font-family: arial,helvetica,sans-serif; font-size: small;\"><br \/> Tous les autres postes HT de l\u2019agglom\u00e9ration se sont correctement mis en service ce soir-l\u00e0.<br \/><\/span><\/p>\n<\/td>\n<\/tr>\n<\/tbody>\n<\/table>\n<p><\/p>\n<table style=\"width: 752px; height: 165px;\" border=\"0\" cellspacing=\"0\" cellpadding=\"0\">\n<tbody>\n<tr>\n<td valign=\"top\">\n<hr width=\"100%\" size=\"1\" noshade=\"noshade\" \/>\n<p><strong><span style=\"font-family: Arial, 'Gill Sans', 'Gill Sans MT', 'Myriad Pro', 'DejaVu Sans Condensed', Helvetica, sans-serif; font-size: 14px; font-weight: bold; color: #ffffff; background-color: #cb1e44; background-size: contain; line-height: 20pt;\"><strong><strong><strong><strong><span style=\"font-family: Arial, 'Gill Sans', 'Gill Sans MT', 'Myriad Pro', 'DejaVu Sans Condensed', Helvetica, sans-serif; font-size: 14px; font-weight: bold; color: #ffffff; background-color: #cb1e44; background-size: contain; line-height: 20pt;\"><strong><strong><span style=\"font-family: Arial, 'Gill Sans', 'Gill Sans MT', 'Myriad Pro', 'DejaVu Sans Condensed', Helvetica, sans-serif; font-size: 14px; font-weight: bold; color: #ffffff; background-color: #cb1e44; background-size: contain; line-height: 20pt;\"><strong><strong><strong><span style=\"font-family: Arial, 'Gill Sans', 'Gill Sans MT', 'Myriad Pro', 'DejaVu Sans Condensed', Helvetica, sans-serif; font-size: 14px; font-weight: bold; color: #ffffff; background-color: #cb1e44; background-size: contain; line-height: 20pt;\"><strong><strong><span style=\"font-family: Arial, 'Gill Sans', 'Gill Sans MT', 'Myriad Pro', 'DejaVu Sans Condensed', Helvetica, sans-serif; font-size: 14px; font-weight: bold; color: #ffffff; background-color: #cb1e44; background-size: contain; line-height: 20pt;\">\u00a0FLASH INFOS MAINTENANCE &#8211; 04\/03\/2015 \u00e0 22h10\u00a0<\/span><\/strong><\/strong><\/span><\/strong><\/strong><\/strong><\/span><\/strong><\/strong><\/span><\/strong><\/strong><\/strong><\/strong><\/span><\/strong><\/p>\n<p><span style=\"font-family: arial,helvetica,sans-serif; font-size: small;\"><br \/>Nous rencontrons ce soir des difficult\u00e9s sur le d\u00e9part 2 et 3 du poste HT Lamparo \u00e0 Saint-Ouen-l\u2019Aum\u00f4ne. Les d\u00e9parts concern\u00e9s ont \u00e9t\u00e9 consign\u00e9 dans l\u2019attente d\u2019investigations compl\u00e9mentaires.Une intervention du technicien a \u00e9t\u00e9 effectu\u00e9 juste apr\u00e8s l\u2019allumage et a r\u00e9v\u00e9l\u00e9 un d\u00e9faut franc sur ces 2 d\u00e9parts. Des recherches de d\u00e9fauts sont programm\u00e9es d\u00e8s demain matin. <br \/><\/span><\/p>\n<p><span style=\"font-family: arial,helvetica,sans-serif; font-size: small;\">Les secteurs impact\u00e9s cette nuit \u00e0 Saint-Ouen-l\u2019Aum\u00f4ne sont:<\/p>\n<p><\/span><span style=\"font-family: arial,helvetica,sans-serif; font-size: small;\"><img loading=\"lazy\" decoding=\"async\" src=\"https:\/\/www.cylumine.fr\/img\/puce1.png\" alt=\"\" width=\"13\" height=\"11\" border=\"0\" \/><\/span><span style=\"font-family: arial,helvetica,sans-serif; font-size: small;\">Rue d\u2019Epluches<br \/><\/span><span style=\"font-family: arial,helvetica,sans-serif; font-size: small;\"><img loading=\"lazy\" decoding=\"async\" src=\"https:\/\/www.cylumine.fr\/img\/puce1.png\" alt=\"\" width=\"13\" height=\"11\" border=\"0\" \/> Rue des Fortes Terres<br \/><\/span><span style=\"font-family: arial,helvetica,sans-serif; font-size: small;\"><img loading=\"lazy\" decoding=\"async\" src=\"https:\/\/www.cylumine.fr\/img\/puce1.png\" alt=\"\" width=\"13\" height=\"11\" border=\"0\" \/> Avenue du Fond de Vaux<br \/><\/span><span style=\"font-family: arial,helvetica,sans-serif; font-size: small;\"><img loading=\"lazy\" decoding=\"async\" src=\"https:\/\/www.cylumine.fr\/img\/puce1.png\" alt=\"\" width=\"13\" height=\"11\" border=\"0\" \/> Avenue de la Mare<\/span><br \/><span style=\"font-family: arial,helvetica,sans-serif; font-size: small;\"><img loading=\"lazy\" decoding=\"async\" src=\"https:\/\/www.cylumine.fr\/img\/puce1.png\" alt=\"\" width=\"13\" height=\"11\" border=\"0\" \/> Avenue du Fief<br \/><\/span><span style=\"font-family: arial,helvetica,sans-serif; font-size: small;\"><img loading=\"lazy\" decoding=\"async\" src=\"https:\/\/www.cylumine.fr\/img\/puce1.png\" alt=\"\" width=\"13\" height=\"11\" border=\"0\" \/> Avenue des B\u00e9thunes<br \/><\/span><span style=\"font-family: arial,helvetica,sans-serif; font-size: small;\"><img loading=\"lazy\" decoding=\"async\" src=\"https:\/\/www.cylumine.fr\/img\/puce1.png\" alt=\"\" width=\"13\" height=\"11\" border=\"0\" \/> Avenue du Ch\u00e2teau<\/span><br \/><span style=\"font-family: arial,helvetica,sans-serif; font-size: small;\"><img loading=\"lazy\" decoding=\"async\" src=\"https:\/\/www.cylumine.fr\/img\/puce1.png\" alt=\"\" width=\"13\" height=\"11\" border=\"0\" \/> Avenue de la Haute Borne<br \/><\/span><span style=\"font-family: arial,helvetica,sans-serif; font-size: small;\"><img loading=\"lazy\" decoding=\"async\" src=\"https:\/\/www.cylumine.fr\/img\/puce1.png\" alt=\"\" width=\"13\" height=\"11\" border=\"0\" \/> Rue Marcel Dassault<br \/><\/span><span style=\"font-family: arial,helvetica,sans-serif; font-size: small;\"><img loading=\"lazy\" decoding=\"async\" src=\"https:\/\/www.cylumine.fr\/img\/puce1.png\" alt=\"\" width=\"13\" height=\"11\" border=\"0\" \/> Rue de l\u2019Equerre<br \/><\/span><span style=\"font-family: arial,helvetica,sans-serif; font-size: small;\"><img loading=\"lazy\" decoding=\"async\" src=\"https:\/\/www.cylumine.fr\/img\/puce1.png\" alt=\"\" width=\"13\" height=\"11\" border=\"0\" \/> Rue de la Garenne<\/span><br \/><span style=\"font-family: arial,helvetica,sans-serif; font-size: small;\"><img loading=\"lazy\" decoding=\"async\" src=\"https:\/\/www.cylumine.fr\/img\/puce1.png\" alt=\"\" width=\"13\" height=\"11\" border=\"0\" \/> Rue Saint-Simon<\/span><br \/><span style=\"font-family: arial,helvetica,sans-serif; font-size: small;\"><img loading=\"lazy\" decoding=\"async\" src=\"https:\/\/www.cylumine.fr\/img\/puce1.png\" alt=\"\" width=\"13\" height=\"11\" border=\"0\" \/> Rue du Bois du Pont<br \/><\/span><span style=\"font-family: arial,helvetica,sans-serif; font-size: small;\"><img loading=\"lazy\" decoding=\"async\" src=\"https:\/\/www.cylumine.fr\/img\/puce1.png\" alt=\"\" width=\"13\" height=\"11\" border=\"0\" \/> Rue du Rapporteur<\/span><br \/><span style=\"font-family: arial,helvetica,sans-serif; font-size: small;\"><img loading=\"lazy\" decoding=\"async\" src=\"https:\/\/www.cylumine.fr\/img\/puce1.png\" alt=\"\" width=\"13\" height=\"11\" border=\"0\" \/> Rue du Compas<\/span><br \/><span style=\"font-family: arial,helvetica,sans-serif; font-size: small;\"><img loading=\"lazy\" decoding=\"async\" src=\"https:\/\/www.cylumine.fr\/img\/puce1.png\" alt=\"\" width=\"13\" height=\"11\" border=\"0\" \/> Rue du Palmer<\/span><br \/><span style=\"font-family: arial,helvetica,sans-serif; font-size: small;\"><img loading=\"lazy\" decoding=\"async\" src=\"https:\/\/www.cylumine.fr\/img\/puce1.png\" alt=\"\" width=\"13\" height=\"11\" border=\"0\" \/> Chemin des Bergers<br \/><\/span><span style=\"font-family: arial,helvetica,sans-serif; font-size: small;\"><img loading=\"lazy\" decoding=\"async\" src=\"https:\/\/www.cylumine.fr\/img\/puce1.png\" alt=\"\" width=\"13\" height=\"11\" border=\"0\" \/> Avenue de l\u2019Eguillete<br \/><\/span><span style=\"font-family: arial,helvetica,sans-serif; font-size: small;\"><img loading=\"lazy\" decoding=\"async\" src=\"https:\/\/www.cylumine.fr\/img\/puce1.png\" alt=\"\" width=\"13\" height=\"11\" border=\"0\" \/> Avenue des Gros Chevaux<\/span><span style=\"font-family: arial,helvetica,sans-serif; font-size: small;\"><\/p>\n<p><\/span><span style=\"font-family: arial,helvetica,sans-serif; font-size: small;\">Environ 385 Points Lumineux concern\u00e9s.<\/p>\n<p>Nous subissons \u00e9galement ce soir la rupture d\u2019alimentation \u00e9lectrique, du fait du fournisseur d\u2019\u00e9nergie sur le poste de transformation haute tension (HT) \u00e9clairage public \u00ab Halog\u00e8ne \u00bb \u00e0 Vaur\u00e9al. Nous les avons sollicit\u00e9 par t\u00e9l\u00e9phone, il semblerait que leur poste de transformation 20Kv en amont de notre installation est en d\u00e9faut depuis 9h45 ce matin. Ils r\u00e9tabliront l\u2019alimentation d\u00e8s que possible. <\/p>\n<p>Environ 650 Points Lumineux concern\u00e9s sur la commune de Vaur\u00e9al.<\/p>\n<p>Nous vous tenons inform\u00e9s de l\u2019avancement et\/ou des r\u00e9solutions. <\/p>\n<p>Tous les autres postes HT de l\u2019agglom\u00e9ration se sont correctement mis en service ce soir.<br \/><\/span><\/p>\n<\/td>\n<\/tr>\n<\/tbody>\n<\/table>\n<p><\/p>\n<table border=\"0\" cellspacing=\"0\" cellpadding=\"0\">\n<tbody>\n<tr>\n<td valign=\"top\">\n<hr width=\"100%\" size=\"1\" noshade=\"noshade\" \/><span style=\"font-family: Arial, 'Gill Sans', 'Gill Sans MT', 'Myriad Pro', 'DejaVu Sans Condensed', Helvetica, sans-serif; font-size: 14px; font-weight: bold; color: #ffffff; background-color: #cb1e44; background-size: contain; line-height: 20pt;\"><strong><strong><strong><strong><span style=\"font-family: Arial, 'Gill Sans', 'Gill Sans MT', 'Myriad Pro', 'DejaVu Sans Condensed', Helvetica, sans-serif; font-size: 14px; font-weight: bold; color: #ffffff; background-color: #cb1e44; background-size: contain; line-height: 20pt;\"><strong><strong><span style=\"font-family: Arial, 'Gill Sans', 'Gill Sans MT', 'Myriad Pro', 'DejaVu Sans Condensed', Helvetica, sans-serif; font-size: 14px; font-weight: bold; color: #ffffff; background-color: #cb1e44; background-size: contain; line-height: 20pt;\"><strong><strong><strong><span style=\"font-family: Arial, 'Gill Sans', 'Gill Sans MT', 'Myriad Pro', 'DejaVu Sans Condensed', Helvetica, sans-serif; font-size: 14px; font-weight: bold; color: #ffffff; background-color: #cb1e44; background-size: contain; line-height: 20pt;\"><strong><strong><span style=\"font-family: Arial, 'Gill Sans', 'Gill Sans MT', 'Myriad Pro', 'DejaVu Sans Condensed', Helvetica, sans-serif; font-size: 14px; font-weight: bold; color: #ffffff; background-color: #cb1e44; background-size: contain; line-height: 20pt;\">\u00a0FLASH INFOS MAINTENANCE &#8211; 29\/01\/2015 \u00e0 22h16 <\/span><\/strong><\/strong><\/span><\/strong><\/strong><\/strong><\/span><\/strong><\/strong><\/span><\/strong><\/strong><\/strong><\/strong><\/span>\u00a0\u00a0<\/p>\n<p><span style=\"font-size: small;\">1- Le <strong>d\u00e9part 5<\/strong> du poste HT <strong>Hautilum \u00e0 Jouy-Le-Moutier<\/strong>pr\u00e9sente toujours un d\u00e9faut franc d\u00fb \u00e0 un c\u00e2ble en pleine terre en court-circuit sur deux phases. Nos techniciens sont parvenus ce jour \u00e0 alimenter provisoirement une partie de la zone en d\u00e9faut impact\u00e9e par cette panne. Il reste 14 PL \u00e0 r\u00e9alimenter provisoirement suivant la zone d\u00e9finit dans le plan ci-dessous. Toutefois, une investigation compl\u00e9mentaire sera men\u00e9e demain pour \u00e9liminer le ou les d\u00e9fauts majeurs.<br \/><\/span><\/p>\n<p><span style=\"font-size: small;\">Les secteurs impact\u00e9s cette nuit sur Jouy-Le-Moutier suivant le plan ci-dessous sont:<\/p>\n<p><\/span><span style=\"font-size: small;\"><img loading=\"lazy\" decoding=\"async\" src=\"https:\/\/www.cylumine.fr\/img\/puce1.png\" alt=\"\" width=\"13\" height=\"11\" border=\"0\" \/> Rue des Vignes Blanches suivant le plan ci-dessous soit 14 Points Lumineux impact\u00e9s<br \/><\/span><\/p>\n<p><img decoding=\"async\" style=\"float: left; margin-top: 10px; margin-bottom: 10px;\" src=\"https:\/\/www.cylumine.fr\/images\/image003.jpg\" width=\"750\" border=\"0\" \/><\/p>\n<p><span style=\"font-size: small;\"><\/p>\n<p>2- Nous rencontrons \u00e9galement une difficult\u00e9 sur le <strong>d\u00e9part 6<\/strong> du <strong>Poste HT Halog\u00e8ne<\/strong>. Le d\u00e9part concern\u00e9 pr\u00e9sente un d\u00e9faut homopolaire.<\/span><\/p>\n<p><span style=\"font-size: small;\">Ce dernier a \u00e9t\u00e9 consign\u00e9 dans l\u2019attente d\u2019une investigation compl\u00e9mentaire. Un camion laboratoire a \u00e9t\u00e9 sollicit\u00e9 demain pour nous appuyer dans cette recherche de d\u00e9faut.<\/span><\/p>\n<p>\u00a0<\/p>\n<p><span style=\"font-size: small;\">Les secteurs impact\u00e9s cette nuit sur Vaur\u00e9al sont:<\/span><\/p>\n<p>\u00a0<\/p>\n<p><span style=\"font-size: small;\"><img loading=\"lazy\" decoding=\"async\" src=\"https:\/\/www.cylumine.fr\/img\/puce1.png\" alt=\"\" width=\"13\" height=\"11\" border=\"0\" \/> Une partie du Boulevard de l\u2019Oise (du Poste HT Halog\u00e8ne \u00e0 la Place du Rendez-Vous)<br \/><\/span><span style=\"font-size: small;\"><img loading=\"lazy\" decoding=\"async\" src=\"https:\/\/www.cylumine.fr\/img\/puce1.png\" alt=\"\" width=\"13\" height=\"11\" border=\"0\" \/> Avenue Louis Lecoin<br \/><\/span><span style=\"font-size: small;\"><img loading=\"lazy\" decoding=\"async\" src=\"https:\/\/www.cylumine.fr\/img\/puce1.png\" alt=\"\" width=\"13\" height=\"11\" border=\"0\" \/> Rue de la Gerbe d\u2019Or<br \/><\/span><span style=\"font-size: small;\"><img loading=\"lazy\" decoding=\"async\" src=\"https:\/\/www.cylumine.fr\/img\/puce1.png\" alt=\"\" width=\"13\" height=\"11\" border=\"0\" \/> Avenue Boris Vian<br \/><\/span><span style=\"font-size: small;\"><img loading=\"lazy\" decoding=\"async\" src=\"https:\/\/www.cylumine.fr\/img\/puce1.png\" alt=\"\" width=\"13\" height=\"11\" border=\"0\" \/> Avenue Auguste Blanqui<br \/><\/span><span style=\"font-size: small;\"><img loading=\"lazy\" decoding=\"async\" src=\"https:\/\/www.cylumine.fr\/img\/puce1.png\" alt=\"\" width=\"13\" height=\"11\" border=\"0\" \/> Avenue Martin Luther King<br \/><\/span><span style=\"font-size: small;\"><img loading=\"lazy\" decoding=\"async\" src=\"https:\/\/www.cylumine.fr\/img\/puce1.png\" alt=\"\" width=\"13\" height=\"11\" border=\"0\" \/> Avenue Pierre Brasseur<\/span><br \/><span style=\"font-size: small;\"><img loading=\"lazy\" decoding=\"async\" src=\"https:\/\/www.cylumine.fr\/img\/puce1.png\" alt=\"\" width=\"13\" height=\"11\" border=\"0\" \/> Avenue Jules Vall\u00e8s<br \/><\/span><span style=\"font-size: small;\"><img loading=\"lazy\" decoding=\"async\" src=\"https:\/\/www.cylumine.fr\/img\/puce1.png\" alt=\"\" width=\"13\" height=\"11\" border=\"0\" \/> Rue de la B\u00fbcherie<br \/><\/span><\/p>\n<p><span style=\"font-size: small;\">Le secteur impact\u00e9 cette nuit sur Courdimanche est:<\/p>\n<p><\/span><\/p>\n<p><span style=\"font-size: small;\"><img loading=\"lazy\" decoding=\"async\" src=\"https:\/\/www.cylumine.fr\/img\/puce1.png\" alt=\"\" width=\"13\" height=\"11\" border=\"0\" \/> la RD 38<br \/><\/span><\/p>\n<p><span style=\"font-size: small;\">Vous visualiserez sur le plan ci-dessous la zone d\u2019influence de la panne concern\u00e9e.<br \/><\/span><\/p>\n<p><img decoding=\"async\" style=\"float: left; margin-top: 10px; margin-bottom: 10px;\" src=\"https:\/\/www.cylumine.fr\/images\/image009.jpg\" width=\"750\" border=\"0\" \/><\/p>\n<p><span style=\"font-size: small;\"><\/p>\n<p>Environ 210 Points Lumineux concern\u00e9s.<\/p>\n<p><\/span><\/p>\n<p><span style=\"font-family: arial,helvetica,sans-serif; font-size: small;\"> Tous les autres postes HT de l\u2019agglom\u00e9ration se sont correctement mis en service ce soir-l\u00e0.<\/p>\n<p><\/span><\/td>\n<\/tr>\n<\/tbody>\n<\/table>\n<p><\/p>\n<table border=\"0\" cellspacing=\"0\" cellpadding=\"0\">\n<tbody>\n<tr>\n<td valign=\"top\">\n<hr width=\"100%\" size=\"1\" noshade=\"noshade\" \/><strong><span style=\"font-family: Arial, 'Gill Sans', 'Gill Sans MT', 'Myriad Pro', 'DejaVu Sans Condensed', Helvetica, sans-serif; font-size: 14px; font-weight: bold; color: #ffffff; background-color: #cb1e44; background-size: contain; line-height: 20pt;\"><strong><strong><strong><strong><span style=\"font-family: Arial, 'Gill Sans', 'Gill Sans MT', 'Myriad Pro', 'DejaVu Sans Condensed', Helvetica, sans-serif; font-size: 14px; font-weight: bold; color: #ffffff; background-color: #cb1e44; background-size: contain; line-height: 20pt;\"><strong><strong><span style=\"font-family: Arial, 'Gill Sans', 'Gill Sans MT', 'Myriad Pro', 'DejaVu Sans Condensed', Helvetica, sans-serif; font-size: 14px; font-weight: bold; color: #ffffff; background-color: #cb1e44; background-size: contain; line-height: 20pt;\"><strong><strong><strong><span style=\"font-family: Arial, 'Gill Sans', 'Gill Sans MT', 'Myriad Pro', 'DejaVu Sans Condensed', Helvetica, sans-serif; font-size: 14px; font-weight: bold; color: #ffffff; background-color: #cb1e44; background-size: contain; line-height: 20pt;\"><strong><strong><span style=\"font-family: Arial, 'Gill Sans', 'Gill Sans MT', 'Myriad Pro', 'DejaVu Sans Condensed', Helvetica, sans-serif; font-size: 14px; font-weight: bold; color: #ffffff; background-color: #cb1e44; background-size: contain; line-height: 20pt;\">\u00a0FLASH INFOS MAINTENANCE &#8211; 28\/01\/2015 \u00e0 22h16\u00a0<\/span><\/strong><\/strong><\/span><\/strong><\/strong><\/strong><\/span><\/strong><\/strong><\/span><\/strong><\/strong><\/strong><\/strong><\/span><\/strong>\u00a0 <\/p>\n<p><span style=\"font-family: arial,helvetica,sans-serif; font-size: small;\">1- Nos techniciens sont parvenus ce jour \u00e0 r\u00e9alimenter provisoirement la totalit\u00e9 de la zone impact\u00e9e par la panne du <strong>d\u00e9part 5<\/strong> du poste Haute Tension <strong>Hautilum \u00e0 Jouy-Le-Moutier<\/strong>.La remise \u00e0 l&rsquo;\u00e9tat d\u00e9finitif sera mise en place au fur et \u00e0 mesure de l\u2019avancement des travaux de reconstruction du r\u00e9seau Haute Tension sur la Rue des Vignes Blanches.<\/p>\n<p> 2- Nos techniciens ont sold\u00e9 ce jour le d\u00e9faut rencontr\u00e9 hier soir sur le <strong>d\u00e9part 6<\/strong> du <strong>poste Haute Tension Halog\u00e8ne<\/strong> \u00e0 Vaur\u00e9al. <br \/><\/span><br \/><span style=\"font-family: arial,helvetica,sans-serif; font-size: small;\">Tous les autres postes HT de l\u2019agglom\u00e9ration se sont correctement mis en service ce soir-l\u00e0.<\/p>\n<p><\/span><\/td>\n<\/tr>\n<\/tbody>\n<\/table>\n<table border=\"0\" cellspacing=\"0\" cellpadding=\"0\">\n<tbody>\n<tr>\n<td valign=\"top\">\n<hr width=\"100%\" size=\"1\" noshade=\"noshade\" \/><strong><strong><strong><strong><strong><strong><strong><strong><strong><strong><strong><strong><strong><strong><strong><strong><strong><strong><strong><strong><strong><strong><strong><span style=\"font-family: Arial, 'Gill Sans', 'Gill Sans MT', 'Myriad Pro', 'DejaVu Sans Condensed', Helvetica, sans-serif; font-size: 14px; font-weight: bold; color: #ffffff; background-color: #cb1e44; background-size: contain; line-height: 20pt;\"><strong><strong><strong><strong><span style=\"font-family: Arial, 'Gill Sans', 'Gill Sans MT', 'Myriad Pro', 'DejaVu Sans Condensed', Helvetica, sans-serif; font-size: 14px; font-weight: bold; color: #ffffff; background-color: #cb1e44; background-size: contain; line-height: 20pt;\"><strong><strong><span style=\"font-family: Arial, 'Gill Sans', 'Gill Sans MT', 'Myriad Pro', 'DejaVu Sans Condensed', Helvetica, sans-serif; font-size: 14px; font-weight: bold; color: #ffffff; background-color: #cb1e44; background-size: contain; line-height: 20pt;\"><strong><strong><strong><span style=\"font-family: Arial, 'Gill Sans', 'Gill Sans MT', 'Myriad Pro', 'DejaVu Sans Condensed', Helvetica, sans-serif; font-size: 14px; font-weight: bold; color: #ffffff; background-color: #cb1e44; background-size: contain; line-height: 20pt;\"><strong><strong><span style=\"font-family: Arial, 'Gill Sans', 'Gill Sans MT', 'Myriad Pro', 'DejaVu Sans Condensed', Helvetica, sans-serif; font-size: 14px; font-weight: bold; color: #ffffff; background-color: #cb1e44; background-size: contain; line-height: 20pt;\">\u00a0FLASH INFOS MAINTENANCE &#8211; 27\/01\/2015 \u00e0 23h06\u00a0<br \/><\/span><\/strong><\/strong><\/span><\/strong><\/strong><\/strong><\/span><\/strong><\/strong><\/span><\/strong><\/strong><\/strong><\/strong><\/span><\/strong><\/strong><\/strong><br \/><\/strong><\/strong><\/strong><\/strong><\/strong><\/strong><\/strong><\/strong><\/strong><\/strong><\/strong><\/strong><\/strong><\/strong><\/strong><\/strong><\/strong><\/strong><\/strong><\/strong><span style=\"font-family: arial,helvetica,sans-serif; font-size: small;\">1- Le <strong>d\u00e9part 5<\/strong> du poste HT <strong>Hautilum \u00e0 Jouy-Le-Moutier<\/strong> pr\u00e9sente toujours un d\u00e9faut franc d\u00fb \u00e0 un c\u00e2ble en pleine terre en court-circuit sur deux phases. Nos techniciens sont parvenus ce jour \u00e0 alimenter provisoirement une partie de la zone en d\u00e9faut impact\u00e9e par cette panne. Il reste 14 PL \u00e0 r\u00e9alimenter provisoirement. Toutefois, une investigation compl\u00e9mentaire sera men\u00e9e demain pour \u00e9liminer le ou les d\u00e9fauts majeurs.<\/p>\n<p>Les secteurs impact\u00e9s cette nuit sur Jouy-Le-Moutier sont:<\/p>\n<p><img loading=\"lazy\" decoding=\"async\" src=\"https:\/\/www.cylumine.fr\/img\/puce1.png\" alt=\"\" width=\"13\" height=\"11\" border=\"0\" \/> Rue des Vignes Blanches <\/p>\n<p>Soit 14 Points Lumineux impact\u00e9s<\/p>\n<p>2- Nous rencontrons \u00e9galement une difficult\u00e9 sur le <strong>d\u00e9part 6<\/strong> du <strong>Poste HT Halog\u00e8ne<\/strong>. Le d\u00e9part concern\u00e9 pr\u00e9sente un d\u00e9faut homopolaire.Ce dernier a \u00e9t\u00e9 consign\u00e9 dans l\u2019attente d\u2019une investigation compl\u00e9mentaire. Un camion laboratoire a \u00e9t\u00e9 sollicit\u00e9 demain pour nous appuyer dans cette recherche de d\u00e9faut. <\/p>\n<p>Les secteurs impact\u00e9s cette nuit sur Vaur\u00e9al sont:<\/p>\n<p><img loading=\"lazy\" decoding=\"async\" src=\"https:\/\/www.cylumine.fr\/img\/puce1.png\" alt=\"\" width=\"13\" height=\"11\" border=\"0\" \/> Une partie du Boulevard de l\u2019Oise (du Poste HT Halog\u00e8ne \u00e0 la Place du Rendez-Vous)<br \/><\/span><span style=\"font-family: arial,helvetica,sans-serif; font-size: small;\"><img loading=\"lazy\" decoding=\"async\" src=\"https:\/\/www.cylumine.fr\/img\/puce1.png\" alt=\"\" width=\"13\" height=\"11\" border=\"0\" \/> Avenue Louis Lecoin<br \/><\/span><span style=\"font-family: arial,helvetica,sans-serif; font-size: small;\"><img loading=\"lazy\" decoding=\"async\" src=\"https:\/\/www.cylumine.fr\/img\/puce1.png\" alt=\"\" width=\"13\" height=\"11\" border=\"0\" \/> Rue de la Gerbe d\u2019Or<\/span><br \/><span style=\"font-family: arial,helvetica,sans-serif; font-size: small;\"><img loading=\"lazy\" decoding=\"async\" src=\"https:\/\/www.cylumine.fr\/img\/puce1.png\" alt=\"\" width=\"13\" height=\"11\" border=\"0\" \/> Avenue Boris Vian<br \/><\/span><span style=\"font-family: arial,helvetica,sans-serif; font-size: small;\"><img loading=\"lazy\" decoding=\"async\" src=\"https:\/\/www.cylumine.fr\/img\/puce1.png\" alt=\"\" width=\"13\" height=\"11\" border=\"0\" \/> Avenue Auguste Blanqui<br \/><\/span><span style=\"font-family: arial,helvetica,sans-serif; font-size: small;\"><img loading=\"lazy\" decoding=\"async\" src=\"https:\/\/www.cylumine.fr\/img\/puce1.png\" alt=\"\" width=\"13\" height=\"11\" border=\"0\" \/> Avenue Martin Luther King<\/span><br \/><span style=\"font-family: arial,helvetica,sans-serif; font-size: small;\"><img loading=\"lazy\" decoding=\"async\" src=\"https:\/\/www.cylumine.fr\/img\/puce1.png\" alt=\"\" width=\"13\" height=\"11\" border=\"0\" \/> Avenue Pierre Brasseur<br \/><\/span><span style=\"font-family: arial,helvetica,sans-serif; font-size: small;\"><img loading=\"lazy\" decoding=\"async\" src=\"https:\/\/www.cylumine.fr\/img\/puce1.png\" alt=\"\" width=\"13\" height=\"11\" border=\"0\" \/> Avenue Jules Vall\u00e8s<br \/><\/span><span style=\"font-family: arial,helvetica,sans-serif; font-size: small;\"><img loading=\"lazy\" decoding=\"async\" src=\"https:\/\/www.cylumine.fr\/img\/puce1.png\" alt=\"\" width=\"13\" height=\"11\" border=\"0\" \/> Rue de la B\u00fbcherie<\/p>\n<p>Le secteur impact\u00e9 cette nuit sur Courdimanche est:<\/p>\n<p><img loading=\"lazy\" decoding=\"async\" src=\"https:\/\/www.cylumine.fr\/img\/puce1.png\" alt=\"\" width=\"13\" height=\"11\" border=\"0\" \/> La RD 38 <\/span><span style=\"font-family: arial,helvetica,sans-serif; font-size: small;\">Environ 210 Points Lumineux concern\u00e9s.<\/p>\n<p>Tous les autres postes HT de l\u2019agglom\u00e9ration se sont correctement mis en service ce soir-l\u00e0.<\/p>\n<p><\/span><\/td>\n<\/tr>\n<\/tbody>\n<\/table>\n<table border=\"0\" cellspacing=\"0\" cellpadding=\"0\">\n<tbody>\n<tr>\n<td valign=\"top\">\n<hr width=\"100%\" size=\"1\" noshade=\"noshade\" \/>\n<p><strong><strong><strong><span style=\"font-family: Arial, 'Gill Sans', 'Gill Sans MT', 'Myriad Pro', 'DejaVu Sans Condensed', Helvetica, sans-serif; font-size: 14px; font-weight: bold; color: #ffffff; background-color: #cb1e44; background-size: contain; line-height: 20pt;\"><strong><strong><strong><strong><span style=\"font-family: Arial, 'Gill Sans', 'Gill Sans MT', 'Myriad Pro', 'DejaVu Sans Condensed', Helvetica, sans-serif; font-size: 14px; font-weight: bold; color: #ffffff; background-color: #cb1e44; background-size: contain; line-height: 20pt;\"><strong><strong><span style=\"font-family: Arial, 'Gill Sans', 'Gill Sans MT', 'Myriad Pro', 'DejaVu Sans Condensed', Helvetica, sans-serif; font-size: 14px; font-weight: bold; color: #ffffff; background-color: #cb1e44; background-size: contain; line-height: 20pt;\"><strong><strong><strong><span style=\"font-family: Arial, 'Gill Sans', 'Gill Sans MT', 'Myriad Pro', 'DejaVu Sans Condensed', Helvetica, sans-serif; font-size: 14px; font-weight: bold; color: #ffffff; background-color: #cb1e44; background-size: contain; line-height: 20pt;\"><strong><strong><span style=\"font-family: Arial, 'Gill Sans', 'Gill Sans MT', 'Myriad Pro', 'DejaVu Sans Condensed', Helvetica, sans-serif; font-size: 14px; font-weight: bold; color: #ffffff; background-color: #cb1e44; background-size: contain; line-height: 20pt;\"><span style=\"font-family: arial,helvetica,sans-serif; font-size: small;\">\u00a0FLASH INFOS MAINTENANCE &#8211; 26\/01\/2015 \u00e0 19h22\u00a0<\/p>\n<p><\/span><\/span><\/strong><\/strong><\/span><\/strong><\/strong><\/strong><\/span><\/strong><\/strong><\/span><\/strong><\/strong><\/strong><\/strong><\/span><\/strong><\/strong><\/strong><\/p>\n<p><span style=\"font-family: arial,helvetica,sans-serif; font-size: small;\">Le <strong>d\u00e9part 5<\/strong> du poste HT <strong>Hautilum \u00e0 Jouy-Le-Moutier<\/strong> pr\u00e9sente toujours un d\u00e9faut franc d\u00fb \u00e0 un c\u00e2ble en pleine terre en court-circuit sur deux phases. Nos techniciens sont parvenus ce jour \u00e0 r\u00e9duire \u00e0 30 Points Lumineux impact\u00e9s par cette panne. N\u00e9anmoins pour palier provisoirement \u00e0 ce dysfonctionnement et dans notre objectif commun de continuit\u00e9 de service public, nous mettrons en \u0153uvre avant demain soir une alimentation provisoire pour r\u00e9alimenter ces derniers.Un camion laboratoire a \u00e9t\u00e9 sollicit\u00e9 demain pour continuer \u00e0 nous appuyer dans notre recherche de d\u00e9faut.<\/p>\n<p><\/span><\/p>\n<p><span style=\"font-family: arial,helvetica,sans-serif; font-size: small;\">Les secteurs impact\u00e9s cette nuit sur Jouy-Le-Moutier sont:<\/p>\n<p><\/span><\/p>\n<p><span style=\"font-family: arial,helvetica,sans-serif; font-size: small;\"><img loading=\"lazy\" decoding=\"async\" src=\"https:\/\/www.cylumine.fr\/img\/puce1.png\" alt=\"\" width=\"13\" height=\"11\" border=\"0\" \/>\u00a0Rue des Vignes Blanches <br \/><img loading=\"lazy\" decoding=\"async\" src=\"https:\/\/www.cylumine.fr\/img\/puce1.png\" alt=\"\" width=\"13\" height=\"11\" border=\"0\" \/>\u00a0Du croisement Rue du Four \u00e0 Chaux \u00e0 la Rue du Montant <br \/><img loading=\"lazy\" decoding=\"async\" src=\"https:\/\/www.cylumine.fr\/img\/puce1.png\" alt=\"\" width=\"13\" height=\"11\" border=\"0\" \/>\u00a0Rue des Gloriettes <\/p>\n<p><\/span><\/p>\n<p><span style=\"font-family: arial,helvetica,sans-serif; font-size: small;\">Tous les autres postes HT de l\u2019agglom\u00e9ration se sont correctement mis en service ce soir-l\u00e0.<\/p>\n<p><\/span><\/p>\n<\/td>\n<\/tr>\n<\/tbody>\n<\/table>\n<table style=\"width: 100%;\" border=\"0\" cellspacing=\"0\" cellpadding=\"0\">\n<tbody>\n<tr>\n<td valign=\"top\">\n<hr width=\"100%\" size=\"1\" noshade=\"noshade\" \/><strong><strong><strong><strong><strong><strong><strong><strong><span style=\"font-family: Arial, 'Gill Sans', 'Gill Sans MT', 'Myriad Pro', 'DejaVu Sans Condensed', Helvetica, sans-serif; font-size: 14px; font-weight: bold; color: #ffffff; background-color: #cb1e44; background-size: contain; line-height: 20pt;\"><strong><strong><strong><strong><span style=\"font-family: Arial, 'Gill Sans', 'Gill Sans MT', 'Myriad Pro', 'DejaVu Sans Condensed', Helvetica, sans-serif; font-size: 14px; font-weight: bold; color: #ffffff; background-color: #cb1e44; background-size: contain; line-height: 20pt;\"><strong><strong><span style=\"font-family: Arial, 'Gill Sans', 'Gill Sans MT', 'Myriad Pro', 'DejaVu Sans Condensed', Helvetica, sans-serif; font-size: 14px; font-weight: bold; color: #ffffff; background-color: #cb1e44; background-size: contain; line-height: 20pt;\"><strong><strong><strong><span style=\"font-family: Arial, 'Gill Sans', 'Gill Sans MT', 'Myriad Pro', 'DejaVu Sans Condensed', Helvetica, sans-serif; font-size: 14px; font-weight: bold; color: #ffffff; background-color: #cb1e44; background-size: contain; line-height: 20pt;\"><strong><strong><span style=\"font-family: Arial, 'Gill Sans', 'Gill Sans MT', 'Myriad Pro', 'DejaVu Sans Condensed', Helvetica, sans-serif; font-size: 14px; font-weight: bold; color: #ffffff; background-color: #cb1e44; background-size: contain; line-height: 20pt;\"><span style=\"font-family: arial,helvetica,sans-serif; font-size: small;\">\u00a0FLASH INFOS MAINTENANCE &#8211; 23\/01\/2015 \u00e0 18h40\u00a0<\/p>\n<p><\/span><\/span><\/strong><\/strong><\/span><\/strong><\/strong><\/strong><\/span><\/strong><\/strong><\/span><\/strong><\/strong><\/strong><\/strong><\/span><\/strong><\/strong><\/strong><\/strong><\/strong><\/strong><\/strong><\/strong><span style=\"font-size: small;\">Le <strong>d\u00e9part 5<\/strong> du poste HT <strong>Hautilum \u00e0 Jouy-Le-Moutier<\/strong> pr\u00e9sente toujours un d\u00e9faut franc d\u00fb \u00e0 un c\u00e2ble en pleine terre en court-circuit sur deux phases. Nos techniciens sont parvenus \u00e0 remettre en service une partie du r\u00e9seau impact\u00e9 ce jour. Toutefois, il reste encore un tron\u00e7on impact\u00e9 cette nuit. Ce dernier impacte environ 43 Points Lumineux. <\/span><\/p>\n<p><span style=\"font-size: small;\"><br \/>Les secteurs impact\u00e9s cette nuit sur Jouy-Le-Moutier sont:<br \/><\/span><\/p>\n<p><span style=\"font-size: small;\"><img loading=\"lazy\" decoding=\"async\" src=\"https:\/\/www.cylumine.fr\/img\/puce1.png\" alt=\"\" width=\"13\" height=\"11\" border=\"0\" \/> Rue des Vignes Blanches de Bruzacques \u00e0 la Rue du Montant<\/span><\/p>\n<p><span style=\"font-size: small;\"><img loading=\"lazy\" decoding=\"async\" src=\"https:\/\/www.cylumine.fr\/img\/puce1.png\" alt=\"\" width=\"13\" height=\"11\" border=\"0\" \/> Rue des Gloriettes <\/span><\/p>\n<p><span style=\"font-size: small;\"><br \/>Tous les autres postes HT de l\u2019agglom\u00e9ration se sont correctement mis en service ce soir-l\u00e0.<\/p>\n<p><\/span><\/p>\n<\/td>\n<\/tr>\n<\/tbody>\n<\/table>\n<table style=\"width: 100%;\" border=\"0\" cellspacing=\"0\" cellpadding=\"0\">\n<tbody>\n<tr>\n<td valign=\"top\">\n<hr width=\"100%\" size=\"1\" noshade=\"noshade\" \/><strong><strong><strong><strong><strong><strong><strong><strong><span style=\"font-family: Arial, 'Gill Sans', 'Gill Sans MT', 'Myriad Pro', 'DejaVu Sans Condensed', Helvetica, sans-serif; font-size: 14px; font-weight: bold; color: #ffffff; background-color: #cb1e44; background-size: contain; line-height: 20pt;\"><strong><strong><strong><strong><span style=\"font-family: Arial, 'Gill Sans', 'Gill Sans MT', 'Myriad Pro', 'DejaVu Sans Condensed', Helvetica, sans-serif; font-size: 14px; font-weight: bold; color: #ffffff; background-color: #cb1e44; background-size: contain; line-height: 20pt;\"><strong><strong><span style=\"font-family: Arial, 'Gill Sans', 'Gill Sans MT', 'Myriad Pro', 'DejaVu Sans Condensed', Helvetica, sans-serif; font-size: 14px; font-weight: bold; color: #ffffff; background-color: #cb1e44; background-size: contain; line-height: 20pt;\"><strong><strong><strong><span style=\"font-family: Arial, 'Gill Sans', 'Gill Sans MT', 'Myriad Pro', 'DejaVu Sans Condensed', Helvetica, sans-serif; font-size: 14px; font-weight: bold; color: #ffffff; background-color: #cb1e44; background-size: contain; line-height: 20pt;\"><strong><strong><span style=\"font-family: Arial, 'Gill Sans', 'Gill Sans MT', 'Myriad Pro', 'DejaVu Sans Condensed', Helvetica, sans-serif; font-size: 14px; font-weight: bold; color: #ffffff; background-color: #cb1e44; background-size: contain; line-height: 20pt;\">\u00a0FLASH INFOS MAINTENANCE &#8211; 22\/01\/2015\u00a0<br \/><\/span><\/strong><\/strong><\/span><\/strong><\/strong><\/strong><\/span><\/strong><\/strong><\/span><\/strong><\/strong><\/strong><\/strong><\/span><\/strong><\/strong><\/strong><\/strong><\/strong><\/strong><\/strong><\/strong><span style=\"font-size: small;\">Le d\u00e9part 5 du poste HT Hautilum \u00e0 Jouy-Le-Moutier a pr\u00e9sent\u00e9 un d\u00e9faut hier soir \u00e0 23h06. Le d\u00e9part concern\u00e9 a \u00e9t\u00e9 consign\u00e9 dans l\u2019attente d\u2019une investigation compl\u00e9mentaire. Un camion laboratoire a \u00e9t\u00e9 sollicit\u00e9 ce jour pour nous appuyer dans cette recherche de d\u00e9faut.<br \/><\/span><br \/><span style=\"font-size: small;\">Les secteurs impact\u00e9s cette nuit sur Jouy-Le-Moutier sont:<\/span><\/p>\n<p><span style=\"font-size: small;\"><img loading=\"lazy\" decoding=\"async\" src=\"https:\/\/www.cylumine.fr\/img\/puce1.png\" alt=\"\" width=\"13\" height=\"11\" border=\"0\" \/> Une partie de l\u2019Avenue du Temps Perdus (du poste Hautilum \u00e0 Bruzacques)<br \/><\/span><span style=\"font-size: small;\"><img loading=\"lazy\" decoding=\"async\" src=\"https:\/\/www.cylumine.fr\/img\/puce1.png\" alt=\"\" width=\"13\" height=\"11\" border=\"0\" \/> La partie haute de la rue des Vignes Blanches<br \/><\/span><span style=\"font-size: small;\"><img loading=\"lazy\" decoding=\"async\" src=\"https:\/\/www.cylumine.fr\/img\/puce1.png\" alt=\"\" width=\"13\" height=\"11\" border=\"0\" \/> l\u2019Avenue du Vast et une partie de l\u2019Avenue des Bruzacques (du Rond-point du Vast \u00e0 la place de la Demi-Lune)<\/p>\n<p><span style=\"color: #000000; line-height: 20pt; font-family: Arial, 'Gill Sans', 'Gill Sans MT', 'Myriad Pro', 'DejaVu Sans Condensed', Helvetica, sans-serif; background-size: contain; background-color: #cb1e44;\"><span style=\"line-height: 20pt; font-family: Arial, 'Gill Sans', 'Gill Sans MT', 'Myriad Pro', 'DejaVu Sans Condensed', Helvetica, sans-serif; background-size: contain; background-color: #cb1e44;\"><span style=\"line-height: 20pt; font-family: Arial, 'Gill Sans', 'Gill Sans MT', 'Myriad Pro', 'DejaVu Sans Condensed', Helvetica, sans-serif; background-size: contain; background-color: #cb1e44;\"><span style=\"line-height: 20pt; font-family: Arial, 'Gill Sans', 'Gill Sans MT', 'Myriad Pro', 'DejaVu Sans Condensed', Helvetica, sans-serif; background-size: contain; background-color: #cb1e44;\"><span style=\"line-height: 20pt; font-family: Arial, 'Gill Sans', 'Gill Sans MT', 'Myriad Pro', 'DejaVu Sans Condensed', Helvetica, sans-serif; background-size: contain; background-color: #cb1e44;\"><span style=\"background-color: #ffffff;\">Environ 95 Points Lumineux concern\u00e9s. <br \/><\/span><\/span><\/span><\/span><\/span><\/span><\/span><\/td>\n<\/tr>\n<\/tbody>\n<\/table>\n<table style=\"width: 100%;\" border=\"0\" cellspacing=\"0\" cellpadding=\"0\">\n<tbody>\n<tr>\n<td valign=\"top\">\n<hr width=\"100%\" size=\"1\" noshade=\"noshade\" \/><strong><strong><strong><strong><strong><strong><strong><span style=\"font-family: Arial, 'Gill Sans', 'Gill Sans MT', 'Myriad Pro', 'DejaVu Sans Condensed', Helvetica, sans-serif; font-size: 14px; font-weight: bold; color: #ffffff; background-color: #cb1e44; background-size: contain; line-height: 20pt;\"><strong><strong><strong><strong><span style=\"font-family: Arial, 'Gill Sans', 'Gill Sans MT', 'Myriad Pro', 'DejaVu Sans Condensed', Helvetica, sans-serif; font-size: 14px; font-weight: bold; color: #ffffff; background-color: #cb1e44; background-size: contain; line-height: 20pt;\"><strong><strong><span style=\"font-family: Arial, 'Gill Sans', 'Gill Sans MT', 'Myriad Pro', 'DejaVu Sans Condensed', Helvetica, sans-serif; font-size: 14px; font-weight: bold; color: #ffffff; background-color: #cb1e44; background-size: contain; line-height: 20pt;\"><strong><strong><strong><span style=\"font-family: Arial, 'Gill Sans', 'Gill Sans MT', 'Myriad Pro', 'DejaVu Sans Condensed', Helvetica, sans-serif; font-size: 14px; font-weight: bold; color: #ffffff; background-color: #cb1e44; background-size: contain; line-height: 20pt;\"><strong><strong><span style=\"font-family: Arial, 'Gill Sans', 'Gill Sans MT', 'Myriad Pro', 'DejaVu Sans Condensed', Helvetica, sans-serif; font-size: 14px; font-weight: bold; color: #ffffff; background-color: #cb1e44; background-size: contain; line-height: 20pt;\">\u00a0FLASH INFOS MAINTENANCE &#8211; 16\/01\/2015 \u00e0 17h40\u00a0<\/p>\n<p><\/span><\/strong><\/strong><\/span><\/strong><\/strong><\/strong><\/span><\/strong><\/strong><\/span><\/strong><\/strong><\/strong><\/strong><\/span><\/strong><\/strong><\/strong><\/strong><\/strong><\/strong><\/strong><span style=\"font-family: arial,helvetica,sans-serif; font-size: small;\">Nos techniciens ont sold\u00e9 ce jour le d\u00e9faut rencontr\u00e9 sur le <strong>d\u00e9part 1<\/strong> du <strong>poste HT Lampadaire \u00e0 Cergy. <\/strong><\/span><\/p>\n<p><span style=\"font-family: arial,helvetica,sans-serif; font-size: small;\">Les autres postes HT de l\u2019agglom\u00e9ration se sont tous correctement mis en service ce soir.<br \/><\/span><\/p>\n<\/td>\n<\/tr>\n<\/tbody>\n<\/table>\n<table style=\"width: 100%;\" border=\"0\" cellspacing=\"0\" cellpadding=\"0\">\n<tbody>\n<tr>\n<td valign=\"top\">\n<hr width=\"100%\" size=\"1\" noshade=\"noshade\" \/><strong><strong><strong><strong><strong><span style=\"font-family: Arial, 'Gill Sans', 'Gill Sans MT', 'Myriad Pro', 'DejaVu Sans Condensed', Helvetica, sans-serif; font-size: 14px; font-weight: bold; color: #ffffff; background-color: #cb1e44; background-size: contain; line-height: 20pt;\"><strong><strong><strong><strong><span style=\"font-family: Arial, 'Gill Sans', 'Gill Sans MT', 'Myriad Pro', 'DejaVu Sans Condensed', Helvetica, sans-serif; font-size: 14px; font-weight: bold; color: #ffffff; background-color: #cb1e44; background-size: contain; line-height: 20pt;\"><strong><strong><span style=\"font-family: Arial, 'Gill Sans', 'Gill Sans MT', 'Myriad Pro', 'DejaVu Sans Condensed', Helvetica, sans-serif; font-size: 14px; font-weight: bold; color: #ffffff; background-color: #cb1e44; background-size: contain; line-height: 20pt;\"><strong><strong><strong><span style=\"font-family: Arial, 'Gill Sans', 'Gill Sans MT', 'Myriad Pro', 'DejaVu Sans Condensed', Helvetica, sans-serif; font-size: 14px; font-weight: bold; color: #ffffff; background-color: #cb1e44; background-size: contain; line-height: 20pt;\"><strong><strong><span style=\"font-family: Arial, 'Gill Sans', 'Gill Sans MT', 'Myriad Pro', 'DejaVu Sans Condensed', Helvetica, sans-serif; font-size: 14px; font-weight: bold; color: #ffffff; background-color: #cb1e44; background-size: contain; line-height: 20pt;\">\u00a0FLASH INFOS MAINTENANCE &#8211; 15\/01\/2015 \u00e0 22h40 <br \/><\/span><\/strong><\/strong><\/span><\/strong><\/strong><\/strong><\/span><\/strong><\/strong><\/span><\/strong><\/strong><\/strong><\/strong><\/span><\/strong><\/strong><\/strong><\/strong><\/strong><span style=\"font-family: arial,helvetica,sans-serif; font-size: small;\">1- Le <strong>d\u00e9part 1<\/strong> du poste HT<strong> Lampadaire<\/strong> \u00e0 <strong>Cergy <\/strong>pr\u00e9sente toujours un d\u00e9faut. Le secteur en court-circuit a \u00e9t\u00e9 isol\u00e9. Le bouclage du d\u00e9part 1 sur le d\u00e9part 2 du poste HT Lampadaire n\u2019a pas \u00e9t\u00e9 possible ce jour car le c\u00e2ble en pleine terre permettant cette liaison est \u00e9galement en d\u00e9faut franc. Une tranch\u00e9e pr\u00e8s du Pont sur la D203 c\u00f4t\u00e9 Cergy sera mis en \u0153uvre demain par nos \u00e9quipes de terrassiers pour r\u00e9cup\u00e9rer des fourreaux existants en bon \u00e9tat qui seront manchonn\u00e9s sur ceux de l\u2019Ouvrage d\u2019Art. A l\u2019issu de cette action, le c\u00e2ble v\u00e9tuste sera remplac\u00e9 et raccord\u00e9 afin de remettre en service le d\u00e9part concern\u00e9.<\/p>\n<p>Les secteurs impact\u00e9s cette nuit sur Neuville-sur-Oise sont:\u00a0<br \/>\u00a0\u00a0\u00a0\u00a0\u00a0\u00a0\u00a0\u00a0\u00a0\u00a0\u00a0\u00a0\u00a0\u00a0\u00a0\u00a0\u00a0\u00a0\u00a0\u00a0\u00a0\u00a0\u00a0\u00a0 <br \/><img loading=\"lazy\" decoding=\"async\" src=\"https:\/\/www.cylumine.fr\/img\/puce1.png\" alt=\"\" width=\"13\" height=\"11\" border=\"0\" \/> Boulevard de l\u2019Hautil (D203)\u00a0\u00a0 <br \/><img loading=\"lazy\" decoding=\"async\" src=\"https:\/\/www.cylumine.fr\/img\/puce1.png\" alt=\"\" width=\"13\" height=\"11\" border=\"0\" \/> D48E \u00e0 Neuville-sur-Oise<\/p>\n<p>Environ 105 Points Lumineux concern\u00e9s.<\/p>\n<p>2- Nos techniciens ont sold\u00e9 ce jour le d\u00e9faut rencontr\u00e9 sur le <strong>d\u00e9part 4<\/strong> du <strong>poste HT Lamparo \u00e0 Saint-Ouen-L\u2019aum\u00f4ne. <br \/><\/strong><br \/>Les autres postes HT de l\u2019agglom\u00e9ration se sont tous correctement mis en service ce soir.<\/p>\n<p><\/span><\/td>\n<\/tr>\n<\/tbody>\n<\/table>\n<table border=\"0\" cellspacing=\"0\" cellpadding=\"0\">\n<tbody>\n<tr>\n<td valign=\"top\">\n<hr width=\"100%\" size=\"1\" noshade=\"noshade\" \/><strong><strong><strong><span style=\"font-family: Arial, 'Gill Sans', 'Gill Sans MT', 'Myriad Pro', 'DejaVu Sans Condensed', Helvetica, sans-serif; font-size: 14px; font-weight: bold; color: #ffffff; background-color: #cb1e44; background-size: contain; line-height: 20pt;\"><strong><strong><strong><strong><span style=\"font-family: Arial, 'Gill Sans', 'Gill Sans MT', 'Myriad Pro', 'DejaVu Sans Condensed', Helvetica, sans-serif; font-size: 14px; font-weight: bold; color: #ffffff; background-color: #cb1e44; background-size: contain; line-height: 20pt;\"><strong><strong><span style=\"font-family: Arial, 'Gill Sans', 'Gill Sans MT', 'Myriad Pro', 'DejaVu Sans Condensed', Helvetica, sans-serif; font-size: 14px; font-weight: bold; color: #ffffff; background-color: #cb1e44; background-size: contain; line-height: 20pt;\"><strong><strong><strong><span style=\"font-family: Arial, 'Gill Sans', 'Gill Sans MT', 'Myriad Pro', 'DejaVu Sans Condensed', Helvetica, sans-serif; font-size: 14px; font-weight: bold; color: #ffffff; background-color: #cb1e44; background-size: contain; line-height: 20pt;\"><strong><strong><span style=\"font-family: Arial, 'Gill Sans', 'Gill Sans MT', 'Myriad Pro', 'DejaVu Sans Condensed', Helvetica, sans-serif; font-size: 14px; font-weight: bold; color: #ffffff; background-color: #cb1e44; background-size: contain; line-height: 20pt;\">\u00a0FLASH INFOS MAINTENANCE &#8211; 14\/01\/2015 \u00e0 18h46 <br \/><\/span><\/strong><\/strong><\/span><\/strong><\/strong><\/strong><\/span><\/strong><\/strong><\/span><\/strong><\/strong><\/strong><\/strong><\/span><\/strong><\/strong><\/strong><span style=\"font-family: arial,helvetica,sans-serif; font-size: small;\">1- Le <strong>d\u00e9part 1<\/strong> du poste HT<strong> Lampadaire<\/strong> \u00e0 <strong>Cergy <\/strong>pr\u00e9sente toujours un d\u00e9faut franc. <br \/>Nos techniciens continueront demain \u00e0 d\u00e9boucler sur le d\u00e9part 2 du poste HT Lampadaire. <\/p>\n<p>Les secteurs impact\u00e9s cette nuit sur Neuville-sur-Oise sont: <\/p>\n<p><img loading=\"lazy\" decoding=\"async\" src=\"https:\/\/www.cylumine.fr\/img\/puce1.png\" alt=\"\" width=\"13\" height=\"11\" border=\"0\" \/>\u00a0Une partie du Boulevard de l\u2019Hautil (D203).<\/p>\n<p><\/span><span style=\"font-family: arial,helvetica,sans-serif; font-size: small;\">Environ 25 Points Lumineux concern\u00e9s.<\/span><span style=\"font-family: arial,helvetica,sans-serif; font-size: small;\"><\/p>\n<p>2- Le<strong> d\u00e9part 4<\/strong> du <strong>poste HT Lamparo<\/strong> \u00e0 <strong>Saint-Ouen-L\u2019aum\u00f4ne<\/strong><strong> pr\u00e9sente <\/strong>toujours un d\u00e9faut franc. Suite \u00e0 l\u2019investigation men\u00e9e ce jour, nous avons identifi\u00e9 d\u2019une part un transformateur en d\u00e9faut Rue des Oziers (LA04-T60), ce dernier sera remplac\u00e9 demain. D\u2019autre part, apr\u00e8s l\u2019isolation de ce transformateur un autre d\u00e9faut subsiste sur l\u2019Avenue de l\u2019Eguillette. la Recherche de D\u00e9faut se poursuivra demain. Le secteur en d\u00e9faut a \u00e9t\u00e9 isol\u00e9 au maximum. <\/p>\n<p>Les secteurs impact\u00e9s cette nuit sur Saint-Ouen-l\u2019Aum\u00f4ne sont:<\/span><span style=\"font-family: arial,helvetica,sans-serif; font-size: small;\"><\/p>\n<p><img loading=\"lazy\" decoding=\"async\" src=\"https:\/\/www.cylumine.fr\/img\/puce1.png\" alt=\"\" width=\"13\" height=\"11\" border=\"0\" \/>\u00a0Avenue de l\u2019Eguillette <br \/><img loading=\"lazy\" decoding=\"async\" src=\"https:\/\/www.cylumine.fr\/img\/puce1.png\" alt=\"\" width=\"13\" height=\"11\" border=\"0\" \/>\u00a0Une partie de la Rue des Oziers\u00a0 <br \/><img loading=\"lazy\" decoding=\"async\" src=\"https:\/\/www.cylumine.fr\/img\/puce1.png\" alt=\"\" width=\"13\" height=\"11\" border=\"0\" \/>\u00a0Une partie de l\u2019Avenue Marcel Dassault <\/p>\n<p><\/span><span style=\"font-family: arial,helvetica,sans-serif; font-size: small;\">Environ <strong>40<\/strong> Points Lumineux concern\u00e9s.<\/p>\n<p><\/span><span style=\"font-family: arial,helvetica,sans-serif; font-size: small;\">Les autres postes HT de l\u2019agglom\u00e9ration se sont tous correctement mis en service ce soir.<\/span><\/p>\n<p>\u00a0<\/p>\n<\/td>\n<\/tr>\n<\/tbody>\n<\/table>\n<table border=\"0\" cellspacing=\"0\" cellpadding=\"0\">\n<tbody>\n<tr>\n<td valign=\"top\">\n<hr width=\"100%\" size=\"1\" noshade=\"noshade\" \/><strong><strong><strong><strong><strong><strong><strong><span style=\"font-family: Arial, 'Gill Sans', 'Gill Sans MT', 'Myriad Pro', 'DejaVu Sans Condensed', Helvetica, sans-serif; font-size: 14px; font-weight: bold; color: #ffffff; background-color: #cb1e44; background-size: contain; line-height: 20pt;\"><strong><strong><strong><strong><span style=\"font-family: Arial, 'Gill Sans', 'Gill Sans MT', 'Myriad Pro', 'DejaVu Sans Condensed', Helvetica, sans-serif; font-size: 14px; font-weight: bold; color: #ffffff; background-color: #cb1e44; background-size: contain; line-height: 20pt;\"><strong><strong><span style=\"font-family: Arial, 'Gill Sans', 'Gill Sans MT', 'Myriad Pro', 'DejaVu Sans Condensed', Helvetica, sans-serif; font-size: 14px; font-weight: bold; color: #ffffff; background-color: #cb1e44; background-size: contain; line-height: 20pt;\"><strong><strong><strong><span style=\"font-family: Arial, 'Gill Sans', 'Gill Sans MT', 'Myriad Pro', 'DejaVu Sans Condensed', Helvetica, sans-serif; font-size: 14px; font-weight: bold; color: #ffffff; background-color: #cb1e44; background-size: contain; line-height: 20pt;\"><strong><strong><span style=\"font-family: Arial, 'Gill Sans', 'Gill Sans MT', 'Myriad Pro', 'DejaVu Sans Condensed', Helvetica, sans-serif; font-size: 14px; font-weight: bold; color: #ffffff; background-color: #cb1e44; background-size: contain; line-height: 20pt;\">\u00a0FLASH INFOS MAINTENANCE &#8211; 13\/01\/2015 \u00e0 22h13 <br \/><\/span><\/strong><\/strong><\/span><\/strong><\/strong><\/strong><\/span><\/strong><\/strong><\/span><\/strong><\/strong><\/strong><\/strong><\/span><\/strong><\/strong><\/strong><\/strong><\/strong><\/strong><\/strong><span style=\"font-family: arial,helvetica,sans-serif; font-size: small;\">Le <strong>d\u00e9part 1<\/strong> du poste HT<strong> Lampadaire<\/strong> \u00e0 <strong>Cergy <\/strong>pr\u00e9sente toujours un d\u00e9faut franc. La partie du r\u00e9seau en d\u00e9faut a \u00e9t\u00e9 isol\u00e9 au maximum. Afin de palier \u00e0 ce dysfonctionnement qui n\u00e9cessite le remplacement du c\u00e2ble HT en d\u00e9faut sous fourreau PVC dans l\u2019ouvrage d\u2019art et suivant notre r\u00e9union d\u2019Exploitation CACP de ce jour, nos techniciens proc\u00e9deront \u00e0 partir de demain \u00e0 un bouclage depuis le d\u00e9part 2 du poste HT Lampadaire. N\u00e9anmoins, cette mise en \u0153uvre n\u00e9cessitera l\u2019obtention d\u2019un arr\u00eat\u00e9 de circulation de la part du CG 95 pour pouvoir travailler en s\u00e9curit\u00e9 sur cette D\u00e9partementale.<\/span><br \/><span style=\"font-family: arial,helvetica,sans-serif; font-size: small;\"><br \/>Les secteurs impact\u00e9s cette nuit sur Neuville-sur-Oise sont:<br \/><\/span><\/p>\n<p><span style=\"font-family: arial,helvetica,sans-serif; font-size: small;\"><img loading=\"lazy\" decoding=\"async\" src=\"https:\/\/www.cylumine.fr\/img\/puce1.png\" alt=\"\" width=\"13\" height=\"11\" border=\"0\" \/>\u00a0Une partie du Boulevard de l\u2019Hautil (D203).<\/p>\n<p><\/span><\/p>\n<p><span style=\"font-family: arial,helvetica,sans-serif; font-size: small;\">Environ 25 Points Lumineux concern\u00e9s.<\/p>\n<p><\/span><\/p>\n<p><span style=\"font-family: arial,helvetica,sans-serif; font-size: small;\">2- Nous rencontrons \u00e9galement ce soir une difficult\u00e9 sur le <strong>d\u00e9part 4<\/strong> du <strong>poste HT Lamparo<\/strong> \u00e0 <strong>Saint-Ouen-L\u2019aum\u00f4ne<\/strong>. Le d\u00e9part concern\u00e9 pr\u00e9sente un d\u00e9faut franc avec une fusion fusible, les tests d\u2019isolement \u00e9tant trop faible ne permettent pas le r\u00e9enclenchement du d\u00e9part concern\u00e9. Le d\u00e9part a \u00e9t\u00e9 consign\u00e9 ce soir, un camion laboratoire a \u00e9t\u00e9 sollicit\u00e9 pour nous appuyer demain dans cette recherche de d\u00e9faut. <\/p>\n<p>Les secteurs impact\u00e9s cette nuit sur Saint-Ouen-l\u2019Aum\u00f4ne suivant le plan ci-dessous sont:<\/p>\n<p><\/span><br \/><span style=\"font-family: arial,helvetica,sans-serif; font-size: small;\"><img loading=\"lazy\" decoding=\"async\" src=\"https:\/\/www.cylumine.fr\/img\/puce1.png\" alt=\"\" width=\"13\" height=\"11\" border=\"0\" \/>\u00a0Une partie de l\u2019Avenue du Vert Galant <br \/><img loading=\"lazy\" decoding=\"async\" src=\"https:\/\/www.cylumine.fr\/img\/puce1.png\" alt=\"\" width=\"13\" height=\"11\" border=\"0\" \/>\u00a0Avenue de l\u2019Eguillette <br \/><img loading=\"lazy\" decoding=\"async\" src=\"https:\/\/www.cylumine.fr\/img\/puce1.png\" alt=\"\" width=\"13\" height=\"11\" border=\"0\" \/>\u00a0Rue des Oziers <br \/><img loading=\"lazy\" decoding=\"async\" src=\"https:\/\/www.cylumine.fr\/img\/puce1.png\" alt=\"\" width=\"13\" height=\"11\" border=\"0\" \/>\u00a0Une partie de l\u2019Avenue Marcel Dassault<\/p>\n<p><\/span><\/p>\n<p><span style=\"font-family: arial,helvetica,sans-serif; font-size: small;\">Environ <strong>65<\/strong> Points Lumineux concern\u00e9s.<\/p>\n<p><\/span><\/p>\n<p><span style=\"font-family: arial,helvetica,sans-serif; font-size: small;\">Les autres postes HT de l\u2019agglom\u00e9ration se sont tous correctement mis en service ce soir.<\/p>\n<p><\/span><\/td>\n<\/tr>\n<\/tbody>\n<\/table>\n<table style=\"width: 100%;\" border=\"0\" cellspacing=\"0\" cellpadding=\"0\">\n<tbody>\n<tr>\n<td valign=\"top\">\n<hr width=\"100%\" size=\"1\" noshade=\"noshade\" \/><strong><strong><strong><strong><strong><strong><strong><span style=\"font-family: Arial, 'Gill Sans', 'Gill Sans MT', 'Myriad Pro', 'DejaVu Sans Condensed', Helvetica, sans-serif; font-size: 14px; font-weight: bold; color: #ffffff; background-color: #cb1e44; background-size: contain; line-height: 20pt;\"><strong><strong><strong><strong><span style=\"font-family: Arial, 'Gill Sans', 'Gill Sans MT', 'Myriad Pro', 'DejaVu Sans Condensed', Helvetica, sans-serif; font-size: 14px; font-weight: bold; color: #ffffff; background-color: #cb1e44; background-size: contain; line-height: 20pt;\"><strong><strong><span style=\"font-family: Arial, 'Gill Sans', 'Gill Sans MT', 'Myriad Pro', 'DejaVu Sans Condensed', Helvetica, sans-serif; font-size: 14px; font-weight: bold; color: #ffffff; background-color: #cb1e44; background-size: contain; line-height: 20pt;\"><strong><strong><strong><span style=\"font-family: Arial, 'Gill Sans', 'Gill Sans MT', 'Myriad Pro', 'DejaVu Sans Condensed', Helvetica, sans-serif; font-size: 14px; font-weight: bold; color: #ffffff; background-color: #cb1e44; background-size: contain; line-height: 20pt;\"><strong><strong><span style=\"font-family: Arial, 'Gill Sans', 'Gill Sans MT', 'Myriad Pro', 'DejaVu Sans Condensed', Helvetica, sans-serif; font-size: 14px; font-weight: bold; color: #ffffff; background-color: #cb1e44; background-size: contain; line-height: 20pt;\">\u00a0FLASH INFOS MAINTENANCE &#8211; 12\/01\/2015 \u00e0 20h07 <br \/><\/span><\/strong><\/strong><\/span><\/strong><\/strong><\/strong><\/span><\/strong><\/strong><\/span><\/strong><\/strong><\/strong><\/strong><\/span><\/strong><\/strong><\/strong><\/strong><\/strong><\/strong><\/strong><span style=\"font-family: arial,helvetica,sans-serif; font-size: small;\">Nous rencontrons ce soir une difficult\u00e9 sur le <strong>d\u00e9part 1 du poste HT Lampadaire \u00e0 Cergy<\/strong>. Une port\u00e9e de c\u00e2ble Haute Tension en d\u00e9faut est \u00e0 l\u2019origine de la panne. Nos techniciens ont pu isoler la partie du r\u00e9seau concern\u00e9. Nos \u00e9quipes interviendront demain pour solutionner ce d\u00e9faut.<\/span><br \/><span style=\"font-family: arial,helvetica,sans-serif; font-size: small;\"><br \/>Les rues impact\u00e9s cette nuit sont:<br \/><\/span><br \/><span style=\"font-family: arial,helvetica,sans-serif; font-size: small;\"><img loading=\"lazy\" decoding=\"async\" src=\"https:\/\/www.cylumine.fr\/img\/puce1.png\" alt=\"\" width=\"13\" height=\"11\" border=\"0\" \/> Une partie du Boulevard de l\u2019Hautil (D203).<\/p>\n<p><\/span><span style=\"font-family: arial,helvetica,sans-serif; font-size: small;\">Environ 26 Points Lumineux concern\u00e9s. <br \/><\/span><br \/><span style=\"font-family: arial,helvetica,sans-serif; font-size: small;\">Les autres postes HT de l\u2019agglom\u00e9ration se sont tous correctement mis en service ce soir.<\/p>\n<p><\/span><\/td>\n<\/tr>\n<\/tbody>\n<\/table>\n<table style=\"width: 100%;\" border=\"0\" cellspacing=\"0\" cellpadding=\"0\">\n<tbody>\n<tr>\n<td valign=\"top\">\n<hr width=\"100%\" size=\"1\" noshade=\"noshade\" \/><strong><strong><strong><strong><strong><span style=\"font-family: Arial, 'Gill Sans', 'Gill Sans MT', 'Myriad Pro', 'DejaVu Sans Condensed', Helvetica, sans-serif; font-size: 14px; font-weight: bold; color: #ffffff; background-color: #cb1e44; background-size: contain; line-height: 20pt;\"><strong><strong><strong><strong><span style=\"font-family: Arial, 'Gill Sans', 'Gill Sans MT', 'Myriad Pro', 'DejaVu Sans Condensed', Helvetica, sans-serif; font-size: 14px; font-weight: bold; color: #ffffff; background-color: #cb1e44; background-size: contain; line-height: 20pt;\"><strong><strong><span style=\"font-family: Arial, 'Gill Sans', 'Gill Sans MT', 'Myriad Pro', 'DejaVu Sans Condensed', Helvetica, sans-serif; font-size: 14px; font-weight: bold; color: #ffffff; background-color: #cb1e44; background-size: contain; line-height: 20pt;\"><strong><strong><strong><span style=\"font-family: Arial, 'Gill Sans', 'Gill Sans MT', 'Myriad Pro', 'DejaVu Sans Condensed', Helvetica, sans-serif; font-size: 14px; font-weight: bold; color: #ffffff; background-color: #cb1e44; background-size: contain; line-height: 20pt;\"><strong><strong><span style=\"font-family: Arial, 'Gill Sans', 'Gill Sans MT', 'Myriad Pro', 'DejaVu Sans Condensed', Helvetica, sans-serif; font-size: 14px; font-weight: bold; color: #ffffff; background-color: #cb1e44; background-size: contain; line-height: 20pt;\">\u00a0FLASH INFOS MAINTENANCE &#8211; 07\/01\/2015 \u00e0 21h30 <br \/><\/span><\/strong><\/strong><\/span><\/strong><\/strong><\/strong><\/span><\/strong><\/strong><\/span><\/strong><\/strong><\/strong><\/strong><\/span><\/strong><\/strong><\/strong><strong><strong><strong><strong><strong><strong><strong><strong><strong><strong><strong><strong><strong><strong><br \/><\/strong><\/strong><\/strong><\/strong><\/strong><\/strong><\/strong><\/strong><\/strong><\/strong><\/strong><\/strong><\/strong><\/strong><\/strong><\/strong><span style=\"font-family: arial,helvetica,sans-serif; font-size: small;\">Nos techniciens ont sold\u00e9 hier soir le d\u00e9faut rencontr\u00e9 sur le d\u00e9part 3 du poste HT Puisum \u00e0 Cergy. <\/span><span style=\"font-family: arial,helvetica,sans-serif; font-size: small;\"><\/p>\n<p>Tous les postes HT de l\u2019agglom\u00e9ration se sont correctement mis en service ce soir.<\/p>\n<p><\/span><\/td>\n<\/tr>\n<\/tbody>\n<\/table>\n<table border=\"0\" cellspacing=\"0\" cellpadding=\"0\">\n<tbody>\n<tr>\n<td valign=\"top\" height=\"198\">\n<hr width=\"100%\" size=\"1\" noshade=\"noshade\" \/><strong><strong><strong><strong><strong><strong><strong><strong><strong><strong><strong><strong><strong><strong><strong><strong><strong><strong><span style=\"font-family: Arial, 'Gill Sans', 'Gill Sans MT', 'Myriad Pro', 'DejaVu Sans Condensed', Helvetica, sans-serif; font-size: 14px; font-weight: bold; color: #ffffff; background-color: #cb1e44; background-size: contain; line-height: 20pt;\"><strong><strong><strong><strong><span style=\"font-family: Arial, 'Gill Sans', 'Gill Sans MT', 'Myriad Pro', 'DejaVu Sans Condensed', Helvetica, sans-serif; font-size: 14px; font-weight: bold; color: #ffffff; background-color: #cb1e44; background-size: contain; line-height: 20pt;\"><strong><strong><span style=\"font-family: Arial, 'Gill Sans', 'Gill Sans MT', 'Myriad Pro', 'DejaVu Sans Condensed', Helvetica, sans-serif; font-size: 14px; font-weight: bold; color: #ffffff; background-color: #cb1e44; background-size: contain; line-height: 20pt;\"><strong><strong><strong><span style=\"font-family: Arial, 'Gill Sans', 'Gill Sans MT', 'Myriad Pro', 'DejaVu Sans Condensed', Helvetica, sans-serif; font-size: 14px; font-weight: bold; color: #ffffff; background-color: #cb1e44; background-size: contain; line-height: 20pt;\"><strong><strong><span style=\"font-family: Arial, 'Gill Sans', 'Gill Sans MT', 'Myriad Pro', 'DejaVu Sans Condensed', Helvetica, sans-serif; font-size: 14px; font-weight: bold; color: #ffffff; background-color: #cb1e44; background-size: contain; line-height: 20pt;\">\u00a0FLASH INFOS MAINTENANCE &#8211; 05\/01\/2015 \u00e0 18h40 <\/span><\/strong><\/strong><\/span><\/strong><\/strong><\/strong><\/span><\/strong><\/strong><\/span><\/strong><\/strong><\/strong><\/strong><\/span><\/strong><\/strong><\/strong><\/p>\n<p><\/strong><\/strong><\/strong><\/strong><\/strong><\/strong><\/strong><\/strong><\/strong><\/strong><\/strong><\/strong><\/strong><\/strong><\/strong><span style=\"font-family: arial,helvetica,sans-serif; font-size: small;\">Le d\u00e9part 3 du poste HT Puisum \u00e0 Cergy pr\u00e9sente toujours ce soir un d\u00e9faut. Ce d\u00e9faut a \u00e9t\u00e9 cibl\u00e9 ce jour n\u00e9cessitant le remplacement d\u2019un transformateur modulaire qui sera mis en \u0153uvre demain. N\u00e9anmoins, le secteur en d\u00e9faut a \u00e9t\u00e9 isol\u00e9 ce jour au maximum.<\/span><\/p>\n<p><span style=\"font-family: arial,helvetica,sans-serif; font-size: small;\">Les secteurs impact\u00e9s cette nuit sur Osny sont:<\/span><\/p>\n<p><span style=\"font-family: arial,helvetica,sans-serif; font-size: small;\"><img loading=\"lazy\" decoding=\"async\" src=\"https:\/\/www.cylumine.fr\/img\/puce1.png\" alt=\"\" width=\"13\" height=\"11\" border=\"0\" \/>\u00a0Rond-Point Jean-Paul II <\/span><br \/><span style=\"font-family: arial,helvetica,sans-serif; font-size: small;\"><img loading=\"lazy\" decoding=\"async\" src=\"https:\/\/www.cylumine.fr\/img\/puce1.png\" alt=\"\" width=\"13\" height=\"11\" border=\"0\" \/>\u00a0Une partie de la Rue de Pontoise\u00a0 <\/span><br \/><span style=\"font-family: arial,helvetica,sans-serif; font-size: small;\"><img loading=\"lazy\" decoding=\"async\" src=\"https:\/\/www.cylumine.fr\/img\/puce1.png\" alt=\"\" width=\"13\" height=\"11\" border=\"0\" \/>\u00a0Rue du G\u00e9n\u00e9ral de Gaulle <\/span><br \/><span style=\"font-family: arial,helvetica,sans-serif; font-size: small;\"><img loading=\"lazy\" decoding=\"async\" src=\"https:\/\/www.cylumine.fr\/img\/puce1.png\" alt=\"\" width=\"13\" height=\"11\" border=\"0\" \/>\u00a0Rue de la Ravini\u00e8re <\/span><\/p>\n<p><span style=\"font-family: arial,helvetica,sans-serif; font-size: small;\">Environ 50 Points Lumineux concern\u00e9s. <\/span><\/p>\n<p><span style=\"font-family: arial,helvetica,sans-serif; font-size: small;\">Tous les autres postes HT de l\u2019agglom\u00e9ration se sont correctement mis en service ce soir-l\u00e0.<\/span><\/td>\n<\/tr>\n<\/tbody>\n<\/table>\n<table style=\"width: 99.86%; height: 540px; color: #000000;\" border=\"0\" cellspacing=\"0\" cellpadding=\"0\">\n<tbody>\n<tr>\n<td valign=\"top\" height=\"198\">\n<hr width=\"100%\" size=\"1\" noshade=\"noshade\" \/><span style=\"font-family: Arial, 'Gill Sans', 'Gill Sans MT', 'Myriad Pro', 'DejaVu Sans Condensed', Helvetica, sans-serif; font-size: 14px; font-weight: bold; color: #ffffff; background-color: #cb1e44; background-size: contain; line-height: 20pt;\"><span style=\"font-family: Arial, 'Gill Sans', 'Gill Sans MT', 'Myriad Pro', 'DejaVu Sans Condensed', Helvetica, sans-serif; font-size: 14px; font-weight: bold; color: #ffffff; background-color: #cb1e44; background-size: contain; line-height: 20pt;\"><span style=\"font-family: Arial, 'Gill Sans', 'Gill Sans MT', 'Myriad Pro', 'DejaVu Sans Condensed', Helvetica, sans-serif; font-size: 14px; font-weight: bold; color: #ffffff; background-color: #cb1e44; background-size: contain; line-height: 20pt;\"><span style=\"font-family: Arial, 'Gill Sans', 'Gill Sans MT', 'Myriad Pro', 'DejaVu Sans Condensed', Helvetica, sans-serif; font-size: 14px; font-weight: bold; color: #ffffff; background-color: #cb1e44; background-size: contain; line-height: 20pt;\"><span style=\"font-family: Arial, 'Gill Sans', 'Gill Sans MT', 'Myriad Pro', 'DejaVu Sans Condensed', Helvetica, sans-serif; font-size: 14px; font-weight: bold; color: #ffffff; background-color: #cb1e44; background-size: contain; line-height: 20pt;\"><strong><strong><strong><strong><span style=\"font-family: Arial, 'Gill Sans', 'Gill Sans MT', 'Myriad Pro', 'DejaVu Sans Condensed', Helvetica, sans-serif; font-size: 14px; font-weight: bold; color: #ffffff; background-color: #cb1e44; background-size: contain; line-height: 20pt;\"><strong><strong><strong><strong><span style=\"font-family: Arial, 'Gill Sans', 'Gill Sans MT', 'Myriad Pro', 'DejaVu Sans Condensed', Helvetica, sans-serif; font-size: 14px; font-weight: bold; color: #ffffff; background-color: #cb1e44; background-size: contain; line-height: 20pt;\"><strong><strong><span style=\"font-family: Arial, 'Gill Sans', 'Gill Sans MT', 'Myriad Pro', 'DejaVu Sans Condensed', Helvetica, sans-serif; font-size: 14px; font-weight: bold; color: #ffffff; background-color: #cb1e44; background-size: contain; line-height: 20pt;\"><strong><strong><strong><span style=\"font-family: Arial, 'Gill Sans', 'Gill Sans MT', 'Myriad Pro', 'DejaVu Sans Condensed', Helvetica, sans-serif; font-size: 14px; font-weight: bold; color: #ffffff; background-color: #cb1e44; background-size: contain; line-height: 20pt;\"><strong><strong><span style=\"font-family: Arial, 'Gill Sans', 'Gill Sans MT', 'Myriad Pro', 'DejaVu Sans Condensed', Helvetica, sans-serif; font-size: 14px; font-weight: bold; color: #ffffff; background-color: #cb1e44; background-size: contain; line-height: 20pt;\">\u00a0FLASH INFOS MAINTENANCE &#8211; 03\/01\/2015 \u00e0 21h05\u00a0<br \/><\/span><\/strong><\/strong><\/span><\/strong><\/strong><\/strong><\/span><\/strong><\/strong><\/span><\/strong><\/strong><\/strong><\/strong><\/span><\/strong><\/strong><\/strong><\/strong><\/span><\/span><\/span><\/span><\/span><span style=\"font-family: arial,helvetica,sans-serif; font-size: small;\">Nous rencontrons ce soir une difficult\u00e9 majeure sur le <strong>d\u00e9part 3 du poste HT Puisum \u00e0 Cergy<\/strong>. Le d\u00e9part concern\u00e9 a \u00e9t\u00e9 consign\u00e9 dans l\u2019attente d\u2019une investigation compl\u00e9mentaire.Un camion laboratoire a \u00e9t\u00e9 sollicit\u00e9 pour nous appuyer dans cette recherche de d\u00e9faut.<\/p>\n<p>Les secteurs impact\u00e9s cette nuit sur Cergy sont:\u00a0<br \/>\u00a0\u00a0\u00a0\u00a0\u00a0\u00a0\u00a0\u00a0\u00a0\u00a0\u00a0\u00a0\u00a0\u00a0\u00a0\u00a0\u00a0\u00a0\u00a0\u00a0\u00a0\u00a0\u00a0\u00a0\u00a0 <br \/><span style=\"font-family: arial,helvetica,sans-serif; font-size: small;\"><img loading=\"lazy\" decoding=\"async\" src=\"https:\/\/www.cylumine.fr\/img\/puce1.png\" alt=\"\" width=\"13\" height=\"11\" border=\"0\" \/><\/span> Boulevard d\u2019Osny<br \/><span style=\"font-family: arial,helvetica,sans-serif; font-size: small;\"><img loading=\"lazy\" decoding=\"async\" src=\"https:\/\/www.cylumine.fr\/img\/puce1.png\" alt=\"\" width=\"13\" height=\"11\" border=\"0\" \/><\/span> Boulevard de la Paix\u00a0\u00a0<br \/><span style=\"font-family: arial,helvetica,sans-serif; font-size: small;\"><img loading=\"lazy\" decoding=\"async\" src=\"https:\/\/www.cylumine.fr\/img\/puce1.png\" alt=\"\" width=\"13\" height=\"11\" border=\"0\" \/><\/span> Avenue du Centaure\u00a0<br \/><span style=\"font-family: arial,helvetica,sans-serif; font-size: small;\"><img loading=\"lazy\" decoding=\"async\" src=\"https:\/\/www.cylumine.fr\/img\/puce1.png\" alt=\"\" width=\"13\" height=\"11\" border=\"0\" \/><\/span> Avenue des Genottes\u00a0\u00a0 <br \/><span style=\"font-family: arial,helvetica,sans-serif; font-size: small;\"><img loading=\"lazy\" decoding=\"async\" src=\"https:\/\/www.cylumine.fr\/img\/puce1.png\" alt=\"\" width=\"13\" height=\"11\" border=\"0\" \/><\/span> Avenue des B\u00e9guines\u00a0\u00a0 <br \/><span style=\"font-family: arial,helvetica,sans-serif; font-size: small;\"><img loading=\"lazy\" decoding=\"async\" src=\"https:\/\/www.cylumine.fr\/img\/puce1.png\" alt=\"\" width=\"13\" height=\"11\" border=\"0\" \/><\/span> Avenue du Martelet\u00a0\u00a0<br \/><span style=\"font-family: arial,helvetica,sans-serif; font-size: small;\"><img loading=\"lazy\" decoding=\"async\" src=\"https:\/\/www.cylumine.fr\/img\/puce1.png\" alt=\"\" width=\"13\" height=\"11\" border=\"0\" \/><\/span> Rue des Voyageurs\u00a0\u00a0<br \/><span style=\"font-family: arial,helvetica,sans-serif; font-size: small;\"><img loading=\"lazy\" decoding=\"async\" src=\"https:\/\/www.cylumine.fr\/img\/puce1.png\" alt=\"\" width=\"13\" height=\"11\" border=\"0\" \/><\/span> Rue des Pas Perdus\u00a0\u00a0<br \/><span style=\"font-family: arial,helvetica,sans-serif; font-size: small;\"><img loading=\"lazy\" decoding=\"async\" src=\"https:\/\/www.cylumine.fr\/img\/puce1.png\" alt=\"\" width=\"13\" height=\"11\" border=\"0\" \/><\/span> Rue de l\u2019Aven\u00a0\u00a0 <br \/><span style=\"font-family: arial,helvetica,sans-serif; font-size: small;\"><img loading=\"lazy\" decoding=\"async\" src=\"https:\/\/www.cylumine.fr\/img\/puce1.png\" alt=\"\" width=\"13\" height=\"11\" border=\"0\" \/><\/span> Rue du Chemin de Fer\u00a0\u00a0 <br \/><span style=\"font-family: arial,helvetica,sans-serif; font-size: small;\"><img loading=\"lazy\" decoding=\"async\" src=\"https:\/\/www.cylumine.fr\/img\/puce1.png\" alt=\"\" width=\"13\" height=\"11\" border=\"0\" \/><\/span> Rue de la Bastide\u00a0\u00a0<br \/><span style=\"font-family: arial,helvetica,sans-serif; font-size: small;\"><img loading=\"lazy\" decoding=\"async\" src=\"https:\/\/www.cylumine.fr\/img\/puce1.png\" alt=\"\" width=\"13\" height=\"11\" border=\"0\" \/><\/span> Rue de l\u2019Abondance\u00a0\u00a0<br \/><span style=\"font-family: arial,helvetica,sans-serif; font-size: small;\"><img loading=\"lazy\" decoding=\"async\" src=\"https:\/\/www.cylumine.fr\/img\/puce1.png\" alt=\"\" width=\"13\" height=\"11\" border=\"0\" \/><\/span> Rue du Petit Albi\u00a0\u00a0 <br \/><span style=\"font-family: arial,helvetica,sans-serif; font-size: small;\"><img loading=\"lazy\" decoding=\"async\" src=\"https:\/\/www.cylumine.fr\/img\/puce1.png\" alt=\"\" width=\"13\" height=\"11\" border=\"0\" \/><\/span> Rue du Promenoir<\/p>\n<p>Les secteurs impact\u00e9s cette nuit sur Osny sont:\u00a0\u00a0 <\/p>\n<p><span style=\"font-family: arial,helvetica,sans-serif; font-size: small;\"><img loading=\"lazy\" decoding=\"async\" src=\"https:\/\/www.cylumine.fr\/img\/puce1.png\" alt=\"\" width=\"13\" height=\"11\" border=\"0\" \/><\/span> Chauss\u00e9e Jules C\u00e9sar\u00a0<br \/><span style=\"font-family: arial,helvetica,sans-serif; font-size: small;\"><img loading=\"lazy\" decoding=\"async\" src=\"https:\/\/www.cylumine.fr\/img\/puce1.png\" alt=\"\" width=\"13\" height=\"11\" border=\"0\" \/><\/span> Rue de Puiseux<\/p>\n<p>Environ 448 Points Lumineux concern\u00e9s.<\/p>\n<p><span style=\"color: #000000; line-height: 20pt; background-size: contain; background-color: #ffffff;\"><span style=\"line-height: 20pt; background-size: contain;\"><span style=\"line-height: 20pt; background-size: contain;\"><span style=\"line-height: 20pt; background-size: contain;\"><span style=\"line-height: 20pt; background-size: contain;\"><span style=\"line-height: 20pt; background-size: contain;\"><span style=\"line-height: 20pt; background-size: contain;\"><span style=\"line-height: 20pt; background-size: contain;\"><span style=\"line-height: 20pt; background-size: contain;\">Tous les autres postes HT de l\u2019agglom\u00e9ration se sont correctement mis en service ce soir-l\u00e0. <br \/><\/span><\/span><\/span><\/span><\/span><\/span><\/span><\/span><\/span><\/span><\/td>\n<\/tr>\n<\/tbody>\n<\/table>\n<table style=\"width: 99.45%; height: 244px; color: #000000;\" border=\"0\" cellspacing=\"0\" cellpadding=\"0\">\n<tbody>\n<tr>\n<td valign=\"top\" height=\"198\">\n<hr width=\"100%\" size=\"1\" noshade=\"noshade\" \/><span style=\"font-family: Arial, 'Gill Sans', 'Gill Sans MT', 'Myriad Pro', 'DejaVu Sans Condensed', Helvetica, sans-serif; font-size: 14px; font-weight: bold; color: #ffffff; background-color: #cb1e44; background-size: contain; line-height: 20pt;\"><span style=\"font-family: Arial, 'Gill Sans', 'Gill Sans MT', 'Myriad Pro', 'DejaVu Sans Condensed', Helvetica, sans-serif; font-size: 14px; font-weight: bold; color: #ffffff; background-color: #cb1e44; background-size: contain; line-height: 20pt;\"><span style=\"font-family: Arial, 'Gill Sans', 'Gill Sans MT', 'Myriad Pro', 'DejaVu Sans Condensed', Helvetica, sans-serif; font-size: 14px; font-weight: bold; color: #ffffff; background-color: #cb1e44; background-size: contain; line-height: 20pt;\"><span style=\"font-family: Arial, 'Gill Sans', 'Gill Sans MT', 'Myriad Pro', 'DejaVu Sans Condensed', Helvetica, sans-serif; font-size: 14px; font-weight: bold; color: #ffffff; background-color: #cb1e44; background-size: contain; line-height: 20pt;\"><strong><strong><strong><strong><span style=\"font-family: Arial, 'Gill Sans', 'Gill Sans MT', 'Myriad Pro', 'DejaVu Sans Condensed', Helvetica, sans-serif; font-size: 14px; font-weight: bold; color: #ffffff; background-color: #cb1e44; background-size: contain; line-height: 20pt;\"><strong><strong><strong><strong><span style=\"font-family: Arial, 'Gill Sans', 'Gill Sans MT', 'Myriad Pro', 'DejaVu Sans Condensed', Helvetica, sans-serif; font-size: 14px; font-weight: bold; color: #ffffff; background-color: #cb1e44; background-size: contain; line-height: 20pt;\"><strong><strong><span style=\"font-family: Arial, 'Gill Sans', 'Gill Sans MT', 'Myriad Pro', 'DejaVu Sans Condensed', Helvetica, sans-serif; font-size: 14px; font-weight: bold; color: #ffffff; background-color: #cb1e44; background-size: contain; line-height: 20pt;\"><strong><strong><strong><span style=\"font-family: Arial, 'Gill Sans', 'Gill Sans MT', 'Myriad Pro', 'DejaVu Sans Condensed', Helvetica, sans-serif; font-size: 14px; font-weight: bold; color: #ffffff; background-color: #cb1e44; background-size: contain; line-height: 20pt;\"><strong><strong><span style=\"font-family: Arial, 'Gill Sans', 'Gill Sans MT', 'Myriad Pro', 'DejaVu Sans Condensed', Helvetica, sans-serif; font-size: 14px; font-weight: bold; color: #ffffff; background-color: #cb1e44; background-size: contain; line-height: 20pt;\">\u00a0FLASH INFOS MAINTENANCE &#8211; 28\/12\/2014 <br \/><\/span><\/strong><\/strong><\/span><\/strong><\/strong><\/strong><\/span><\/strong><\/strong><\/span><\/strong><\/strong><\/strong><\/strong><\/span><\/strong><\/strong><\/strong><\/strong><\/span><\/span><\/span><\/span><span style=\"font-family: arial,helvetica,sans-serif; font-size: small;\">Le <strong>d\u00e9part 5 du poste HT Hautilum \u00e0 Jouy-Le-Moutier<\/strong> pr\u00e9sente toujours un d\u00e9faut franc d\u00fb \u00e0 un c\u00e2ble en pleine terre en court-circuit. Nos techniciens sont parvenus \u00e0 remettre en service une partie du r\u00e9seau impact\u00e9 ce jour. Toutefois, il reste encore des tron\u00e7ons impact\u00e9s cette nuit. Ce dernier impacte environ 90 Points Lumineux. <\/span><span style=\"font-family: arial,helvetica,sans-serif; font-size: small;\"><\/p>\n<p>Les secteurs impact\u00e9s cette nuit sur Jouy-Le-Moutier sont:<br \/><\/span><br \/><span style=\"font-family: arial,helvetica,sans-serif; font-size: small;\"><img loading=\"lazy\" decoding=\"async\" src=\"https:\/\/www.cylumine.fr\/img\/puce1.png\" alt=\"\" width=\"13\" height=\"11\" border=\"0\" \/> Boulevard d\u2019Ecancourt<\/span><br \/><span style=\"font-family: arial,helvetica,sans-serif; font-size: small;\"><img loading=\"lazy\" decoding=\"async\" src=\"https:\/\/www.cylumine.fr\/img\/puce1.png\" alt=\"\" width=\"13\" height=\"11\" border=\"0\" \/> Carrefour de la Croix Saint-Jacques<\/span><br \/><span style=\"font-family: arial,helvetica,sans-serif; font-size: small;\"><img loading=\"lazy\" decoding=\"async\" src=\"https:\/\/www.cylumine.fr\/img\/puce1.png\" alt=\"\" width=\"13\" height=\"11\" border=\"0\" \/> Avenue des Saules Br\u00fbl\u00e9s <br \/><\/span><br \/><span style=\"font-family: arial,helvetica,sans-serif; font-size: small;\">Tous les autres postes HT de l\u2019agglom\u00e9ration se sont correctement mis en service ce soir-l\u00e0.<\/span><\/td>\n<\/tr>\n<\/tbody>\n<\/table>\n<table style=\"width: 99.84%; height: 200px; color: #000000;\" border=\"0\" cellspacing=\"0\" cellpadding=\"0\">\n<tbody>\n<tr>\n<td valign=\"top\" height=\"198\">\n<hr width=\"100%\" size=\"1\" noshade=\"noshade\" \/><span style=\"font-family: Arial, 'Gill Sans', 'Gill Sans MT', 'Myriad Pro', 'DejaVu Sans Condensed', Helvetica, sans-serif; font-size: 14px; font-weight: bold; color: #ffffff; background-color: #cb1e44; background-size: contain; line-height: 20pt;\"><span style=\"font-family: Arial, 'Gill Sans', 'Gill Sans MT', 'Myriad Pro', 'DejaVu Sans Condensed', Helvetica, sans-serif; font-size: 14px; font-weight: bold; color: #ffffff; background-color: #cb1e44; background-size: contain; line-height: 20pt;\"><span style=\"font-family: Arial, 'Gill Sans', 'Gill Sans MT', 'Myriad Pro', 'DejaVu Sans Condensed', Helvetica, sans-serif; font-size: 14px; font-weight: bold; color: #ffffff; background-color: #cb1e44; background-size: contain; line-height: 20pt;\"><strong><strong><strong><strong><span style=\"font-family: Arial, 'Gill Sans', 'Gill Sans MT', 'Myriad Pro', 'DejaVu Sans Condensed', Helvetica, sans-serif; font-size: 14px; font-weight: bold; color: #ffffff; background-color: #cb1e44; background-size: contain; line-height: 20pt;\"><strong><strong><strong><strong><span style=\"font-family: Arial, 'Gill Sans', 'Gill Sans MT', 'Myriad Pro', 'DejaVu Sans Condensed', Helvetica, sans-serif; font-size: 14px; font-weight: bold; color: #ffffff; background-color: #cb1e44; background-size: contain; line-height: 20pt;\"><strong><strong><span style=\"font-family: Arial, 'Gill Sans', 'Gill Sans MT', 'Myriad Pro', 'DejaVu Sans Condensed', Helvetica, sans-serif; font-size: 14px; font-weight: bold; color: #ffffff; background-color: #cb1e44; background-size: contain; line-height: 20pt;\"><strong><strong><strong><span style=\"font-family: Arial, 'Gill Sans', 'Gill Sans MT', 'Myriad Pro', 'DejaVu Sans Condensed', Helvetica, sans-serif; font-size: 14px; font-weight: bold; color: #ffffff; background-color: #cb1e44; background-size: contain; line-height: 20pt;\"><strong><strong><span style=\"font-family: Arial, 'Gill Sans', 'Gill Sans MT', 'Myriad Pro', 'DejaVu Sans Condensed', Helvetica, sans-serif; font-size: 14px; font-weight: bold; color: #ffffff; background-color: #cb1e44; background-size: contain; line-height: 20pt;\">\u00a0FLASH INFOS MAINTENANCE &#8211; 27\/12\/2014 &#8211; 20:10 <br \/><\/span><\/strong><\/strong><\/span><\/strong><\/strong><\/strong><\/span><\/strong><\/strong><\/span><\/strong><\/strong><\/strong><\/strong><\/span><\/strong><\/strong><\/strong><\/strong><\/span><\/span><\/span>Nous rencontrons ce soir une difficult\u00e9 sur le\u00a0<strong>d\u00e9part 5 du poste HT Hautilum \u00e0 Jouy-Le-Moutier<\/strong>. Le d\u00e9part concern\u00e9 pr\u00e9sente de nouveau un d\u00e9faut franc avec une fusion fusible, les tests d\u2019isolement \u00e9tant trop faible ne permettent pas le r\u00e9enclenchement du d\u00e9part concern\u00e9. Il a \u00e9t\u00e9 consign\u00e9 ce soir dans l\u2019attente d\u2019une investigation qui sera men\u00e9 demain par notre \u00e9quipe d\u2019astreinte appuy\u00e9e par une \u00e9quipe suppl\u00e9mentaire.<br \/><span style=\"font-family: arial,helvetica,sans-serif; font-size: small;\"><br \/>Les secteurs impact\u00e9s cette nuit sur Jouy-Le-Moutier sont:<\/p>\n<p><img loading=\"lazy\" decoding=\"async\" src=\"https:\/\/www.cylumine.fr\/img\/puce1.png\" alt=\"\" width=\"13\" height=\"11\" border=\"0\" \/>\u00a0Avenue du Temps Perdu<br \/><img loading=\"lazy\" decoding=\"async\" src=\"https:\/\/www.cylumine.fr\/img\/puce1.png\" alt=\"\" width=\"13\" height=\"11\" border=\"0\" \/>\u00a0Avenue des Bruzacques<br \/><img loading=\"lazy\" decoding=\"async\" src=\"https:\/\/www.cylumine.fr\/img\/puce1.png\" alt=\"\" width=\"13\" height=\"11\" border=\"0\" \/>\u00a0Boulevard d\u2019Ecancourt<br \/><img loading=\"lazy\" decoding=\"async\" src=\"https:\/\/www.cylumine.fr\/img\/puce1.png\" alt=\"\" width=\"13\" height=\"11\" border=\"0\" \/>\u00a0Carrefour de la Croix Saint-Jacques<br \/><img loading=\"lazy\" decoding=\"async\" src=\"https:\/\/www.cylumine.fr\/img\/puce1.png\" alt=\"\" width=\"13\" height=\"11\" border=\"0\" \/>\u00a0Avenue des Saules Br\u00fbl\u00e9s<br \/><img loading=\"lazy\" decoding=\"async\" src=\"https:\/\/www.cylumine.fr\/img\/puce1.png\" alt=\"\" width=\"13\" height=\"11\" border=\"0\" \/>\u00a0D48E<br \/><img loading=\"lazy\" decoding=\"async\" src=\"https:\/\/www.cylumine.fr\/img\/puce1.png\" alt=\"\" width=\"13\" height=\"11\" border=\"0\" \/>\u00a0Rue des Vignes Blanches<br \/><img loading=\"lazy\" decoding=\"async\" src=\"https:\/\/www.cylumine.fr\/img\/puce1.png\" alt=\"\" width=\"13\" height=\"11\" border=\"0\" \/>\u00a0Avenue du Vast<br \/><img loading=\"lazy\" decoding=\"async\" src=\"https:\/\/www.cylumine.fr\/img\/puce1.png\" alt=\"\" width=\"13\" height=\"11\" border=\"0\" \/>\u00a0Rue des Sillons<br \/><img loading=\"lazy\" decoding=\"async\" src=\"https:\/\/www.cylumine.fr\/img\/puce1.png\" alt=\"\" width=\"13\" height=\"11\" border=\"0\" \/>\u00a0Rue du Barreau<br \/><img loading=\"lazy\" decoding=\"async\" src=\"https:\/\/www.cylumine.fr\/img\/puce1.png\" alt=\"\" width=\"13\" height=\"11\" border=\"0\" \/>\u00a0Rue des Lapereaux<br \/><img loading=\"lazy\" decoding=\"async\" src=\"https:\/\/www.cylumine.fr\/img\/puce1.png\" alt=\"\" width=\"13\" height=\"11\" border=\"0\" \/>\u00a0Rue du Boile<br \/><img loading=\"lazy\" decoding=\"async\" src=\"https:\/\/www.cylumine.fr\/img\/puce1.png\" alt=\"\" width=\"13\" height=\"11\" border=\"0\" \/>\u00a0Rue de l\u2019Ecole<br \/><img loading=\"lazy\" decoding=\"async\" src=\"https:\/\/www.cylumine.fr\/img\/puce1.png\" alt=\"\" width=\"13\" height=\"11\" border=\"0\" \/>\u00a0Rue de la Bosse<br \/><img loading=\"lazy\" decoding=\"async\" src=\"https:\/\/www.cylumine.fr\/img\/puce1.png\" alt=\"\" width=\"13\" height=\"11\" border=\"0\" \/>\u00a0Rue des Jouannes<br \/><img loading=\"lazy\" decoding=\"async\" src=\"https:\/\/www.cylumine.fr\/img\/puce1.png\" alt=\"\" width=\"13\" height=\"11\" border=\"0\" \/>\u00a0Rue des Gloriettes<br \/><img loading=\"lazy\" decoding=\"async\" src=\"https:\/\/www.cylumine.fr\/img\/puce1.png\" alt=\"\" width=\"13\" height=\"11\" border=\"0\" \/>\u00a0Rue du Colombier<br \/><img loading=\"lazy\" decoding=\"async\" src=\"https:\/\/www.cylumine.fr\/img\/puce1.png\" alt=\"\" width=\"13\" height=\"11\" border=\"0\" \/>\u00a0Place carr\u00e9e<br \/><img loading=\"lazy\" decoding=\"async\" src=\"https:\/\/www.cylumine.fr\/img\/puce1.png\" alt=\"\" width=\"13\" height=\"11\" border=\"0\" \/>\u00a0Rue du Cheval Aile<br \/><img loading=\"lazy\" decoding=\"async\" src=\"https:\/\/www.cylumine.fr\/img\/puce1.png\" alt=\"\" width=\"13\" height=\"11\" border=\"0\" \/>\u00a0Place Vermeille<br \/><img loading=\"lazy\" decoding=\"async\" src=\"https:\/\/www.cylumine.fr\/img\/puce1.png\" alt=\"\" width=\"13\" height=\"11\" border=\"0\" \/>\u00a0Place des Solarias<br \/><img loading=\"lazy\" decoding=\"async\" src=\"https:\/\/www.cylumine.fr\/img\/puce1.png\" alt=\"\" width=\"13\" height=\"11\" border=\"0\" \/>\u00a0Rue des Coteaux<\/p>\n<p>Environ 360 Points Lumineux concern\u00e9s.<\/p>\n<p>Tous les autres postes HT de l\u2019agglom\u00e9ration se sont correctement mis en service ce soir-l\u00e0.<\/p>\n<p><\/span><\/td>\n<\/tr>\n<\/tbody>\n<\/table>\n<table style=\"width: 99.78%; height: 201px; color: #000000;\" border=\"0\" cellspacing=\"0\" cellpadding=\"0\">\n<tbody>\n<tr>\n<td valign=\"top\" height=\"198\">\n<hr width=\"100%\" size=\"1\" noshade=\"noshade\" \/><span style=\"font-family: Arial, 'Gill Sans', 'Gill Sans MT', 'Myriad Pro', 'DejaVu Sans Condensed', Helvetica, sans-serif; font-size: 14px; font-weight: bold; color: #ffffff; background-color: #cb1e44; background-size: contain; line-height: 20pt;\"><span style=\"font-family: Arial, 'Gill Sans', 'Gill Sans MT', 'Myriad Pro', 'DejaVu Sans Condensed', Helvetica, sans-serif; font-size: 14px; font-weight: bold; color: #ffffff; background-color: #cb1e44; background-size: contain; line-height: 20pt;\"><span style=\"font-family: Arial, 'Gill Sans', 'Gill Sans MT', 'Myriad Pro', 'DejaVu Sans Condensed', Helvetica, sans-serif; font-size: 14px; font-weight: bold; color: #ffffff; background-color: #cb1e44; background-size: contain; line-height: 20pt;\"><strong><strong><strong><strong><span style=\"font-family: Arial, 'Gill Sans', 'Gill Sans MT', 'Myriad Pro', 'DejaVu Sans Condensed', Helvetica, sans-serif; font-size: 14px; font-weight: bold; color: #ffffff; background-color: #cb1e44; background-size: contain; line-height: 20pt;\"><strong><strong><strong><strong><span style=\"font-family: Arial, 'Gill Sans', 'Gill Sans MT', 'Myriad Pro', 'DejaVu Sans Condensed', Helvetica, sans-serif; font-size: 14px; font-weight: bold; color: #ffffff; background-color: #cb1e44; background-size: contain; line-height: 20pt;\"><strong><strong><span style=\"font-family: Arial, 'Gill Sans', 'Gill Sans MT', 'Myriad Pro', 'DejaVu Sans Condensed', Helvetica, sans-serif; font-size: 14px; font-weight: bold; color: #ffffff; background-color: #cb1e44; background-size: contain; line-height: 20pt;\"><strong><strong><strong><span style=\"font-family: Arial, 'Gill Sans', 'Gill Sans MT', 'Myriad Pro', 'DejaVu Sans Condensed', Helvetica, sans-serif; font-size: 14px; font-weight: bold; color: #ffffff; background-color: #cb1e44; background-size: contain; line-height: 20pt;\"><strong><strong><span style=\"font-family: Arial, 'Gill Sans', 'Gill Sans MT', 'Myriad Pro', 'DejaVu Sans Condensed', Helvetica, sans-serif; font-size: 14px; font-weight: bold; color: #ffffff; background-color: #cb1e44; background-size: contain; line-height: 20pt;\">\u00a0 FLASH INFOS MAINTENANCE &#8211; 24\/12\/2014 &#8211; 21:11 <\/p>\n<p><\/span><\/strong><\/strong><\/span><\/strong><\/strong><\/strong><\/span><\/strong><\/strong><\/span><\/strong><\/strong><\/strong><\/strong><\/span><\/strong><\/strong><\/strong><\/strong><\/span><\/span><\/span><span style=\"font-family: arial,helvetica,sans-serif; font-size: small;\"><strong>1<\/strong>&#8211; Nos techniciens ont sold\u00e9s ce jour le d\u00e9faut rencontr\u00e9 sur le <strong>d\u00e9part 2 du poste HT Spot \u00e0 Cergy<\/strong>.<br \/><\/span><\/p>\n<p><span style=\"font-family: arial,helvetica,sans-serif; font-size: small;\"><strong> 2<\/strong>&#8211; Nos techniciens ont \u00e9galement sold\u00e9s ce jour le d\u00e9faut rencontr\u00e9 sur le <strong>d\u00e9part 3 du poste HT Eralum \u00e0 Eragny-sur-Oise.<\/p>\n<p><\/strong><\/span><\/p>\n<p><span style=\"font-family: arial,helvetica,sans-serif; font-size: small;\">Tous les postes HT de l\u2019agglom\u00e9ration se sont correctement mis en service ce soir.<\/span><\/td>\n<\/tr>\n<\/tbody>\n<\/table>\n<table style=\"width: 99.73%; height: 393px; color: #000000;\" border=\"0\" cellspacing=\"0\" cellpadding=\"0\">\n<tbody>\n<tr>\n<td valign=\"top\" height=\"198\">\n<hr width=\"100%\" size=\"1\" noshade=\"noshade\" \/><span style=\"font-family: Arial, 'Gill Sans', 'Gill Sans MT', 'Myriad Pro', 'DejaVu Sans Condensed', Helvetica, sans-serif; font-size: 14px; font-weight: bold; color: #ffffff; background-color: #cb1e44; background-size: contain; line-height: 20pt;\"><span style=\"font-family: Arial, 'Gill Sans', 'Gill Sans MT', 'Myriad Pro', 'DejaVu Sans Condensed', Helvetica, sans-serif; font-size: 14px; font-weight: bold; color: #ffffff; background-color: #cb1e44; background-size: contain; line-height: 20pt;\"><span style=\"font-family: Arial, 'Gill Sans', 'Gill Sans MT', 'Myriad Pro', 'DejaVu Sans Condensed', Helvetica, sans-serif; font-size: 14px; font-weight: bold; color: #ffffff; background-color: #cb1e44; background-size: contain; line-height: 20pt;\"><strong><strong><strong><strong><span style=\"font-family: Arial, 'Gill Sans', 'Gill Sans MT', 'Myriad Pro', 'DejaVu Sans Condensed', Helvetica, sans-serif; font-size: 14px; font-weight: bold; color: #ffffff; background-color: #cb1e44; background-size: contain; line-height: 20pt;\"><strong><strong><strong><strong><span style=\"font-family: Arial, 'Gill Sans', 'Gill Sans MT', 'Myriad Pro', 'DejaVu Sans Condensed', Helvetica, sans-serif; font-size: 14px; font-weight: bold; color: #ffffff; background-color: #cb1e44; background-size: contain; line-height: 20pt;\"><strong><strong><span style=\"font-family: Arial, 'Gill Sans', 'Gill Sans MT', 'Myriad Pro', 'DejaVu Sans Condensed', Helvetica, sans-serif; font-size: 14px; font-weight: bold; color: #ffffff; background-color: #cb1e44; background-size: contain; line-height: 20pt;\"><strong><strong><strong><span style=\"font-family: Arial, 'Gill Sans', 'Gill Sans MT', 'Myriad Pro', 'DejaVu Sans Condensed', Helvetica, sans-serif; font-size: 14px; font-weight: bold; color: #ffffff; background-color: #cb1e44; background-size: contain; line-height: 20pt;\"><strong><strong><span style=\"font-family: Arial, 'Gill Sans', 'Gill Sans MT', 'Myriad Pro', 'DejaVu Sans Condensed', Helvetica, sans-serif; font-size: 14px; font-weight: bold; color: #ffffff; background-color: #cb1e44; background-size: contain; line-height: 20pt;\">\u00a0FLASH INFOS MAINTENANCE &#8211; 23\/12\/2014 &#8211; 23:02 <br \/><\/span><\/strong><\/strong><\/span><\/strong><\/strong><\/strong><\/span><\/strong><\/strong><\/span><\/strong><\/strong><\/strong><\/strong><\/span><\/strong><\/strong><\/strong><\/strong><\/span><\/span><\/span><span style=\"font-family: arial,helvetica,sans-serif; font-size: small;\"><strong>1-<\/strong> Le <strong>d\u00e9part 2 du poste HT Spot \u00e0 Cergy<\/strong> pr\u00e9sente toujours ce soir un d\u00e9faut sur la phase 1 du d\u00e9part concern\u00e9. Le d\u00e9faut a \u00e9t\u00e9 cibl\u00e9 ce jour n\u00e9cessitant le remplacement d\u2019un transformateur qui sera mis en \u0153uvre demain.<\/p>\n<p>Les secteurs impact\u00e9s cette nuit sont:<\/p>\n<p><\/span><span style=\"font-family: arial,helvetica,sans-serif; font-size: small;\"><img loading=\"lazy\" decoding=\"async\" src=\"https:\/\/www.cylumine.fr\/img\/puce1.png\" alt=\"\" width=\"13\" height=\"11\" border=\"0\" \/> Rue du Fief \u00e0 Cavan \u00e0 Courdimanche<br \/><\/span><span style=\"font-family: arial,helvetica,sans-serif; font-size: small;\"><img loading=\"lazy\" decoding=\"async\" src=\"https:\/\/www.cylumine.fr\/img\/puce1.png\" alt=\"\" width=\"13\" height=\"11\" border=\"0\" \/> Rue du Capitaine Nemo \u00e0 Courdimanche<\/p>\n<p>Environ 20 Points Lumineux concern\u00e9s.<\/p>\n<p><strong>2-<\/strong> Nous rencontrons toujours une difficult\u00e9 sur <strong>le d\u00e9part 3 du poste HT Eralum \u00e0 Eragny-sur-Oise.<\/strong> Le secteur en d\u00e9faut a \u00e9t\u00e9 isol\u00e9 et nous avons localis\u00e9 l\u2019\u00e9l\u00e9ment d\u00e9fectueux ce jour, celui-ci sera remplac\u00e9 demain. <\/p>\n<p>Les secteurs impact\u00e9s cette nuit \u00e0 ERAGNY sont:<br \/><\/span><br \/><span style=\"font-family: arial,helvetica,sans-serif; font-size: small;\"><img loading=\"lazy\" decoding=\"async\" src=\"https:\/\/www.cylumine.fr\/img\/puce1.png\" alt=\"\" width=\"13\" height=\"11\" border=\"0\" \/> Avenue du gros Ch\u00eanes<br \/><\/span><span style=\"font-family: arial,helvetica,sans-serif; font-size: small;\"><img loading=\"lazy\" decoding=\"async\" src=\"https:\/\/www.cylumine.fr\/img\/puce1.png\" alt=\"\" width=\"13\" height=\"11\" border=\"0\" \/> Voie de l\u2019Olivier<\/span><br \/><span style=\"font-family: arial,helvetica,sans-serif; font-size: small;\"><img loading=\"lazy\" decoding=\"async\" src=\"https:\/\/www.cylumine.fr\/img\/puce1.png\" alt=\"\" width=\"13\" height=\"11\" border=\"0\" \/> Rue de la Patelle<br \/><\/span><span style=\"font-family: arial,helvetica,sans-serif; font-size: small;\"><img loading=\"lazy\" decoding=\"async\" src=\"https:\/\/www.cylumine.fr\/img\/puce1.png\" alt=\"\" width=\"13\" height=\"11\" border=\"0\" \/> Rue du Clos Murger<br \/><img loading=\"lazy\" decoding=\"async\" src=\"https:\/\/www.cylumine.fr\/img\/puce1.png\" alt=\"\" width=\"13\" height=\"11\" border=\"0\" \/> 10 Points Lumineux suppl\u00e9mentaires sur Roger Salengro <\/span><\/p>\n<p><span style=\"font-family: arial,helvetica,sans-serif; font-size: small;\">Environ 94 Points Lumineux concern\u00e9s. <\/p>\n<p>Tous les autres postes HT de l\u2019agglom\u00e9ration se sont correctement mis en service ce soir.<\/p>\n<p><\/span><\/td>\n<\/tr>\n<\/tbody>\n<\/table>\n<table style=\"height: 393px; color: #000000;\" border=\"0\" cellspacing=\"0\" cellpadding=\"0\">\n<tbody>\n<tr>\n<td valign=\"top\" height=\"198\">\n<hr width=\"100%\" size=\"1\" noshade=\"noshade\" \/><span style=\"font-family: Arial, 'Gill Sans', 'Gill Sans MT', 'Myriad Pro', 'DejaVu Sans Condensed', Helvetica, sans-serif; font-size: 14px; font-weight: bold; color: #ffffff; background-color: #cb1e44; background-size: contain; line-height: 20pt;\"><span style=\"font-family: Arial, 'Gill Sans', 'Gill Sans MT', 'Myriad Pro', 'DejaVu Sans Condensed', Helvetica, sans-serif; font-size: 14px; font-weight: bold; color: #ffffff; background-color: #cb1e44; background-size: contain; line-height: 20pt;\"><strong><strong><strong><strong><span style=\"font-family: Arial, 'Gill Sans', 'Gill Sans MT', 'Myriad Pro', 'DejaVu Sans Condensed', Helvetica, sans-serif; font-size: 14px; font-weight: bold; color: #ffffff; background-color: #cb1e44; background-size: contain; line-height: 20pt;\"><strong><strong><strong><strong><span style=\"font-family: Arial, 'Gill Sans', 'Gill Sans MT', 'Myriad Pro', 'DejaVu Sans Condensed', Helvetica, sans-serif; font-size: 14px; font-weight: bold; color: #ffffff; background-color: #cb1e44; background-size: contain; line-height: 20pt;\"><strong><strong><span style=\"font-family: Arial, 'Gill Sans', 'Gill Sans MT', 'Myriad Pro', 'DejaVu Sans Condensed', Helvetica, sans-serif; font-size: 14px; font-weight: bold; color: #ffffff; background-color: #cb1e44; background-size: contain; line-height: 20pt;\"><strong><strong><strong><span style=\"font-family: Arial, 'Gill Sans', 'Gill Sans MT', 'Myriad Pro', 'DejaVu Sans Condensed', Helvetica, sans-serif; font-size: 14px; font-weight: bold; color: #ffffff; background-color: #cb1e44; background-size: contain; line-height: 20pt;\"><strong><strong><span style=\"font-family: Arial, 'Gill Sans', 'Gill Sans MT', 'Myriad Pro', 'DejaVu Sans Condensed', Helvetica, sans-serif; font-size: 14px; font-weight: bold; color: #ffffff; background-color: #cb1e44; background-size: contain; line-height: 20pt;\">\u00a0FLASH INFOS MAINTENANCE &#8211; 22\/12\/2014 &#8211; 22:51 <br \/><\/span><\/strong><\/strong><\/span><\/strong><\/strong><\/strong><\/span><\/strong><\/strong><\/span><\/strong><\/strong><\/strong><\/strong><\/span><\/strong><\/strong><\/strong><\/strong><\/span><\/span><span style=\"font-size: small;\"><strong>1-<\/strong> Le <strong>d\u00e9part 2 du poste HT SPOT \u00e0 Cergy<\/strong> pr\u00e9sente de nouveau ce soir un d\u00e9faut franc sur la phase 1 du d\u00e9part concern\u00e9.<\/span><span style=\"font-size: small;\">La phase concern\u00e9 a \u00e9t\u00e9 consign\u00e9 dans l\u2019attente d\u2019une recherche de d\u00e9faut pr\u00e9vue demain.<\/p>\n<p>Les secteurs impact\u00e9s cette nuit sont:<\/p>\n<p><\/span><span style=\"font-size: small;\"><img loading=\"lazy\" decoding=\"async\" src=\"https:\/\/www.cylumine.fr\/img\/puce1.png\" alt=\"\" width=\"13\" height=\"11\" border=\"0\" \/> Rue du Fief \u00e0 Cavan \u00e0 Courdimanche<br \/><\/span><span style=\"font-size: small;\"><img loading=\"lazy\" decoding=\"async\" src=\"https:\/\/www.cylumine.fr\/img\/puce1.png\" alt=\"\" width=\"13\" height=\"11\" border=\"0\" \/> Rue du Capitaine Nemo \u00e0 Courdimanche<\/p>\n<p>Environ 20 Points Lumineux concern\u00e9s.<\/p>\n<p><strong>2-<\/strong> Nous rencontrons \u00e9galement ce soir une difficult\u00e9 sur le d\u00e9part 3 du poste HT Eralum \u00e0 Eragny-sur-Oise. Le secteur en d\u00e9faut a \u00e9t\u00e9 isol\u00e9 ce jour au maximum. La recherche de d\u00e9faut n\u00e9cessite des investigations compl\u00e9mentaires pr\u00e9vues demain avec l\u2019aide d\u2019un camion laboratoire.<\/span><\/p>\n<p><span style=\"font-size: small;\">Les secteurs impact\u00e9s cette nuit \u00e0 Eragny-sur-Oise sont:<\/span><\/p>\n<p><span style=\"font-size: small;\"><img loading=\"lazy\" decoding=\"async\" src=\"https:\/\/www.cylumine.fr\/img\/puce1.png\" alt=\"\" width=\"13\" height=\"11\" border=\"0\" \/> Avenue du gros Ch\u00eanes<br \/><\/span><span style=\"font-size: small;\"><img loading=\"lazy\" decoding=\"async\" src=\"https:\/\/www.cylumine.fr\/img\/puce1.png\" alt=\"\" width=\"13\" height=\"11\" border=\"0\" \/> Voie de l\u2019Olivier<\/span><br \/><span style=\"font-size: small;\"><img loading=\"lazy\" decoding=\"async\" src=\"https:\/\/www.cylumine.fr\/img\/puce1.png\" alt=\"\" width=\"13\" height=\"11\" border=\"0\" \/> Rue de la Patelle<\/span><br \/><span style=\"font-size: small;\"><img loading=\"lazy\" decoding=\"async\" src=\"https:\/\/www.cylumine.fr\/img\/puce1.png\" alt=\"\" width=\"13\" height=\"11\" border=\"0\" \/> Rue du Clos Murger <\/span><span style=\"font-size: small;\">Environ 84 Points Lumineux concern\u00e9s.<\/p>\n<p>Tous les autres postes HT de l\u2019agglom\u00e9ration se sont correctement mis en service ce soir. <\/p>\n<p><\/span><\/td>\n<\/tr>\n<\/tbody>\n<\/table>\n<table style=\"width: 100%; color: #000000;\" border=\"0\" cellspacing=\"0\" cellpadding=\"0\">\n<tbody>\n<tr>\n<td valign=\"top\" height=\"198\">\n<hr width=\"100%\" size=\"1\" noshade=\"noshade\" \/><span style=\"font-family: Arial, 'Gill Sans', 'Gill Sans MT', 'Myriad Pro', 'DejaVu Sans Condensed', Helvetica, sans-serif; font-size: 14px; font-weight: bold; color: #ffffff; background-color: #cb1e44; background-size: contain; line-height: 20pt;\"><strong>\u00a0FLASH INFOS MAINTENANCE &#8211; 16\/12\/2014 &#8211; 22h36 <\/strong><\/span><span style=\"font-size: small;\"><br \/>1. Nos techniciens ont sold\u00e9 ce jour le d\u00e9faut rencontr\u00e9 sur le <strong>d\u00e9part 2 du poste HT Lamparo \u00e0 Saint-Ouen-l\u2019Aum\u00f4ne<\/strong>. <\/span><\/p>\n<p><span style=\"font-size: small;\">2. Le <strong>d\u00e9part 2 du poste HT SPOT \u00e0 Cergy<\/strong> pr\u00e9sente toujours un d\u00e9faut franc sur la phase 1 du d\u00e9part concern\u00e9.<\/span><span style=\"font-size: small;\">L\u2019investigation suit son cours afin d\u2019\u00e9liminer le d\u00e9faut. <\/p>\n<p>Les secteurs impact\u00e9s cette nuit sont :<\/p>\n<p><img loading=\"lazy\" decoding=\"async\" src=\"https:\/\/www.cylumine.fr\/img\/puce1.png\" alt=\"\" width=\"13\" height=\"11\" border=\"0\" \/> Rue du Fief \u00e0 Cavan \u00e0 Courdimanche<\/span><br \/><span style=\"font-size: small;\"><img loading=\"lazy\" decoding=\"async\" src=\"https:\/\/www.cylumine.fr\/img\/puce1.png\" alt=\"\" width=\"13\" height=\"11\" border=\"0\" \/> Une partie du Boulevard des Explorateurs \u00e0 Cergy<\/span><br \/><span style=\"font-size: small;\"><img loading=\"lazy\" decoding=\"async\" src=\"https:\/\/www.cylumine.fr\/img\/puce1.png\" alt=\"\" width=\"13\" height=\"11\" border=\"0\" \/> Une partie du Boulevard des Merveilles vers le Rond-Point de Mirapolis \u00e0 Cergy <br \/><\/span><span style=\"font-size: small;\"><img loading=\"lazy\" decoding=\"async\" src=\"https:\/\/www.cylumine.fr\/img\/puce1.png\" alt=\"\" width=\"13\" height=\"11\" border=\"0\" \/> Rue du Capitaine Nemo \u00e0 Courdimanche<\/p>\n<p>Environ 40 Points Lumineux concern\u00e9s.<\/p>\n<p>Tous les autres postes HT de l\u2019agglom\u00e9ration se sont correctement mis en service ce soir.<\/p>\n<p><\/span><\/td>\n<\/tr>\n<\/tbody>\n<tbody>\n<tr>\n<td valign=\"top\" height=\"198\">\n<hr width=\"100%\" size=\"1\" noshade=\"noshade\" \/>\n<p><strong><strong><strong><span style=\"font-family: Arial, 'Gill Sans', 'Gill Sans MT', 'Myriad Pro', 'DejaVu Sans Condensed', Helvetica, sans-serif; font-size: 14px; font-weight: bold; color: #ffffff; background-color: #cb1e44; background-size: contain; line-height: 20pt;\"><strong><strong><strong><strong><span style=\"font-family: Arial, 'Gill Sans', 'Gill Sans MT', 'Myriad Pro', 'DejaVu Sans Condensed', Helvetica, sans-serif; font-size: 14px; font-weight: bold; color: #ffffff; background-color: #cb1e44; background-size: contain; line-height: 20pt;\"><strong><strong><span style=\"font-family: Arial, 'Gill Sans', 'Gill Sans MT', 'Myriad Pro', 'DejaVu Sans Condensed', Helvetica, sans-serif; font-size: 14px; font-weight: bold; color: #ffffff; background-color: #cb1e44; background-size: contain; line-height: 20pt;\"><strong><strong><strong><span style=\"font-family: Arial, 'Gill Sans', 'Gill Sans MT', 'Myriad Pro', 'DejaVu Sans Condensed', Helvetica, sans-serif; font-size: 14px; font-weight: bold; color: #ffffff; background-color: #cb1e44; background-size: contain; line-height: 20pt;\"><strong><strong><span style=\"font-family: Arial, 'Gill Sans', 'Gill Sans MT', 'Myriad Pro', 'DejaVu Sans Condensed', Helvetica, sans-serif; font-size: 14px; font-weight: bold; color: #ffffff; background-color: #cb1e44; background-size: contain; line-height: 20pt;\">\u00a0FLASH INFOS MAINTENANCE &#8211; 15\/12\/2014 &#8211; 18:37\u00a0<br \/><\/span><\/strong><\/strong><\/span><\/strong><\/strong><\/strong><\/span><\/strong><\/strong><\/span><\/strong><\/strong><\/strong><\/strong><\/span><\/strong><\/strong><\/strong><span style=\"background-color: #ffffff;\"><span style=\"color: #000000; line-height: 20pt; font-family: Arial, 'Gill Sans', 'Gill Sans MT', 'Myriad Pro', 'DejaVu Sans Condensed', Helvetica, sans-serif; font-size: 14px; background-size: contain;\"><span style=\"font-family: arial,helvetica,sans-serif; font-size: small;\">1-Nous rencontrons toujours un d\u00e9faut sur le <strong>d\u00e9part 2 du poste HT Lamparo \u00e0 Saint-Ouen-l\u2019Aum\u00f4ne<\/strong>. Le secteur en d\u00e9faut a \u00e9t\u00e9 isol\u00e9 ce jour au maximum. La recherche de d\u00e9faut n\u00e9cessite des investigations compl\u00e9mentaires pr\u00e9vues demain. <br \/>Les secteurs impact\u00e9s cette nuit \u00e0 Saint-Ouen-l\u2019Aum\u00f4ne sont:<br \/><img loading=\"lazy\" decoding=\"async\" src=\"https:\/\/www.cylumine.fr\/img\/puce1.png\" alt=\"\" width=\"13\" height=\"11\" border=\"0\" \/> Avenue des B\u00e9thunes <br \/><img loading=\"lazy\" decoding=\"async\" src=\"https:\/\/www.cylumine.fr\/img\/puce1.png\" alt=\"\" width=\"13\" height=\"11\" border=\"0\" \/> Rue de l\u2019Equerre<br \/><img loading=\"lazy\" decoding=\"async\" src=\"https:\/\/www.cylumine.fr\/img\/puce1.png\" alt=\"\" width=\"13\" height=\"11\" border=\"0\" \/> Rue du <\/span><span style=\"font-family: arial,helvetica,sans-serif; font-size: small;\">Bois du Pont<br \/><img loading=\"lazy\" decoding=\"async\" src=\"https:\/\/www.cylumine.fr\/img\/puce1.png\" alt=\"\" width=\"13\" height=\"11\" border=\"0\" \/> Rue du Rapporteur<br \/><img loading=\"lazy\" decoding=\"async\" src=\"https:\/\/www.cylumine.fr\/img\/puce1.png\" alt=\"\" width=\"13\" height=\"11\" border=\"0\" \/> Rue du Compas<br \/><img loading=\"lazy\" decoding=\"async\" src=\"https:\/\/www.cylumine.fr\/img\/puce1.png\" alt=\"\" width=\"13\" height=\"11\" border=\"0\" \/> Rue du Palmer <\/p>\n<p>Environ 95 Points Lumineux concern\u00e9s. <\/p>\n<p>2-<strong>Le d\u00e9part 2 du poste HT SPOT \u00e0 Cergy<\/strong> pr\u00e9sente toujours un d\u00e9faut franc sur la phase 1 du d\u00e9part concern\u00e9. Nos techniciens sont parvenus \u00e0 remettre en service une <\/span><\/span><span style=\"color: #ffffff; line-height: 20pt; font-family: arial,helvetica,sans-serif; font-size: small; background-size: contain;\"><span style=\"color: #000000;\">partie du r\u00e9seau impact\u00e9 ce jour. Toutefois, il reste encore des tron\u00e7ons impact\u00e9s cette nuit. Une investigation compl\u00e9mentaire sera men\u00e9e demain pour \u00e9liminer le ou les d\u00e9fauts restants. <br \/>Les secteurs impact\u00e9s cette nuit sont: <br \/><img loading=\"lazy\" decoding=\"async\" src=\"https:\/\/www.cylumine.fr\/img\/puce1.png\" alt=\"\" width=\"13\" height=\"11\" border=\"0\" \/> Rue du Fief \u00e0 Cavan \u00e0 Courdimanche <br \/><img loading=\"lazy\" decoding=\"async\" src=\"https:\/\/www.cylumine.fr\/img\/puce1.png\" alt=\"\" width=\"13\" height=\"11\" border=\"0\" \/> Une partie du Boulevard des Explorateurs \u00e0 Cergy <br \/><img loading=\"lazy\" decoding=\"async\" src=\"https:\/\/www.cylumine.fr\/img\/puce1.png\" alt=\"\" width=\"13\" height=\"11\" border=\"0\" \/> Une partie du Boulevard des Merveilles vers le Rond-Point de Mirapolis \u00e0 Cergy <br \/><img loading=\"lazy\" decoding=\"async\" src=\"https:\/\/www.cylumine.fr\/img\/puce1.png\" alt=\"\" width=\"13\" height=\"11\" border=\"0\" \/> Rue du Capitaine Nemo \u00e0 Cergy <br \/>Environ 40 Points Lumineux concern\u00e9s. <br \/>Tous les autres postes HT de l\u2019agglom\u00e9ration se sont correctement mis en service ce soir.<\/p>\n<p><\/span><\/span><\/span><\/p>\n<\/td>\n<\/tr>\n<\/tbody>\n<\/table>\n<table style=\"width: 100%; height: 258px; color: #000000;\" border=\"0\" cellspacing=\"0\" cellpadding=\"0\">\n<tbody>\n<tr>\n<td valign=\"top\" height=\"198\">\n<hr width=\"100%\" size=\"1\" noshade=\"noshade\" \/><strong><strong><strong><span style=\"font-family: Arial, 'Gill Sans', 'Gill Sans MT', 'Myriad Pro', 'DejaVu Sans Condensed', Helvetica, sans-serif; font-size: 14px; font-weight: bold; color: #ffffff; background-color: #cb1e44; background-size: contain; line-height: 20pt;\"><strong><strong><span style=\"font-family: Arial, 'Gill Sans', 'Gill Sans MT', 'Myriad Pro', 'DejaVu Sans Condensed', Helvetica, sans-serif; font-size: 14px; font-weight: bold; color: #ffffff; background-color: #cb1e44; background-size: contain; line-height: 20pt;\"><strong><strong><strong><span style=\"font-family: Arial, 'Gill Sans', 'Gill Sans MT', 'Myriad Pro', 'DejaVu Sans Condensed', Helvetica, sans-serif; font-size: 14px; font-weight: bold; color: #ffffff; background-color: #cb1e44; background-size: contain; line-height: 20pt;\"><strong><strong><span style=\"font-family: Arial, 'Gill Sans', 'Gill Sans MT', 'Myriad Pro', 'DejaVu Sans Condensed', Helvetica, sans-serif; font-size: 14px; font-weight: bold; color: #ffffff; background-color: #cb1e44; background-size: contain; line-height: 20pt;\">\u00a0FLASH INFOS MAINTENANCE &#8211; 13\/12\/2014 &#8211; 20:30 <br \/><\/span><\/strong><\/strong><\/span><\/strong><\/strong><\/strong><\/span><\/strong><\/strong><\/span><\/strong><\/strong><\/strong><span style=\"color: #000000; font-family: arial,helvetica,sans-serif; font-size: small; background-color: #ffffff;\">1-Nous rencontrons ce soir une difficult\u00e9 sur le <strong>d\u00e9part 2 du poste HT Lamparo \u00e0 Saint-Ouen-l\u2019Aum\u00f4ne<\/strong>.<\/span><span style=\"color: #000000; font-family: arial,helvetica,sans-serif; font-size: small; background-color: #ffffff;\">Le d\u00e9part concern\u00e9 pr\u00e9sentait ce matin \u00e0 07h24 un d\u00e9faut homopolaire. Les investigations men\u00e9es ce jour n\u2019ont pas permis sa remise en service car un d\u00e9faut franc subsiste.<\/span><span style=\"color: #000000; font-family: arial,helvetica,sans-serif; font-size: small; background-color: #ffffff;\">Un camion laboratoire a \u00e9t\u00e9 sollicit\u00e9 ce Lundi pour nous appuyer dans cette recherche de d\u00e9faut.<br \/><\/span><br \/><span style=\"color: #000000; font-family: arial,helvetica,sans-serif; font-size: small; background-color: #ffffff;\">Les secteurs impact\u00e9s cette nuit \u00e0 Saint-Ouen-l\u2019Aum\u00f4ne sont:<br \/><\/span><br \/><span style=\"color: #000000; font-family: arial,helvetica,sans-serif; font-size: small; background-color: #ffffff;\"><img loading=\"lazy\" decoding=\"async\" src=\"https:\/\/www.cylumine.fr\/img\/puce1.png\" alt=\"\" width=\"13\" height=\"11\" border=\"0\" \/> Rue d\u2019Epluches<\/span><br \/><span style=\"color: #000000; font-family: arial,helvetica,sans-serif; font-size: small; background-color: #ffffff;\"><img loading=\"lazy\" decoding=\"async\" src=\"https:\/\/www.cylumine.fr\/img\/puce1.png\" alt=\"\" width=\"13\" height=\"11\" border=\"0\" \/> Rue des Fortes Terres<\/span><br \/><span style=\"color: #000000; font-family: arial,helvetica,sans-serif; font-size: small; background-color: #ffffff;\"><img loading=\"lazy\" decoding=\"async\" src=\"https:\/\/www.cylumine.fr\/img\/puce1.png\" alt=\"\" width=\"13\" height=\"11\" border=\"0\" \/> Avenue du Fond de Vaux<\/span><br \/><span style=\"color: #000000; font-family: arial,helvetica,sans-serif; font-size: small; background-color: #ffffff;\"><img loading=\"lazy\" decoding=\"async\" src=\"https:\/\/www.cylumine.fr\/img\/puce1.png\" alt=\"\" width=\"13\" height=\"11\" border=\"0\" \/> Avenue de la Mare<\/span><br \/><span style=\"color: #000000; font-family: arial,helvetica,sans-serif; font-size: small; background-color: #ffffff;\"><img loading=\"lazy\" decoding=\"async\" src=\"https:\/\/www.cylumine.fr\/img\/puce1.png\" alt=\"\" width=\"13\" height=\"11\" border=\"0\" \/> Avenue du Fief<\/span><br \/><span style=\"color: #000000; font-family: arial,helvetica,sans-serif; font-size: small; background-color: #ffffff;\"><img loading=\"lazy\" decoding=\"async\" src=\"https:\/\/www.cylumine.fr\/img\/puce1.png\" alt=\"\" width=\"13\" height=\"11\" border=\"0\" \/> Avenue des B\u00e9thunes<\/span><br \/><span style=\"color: #000000; font-family: arial,helvetica,sans-serif; font-size: small; background-color: #ffffff;\"><img loading=\"lazy\" decoding=\"async\" src=\"https:\/\/www.cylumine.fr\/img\/puce1.png\" alt=\"\" width=\"13\" height=\"11\" border=\"0\" \/> Avenue du Ch\u00e2teau<\/span><br \/><span style=\"color: #000000; font-family: arial,helvetica,sans-serif; font-size: small; background-color: #ffffff;\"><img loading=\"lazy\" decoding=\"async\" src=\"https:\/\/www.cylumine.fr\/img\/puce1.png\" alt=\"\" width=\"13\" height=\"11\" border=\"0\" \/> Avenue de la Haute Borne<\/span><br \/><span style=\"color: #000000; font-family: arial,helvetica,sans-serif; font-size: small; background-color: #ffffff;\"><img loading=\"lazy\" decoding=\"async\" src=\"https:\/\/www.cylumine.fr\/img\/puce1.png\" alt=\"\" width=\"13\" height=\"11\" border=\"0\" \/> Rue Marcel Dassault <\/span><span style=\"color: #000000; font-family: arial,helvetica,sans-serif; font-size: small; background-color: #ffffff;\"><br \/><img loading=\"lazy\" decoding=\"async\" src=\"https:\/\/www.cylumine.fr\/img\/puce1.png\" alt=\"\" width=\"13\" height=\"11\" border=\"0\" \/> Rue de l\u2019Equerre<\/span><br \/><span style=\"color: #000000; font-family: arial,helvetica,sans-serif; font-size: small; background-color: #ffffff;\"><img loading=\"lazy\" decoding=\"async\" src=\"https:\/\/www.cylumine.fr\/img\/puce1.png\" alt=\"\" width=\"13\" height=\"11\" border=\"0\" \/> Rue de la Garenne<\/span><br \/><span style=\"color: #000000; font-family: arial,helvetica,sans-serif; font-size: small; background-color: #ffffff;\"><img loading=\"lazy\" decoding=\"async\" src=\"https:\/\/www.cylumine.fr\/img\/puce1.png\" alt=\"\" width=\"13\" height=\"11\" border=\"0\" \/> Rue Saint-Simon<\/span><br \/><span style=\"color: #000000; font-family: arial,helvetica,sans-serif; font-size: small; background-color: #ffffff;\"><img loading=\"lazy\" decoding=\"async\" src=\"https:\/\/www.cylumine.fr\/img\/puce1.png\" alt=\"\" width=\"13\" height=\"11\" border=\"0\" \/> Rue du Bois du Pont<br \/><\/span><span style=\"color: #000000; font-family: arial,helvetica,sans-serif; font-size: small; background-color: #ffffff;\"><img loading=\"lazy\" decoding=\"async\" src=\"https:\/\/www.cylumine.fr\/img\/puce1.png\" alt=\"\" width=\"13\" height=\"11\" border=\"0\" \/>\u00a0Rue du Rapporteur<br \/><\/span><span style=\"color: #000000; font-family: arial,helvetica,sans-serif; font-size: small; background-color: #ffffff;\"><img loading=\"lazy\" decoding=\"async\" src=\"https:\/\/www.cylumine.fr\/img\/puce1.png\" alt=\"\" width=\"13\" height=\"11\" border=\"0\" \/> Rue du Compas<\/span><br \/><span style=\"color: #000000; font-family: arial,helvetica,sans-serif; font-size: small; background-color: #ffffff;\"><img loading=\"lazy\" decoding=\"async\" src=\"https:\/\/www.cylumine.fr\/img\/puce1.png\" alt=\"\" width=\"13\" height=\"11\" border=\"0\" \/> Rue du Palmer<\/span><br \/><span style=\"color: #000000; font-family: arial,helvetica,sans-serif; font-size: small; background-color: #ffffff;\"><img loading=\"lazy\" decoding=\"async\" src=\"https:\/\/www.cylumine.fr\/img\/puce1.png\" alt=\"\" width=\"13\" height=\"11\" border=\"0\" \/> Chemin des Bergers <\/p>\n<p><\/span><span style=\"color: #000000; font-family: arial,helvetica,sans-serif; font-size: small; background-color: #ffffff;\">Environ 195 Points Lumineux concern\u00e9s. <\/p>\n<p><\/span><span style=\"color: #000000; font-family: arial,helvetica,sans-serif; font-size: small; background-color: #ffffff;\">2-Le <strong>d\u00e9part 2 du poste HT SPOT \u00e0 Cergy<\/strong> pr\u00e9sente \u00e9galement des d\u00e9fauts sur le terrain depuis ce matin 07h20.<\/span><span style=\"color: #000000; font-family: arial,helvetica,sans-serif; font-size: small; background-color: #ffffff;\">Nos techniciens sont parvenus \u00e0 remettre en service une partie du r\u00e9seau impact\u00e9 ce jour, seul la phase 1 est consign\u00e9e. <\/span><span style=\"color: #000000; font-family: arial,helvetica,sans-serif; font-size: small; background-color: #ffffff;\">Toutefois, il reste encore 2 tron\u00e7ons impact\u00e9s cette nuit sur Cergy : <br \/><\/span><br \/><span style=\"color: #000000; font-family: arial,helvetica,sans-serif; font-size: small; background-color: #ffffff;\"><img loading=\"lazy\" decoding=\"async\" src=\"https:\/\/www.cylumine.fr\/img\/puce1.png\" alt=\"\" width=\"13\" height=\"11\" border=\"0\" \/> Une partie du Boulevard des Explorateurs<\/span><br \/><span style=\"color: #000000; font-family: arial,helvetica,sans-serif; font-size: small; background-color: #ffffff;\"><img loading=\"lazy\" decoding=\"async\" src=\"https:\/\/www.cylumine.fr\/img\/puce1.png\" alt=\"\" width=\"13\" height=\"11\" border=\"0\" \/> Une partie du Boulevard des Merveilles <br \/><\/span><br \/><span style=\"color: #000000; font-family: arial,helvetica,sans-serif; font-size: small; background-color: #ffffff;\">Demain nos techniciens remettront en service les tron\u00e7ons concern\u00e9s. <br \/><\/span><span style=\"color: #000000; font-family: arial,helvetica,sans-serif; font-size: small; background-color: #ffffff;\"><br \/>Environ 40 Points Lumineux concern\u00e9s.<\/p>\n<p><\/span><span style=\"color: #000000; font-family: arial,helvetica,sans-serif; font-size: small; background-color: #ffffff;\"><span style=\"line-height: 20pt; background-size: contain;\"><span style=\"line-height: 20pt; background-size: contain;\"><span style=\"line-height: 20pt; background-size: contain;\"><span style=\"line-height: 20pt; background-size: contain;\">Tous les autres postes HT de l\u2019agglom\u00e9ration se sont correctement mis en service ce soir.<\/p>\n<p><\/span><\/span><\/span><\/span><\/span><\/td>\n<\/tr>\n<\/tbody>\n<\/table>\n<hr width=\"100%\" size=\"1\" noshade=\"noshade\" \/>\n<p><strong><strong><strong><span style=\"font-family: Arial, 'Gill Sans', 'Gill Sans MT', 'Myriad Pro', 'DejaVu Sans Condensed', Helvetica, sans-serif; font-size: 14px; font-weight: bold; color: #ffffff; background-color: #cb1e44; background-size: contain; line-height: 20pt;\"><strong><strong><strong><strong><strong><strong><span style=\"font-family: Arial, 'Gill Sans', 'Gill Sans MT', 'Myriad Pro', 'DejaVu Sans Condensed', Helvetica, sans-serif; font-size: 14px; font-weight: bold; color: #ffffff; background-color: #cb1e44; background-size: contain; 1-nous rencontrons ce soir une difficult\u00e9 sur le d\u00e9part 2 du poste ht lamparo \u00e0 saint-ouen-l\u2019aum\u00f4ne. le d\u00e9part concern\u00e9 pr\u00e9sentait ce matin \u00e0 07h24 un d\u00e9faut homopolaire. les investigations men\u00e9es ce jour n\u2019ont pas permis sa remise en service car un d\u00e9faut franc subsiste. un camion laboratoire a \u00e9t\u00e9 sollicit\u00e9 ce lundi pour nous appuyer dans cette recherche de d\u00e9faut. les secteurs impact\u00e9s cette nuit \u00e0 saint-ouen-l\u2019aum\u00f4ne sont: Rue d\u2019Epluches Rue des Fortes Terres Avenue du Fond de Vaux Avenue de la Mare Avenue du Fief Avenue des B\u00e9thunes Avenue du Ch\u00e2teau Avenue de la Haute Borne Rue Marcel Dassault Rue de l\u2019Equerre Rue de la Garenne Rue Saint-Simon Rue du Bois du Pont Rue du Rapporteur Rue du Compas Rue du Palmer Chemin des Bergers Environ 195 Points Lumineux concern\u00e9s. 2-Le d\u00e9part 2 du poste HT SPOT \u00e0 Cergy pr\u00e9sente \u00e9galement des d\u00e9fauts sur le terrain depuis ce matin 07h20. Nos techniciens sont parvenus \u00e0 remettre en service une partie du r\u00e9seau impact\u00e9 ce jour, seul la phase 1 est consign\u00e9e. Toutefois, il reste encore 2 tron\u00e7ons impact\u00e9s cette nuit sur Cergy : Une partie du Boulevard des Explorateurs Une partie du Boulevard des Merveilles Demain nos techniciens remettront en service les tron\u00e7ons concern\u00e9s. Environ 40 Points Lumineux concern\u00e9s. Tous les autres postes HT de l\u2019agglom\u00e9ration se sont correctement mis en service ce soir.&lt;table style=;\"><strong><strong><strong><strong><span style=\"font-family: Arial, 'Gill Sans', 'Gill Sans MT', 'Myriad Pro', 'DejaVu Sans Condensed', Helvetica, sans-serif; font-size: 14px; font-weight: bold; color: #ffffff; background-color: #cb1e44; background-size: contain; line-height: 20pt;\"><strong><strong><span style=\"font-family: Arial, 'Gill Sans', 'Gill Sans MT', 'Myriad Pro', 'DejaVu Sans Condensed', Helvetica, sans-serif; font-size: 14px; font-weight: bold; color: #ffffff; background-color: #cb1e44; background-size: contain; line-height: 20pt;\"><strong><strong><strong><span style=\"font-family: Arial, 'Gill Sans', 'Gill Sans MT', 'Myriad Pro', 'DejaVu Sans Condensed', Helvetica, sans-serif; font-size: 14px; font-weight: bold; color: #ffffff; background-color: #cb1e44; background-size: contain; line-height: 20pt;\"><strong><strong><span style=\"font-family: Arial, 'Gill Sans', 'Gill Sans MT', 'Myriad Pro', 'DejaVu Sans Condensed', Helvetica, sans-serif; font-size: 14px; font-weight: bold; color: #ffffff; background-color: #cb1e44; background-size: contain; line-height: 20pt;\">\u00a0FLASH INFOS MAINTENANCE &#8211; 11\/12\/2014 &#8211; 23:11\u00a0<\/span><\/strong><\/strong><\/span><\/strong><\/strong><\/strong><\/span><\/strong><\/strong><\/span><\/strong><\/strong><\/strong><\/strong><\/span><\/strong><\/strong><\/strong><\/strong><\/strong><\/strong><\/span><\/strong><\/strong><\/strong><\/p>\n<p><span style=\"font-family: arial,helvetica,sans-serif; font-size: small;\"><br \/>Gr\u00e2ce \u00e0 l\u2019investigation men\u00e9e ce jour, nos techniciens ont sold\u00e9s les d\u00e9fauts rencontr\u00e9s hier soir sur le <strong>d\u00e9part 2 du poste HT Lamparo \u00e0 Saint-Ouen-l\u2019Aum\u00f4ne,<\/p>\n<p><\/strong><\/span><\/p>\n<p><span style=\"font-family: arial,helvetica,sans-serif; font-size: small;\">Tous les autres postes HT de l\u2019agglom\u00e9ration se sont correctement mis en service ce soir.<\/p>\n<p><\/span><\/p>\n<hr width=\"100%\" size=\"1\" noshade=\"noshade\" \/>\n<p><strong><strong><strong><span style=\"font-family: Arial, 'Gill Sans', 'Gill Sans MT', 'Myriad Pro', 'DejaVu Sans Condensed', Helvetica, sans-serif; font-size: 14px; font-weight: bold; color: #ffffff; background-color: #cb1e44; background-size: contain; line-height: 20pt;\"><strong><strong><span style=\"font-family: Arial, 'Gill Sans', 'Gill Sans MT', 'Myriad Pro', 'DejaVu Sans Condensed', Helvetica, sans-serif; font-size: 14px; font-weight: bold; color: #ffffff; background-color: #cb1e44; background-size: contain; line-height: 20pt;\"><strong><strong><strong><span style=\"font-family: Arial, 'Gill Sans', 'Gill Sans MT', 'Myriad Pro', 'DejaVu Sans Condensed', Helvetica, sans-serif; font-size: 14px; font-weight: bold; color: #ffffff; background-color: #cb1e44; background-size: contain; line-height: 20pt;\"><strong><strong><span style=\"font-family: Arial, 'Gill Sans', 'Gill Sans MT', 'Myriad Pro', 'DejaVu Sans Condensed', Helvetica, sans-serif; font-size: 14px; font-weight: bold; color: #ffffff; background-color: #cb1e44; background-size: contain; line-height: 20pt;\">\u00a0FLASH INFOS MAINTENANCE &#8211; 10\/12\/2014 &#8211; 19:56\u00a0<\/span><\/strong><\/strong><\/span><\/strong><\/strong><\/strong><\/span><\/strong><\/strong><\/span><\/strong><\/strong><\/strong><\/p>\n<p><span style=\"font-family: arial,helvetica,sans-serif; font-size: small;\">Nous rencontrons ce soir une difficult\u00e9 sur le <strong>d\u00e9part 2 du poste HT Lamparo \u00e0 Saint-Ouen-l\u2019Aum\u00f4ne<\/strong>.<\/span><br \/><span style=\"font-family: arial,helvetica,sans-serif; font-size: small;\">Le d\u00e9part concern\u00e9 pr\u00e9sent\u00e9 hier soir un d\u00e9faut homopolaire.<\/span><br \/><span style=\"font-family: arial,helvetica,sans-serif; font-size: small;\">Un camion laboratoire a \u00e9t\u00e9 sollicit\u00e9 pour nous appuyer demain dans cette recherche de d\u00e9faut pour de plus amples investigations.<\/span><\/p>\n<p><span style=\"font-family: arial,helvetica,sans-serif; font-size: small;\">Les secteurs impact\u00e9s cette nuit \u00e0 Saint-Ouen-l\u2019Aum\u00f4ne sont:<\/span><\/p>\n<p><span style=\"font-family: arial,helvetica,sans-serif; font-size: small;\"><img loading=\"lazy\" decoding=\"async\" src=\"https:\/\/www.cylumine.fr\/img\/puce1.png\" alt=\"\" width=\"13\" height=\"11\" border=\"0\" \/> Rue d\u2019Epluches<\/span><br \/><span style=\"font-family: arial,helvetica,sans-serif; font-size: small;\"><img loading=\"lazy\" decoding=\"async\" src=\"https:\/\/www.cylumine.fr\/img\/puce1.png\" alt=\"\" width=\"13\" height=\"11\" border=\"0\" \/> Rue des Fortes Terres<\/span><br \/><span style=\"font-family: arial,helvetica,sans-serif; font-size: small;\"><img loading=\"lazy\" decoding=\"async\" src=\"https:\/\/www.cylumine.fr\/img\/puce1.png\" alt=\"\" width=\"13\" height=\"11\" border=\"0\" \/> Avenue du Fond de Vaux<\/span><br \/><span style=\"font-family: arial,helvetica,sans-serif; font-size: small;\"><img loading=\"lazy\" decoding=\"async\" src=\"https:\/\/www.cylumine.fr\/img\/puce1.png\" alt=\"\" width=\"13\" height=\"11\" border=\"0\" \/> Avenue de la Mare<\/span><br \/><span style=\"font-family: arial,helvetica,sans-serif; font-size: small;\"><img loading=\"lazy\" decoding=\"async\" src=\"https:\/\/www.cylumine.fr\/img\/puce1.png\" alt=\"\" width=\"13\" height=\"11\" border=\"0\" \/> Avenue du Fief<\/span><br \/><span style=\"font-family: arial,helvetica,sans-serif; font-size: small;\"><img loading=\"lazy\" decoding=\"async\" src=\"https:\/\/www.cylumine.fr\/img\/puce1.png\" alt=\"\" width=\"13\" height=\"11\" border=\"0\" \/> Avenue des B\u00e9thunes<\/span><br \/><span style=\"font-family: arial,helvetica,sans-serif; font-size: small;\"><img loading=\"lazy\" decoding=\"async\" src=\"https:\/\/www.cylumine.fr\/img\/puce1.png\" alt=\"\" width=\"13\" height=\"11\" border=\"0\" \/> Avenue du Ch\u00e2teau<\/span><br \/><span style=\"font-family: arial,helvetica,sans-serif; font-size: small;\"><img loading=\"lazy\" decoding=\"async\" src=\"https:\/\/www.cylumine.fr\/img\/puce1.png\" alt=\"\" width=\"13\" height=\"11\" border=\"0\" \/> Avenue de la Haute Borne<br \/><\/span><span style=\"font-family: arial,helvetica,sans-serif; font-size: small;\"><img loading=\"lazy\" decoding=\"async\" src=\"https:\/\/www.cylumine.fr\/img\/puce1.png\" alt=\"\" width=\"13\" height=\"11\" border=\"0\" \/> Rue Marcel Dassault <\/span><br \/><span style=\"font-family: arial,helvetica,sans-serif; font-size: small;\"><img loading=\"lazy\" decoding=\"async\" src=\"https:\/\/www.cylumine.fr\/img\/puce1.png\" alt=\"\" width=\"13\" height=\"11\" border=\"0\" \/> Rue de l\u2019Equerre<\/span><br \/><span style=\"font-family: arial,helvetica,sans-serif; font-size: small;\"><img loading=\"lazy\" decoding=\"async\" src=\"https:\/\/www.cylumine.fr\/img\/puce1.png\" alt=\"\" width=\"13\" height=\"11\" border=\"0\" \/> Rue de la Garenne<\/span><br \/><span style=\"font-family: arial,helvetica,sans-serif; font-size: small;\"><img loading=\"lazy\" decoding=\"async\" src=\"https:\/\/www.cylumine.fr\/img\/puce1.png\" alt=\"\" width=\"13\" height=\"11\" border=\"0\" \/> Rue Saint-Simon<\/span><br \/><span style=\"font-family: arial,helvetica,sans-serif; font-size: small;\"><img loading=\"lazy\" decoding=\"async\" src=\"https:\/\/www.cylumine.fr\/img\/puce1.png\" alt=\"\" width=\"13\" height=\"11\" border=\"0\" \/> Rue du Bois du Pont<br \/><\/span><span style=\"font-family: arial,helvetica,sans-serif; font-size: small;\"><img loading=\"lazy\" decoding=\"async\" src=\"https:\/\/www.cylumine.fr\/img\/puce1.png\" alt=\"\" width=\"13\" height=\"11\" border=\"0\" \/> Rue du Rapporteur<\/span><br \/><span style=\"font-family: arial,helvetica,sans-serif; font-size: small;\"><img loading=\"lazy\" decoding=\"async\" src=\"https:\/\/www.cylumine.fr\/img\/puce1.png\" alt=\"\" width=\"13\" height=\"11\" border=\"0\" \/> Rue du Compas<\/span><br \/><span style=\"font-family: arial,helvetica,sans-serif; font-size: small;\"><img loading=\"lazy\" decoding=\"async\" src=\"https:\/\/www.cylumine.fr\/img\/puce1.png\" alt=\"\" width=\"13\" height=\"11\" border=\"0\" \/> Rue du Palmer<\/span><br \/><span style=\"font-family: arial,helvetica,sans-serif; font-size: small;\"><img loading=\"lazy\" decoding=\"async\" src=\"https:\/\/www.cylumine.fr\/img\/puce1.png\" alt=\"\" width=\"13\" height=\"11\" border=\"0\" \/> Chemin des Bergers<\/span><\/p>\n<p><span style=\"font-family: arial,helvetica,sans-serif; font-size: small;\">Environ 195 Points Lumineux concern\u00e9s.<\/span><\/p>\n<p><span style=\"font-family: arial,helvetica,sans-serif; font-size: small;\">Tous les autres postes HT de l\u2019agglom\u00e9ration se sont correctement mis en service ce soir.<\/p>\n<p><\/span><\/p>\n<hr width=\"100%\" size=\"1\" noshade=\"noshade\" \/>\n<p><strong><strong><strong><span style=\"font-family: Arial, 'Gill Sans', 'Gill Sans MT', 'Myriad Pro', 'DejaVu Sans Condensed', Helvetica, sans-serif; font-size: 14px; font-weight: bold; color: #ffffff; background-color: #cb1e44; background-size: contain; line-height: 20pt;\"><strong><strong><span style=\"font-family: Arial, 'Gill Sans', 'Gill Sans MT', 'Myriad Pro', 'DejaVu Sans Condensed', Helvetica, sans-serif; font-size: 14px; font-weight: bold; color: #ffffff; background-color: #cb1e44; background-size: contain; line-height: 20pt;\"><strong><strong><strong><span style=\"font-family: Arial, 'Gill Sans', 'Gill Sans MT', 'Myriad Pro', 'DejaVu Sans Condensed', Helvetica, sans-serif; font-size: 14px; font-weight: bold; color: #ffffff; background-color: #cb1e44; background-size: contain; line-height: 20pt;\"><strong><strong><span style=\"font-family: Arial, 'Gill Sans', 'Gill Sans MT', 'Myriad Pro', 'DejaVu Sans Condensed', Helvetica, sans-serif; font-size: 14px; font-weight: bold; color: #ffffff; background-color: #cb1e44; background-size: contain; line-height: 20pt;\">\u00a0FLASH INFOS MAINTENANCE &#8211; 01\/12\/2014 &#8211; 17:26\u00a0<\/span><\/strong><\/strong><\/span><\/strong><\/strong><\/strong><\/span><\/strong><\/strong><\/span><\/strong><\/strong><\/strong><\/p>\n<p><span style=\"font-family: arial,helvetica,sans-serif; font-size: small;\">Nos techniciens ont sold\u00e9s ce jour le d\u00e9faut rencontr\u00e9 hier soir sur le Haut de la Rue de la Paix \u00e0 l\u2019intersection du Boulevard de l\u2019Oise.<\/span><\/p>\n<p><span style=\"font-family: arial,helvetica,sans-serif; font-size: small;\">Nos techniciens ont rencontr\u00e9s des difficult\u00e9s sur un c\u00e2ble en pleine terre en d\u00e9faut franc sur la Rue des Vignes Blanches \u00e0 Jouy-Le-Moutier. Ce dernier impacte 30 Points Lumineux sur la Rue de la Bosse. Sa r\u00e9solution n\u00e9cessite le remplacement du tron\u00e7on en d\u00e9faut.<\/span><\/p>\n<p><span style=\"color: #000000; font-family: arial,helvetica,sans-serif; font-size: small; background-color: #ffffff;\"><span style=\"line-height: 20pt; background-size: contain;\"><span style=\"line-height: 20pt; background-size: contain;\"><span style=\"line-height: 20pt; background-size: contain;\"><span style=\"line-height: 20pt; background-size: contain;\">Tous les autres postes HT de l\u2019agglom\u00e9ration se sont correctement mis en service ce soir.<\/p>\n<p><\/span><\/span><\/span><\/span><\/span><\/p>\n<hr width=\"100%\" size=\"1\" noshade=\"noshade\" \/>\n<p><strong><strong><strong><span style=\"font-family: Arial, 'Gill Sans', 'Gill Sans MT', 'Myriad Pro', 'DejaVu Sans Condensed', Helvetica, sans-serif; font-size: 14px; font-weight: bold; color: #ffffff; background-color: #cb1e44; background-size: contain; line-height: 20pt;\"><strong><strong><span style=\"font-family: Arial, 'Gill Sans', 'Gill Sans MT', 'Myriad Pro', 'DejaVu Sans Condensed', Helvetica, sans-serif; font-size: 14px; font-weight: bold; color: #ffffff; background-color: #cb1e44; background-size: contain; line-height: 20pt;\">\u00a0FLASH INFOS MAINTENANCE &#8211; 30\/11\/2014 &#8211; 20:06\u00a0<br \/><\/span><\/strong><\/strong><\/span><\/strong><\/strong><\/strong><span style=\"font-family: arial,helvetica,sans-serif; font-size: small;\"><strong><br \/> 1<\/strong>&#8211;<\/span><span style=\"font-family: arial,helvetica,sans-serif; font-size: small;\">Nos techniciens ont sold\u00e9s ce jour le d\u00e9faut rencontr\u00e9 hier soir sur le <strong>d\u00e9part 5 du poste HT Halog\u00e8ne \u00e0 Vaur\u00e9al<\/strong>. Un transformateur immerg\u00e9 en d\u00e9faut sur la Rue de la Paix est \u00e0 l\u2019origine de la panne. Ce dernier impacte une dizaine de Points Lumineux sur le Haut de la Rue de la Paix \u00e0 l\u2019intersection du Boulevard de l\u2019Oise. Il a \u00e9t\u00e9 isol\u00e9 sur un module pr\u00e9vu \u00e0 cet effet. Sa r\u00e9solution n\u00e9cessite le remplacement de l\u2019\u00e9quipement en d\u00e9faut.<br \/><\/span><\/p>\n<p><span style=\"font-family: arial,helvetica,sans-serif; font-size: small;\">Le d\u00e9part a donc \u00e9t\u00e9 d\u00e9consign\u00e9 et il est bien reparti ce soir.<\/p>\n<p><\/span><\/p>\n<p><span style=\"font-family: arial,helvetica,sans-serif; font-size: small;\">Tous les autres postes HT de l\u2019agglom\u00e9ration se sont correctement mis en service ce soir.<\/p>\n<p><\/span><\/p>\n<table style=\"width: 100%; color: #000000;\" border=\"0\" cellspacing=\"0\" cellpadding=\"0\">\n<tbody>\n<tr>\n<td valign=\"top\" height=\"198\">\n<hr width=\"100%\" size=\"1\" noshade=\"noshade\" \/>\n<p><span class=\"arialbold\"><strong><span style=\"background: white; color: #333333; font-family: 'Arial','sans-serif'; font-size: 10pt; mso-fareast-font-family: Calibri; mso-fareast-theme-font: minor-latin; mso-ansi-language: FR; mso-fareast-language: FR; mso-bidi-language: AR-SA;\"><strong><strong><strong><span style=\"font-family: Arial, 'Gill Sans', 'Gill Sans MT', 'Myriad Pro', 'DejaVu Sans Condensed', Helvetica, sans-serif; font-size: 14px; font-weight: bold; color: #ffffff; background-color: #cb1e44; background-size: contain; line-height: 20pt;\"><strong><strong><span style=\"font-family: Arial, 'Gill Sans', 'Gill Sans MT', 'Myriad Pro', 'DejaVu Sans Condensed', Helvetica, sans-serif; font-size: 14px; font-weight: bold; color: #ffffff; background-color: #cb1e44; background-size: contain; line-height: 20pt;\"><strong><strong><strong><span style=\"font-family: Arial, 'Gill Sans', 'Gill Sans MT', 'Myriad Pro', 'DejaVu Sans Condensed', Helvetica, sans-serif; font-size: 14px; font-weight: bold; color: #ffffff; background-color: #cb1e44; background-size: contain; line-height: 20pt;\"><strong><strong><span style=\"font-family: Arial, 'Gill Sans', 'Gill Sans MT', 'Myriad Pro', 'DejaVu Sans Condensed', Helvetica, sans-serif; font-size: 14px; font-weight: bold; color: #ffffff; background-color: #cb1e44; background-size: contain; line-height: 20pt;\">\u00a0FLASH INFOS MAINTENANCE &#8211; 29\/11\/2014 &#8211; 18:21\u00a0<\/span><\/strong><\/strong><\/span><\/strong><\/strong><\/strong><\/span><\/strong><\/strong><\/span><\/strong><\/strong><\/strong><\/p>\n<p>A l\u2019allumage, des pannes sur le r\u00e9seau Haute Tension sont en cours.<\/span><\/strong><\/span><span style=\"background: white; color: #333333; font-family: 'Arial','sans-serif'; font-size: 10pt; mso-fareast-font-family: Calibri; mso-fareast-theme-font: minor-latin; mso-ansi-language: FR; mso-fareast-language: FR; mso-bidi-language: AR-SA;\"><\/p>\n<p><span class=\"arial\">Nous rencontrons ce soir une difficult\u00e9 sur le<\/span><strong><span style=\"font-family: 'Arial','sans-serif';\">d\u00e9part 5 du poste HT Halog\u00e8ne \u00e0 Vaur\u00e9al<\/span><\/strong><span class=\"arialbold\">.<\/span><span class=\"arial\">Le d\u00e9part concern\u00e9 pr\u00e9sente un d\u00e9faut homopolaire. Ce dernier a \u00e9t\u00e9 consign\u00e9 dans l\u2019attente d\u2019une investigation compl\u00e9mentaire.<\/span><br \/><span class=\"arial\"><br \/>Un camion laboratoire a \u00e9t\u00e9 sollicit\u00e9 pour nous appuyer dans cette recherche de d\u00e9faut.<br \/><\/span><br \/><span class=\"arial\">Les secteurs impact\u00e9s \u00e0 Vaur\u00e9al cette nuit sont:<\/span><\/p>\n<p><span class=\"arial\"><img loading=\"lazy\" decoding=\"async\" src=\"https:\/\/www.cylumine.fr\/img\/puce1.png\" alt=\"\" width=\"13\" height=\"11\" border=\"0\" \/> Une partie du Boulevard de l\u2019Oise<\/span><br \/><span class=\"arial\"><img loading=\"lazy\" decoding=\"async\" src=\"https:\/\/www.cylumine.fr\/img\/puce1.png\" alt=\"\" width=\"13\" height=\"11\" border=\"0\" \/> Place du Rendez-vous<\/span><br \/><span class=\"arial\"><img loading=\"lazy\" decoding=\"async\" src=\"https:\/\/www.cylumine.fr\/img\/puce1.png\" alt=\"\" width=\"13\" height=\"11\" border=\"0\" \/> Rue Fr\u00e9d\u00e9ric Garcia<\/span><br \/><span class=\"arial\"><img loading=\"lazy\" decoding=\"async\" src=\"https:\/\/www.cylumine.fr\/img\/puce1.png\" alt=\"\" width=\"13\" height=\"11\" border=\"0\" \/> Rue de la Gerbe d\u2019Or<\/span><br \/><span class=\"arial\"><img loading=\"lazy\" decoding=\"async\" src=\"https:\/\/www.cylumine.fr\/img\/puce1.png\" alt=\"\" width=\"13\" height=\"11\" border=\"0\" \/> Rue de la S\u00e9r\u00e9nade<\/span><br \/><span class=\"arial\"><img loading=\"lazy\" decoding=\"async\" src=\"https:\/\/www.cylumine.fr\/img\/puce1.png\" alt=\"\" width=\"13\" height=\"11\" border=\"0\" \/> Avenue de la Paix<\/span><br \/><span class=\"arial\"><img loading=\"lazy\" decoding=\"async\" src=\"https:\/\/www.cylumine.fr\/img\/puce1.png\" alt=\"\" width=\"13\" height=\"11\" border=\"0\" \/> Rue de la Mairie<br \/><\/span><span class=\"arial\"><img loading=\"lazy\" decoding=\"async\" src=\"https:\/\/www.cylumine.fr\/img\/puce1.png\" alt=\"\" width=\"13\" height=\"11\" border=\"0\" \/> Avenue Flora Tristan<\/span><br \/><span class=\"arial\"><img loading=\"lazy\" decoding=\"async\" src=\"https:\/\/www.cylumine.fr\/img\/puce1.png\" alt=\"\" width=\"13\" height=\"11\" border=\"0\" \/> Avenue Gandhi<\/span><\/p>\n<p><span class=\"arial\">Environ 180 Points Lumineux concern\u00e9s.<\/p>\n<p><\/span><\/span><\/p>\n<table style=\"width: 704px; height: 167px;\" border=\"0\" cellspacing=\"0\" cellpadding=\"0\">\n<tbody>\n<tr>\n<td valign=\"top\" height=\"198\">\n<hr width=\"100%\" size=\"1\" noshade=\"noshade\" \/>\n<p><strong><strong><strong><span style=\"font-family: Arial, 'Gill Sans', 'Gill Sans MT', 'Myriad Pro', 'DejaVu Sans Condensed', Helvetica, sans-serif; font-size: 14px; font-weight: bold; color: #ffffff; background-color: #cb1e44; background-size: contain; line-height: 20pt;\"><strong><strong><span style=\"font-family: Arial, 'Gill Sans', 'Gill Sans MT', 'Myriad Pro', 'DejaVu Sans Condensed', Helvetica, sans-serif; font-size: 14px; font-weight: bold; color: #ffffff; background-color: #cb1e44; background-size: contain; line-height: 20pt;\">\u00a0FLASH INFOS MAINTENANCE &#8211; 28\/11\/2014 &#8211; 18:00\u00a0<\/span><\/strong><\/strong><\/span><\/strong><\/strong><\/strong><\/p>\n<p><span style=\"font-family: arial,helvetica,sans-serif; font-size: small;\"><strong>1<\/strong>&#8211; Nos techniciens ont sold\u00e9s ce jour le d\u00e9faut rencontr\u00e9 sur le <strong>d\u00e9part 1 du poste HT Hautilum \u00e0 Jouy-Le-Moutier<\/strong>.<\/span><\/p>\n<p><span style=\"font-family: arial,helvetica,sans-serif; font-size: small;\"><strong><br \/>2<\/strong>&#8211; Nos techniciens ont \u00e9galement sold\u00e9s ce jour le d\u00e9faut rencontr\u00e9 sur le <strong>d\u00e9part de l\u2019armoire BT \u00ab Saturne \u00bb Place de la Croix du Jubile \u00e0 Menucourt.<\/strong><\/span><\/p>\n<p><span style=\"color: #000000; font-family: arial,helvetica,sans-serif; font-size: small; background-color: #ffffff;\"><span style=\"line-height: 20pt; background-size: contain;\"><span style=\"line-height: 20pt; background-size: contain;\">Tous les postes HT de l\u2019agglom\u00e9ration se sont correctement mis en service ce soir.<\/span><\/span><\/span><\/p>\n<\/td>\n<\/tr>\n<\/tbody>\n<\/table>\n<hr id=\"archivesBarre\" width=\"100%\" size=\"1\" noshade=\"noshade\" \/>\n<p><strong><strong><strong><span style=\"font-family: Arial, 'Gill Sans', 'Gill Sans MT', 'Myriad Pro', 'DejaVu Sans Condensed', Helvetica, sans-serif; font-size: 14px; font-weight: bold; color: #ffffff; background-color: #cb1e44; background-size: contain; line-height: 20pt;\"><strong><strong><span style=\"font-family: Arial, 'Gill Sans', 'Gill Sans MT', 'Myriad Pro', 'DejaVu Sans Condensed', Helvetica, sans-serif; font-size: 14px; font-weight: bold; color: #ffffff; background-color: #cb1e44; background-size: contain; line-height: 20pt;\">\u00a0FLASH INFOS MAINTENANCE &#8211; 27\/11\/2014 &#8211; 19:23\u00a0<\/span><\/strong><\/strong><\/span><\/strong><\/strong><\/strong><\/p>\n<p><span style=\"font-family: arial,helvetica,sans-serif; font-size: small;\"><strong>1<\/strong>&#8211; Nous rencontrons toujours un d\u00e9faut sur le <strong>d\u00e9part 1 du poste HT Hautilum \u00e0 Jouy-Le-Moutier<\/strong>. Le secteur en d\u00e9faut a \u00e9t\u00e9 isol\u00e9 au maximum. La recherche de d\u00e9faut n\u00e9cessite des investigations compl\u00e9mentaires pr\u00e9vues demain.<\/span><\/p>\n<p><span style=\"font-family: arial,helvetica,sans-serif; font-size: small;\">La rue impact\u00e9e sur Jouy-Le-Moutier cette nuit est: <\/p>\n<p><\/span><span style=\"font-family: arial,helvetica,sans-serif; font-size: small;\"><img loading=\"lazy\" decoding=\"async\" src=\"https:\/\/www.cylumine.fr\/img\/puce1.png\" alt=\"\" width=\"13\" height=\"11\" border=\"0\" \/> Rue d\u2019Ecancourt<\/span><\/p>\n<p><span style=\"font-family: arial,helvetica,sans-serif; font-size: small;\"><strong>Environ 30 Points Lumineux concern\u00e9s. <\/strong><\/span><\/p>\n<p><span style=\"font-family: arial,helvetica,sans-serif; font-size: small;\"><strong>2<\/strong>&#8211; Nous rencontrons \u00e9galement cette nuit des difficult\u00e9s sur un <strong>d\u00e9part de l\u2019armoire BT Saturne Place de la Croix du Jubile \u00e0 Menucourt<\/strong>. Le d\u00e9part pr\u00e9sente un court-circuit franc, il a \u00e9t\u00e9 consign\u00e9 dans l\u2019attente d\u2019une recherche de d\u00e9faut pr\u00e9vue demain.<\/span><\/p>\n<p><span style=\"font-family: arial,helvetica,sans-serif; font-size: small;\">Les rues impact\u00e9es sur Menucourt cette nuit sont:<\/span><\/p>\n<p><span style=\"font-family: arial,helvetica,sans-serif; font-size: small;\"><img loading=\"lazy\" decoding=\"async\" src=\"https:\/\/www.cylumine.fr\/img\/puce1.png\" alt=\"\" width=\"13\" height=\"11\" border=\"0\" \/> Rue Jules Givonne<br \/><\/span><span style=\"font-family: arial,helvetica,sans-serif; font-size: small;\"><img loading=\"lazy\" decoding=\"async\" src=\"https:\/\/www.cylumine.fr\/img\/puce1.png\" alt=\"\" width=\"13\" height=\"11\" border=\"0\" \/> Rue du Potager <\/span><\/p>\n<p><span style=\"font-family: arial,helvetica,sans-serif; font-size: small;\"><strong>Environ 30 Points Lumineux concern\u00e9s.<\/strong><\/span><\/p>\n<p><span style=\"color: #ffffff; line-height: 20pt; font-family: Arial, 'Gill Sans', 'Gill Sans MT', 'Myriad Pro', 'DejaVu Sans Condensed', Helvetica, sans-serif; font-size: 14px; background-size: contain; background-color: #cb1e44;\"><span style=\"color: #ffffff; line-height: 20pt; font-family: Arial, 'Gill Sans', 'Gill Sans MT', 'Myriad Pro', 'DejaVu Sans Condensed', Helvetica, sans-serif; font-size: 14px; background-size: contain; background-color: #cb1e44;\"><span style=\"color: #000000; background-color: #ffffff;\"><span style=\"font-family: arial,helvetica,sans-serif; font-size: small;\">Tous les autres postes HT de l\u2019agglom\u00e9ration se sont correctement mis en service ce soir.<\/p>\n<p><\/span><\/span><\/span><\/span><\/p>\n<hr \/>\n<p><strong><strong><span style=\"font-family: Arial, 'Gill Sans', 'Gill Sans MT', 'Myriad Pro', 'DejaVu Sans Condensed', Helvetica, sans-serif; font-size: 14px; font-weight: bold; color: #ffffff; background-color: #cb1e44; background-size: contain; line-height: 20pt;\"><strong><strong><span style=\"font-family: Arial, 'Gill Sans', 'Gill Sans MT', 'Myriad Pro', 'DejaVu Sans Condensed', Helvetica, sans-serif; font-size: 14px; font-weight: bold; color: #ffffff; background-color: #cb1e44; background-size: contain; line-height: 20pt;\"><br \/>\u00a0FLASH INFOS MAINTENANCE &#8211; 26\/11\/2014 &#8211; 17:44\u00a0<\/span><\/strong><\/strong><\/span><\/strong><\/strong><\/p>\n<p><span style=\"font-family: arial,helvetica,sans-serif; font-size: small;\"><strong>1<\/strong>&#8211; Nous rencontrons toujours un d\u00e9faut sur le <strong>d\u00e9part 1 du poste HT Hautilum \u00e0 Jouy-Le-Moutier<\/strong>. Le secteur en d\u00e9faut a \u00e9t\u00e9 isol\u00e9 au maximum. La recherche de d\u00e9faut suit son cours pour une analyse plus pr\u00e9cise puisque le d\u00e9faut a \u00e9t\u00e9 cibl\u00e9.<\/span><\/p>\n<p><span style=\"font-family: arial,helvetica,sans-serif; font-size: small;\">La rue impact\u00e9e sur Jouy-Le-Moutier cette nuit est:<\/span><\/p>\n<p><span style=\"font-family: arial,helvetica,sans-serif; font-size: small;\"><img loading=\"lazy\" decoding=\"async\" src=\"https:\/\/www.cylumine.fr\/img\/puce1.png\" alt=\"\" width=\"13\" height=\"11\" border=\"0\" \/> Rue d\u2019Ecancourt<\/span><\/p>\n<p><span style=\"font-family: arial,helvetica,sans-serif; font-size: small;\"><strong> Environ 30 Points Lumineux concern\u00e9s.<\/strong><\/span><\/p>\n<p><span style=\"font-family: arial,helvetica,sans-serif; font-size: small;\"><strong><br \/>2<\/strong>&#8211; Nos techniciens ont sold\u00e9s ce jour le d\u00e9faut rencontr\u00e9 sur le <strong>d\u00e9part 3 du poste HT Hautilum \u00e0 Jouy-Le-Moutier<\/strong>.<\/span><\/p>\n<p><span style=\"font-family: arial,helvetica,sans-serif; font-size: small;\"><strong> 3<\/strong>&#8211; Nos techniciens ont \u00e9galement sold\u00e9s ce jour le d\u00e9faut rencontr\u00e9 sur le <strong>d\u00e9part 3 du poste HT Eralum \u00e0 Eragny.<\/strong><\/span><\/p>\n<p><span style=\"font-family: arial,helvetica,sans-serif; font-size: small;\"><strong>4<\/strong>&#8211; Nos techniciens ont aussi sold\u00e9s ce jour le d\u00e9faut rencontr\u00e9 sur le <strong>d\u00e9part 4 du poste HT Eralum \u00e0 Eragny. <\/strong><\/span><\/p>\n<p><span style=\"font-family: arial,helvetica,sans-serif; font-size: small;\">Nous resterons vigilants ce soir pour v\u00e9rifier que tout fonctionne correctement dans la dur\u00e9e.<br \/><\/span><\/p>\n<p><span style=\"font-family: arial,helvetica,sans-serif; font-size: small;\">Tous les autres postes HT de l\u2019agglom\u00e9ration se sont correctement mis en service ce soir.<\/p>\n<p><\/span><\/p>\n<hr \/>\n<p><span style=\"font-family: arial,helvetica,sans-serif; font-size: small;\"><br \/><\/span><span style=\"font-family: Arial, 'Gill Sans', 'Gill Sans MT', 'Myriad Pro', 'DejaVu Sans Condensed', Helvetica, sans-serif; font-size: 14px; font-weight: bold; color: #ffffff; background-color: #cb1e44; background-size: contain; line-height: 20pt;\"><span style=\"font-family: Arial, 'Gill Sans', 'Gill Sans MT', 'Myriad Pro', 'DejaVu Sans Condensed', Helvetica, sans-serif; font-size: 14px; font-weight: bold; color: #ffffff; background-color: #cb1e44; background-size: contain; line-height: 20pt;\">\u00a0FLASH INFOS MAINTENANCE &#8211; 25\/11\/2014 &#8211; 19:07 <br \/><\/span><\/span><span style=\"color: #ffffff; line-height: 20pt; font-family: Arial, 'Gill Sans', 'Gill Sans MT', 'Myriad Pro', 'DejaVu Sans Condensed', Helvetica, sans-serif; font-size: 14px; background-size: contain; background-color: #cb1e44;\"><span style=\"color: #ffffff; line-height: 20pt; font-family: Arial, 'Gill Sans', 'Gill Sans MT', 'Myriad Pro', 'DejaVu Sans Condensed', Helvetica, sans-serif; font-size: 14px; background-size: contain; background-color: #cb1e44;\"><span style=\"color: #000000; background-color: #ffffff;\"><strong><span style=\"font-family: arial,helvetica,sans-serif; font-size: small;\">1<\/span><\/strong><span style=\"font-family: arial,helvetica,sans-serif; font-size: small;\"><strong>&#8211;<\/strong> Nous rencontrons toujours des d\u00e9fauts sur le <strong>d\u00e9part 1 du poste HT Hautilum \u00e0 Jouy-Le-Moutier<\/strong>. Les secteurs en d\u00e9faut ont \u00e9t\u00e9 isol\u00e9s. La recherche de d\u00e9faut suit son cours pour une analyse plus pr\u00e9cise puisque les d\u00e9fauts ont \u00e9t\u00e9 cibl\u00e9s.<\/span><\/span><\/span><\/span><\/p>\n<p><span style=\"font-family: arial,helvetica,sans-serif; font-size: small;\">Les rues impact\u00e9es sur Jouy-Le-Moutier cette nuit sont:<br \/><\/span><\/p>\n<p><span style=\"font-family: arial,helvetica,sans-serif; font-size: small;\"><img loading=\"lazy\" decoding=\"async\" src=\"https:\/\/www.cylumine.fr\/img\/puce1.png\" alt=\"\" width=\"13\" height=\"11\" border=\"0\" \/> Rue d\u2019Ecancourt<\/span><br \/><span style=\"font-family: arial,helvetica,sans-serif; font-size: small;\"><img loading=\"lazy\" decoding=\"async\" src=\"https:\/\/www.cylumine.fr\/img\/puce1.png\" alt=\"\" width=\"13\" height=\"11\" border=\"0\" \/> Avenue du Vast<\/span><br \/><span style=\"font-family: arial,helvetica,sans-serif; font-size: small;\"><img loading=\"lazy\" decoding=\"async\" src=\"https:\/\/www.cylumine.fr\/img\/puce1.png\" alt=\"\" width=\"13\" height=\"11\" border=\"0\" \/> Rue de la Hayette<br \/><\/span><\/p>\n<p><span style=\"font-family: arial,helvetica,sans-serif; font-size: small;\"><strong>Environ 50 Points Lumineux concern\u00e9s.<\/strong><\/span><\/p>\n<p><span style=\"font-family: arial,helvetica,sans-serif; font-size: small;\"><strong>2<\/strong>&#8211; Nous rencontrons toujours un d\u00e9faut sur Le <strong>d\u00e9part 3 du poste HT Hautilum \u00e0 Jouy-Le-Moutier<\/strong>. Le secteur impact\u00e9 hier soir a \u00e9t\u00e9 r\u00e9duit ce jour, un d\u00e9faut subsiste. Dans la continuit\u00e9 de notre recherche de d\u00e9faut, une investigation compl\u00e9mentaire sera men\u00e9e demain. <\/span><\/p>\n<p><span style=\"font-family: arial,helvetica,sans-serif; font-size: small;\">Les secteurs impact\u00e9s sur Vaur\u00e9al cette nuit sont:<br \/><\/span><\/p>\n<p><span style=\"font-family: arial,helvetica,sans-serif; font-size: small;\"><img loading=\"lazy\" decoding=\"async\" src=\"https:\/\/www.cylumine.fr\/img\/puce1.png\" alt=\"\" width=\"13\" height=\"11\" border=\"0\" \/> Avenue Jacques Brel (Vaur\u00e9al)<br \/><\/span><\/p>\n<p><span style=\"font-family: arial,helvetica,sans-serif; font-size: small;\"><strong>Environ 16 Points Lumineux concern\u00e9s.<\/strong><\/span><br \/><span style=\"font-family: arial,helvetica,sans-serif; font-size: small;\"><strong><br \/> 3<\/strong>&#8211; Nous rencontrons toujours une difficult\u00e9 sur le <strong>d\u00e9part 3 du poste HT Eralum \u00e0 Eragny<\/strong>. Le d\u00e9faut a \u00e9t\u00e9 isol\u00e9 au maximum soit \u00e0 25 Points Lumineux impact\u00e9s. Une investigation compl\u00e9mentaire sera men\u00e9e demain pour \u00e9liminer le ou les d\u00e9fauts restants.<\/span><\/p>\n<p><span style=\"font-family: arial,helvetica,sans-serif; font-size: small;\">Les secteurs impact\u00e9s sur Eragny cette nuit sont:<\/span><\/p>\n<p><span style=\"font-family: arial,helvetica,sans-serif; font-size: small;\"><img loading=\"lazy\" decoding=\"async\" src=\"https:\/\/www.cylumine.fr\/img\/puce1.png\" alt=\"\" width=\"13\" height=\"11\" border=\"0\" \/> Avenue du Gros Ch\u00eane<\/span><br \/><span style=\"font-family: arial,helvetica,sans-serif; font-size: small;\"><img loading=\"lazy\" decoding=\"async\" src=\"https:\/\/www.cylumine.fr\/img\/puce1.png\" alt=\"\" width=\"13\" height=\"11\" border=\"0\" \/> Avenue du Gros Murger <\/span><\/p>\n<p><span style=\"font-family: arial,helvetica,sans-serif; font-size: small;\"><strong><br \/>Environ 25 Points Lumineux concern\u00e9s.<br \/><\/strong><\/span><\/p>\n<p><span style=\"font-family: arial,helvetica,sans-serif; font-size: small;\"><strong>4<\/strong>&#8211; Le <strong>d\u00e9part 4 du poste HT Eralum \u00e0 Eragny <\/strong>a \u00e9t\u00e9 consign\u00e9. Pour rappel, un c\u00e2ble d\u00e9t\u00e9rior\u00e9 en pleine de terre est \u00e0 l\u2019origine de la panne. Le remplacement du c\u00e2ble HT n\u00e9cessite des travaux de G\u00e9nie Civil qui ont d\u00e9marr\u00e9 comme pr\u00e9vu depuis hier matin. Cette mise en \u0153uvre est toujours en cours.<\/span><\/p>\n<p><span style=\"font-family: arial,helvetica,sans-serif; font-size: small;\">Les secteurs impact\u00e9s cette nuit sont:<br \/><\/span><br \/><span style=\"font-family: arial,helvetica,sans-serif; font-size: small;\"><img loading=\"lazy\" decoding=\"async\" src=\"https:\/\/www.cylumine.fr\/img\/puce1.png\" alt=\"\" width=\"13\" height=\"11\" border=\"0\" \/> Rue des Fr\u00eanes<\/span><br \/><span style=\"font-family: arial,helvetica,sans-serif; font-size: small;\"><img loading=\"lazy\" decoding=\"async\" src=\"https:\/\/www.cylumine.fr\/img\/puce1.png\" alt=\"\" width=\"13\" height=\"11\" border=\"0\" \/> Rue du Bas Noyer<\/span><br \/><span style=\"font-family: arial,helvetica,sans-serif; font-size: small;\"><img loading=\"lazy\" decoding=\"async\" src=\"https:\/\/www.cylumine.fr\/img\/puce1.png\" alt=\"\" width=\"13\" height=\"11\" border=\"0\" \/> Rue Leo Lagrange<\/span><br \/><span style=\"font-family: arial,helvetica,sans-serif; font-size: small;\"><img loading=\"lazy\" decoding=\"async\" src=\"https:\/\/www.cylumine.fr\/img\/puce1.png\" alt=\"\" width=\"13\" height=\"11\" border=\"0\" \/> Une partie de l\u2019Avenue Roger Guichard<\/span><br \/><span style=\"font-family: arial,helvetica,sans-serif; font-size: small;\"><img loading=\"lazy\" decoding=\"async\" src=\"https:\/\/www.cylumine.fr\/img\/puce1.png\" alt=\"\" width=\"13\" height=\"11\" border=\"0\" \/> Une partie de l\u2019Avenue de Verdun<br \/><\/span><br \/><span style=\"font-family: arial,helvetica,sans-serif; font-size: small;\"><strong>Environ 90 Points Lumineux concern\u00e9s.<br \/><\/strong><\/span><\/p>\n<p><span style=\"font-family: arial,helvetica,sans-serif; font-size: small;\">Tous les autres postes HT de l\u2019agglom\u00e9ration se sont correctement mis en service ce soir.<\/p>\n<p><\/span><\/p>\n<hr \/>\n<p><span style=\"font-family: Arial, 'Gill Sans', 'Gill Sans MT', 'Myriad Pro', 'DejaVu Sans Condensed', Helvetica, sans-serif; font-size: 14px; font-weight: bold; color: #ffffff; background-color: #cb1e44; background-size: contain; line-height: 20pt;\"><span style=\"font-family: Arial, 'Gill Sans', 'Gill Sans MT', 'Myriad Pro', 'DejaVu Sans Condensed', Helvetica, sans-serif; font-size: 14px; font-weight: bold; color: #ffffff; background-color: #cb1e44; background-size: contain; line-height: 20pt;\"><strong><span style=\"font-family: Arial, 'Gill Sans', 'Gill Sans MT', 'Myriad Pro', 'DejaVu Sans Condensed', Helvetica, sans-serif; font-size: 14px; font-weight: bold; color: #ffffff; background-color: #cb1e44; background-size: contain; line-height: 20pt;\"><br \/>\u00a0FLASH INFOS MAINTENANCE &#8211; 24\/11\/2014 &#8211; 19:56 <br \/><\/span><\/strong><\/span><\/span><span style=\"color: #000000; background-color: #ffffff;\"><span style=\"line-height: 20pt; font-family: Arial, 'Gill Sans', 'Gill Sans MT', 'Myriad Pro', 'DejaVu Sans Condensed', Helvetica, sans-serif; font-size: 14px; background-size: contain;\"><span style=\"line-height: 20pt; font-family: Arial, 'Gill Sans', 'Gill Sans MT', 'Myriad Pro', 'DejaVu Sans Condensed', Helvetica, sans-serif; font-size: 14px; background-size: contain;\"><span style=\"font-family: arial,helvetica,sans-serif; font-size: small;\"><strong>1-<\/strong> Nous rencontrons ce soir une difficult\u00e9 sur le <strong>d\u00e9part 1 du poste HT Hautilum \u00e0 Jouy-Le-Moutier<\/strong>. Le d\u00e9part concern\u00e9 a \u00e9t\u00e9 consign\u00e9 dans l\u2019attente d\u2019une investigation compl\u00e9mentaire.Un camion laboratoire a \u00e9t\u00e9 sollicit\u00e9 pour nous appuyer demain dans cette recherche de d\u00e9faut. <\/span><\/span><\/span><span style=\"line-height: 20pt; font-family: Arial, 'Gill Sans', 'Gill Sans MT', 'Myriad Pro', 'DejaVu Sans Condensed', Helvetica, sans-serif; font-size: 14px; background-size: contain;\"><span style=\"line-height: 20pt; font-family: Arial, 'Gill Sans', 'Gill Sans MT', 'Myriad Pro', 'DejaVu Sans Condensed', Helvetica, sans-serif; font-size: 14px; background-size: contain;\"><span style=\"font-family: arial,helvetica,sans-serif; font-size: small;\">Les rues impact\u00e9es sur Jouy-Le-Moutier cette nuit sont:<\/span><\/span><\/span><\/span><\/p>\n<p><span style=\"font-family: arial,helvetica,sans-serif; font-size: small;\"><img loading=\"lazy\" decoding=\"async\" src=\"https:\/\/www.cylumine.fr\/img\/puce1.png\" alt=\"\" width=\"13\" height=\"11\" border=\"0\" \/> Rue de la Vall\u00e9e <br \/><\/span><span style=\"font-family: arial,helvetica,sans-serif; font-size: small;\"><img loading=\"lazy\" decoding=\"async\" src=\"https:\/\/www.cylumine.fr\/img\/puce1.png\" alt=\"\" width=\"13\" height=\"11\" border=\"0\" \/> Une partie de l\u2019Avenue du Temps Perdu<\/span><br \/><span style=\"font-family: arial,helvetica,sans-serif; font-size: small;\"><img loading=\"lazy\" decoding=\"async\" src=\"https:\/\/www.cylumine.fr\/img\/puce1.png\" alt=\"\" width=\"13\" height=\"11\" border=\"0\" \/> Rue d\u2019Ecancourt<\/span><br \/><span style=\"font-family: arial,helvetica,sans-serif; font-size: small;\"><img loading=\"lazy\" decoding=\"async\" src=\"https:\/\/www.cylumine.fr\/img\/puce1.png\" alt=\"\" width=\"13\" height=\"11\" border=\"0\" \/> Rue Charles Gounod<\/span><br \/><span style=\"font-family: arial,helvetica,sans-serif; font-size: small;\"><img loading=\"lazy\" decoding=\"async\" src=\"https:\/\/www.cylumine.fr\/img\/puce1.png\" alt=\"\" width=\"13\" height=\"11\" border=\"0\" \/> Rue Gabriel Faur\u00e9<\/span><br \/><span style=\"font-family: arial,helvetica,sans-serif; font-size: small;\"><img loading=\"lazy\" decoding=\"async\" src=\"https:\/\/www.cylumine.fr\/img\/puce1.png\" alt=\"\" width=\"13\" height=\"11\" border=\"0\" \/> Mail Hector Berlioz<\/span><br \/><span style=\"font-family: arial,helvetica,sans-serif; font-size: small;\"><img loading=\"lazy\" decoding=\"async\" src=\"https:\/\/www.cylumine.fr\/img\/puce1.png\" alt=\"\" width=\"13\" height=\"11\" border=\"0\" \/> Avenue Camille Saint-Sa\u00ebns<\/span><br \/><span style=\"font-family: arial,helvetica,sans-serif; font-size: small;\"><img loading=\"lazy\" decoding=\"async\" src=\"https:\/\/www.cylumine.fr\/img\/puce1.png\" alt=\"\" width=\"13\" height=\"11\" border=\"0\" \/> Rue Rossini<\/span><br \/><span style=\"font-family: arial,helvetica,sans-serif; font-size: small;\"><img loading=\"lazy\" decoding=\"async\" src=\"https:\/\/www.cylumine.fr\/img\/puce1.png\" alt=\"\" width=\"13\" height=\"11\" border=\"0\" \/> Rue des Forboeufs<br \/><\/span><span style=\"font-family: arial,helvetica,sans-serif; font-size: small;\"><img loading=\"lazy\" decoding=\"async\" src=\"https:\/\/www.cylumine.fr\/img\/puce1.png\" alt=\"\" width=\"13\" height=\"11\" border=\"0\" \/> Sente de l\u2019Aiguillon<\/span><br \/><span style=\"font-family: arial,helvetica,sans-serif; font-size: small;\"><img loading=\"lazy\" decoding=\"async\" src=\"https:\/\/www.cylumine.fr\/img\/puce1.png\" alt=\"\" width=\"13\" height=\"11\" border=\"0\" \/> Rue Denis Papin<\/span><br \/><span style=\"font-family: arial,helvetica,sans-serif; font-size: small;\"><img loading=\"lazy\" decoding=\"async\" src=\"https:\/\/www.cylumine.fr\/img\/puce1.png\" alt=\"\" width=\"13\" height=\"11\" border=\"0\" \/> Boulevard d\u2019Ecancourt<\/span><br \/><span style=\"font-family: arial,helvetica,sans-serif; font-size: small;\"><img loading=\"lazy\" decoding=\"async\" src=\"https:\/\/www.cylumine.fr\/img\/puce1.png\" alt=\"\" width=\"13\" height=\"11\" border=\"0\" \/> Rue des Trembles<\/span><br \/><span style=\"font-family: arial,helvetica,sans-serif; font-size: small;\"><img loading=\"lazy\" decoding=\"async\" src=\"https:\/\/www.cylumine.fr\/img\/puce1.png\" alt=\"\" width=\"13\" height=\"11\" border=\"0\" \/> All\u00e9e des Ch\u00e8vrefeuilles <br \/><\/span><span style=\"font-family: arial,helvetica,sans-serif; font-size: small;\"><img loading=\"lazy\" decoding=\"async\" src=\"https:\/\/www.cylumine.fr\/img\/puce1.png\" alt=\"\" width=\"13\" height=\"11\" border=\"0\" \/> Une partie du Boulevard de l\u2019Oise<\/span><br \/><span style=\"font-family: arial,helvetica,sans-serif; font-size: small;\"><img loading=\"lazy\" decoding=\"async\" src=\"https:\/\/www.cylumine.fr\/img\/puce1.png\" alt=\"\" width=\"13\" height=\"11\" border=\"0\" \/> Une partie de l\u2019Avenue du Vast<\/span><br \/><span style=\"font-family: arial,helvetica,sans-serif; font-size: small;\"><img loading=\"lazy\" decoding=\"async\" src=\"https:\/\/www.cylumine.fr\/img\/puce1.png\" alt=\"\" width=\"13\" height=\"11\" border=\"0\" \/> Place du Vast<\/span><br \/><span style=\"font-family: arial,helvetica,sans-serif; font-size: small;\"><img loading=\"lazy\" decoding=\"async\" src=\"https:\/\/www.cylumine.fr\/img\/puce1.png\" alt=\"\" width=\"13\" height=\"11\" border=\"0\" \/> Rue de la Hayette<br \/><\/span><\/p>\n<p><span style=\"font-family: arial,helvetica,sans-serif; font-size: small;\"><strong>Environ 275 Points Lumineux concern\u00e9s. <br \/><\/strong><\/span><\/p>\n<p><span style=\"font-family: arial,helvetica,sans-serif; font-size: small;\"><strong>2<\/strong>&#8211; Nous rencontrons toujours un d\u00e9faut sur Le <strong>d\u00e9part 3 du poste HT Hautilum \u00e0 Jouy-Le-Moutier<\/strong>. Un camion laboratoire a \u00e9t\u00e9 re-sollicit\u00e9 pour nous appuyer demain dans la continuit\u00e9 de notre recherche de d\u00e9faut. <\/span><\/p>\n<p><span style=\"font-family: arial,helvetica,sans-serif; font-size: small;\">Les secteurs impact\u00e9s sur Vaur\u00e9al cette nuit sont:<\/p>\n<p><\/span><span style=\"font-family: arial,helvetica,sans-serif; font-size: small;\"><img loading=\"lazy\" decoding=\"async\" src=\"https:\/\/www.cylumine.fr\/img\/puce1.png\" alt=\"\" width=\"13\" height=\"11\" border=\"0\" \/> Avenue Jacques Brel (Vaur\u00e9al) <br \/><\/span><span style=\"font-family: arial,helvetica,sans-serif; font-size: small;\"><img loading=\"lazy\" decoding=\"async\" src=\"https:\/\/www.cylumine.fr\/img\/puce1.png\" alt=\"\" width=\"13\" height=\"11\" border=\"0\" \/> Avenue Simone Simonet (Vaur\u00e9al)<br \/><\/span><\/p>\n<p><span style=\"font-family: arial,helvetica,sans-serif; font-size: small;\"><strong>Environ 27 Points Lumineux concern\u00e9s.<br \/><\/strong><\/span><\/p>\n<p><span style=\"font-family: arial,helvetica,sans-serif; font-size: small;\"><strong> 3<\/strong>&#8211; Nous rencontrons toujours une difficult\u00e9 sur le <strong>d\u00e9part 3 du poste HT Eralum \u00e0 Eragny<\/strong>. Le d\u00e9faut a \u00e9t\u00e9 de nouveau isol\u00e9 au maximum ce jour soit \u00e0 25 Points Lumineux impact\u00e9s ce soir. Une investigation compl\u00e9mentaire sera men\u00e9e pour \u00e9liminer le ou les d\u00e9fauts restants.<\/span><\/p>\n<p><span style=\"font-family: arial,helvetica,sans-serif; font-size: small;\">Les secteurs impact\u00e9s sur Eragny cette nuit sont: <\/span><\/p>\n<p><span style=\"font-family: arial,helvetica,sans-serif; font-size: small;\"><img loading=\"lazy\" decoding=\"async\" src=\"https:\/\/www.cylumine.fr\/img\/puce1.png\" alt=\"\" width=\"13\" height=\"11\" border=\"0\" \/> Avenue du Gros Ch\u00eane<\/span><br \/><span style=\"font-family: arial,helvetica,sans-serif; font-size: small;\"><img loading=\"lazy\" decoding=\"async\" src=\"https:\/\/www.cylumine.fr\/img\/puce1.png\" alt=\"\" width=\"13\" height=\"11\" border=\"0\" \/> Avenue du Gros Murger<br \/><\/span><\/p>\n<p><span style=\"font-family: arial,helvetica,sans-serif; font-size: small;\"><strong>Environ 25 Points Lumineux concern\u00e9s.<\/p>\n<p><\/strong><\/span><span style=\"font-family: arial,helvetica,sans-serif; font-size: small;\"><strong>4<\/strong>&#8211; Le <strong>d\u00e9part 4 du poste HT Eralum \u00e0 Eragny <\/strong>a \u00e9t\u00e9 consign\u00e9. Pour rappel, un c\u00e2ble d\u00e9t\u00e9rior\u00e9 en pleine de terre est \u00e0 l\u2019origine de la panne. Dans l\u2019attente des retours concessionnaires DICT demand\u00e9s depuis le 14\/11\/2014, une intervention a \u00e9t\u00e9 programm\u00e9 pour le Lundi 24 Novembre prochain. <\/span><span style=\"font-family: arial,helvetica,sans-serif; font-size: small;\">Les secteurs impact\u00e9s cette nuit sont:<\/span><\/p>\n<p><span style=\"font-family: arial,helvetica,sans-serif; font-size: small;\"><img loading=\"lazy\" decoding=\"async\" src=\"https:\/\/www.cylumine.fr\/img\/puce1.png\" alt=\"\" width=\"13\" height=\"11\" border=\"0\" \/> Rue des Fr\u00eanes<\/span><br \/><span style=\"font-family: arial,helvetica,sans-serif; font-size: small;\"><img loading=\"lazy\" decoding=\"async\" src=\"https:\/\/www.cylumine.fr\/img\/puce1.png\" alt=\"\" width=\"13\" height=\"11\" border=\"0\" \/> Rue du Bas Noyer<\/span><br \/><span style=\"font-family: arial,helvetica,sans-serif; font-size: small;\"><img loading=\"lazy\" decoding=\"async\" src=\"https:\/\/www.cylumine.fr\/img\/puce1.png\" alt=\"\" width=\"13\" height=\"11\" border=\"0\" \/> Rue Leo Lagrange<\/span><br \/><span style=\"font-family: arial,helvetica,sans-serif; font-size: small;\"><img loading=\"lazy\" decoding=\"async\" src=\"https:\/\/www.cylumine.fr\/img\/puce1.png\" alt=\"\" width=\"13\" height=\"11\" border=\"0\" \/> Une partie de l\u2019Avenue Roger Guichard<\/span><br \/><span style=\"font-family: arial,helvetica,sans-serif; font-size: small;\"><img loading=\"lazy\" decoding=\"async\" src=\"https:\/\/www.cylumine.fr\/img\/puce1.png\" alt=\"\" width=\"13\" height=\"11\" border=\"0\" \/> Une partie de l\u2019Avenue de Verdun<\/span><\/p>\n<p><span style=\"font-family: arial,helvetica,sans-serif; font-size: small;\"><strong>Environ 90 Points Lumineux concern\u00e9s. <\/p>\n<p><\/strong>T<\/span><span style=\"color: #000000; line-height: 20pt; font-family: Arial, 'Gill Sans', 'Gill Sans MT', 'Myriad Pro', 'DejaVu Sans Condensed', Helvetica, sans-serif; font-size: 14px; background-size: contain; background-color: #cb1e44;\"><span style=\"font-family: arial,helvetica,sans-serif; font-size: small; background-color: #ffffff;\">ous les autres postes HT de l\u2019agglom\u00e9ration se sont correctement mis en service ce soir.<\/p>\n<p><\/span><\/span><\/p>\n<hr \/>\n<p><span style=\"font-family: Arial, 'Gill Sans', 'Gill Sans MT', 'Myriad Pro', 'DejaVu Sans Condensed', Helvetica, sans-serif; font-size: 14px; font-weight: bold; color: #ffffff; background-color: #cb1e44; background-size: contain; line-height: 20pt;\"><br \/>\u00a0FLASH INFOS MAINTENANCE &#8211; 23\/11\/2014 &#8211; 19h01 <\/span><\/p>\n<p><span style=\"font-family: arial,helvetica,sans-serif; font-size: small;\"><strong>A l\u2019allumage, des pannes sur le r\u00e9seau Haute Tension sont en cours.<\/strong><\/p>\n<p>1<\/span><span style=\"font-family: arial,helvetica,sans-serif; font-size: small;\">&#8211; Le <strong>d\u00e9part 3 du poste HT Hautilum \u00e0 Jouy-Le-Moutier a \u00e9t\u00e9 remis en service ce soir<\/strong>. L\u2019intervention de nos techniciens ce jour a permis d\u2019isoler le secteur en d\u00e9faut. Un camion laboratoire a \u00e9t\u00e9 sollicit\u00e9 pour nous appuyer demain dans cette recherche de d\u00e9faut.<\/span><\/p>\n<p><span style=\"font-family: arial,helvetica,sans-serif; font-size: small;\"> Les secteurs impact\u00e9s sur Vaur\u00e9al cette nuit sont:<\/span><\/p>\n<p><span style=\"font-family: arial,helvetica,sans-serif; font-size: small;\"><img loading=\"lazy\" decoding=\"async\" src=\"https:\/\/www.cylumine.fr\/img\/puce1.png\" alt=\"\" width=\"13\" height=\"11\" border=\"0\" \/> Avenue Jacques Brel (Vaur\u00e9al)<\/span><br \/><span style=\"font-family: arial,helvetica,sans-serif; font-size: small;\"><img loading=\"lazy\" decoding=\"async\" src=\"https:\/\/www.cylumine.fr\/img\/puce1.png\" alt=\"\" width=\"13\" height=\"11\" border=\"0\" \/> Avenue Simone Signoret (Vaur\u00e9al)<\/span><\/p>\n<p><span style=\"font-family: arial,helvetica,sans-serif; font-size: small;\">Environ 27 Points Lumineux concern\u00e9s.<\/span><br \/><span style=\"font-family: arial,helvetica,sans-serif; font-size: small;\"><strong><br \/> 2<\/strong>&#8211; Nous rencontrons toujours une difficult\u00e9 sur le <strong>d\u00e9part 3 du poste HT Eralum \u00e0 Eragny<\/strong>. Le d\u00e9faut a \u00e9t\u00e9 de nouveau isol\u00e9 au maximum ce jour soit \u00e0 25 Points Lumineux impact\u00e9s ce soir. Une investigation compl\u00e9mentaire sera men\u00e9e pour \u00e9liminer le ou les d\u00e9fauts restants.<\/span><\/p>\n<p><span style=\"font-family: arial,helvetica,sans-serif; font-size: small;\">Les secteurs impact\u00e9s sur Eragny cette nuit sont: <\/span><\/p>\n<p><span style=\"font-family: arial,helvetica,sans-serif; font-size: small;\"><img loading=\"lazy\" decoding=\"async\" src=\"https:\/\/www.cylumine.fr\/img\/puce1.png\" alt=\"\" width=\"13\" height=\"11\" border=\"0\" \/> Avenue du Gros Ch\u00eane<\/span><br \/><span style=\"font-family: arial,helvetica,sans-serif; font-size: small;\"><img loading=\"lazy\" decoding=\"async\" src=\"https:\/\/www.cylumine.fr\/img\/puce1.png\" alt=\"\" width=\"13\" height=\"11\" border=\"0\" \/> Avenue du Gros Murger <\/span><\/p>\n<p><span style=\"font-family: arial,helvetica,sans-serif; font-size: small;\"><strong>Environ 25 Points Lumineux concern\u00e9s.<\/strong><\/span><\/p>\n<p><span style=\"font-family: arial,helvetica,sans-serif; font-size: small;\"><strong>3<\/strong>&#8211; Le <strong>d\u00e9part 4 du poste HT Eralum \u00e0 Eragny <\/strong>a \u00e9t\u00e9 consign\u00e9. Pour rappel, un c\u00e2ble d\u00e9t\u00e9rior\u00e9 en pleine de terre est \u00e0 l\u2019origine de la panne. Dans l\u2019attente des retours concessionnaires DICT demand\u00e9s depuis le 14\/11\/2014, une intervention a \u00e9t\u00e9 programm\u00e9 pour le Lundi 24 Novembre prochain.<\/span><\/p>\n<p><span style=\"font-family: arial,helvetica,sans-serif; font-size: small;\">Les secteurs impact\u00e9s cette nuit sont:<\/span><\/p>\n<p><span style=\"font-family: arial,helvetica,sans-serif; font-size: small;\"><img loading=\"lazy\" decoding=\"async\" src=\"https:\/\/www.cylumine.fr\/img\/puce1.png\" alt=\"\" width=\"13\" height=\"11\" border=\"0\" \/> Rue des Fr\u00eanes<\/span><br \/><span style=\"font-family: arial,helvetica,sans-serif; font-size: small;\"><img loading=\"lazy\" decoding=\"async\" src=\"https:\/\/www.cylumine.fr\/img\/puce1.png\" alt=\"\" width=\"13\" height=\"11\" border=\"0\" \/> Rue du Bas Noyer<\/span><br \/><span style=\"font-family: arial,helvetica,sans-serif; font-size: small;\"><img loading=\"lazy\" decoding=\"async\" src=\"https:\/\/www.cylumine.fr\/img\/puce1.png\" alt=\"\" width=\"13\" height=\"11\" border=\"0\" \/> Rue Leo Lagrange<\/span><br \/><span style=\"font-family: arial,helvetica,sans-serif; font-size: small;\"><img loading=\"lazy\" decoding=\"async\" src=\"https:\/\/www.cylumine.fr\/img\/puce1.png\" alt=\"\" width=\"13\" height=\"11\" border=\"0\" \/> Une partie de l\u2019Avenue Roger Guichard<\/span><br \/><span style=\"font-family: arial,helvetica,sans-serif; font-size: small;\"><img loading=\"lazy\" decoding=\"async\" src=\"https:\/\/www.cylumine.fr\/img\/puce1.png\" alt=\"\" width=\"13\" height=\"11\" border=\"0\" \/> Une partie de l\u2019Avenue de Verdun<\/span><\/p>\n<p><span style=\"font-family: arial,helvetica,sans-serif; font-size: small;\"><strong>Environ 90 Points Lumineux concern\u00e9s.<\/strong><\/span><\/p>\n<p><span style=\"font-family: arial,helvetica,sans-serif; font-size: small;\">Tous les autres postes HT de l\u2019agglom\u00e9ration se sont correctement mis en service ce soir.<br \/><\/span><\/p>\n<hr id=\"archivesBarre\" width=\"100%\" size=\"1\" noshade=\"noshade\" \/><span style=\"font-family: Arial, 'Gill Sans', 'Gill Sans MT', 'Myriad Pro', 'DejaVu Sans Condensed', Helvetica, sans-serif; font-size: 14px; font-weight: bold; color: #ffffff; background-color: #cb1e44; background-size: contain; line-height: 20pt;\"><span style=\"font-family: Arial, 'Gill Sans', 'Gill Sans MT', 'Myriad Pro', 'DejaVu Sans Condensed', Helvetica, sans-serif; font-size: 14px; font-weight: bold; color: #ffffff; background-color: #cb1e44; background-size: contain; line-height: 20pt;\"><strong><span style=\"font-family: Arial, 'Gill Sans', 'Gill Sans MT', 'Myriad Pro', 'DejaVu Sans Condensed', Helvetica, sans-serif; font-size: 14px; font-weight: bold; color: #ffffff; background-color: #cb1e44; background-size: contain; line-height: 20pt;\">\u00a0FLASH INFOS MAINTENANCE &#8211; 22\/11\/2014 &#8211; 20h40 <br \/><\/span><\/strong><\/span><\/span><span style=\"font-family: arial,helvetica,sans-serif; font-size: small;\"><strong>A l\u2019allumage, des pannes sur le r\u00e9seau Haute Tension sont en cours.<\/strong><\/span><\/p>\n<p><span style=\"font-family: arial,helvetica,sans-serif; font-size: small;\">1- Nous rencontrons ce soir une difficult\u00e9 sur le <strong>d\u00e9part 3 du poste HT Hautilum \u00e0 Jouy-Le-Moutier<\/strong>. Malgr\u00e9 l\u2019intervention de notre agent d\u2019astreinte sur place et le changement du fusible HT, ce dernier ne repart pas. Le d\u00e9part concern\u00e9 a \u00e9t\u00e9 consign\u00e9 dans l\u2019attente d\u2019une investigation compl\u00e9mentaire qui sera men\u00e9e demain par une \u00e9quipe de technicien.<\/span><\/p>\n<p><span style=\"font-family: arial,helvetica,sans-serif; font-size: small;\">Les secteurs impact\u00e9s sur Jouy-Le-Moutier et Vaur\u00e9al cette nuit sont:<\/span><\/p>\n<p><span style=\"font-family: arial,helvetica,sans-serif; font-size: small;\"><img loading=\"lazy\" decoding=\"async\" src=\"https:\/\/www.cylumine.fr\/img\/puce1.png\" alt=\"\" width=\"13\" height=\"11\" border=\"0\" \/> Rue des Tremblay (Jouy le Moutier)<\/span><br \/><span style=\"font-family: arial,helvetica,sans-serif; font-size: small;\"><img loading=\"lazy\" decoding=\"async\" src=\"https:\/\/www.cylumine.fr\/img\/puce1.png\" alt=\"\" width=\"13\" height=\"11\" border=\"0\" \/> All\u00e9e de sources (Jouy le Moutier) <\/span><br \/><span style=\"font-family: arial,helvetica,sans-serif; font-size: small;\"><img loading=\"lazy\" decoding=\"async\" src=\"https:\/\/www.cylumine.fr\/img\/puce1.png\" alt=\"\" width=\"13\" height=\"11\" border=\"0\" \/> Une partie du boulevard de l\u2019Oise (entre Vallanchards et Tremblay) (Jouy le Moutier)<\/span><br \/><span style=\"font-family: arial,helvetica,sans-serif; font-size: small;\"><img loading=\"lazy\" decoding=\"async\" src=\"https:\/\/www.cylumine.fr\/img\/puce1.png\" alt=\"\" width=\"13\" height=\"11\" border=\"0\" \/> Rue de la Vall\u00e9e (Jouy le Moutier)<\/span><br \/><span style=\"font-family: arial,helvetica,sans-serif; font-size: small;\"><img loading=\"lazy\" decoding=\"async\" src=\"https:\/\/www.cylumine.fr\/img\/puce1.png\" alt=\"\" width=\"13\" height=\"11\" border=\"0\" \/> All\u00e9e des Ch\u00e8vrefeuilles (Jouy le Moutier)<\/span><br \/><span style=\"font-family: arial,helvetica,sans-serif; font-size: small;\"><img loading=\"lazy\" decoding=\"async\" src=\"https:\/\/www.cylumine.fr\/img\/puce1.png\" alt=\"\" width=\"13\" height=\"11\" border=\"0\" \/> La rue des valanchards (Vaur\u00e9al)<\/span><br \/><span style=\"font-family: arial,helvetica,sans-serif; font-size: small;\"><img loading=\"lazy\" decoding=\"async\" src=\"https:\/\/www.cylumine.fr\/img\/puce1.png\" alt=\"\" width=\"13\" height=\"11\" border=\"0\" \/> Chemin des Hauts Toupets (Vaur\u00e9al)<\/span><br \/><span style=\"font-family: arial,helvetica,sans-serif; font-size: small;\"><img loading=\"lazy\" decoding=\"async\" src=\"https:\/\/www.cylumine.fr\/img\/puce1.png\" alt=\"\" width=\"13\" height=\"11\" border=\"0\" \/> Rue Louise Michel (Vaur\u00e9al)<\/span><br \/><span style=\"font-family: arial,helvetica,sans-serif; font-size: small;\"><img loading=\"lazy\" decoding=\"async\" src=\"https:\/\/www.cylumine.fr\/img\/puce1.png\" alt=\"\" width=\"13\" height=\"11\" border=\"0\" \/> Mail de l\u2019\u00e9tincelle (Vaur\u00e9al)<\/span><br \/><span style=\"font-family: arial,helvetica,sans-serif; font-size: small;\"><img loading=\"lazy\" decoding=\"async\" src=\"https:\/\/www.cylumine.fr\/img\/puce1.png\" alt=\"\" width=\"13\" height=\"11\" border=\"0\" \/> Rue Michel Colucci (Vaur\u00e9al)<\/span><br \/><span style=\"font-family: arial,helvetica,sans-serif; font-size: small;\"><img loading=\"lazy\" decoding=\"async\" src=\"https:\/\/www.cylumine.fr\/img\/puce1.png\" alt=\"\" width=\"13\" height=\"11\" border=\"0\" \/> Avenue Jacques Brel (Vaur\u00e9al)<\/span><br \/><span style=\"font-family: arial,helvetica,sans-serif; font-size: small;\"><img loading=\"lazy\" decoding=\"async\" src=\"https:\/\/www.cylumine.fr\/img\/puce1.png\" alt=\"\" width=\"13\" height=\"11\" border=\"0\" \/> Avenue Simone Simonet (Vaur\u00e9al)<\/span><br \/><span style=\"font-family: arial,helvetica,sans-serif; font-size: small;\"><img loading=\"lazy\" decoding=\"async\" src=\"https:\/\/www.cylumine.fr\/img\/puce1.png\" alt=\"\" width=\"13\" height=\"11\" border=\"0\" \/> Rue des Grillons (Vaur\u00e9al)<\/span><br \/><span style=\"font-family: arial,helvetica,sans-serif; font-size: small;\"><img loading=\"lazy\" decoding=\"async\" src=\"https:\/\/www.cylumine.fr\/img\/puce1.png\" alt=\"\" width=\"13\" height=\"11\" border=\"0\" \/> Rue des Longues Terres (Vaur\u00e9al)<\/span><br \/><span style=\"font-family: arial,helvetica,sans-serif; font-size: small;\"><img loading=\"lazy\" decoding=\"async\" src=\"https:\/\/www.cylumine.fr\/img\/puce1.png\" alt=\"\" width=\"13\" height=\"11\" border=\"0\" \/> Mail Georges Brassens (Vaur\u00e9al)<\/span><br \/><span style=\"font-family: arial,helvetica,sans-serif; font-size: small;\"><img loading=\"lazy\" decoding=\"async\" src=\"https:\/\/www.cylumine.fr\/img\/puce1.png\" alt=\"\" width=\"13\" height=\"11\" border=\"0\" \/> Chemin de la Siaule (Vaur\u00e9al)<\/span><br \/><span style=\"font-family: arial,helvetica,sans-serif; font-size: small;\"><img loading=\"lazy\" decoding=\"async\" src=\"https:\/\/www.cylumine.fr\/img\/puce1.png\" alt=\"\" width=\"13\" height=\"11\" border=\"0\" \/> Chemin des \u00a8Plantes des Champs (Vaur\u00e9al)<\/span><\/p>\n<p><span style=\"font-family: arial,helvetica,sans-serif; font-size: small;\">Environ 360 Points Lumineux concern\u00e9s.<\/span><br \/><span style=\"font-family: arial,helvetica,sans-serif; font-size: small;\"><strong><br \/><\/strong><strong>3<\/strong>&#8211; Nous rencontrons toujours une difficult\u00e9 sur le <strong>d\u00e9part 3 du poste HT Eralum \u00e0 Eragny<\/strong>. Le d\u00e9faut a \u00e9t\u00e9 de nouveau isol\u00e9 au maximum ce jour soit \u00e0 25 Points Lumineux impact\u00e9s ce soir. Une investigation compl\u00e9mentaire sera men\u00e9e pour \u00e9liminer le ou les d\u00e9fauts restants.<\/span><\/p>\n<p><span style=\"font-family: arial,helvetica,sans-serif; font-size: small;\">Les secteurs impact\u00e9s sur Eragny cette nuit sont:<\/span><\/p>\n<p><span style=\"font-family: arial,helvetica,sans-serif; font-size: small;\"><img loading=\"lazy\" decoding=\"async\" src=\"https:\/\/www.cylumine.fr\/img\/puce1.png\" alt=\"\" width=\"13\" height=\"11\" border=\"0\" \/> Avenue du Gros Ch\u00eane<\/span><br \/><span style=\"font-family: arial,helvetica,sans-serif; font-size: small;\"><img loading=\"lazy\" decoding=\"async\" src=\"https:\/\/www.cylumine.fr\/img\/puce1.png\" alt=\"\" width=\"13\" height=\"11\" border=\"0\" \/> Avenue du Gros Murger<\/span><\/p>\n<p><span style=\"font-family: arial,helvetica,sans-serif; font-size: small;\">Environ 25 Points Lumineux concern\u00e9s.<strong><br \/><\/strong><\/span><br \/><span style=\"font-family: arial,helvetica,sans-serif; font-size: small;\"><strong>4<\/strong>&#8211; Le <strong>d\u00e9part 4 du poste HT Eralum \u00e0 Eragny <\/strong>a \u00e9t\u00e9 consign\u00e9. Pour rappel, un c\u00e2ble d\u00e9t\u00e9rior\u00e9 en pleine de terre est \u00e0 l\u2019origine de la panne. Dans l\u2019attente des retours concessionnaires DICT demand\u00e9s depuis le 14\/11\/2014, une intervention a \u00e9t\u00e9 programm\u00e9 pour le Lundi 24 Novembre prochain.<\/span><\/p>\n<p><span style=\"font-family: arial,helvetica,sans-serif; font-size: small;\">Les secteurs impact\u00e9s cette nuit sont:<\/span><\/p>\n<p><span style=\"font-family: arial,helvetica,sans-serif; font-size: small;\"><img loading=\"lazy\" decoding=\"async\" src=\"https:\/\/www.cylumine.fr\/img\/puce1.png\" alt=\"\" width=\"13\" height=\"11\" border=\"0\" \/> Rue des Fr\u00eanes<\/span><br \/><span style=\"font-family: arial,helvetica,sans-serif; font-size: small;\"><img loading=\"lazy\" decoding=\"async\" src=\"https:\/\/www.cylumine.fr\/img\/puce1.png\" alt=\"\" width=\"13\" height=\"11\" border=\"0\" \/> Rue du Bas Noyer<\/span><br \/><span style=\"font-family: arial,helvetica,sans-serif; font-size: small;\"><img loading=\"lazy\" decoding=\"async\" src=\"https:\/\/www.cylumine.fr\/img\/puce1.png\" alt=\"\" width=\"13\" height=\"11\" border=\"0\" \/> Rue Leo Lagrange<\/span><br \/><span style=\"font-family: arial,helvetica,sans-serif; font-size: small;\"><img loading=\"lazy\" decoding=\"async\" src=\"https:\/\/www.cylumine.fr\/img\/puce1.png\" alt=\"\" width=\"13\" height=\"11\" border=\"0\" \/> Une partie de l\u2019Avenue Roger Guichard<\/span><br \/><span style=\"font-family: arial,helvetica,sans-serif; font-size: small;\"><img loading=\"lazy\" decoding=\"async\" src=\"https:\/\/www.cylumine.fr\/img\/puce1.png\" alt=\"\" width=\"13\" height=\"11\" border=\"0\" \/> Une partie de l\u2019Avenue de Verdun<\/span><\/p>\n<p><span style=\"font-family: arial,helvetica,sans-serif; font-size: small;\">Environ 90 Points Lumineux concern\u00e9s.<\/span><\/p>\n<p><span style=\"font-family: arial,helvetica,sans-serif; font-size: small;\">Tous les autres postes HT de l\u2019agglom\u00e9ration se sont correctement mis en service ce soir.<\/span><\/p>\n<table style=\"width: 100%; color: #000000;\" border=\"0\" cellspacing=\"0\" cellpadding=\"0\">\n<tbody>\n<tr>\n<td valign=\"top\" height=\"198\">\n<hr id=\"archivesBarre\" width=\"100%\" size=\"1\" noshade=\"noshade\" \/>\n<p><strong><span style=\"font-family: Arial, 'Gill Sans', 'Gill Sans MT', 'Myriad Pro', 'DejaVu Sans Condensed', Helvetica, sans-serif; font-size: 14px; font-weight: bold; color: #ffffff; background-color: #cb1e44; background-size: contain; line-height: 20pt;\"><span style=\"font-family: Arial, 'Gill Sans', 'Gill Sans MT', 'Myriad Pro', 'DejaVu Sans Condensed', Helvetica, sans-serif; font-size: 14px; font-weight: bold; color: #ffffff; background-color: #cb1e44; background-size: contain; line-height: 20pt;\"><strong><span style=\"font-family: Arial, 'Gill Sans', 'Gill Sans MT', 'Myriad Pro', 'DejaVu Sans Condensed', Helvetica, sans-serif; font-size: 14px; font-weight: bold; color: #ffffff; background-color: #cb1e44; background-size: contain; line-height: 20pt;\">\u00a0FLASH INFOS MAINTENANCE &#8211; 20\/11\/2014- 19h04 <\/span><\/strong><\/span><\/span><br \/>A l\u2019allumage, des pannes sur le r\u00e9seau Haute Tension sont toujours en cours.<\/strong><\/p>\n<p><span style=\"font-family: arial,helvetica,sans-serif; font-size: small;\"><br \/>1-Nous rencontrons ce soir une difficult\u00e9 sur le <strong>d\u00e9part 6 du poste HT Hautilum \u00e0 Jouy-Le-Moutier<\/strong>. La recherche de d\u00e9faut de ce jour a permis de cibler le probl\u00e8me provenant de la carte \u00e9lectronique REP de la cellule HT concern\u00e9e. Le d\u00e9part a \u00e9t\u00e9 consign\u00e9 pour une dur\u00e9e ind\u00e9termin\u00e9e. Afin de palier \u00e0 cette panne majeure, un rebouclage du d\u00e9part 6 sur le d\u00e9part 5 Hautilum a \u00e9t\u00e9 effectu\u00e9 ce jour sur une grande partie du r\u00e9seau. Les secteurs impact\u00e9s cette nuit sur Jouy-Le-Moutier et qui reste \u00e0 reboucler demain sont:<\/span><\/p>\n<p><span style=\"font-family: arial,helvetica,sans-serif; font-size: small;\"><img loading=\"lazy\" decoding=\"async\" src=\"https:\/\/www.cylumine.fr\/img\/puce1.png\" alt=\"\" width=\"13\" height=\"11\" border=\"0\" \/> Avenue des Saules Br\u00fbl\u00e9s<\/span><br \/><span style=\"font-family: arial,helvetica,sans-serif; font-size: small;\"><img loading=\"lazy\" decoding=\"async\" src=\"https:\/\/www.cylumine.fr\/img\/puce1.png\" alt=\"\" width=\"13\" height=\"11\" border=\"0\" \/> Rond-Point de la Crois Saint-Jacques<\/span><br \/><span style=\"font-family: arial,helvetica,sans-serif; font-size: small;\"><img loading=\"lazy\" decoding=\"async\" src=\"https:\/\/www.cylumine.fr\/img\/puce1.png\" alt=\"\" width=\"13\" height=\"11\" border=\"0\" \/> Une partie Boulevard d\u2019Ecancourt<\/span><br \/><span style=\"font-family: arial,helvetica,sans-serif; font-size: small;\"><img loading=\"lazy\" decoding=\"async\" src=\"https:\/\/www.cylumine.fr\/img\/puce1.png\" alt=\"\" width=\"13\" height=\"11\" border=\"0\" \/> Rue des Vignes Blanches<\/span><br \/><span style=\"font-family: arial,helvetica,sans-serif; font-size: small;\"><img loading=\"lazy\" decoding=\"async\" src=\"https:\/\/www.cylumine.fr\/img\/puce1.png\" alt=\"\" width=\"13\" height=\"11\" border=\"0\" \/> Rue de la Bosse<\/span><br \/><span style=\"font-family: arial,helvetica,sans-serif; font-size: small;\"><img loading=\"lazy\" decoding=\"async\" src=\"https:\/\/www.cylumine.fr\/img\/puce1.png\" alt=\"\" width=\"13\" height=\"11\" border=\"0\" \/> Rue de l\u2019Ecole<\/span><br \/><span style=\"font-family: arial,helvetica,sans-serif; font-size: small;\"><img loading=\"lazy\" decoding=\"async\" src=\"https:\/\/www.cylumine.fr\/img\/puce1.png\" alt=\"\" width=\"13\" height=\"11\" border=\"0\" \/> Rue des Gloriettes<\/span><\/p>\n<p><span style=\"font-family: arial,helvetica,sans-serif; font-size: small;\">Environ 110 Points Lumineux concern\u00e9s.<\/span><br \/><span style=\"font-family: arial,helvetica,sans-serif; font-size: small;\"><strong><br \/><\/strong>2- Nous rencontrons toujours une difficult\u00e9 sur le <strong>d\u00e9part 3 du poste HT Eralum \u00e0 Eragny<\/strong>. Le d\u00e9faut a \u00e9t\u00e9 isol\u00e9 au maximum ce jour \u00e0 75 Points Lumineux impact\u00e9s ce soir. Une investigation compl\u00e9mentaire sera men\u00e9e demain pour \u00e9liminer le ou les d\u00e9fauts.<\/span><\/p>\n<p><span style=\"font-family: arial,helvetica,sans-serif; font-size: small;\">Les secteurs impact\u00e9s sur Eragny cette nuit sont:<\/span><\/p>\n<p><span style=\"font-family: arial,helvetica,sans-serif; font-size: small;\"><img loading=\"lazy\" decoding=\"async\" src=\"https:\/\/www.cylumine.fr\/img\/puce1.png\" alt=\"\" width=\"13\" height=\"11\" border=\"0\" \/> Avenue du Gros Ch\u00eane<\/span><br \/><span style=\"font-family: arial,helvetica,sans-serif; font-size: small;\"><img loading=\"lazy\" decoding=\"async\" src=\"https:\/\/www.cylumine.fr\/img\/puce1.png\" alt=\"\" width=\"13\" height=\"11\" border=\"0\" \/> Avenue de la Patelle<\/span><br \/><span style=\"font-family: arial,helvetica,sans-serif; font-size: small;\"><img loading=\"lazy\" decoding=\"async\" src=\"https:\/\/www.cylumine.fr\/img\/puce1.png\" alt=\"\" width=\"13\" height=\"11\" border=\"0\" \/> Avenue du Gros Murger<\/span><br \/><span style=\"font-family: arial,helvetica,sans-serif; font-size: small;\"><img loading=\"lazy\" decoding=\"async\" src=\"https:\/\/www.cylumine.fr\/img\/puce1.png\" alt=\"\" width=\"13\" height=\"11\" border=\"0\" \/> Voie de l\u2019Olivier<\/span><\/p>\n<p><span style=\"font-family: arial,helvetica,sans-serif; font-size: small;\">Environ 75 Points Lumineux concern\u00e9s.<\/span><\/p>\n<p><span style=\"font-family: arial,helvetica,sans-serif; font-size: small;\">3- Le <strong>d\u00e9part 4 du poste HT Eralum \u00e0 Eragny <\/strong>a \u00e9t\u00e9 consign\u00e9. Pour rappel, un c\u00e2ble d\u00e9t\u00e9rior\u00e9 en pleine de terre est \u00e0 l\u2019origine de la panne. Dans l\u2019attente des retours concessionnaires DICT demand\u00e9s depuis le 14\/11\/2014, une intervention a \u00e9t\u00e9 programm\u00e9 pour le Lundi 24 Novembre prochain.<\/span><\/p>\n<p><span style=\"font-family: arial,helvetica,sans-serif; font-size: small;\">Les secteurs impact\u00e9s cette nuit sont:<\/span><\/p>\n<p><span style=\"font-family: arial,helvetica,sans-serif; font-size: small;\"><img loading=\"lazy\" decoding=\"async\" src=\"https:\/\/www.cylumine.fr\/img\/puce1.png\" alt=\"\" width=\"13\" height=\"11\" border=\"0\" \/> Rue des Fr\u00eanes<\/span><br \/><span style=\"font-family: arial,helvetica,sans-serif; font-size: small;\"><img loading=\"lazy\" decoding=\"async\" src=\"https:\/\/www.cylumine.fr\/img\/puce1.png\" alt=\"\" width=\"13\" height=\"11\" border=\"0\" \/> Rue du Bas Noyer<\/span><br \/><span style=\"font-family: arial,helvetica,sans-serif; font-size: small;\"><img loading=\"lazy\" decoding=\"async\" src=\"https:\/\/www.cylumine.fr\/img\/puce1.png\" alt=\"\" width=\"13\" height=\"11\" border=\"0\" \/> Rue Leo Lagrange<\/span><br \/><span style=\"font-family: arial,helvetica,sans-serif; font-size: small;\"><img loading=\"lazy\" decoding=\"async\" src=\"https:\/\/www.cylumine.fr\/img\/puce1.png\" alt=\"\" width=\"13\" height=\"11\" border=\"0\" \/> Une partie de l\u2019Avenue Roger Guichard<\/span><br \/><span style=\"font-family: arial,helvetica,sans-serif; font-size: small;\"><img loading=\"lazy\" decoding=\"async\" src=\"https:\/\/www.cylumine.fr\/img\/puce1.png\" alt=\"\" width=\"13\" height=\"11\" border=\"0\" \/> Une partie de l\u2019Avenue de Verdun<\/span><\/p>\n<p><span style=\"font-family: arial,helvetica,sans-serif; font-size: small;\">Environ 90 Points Lumineux concern\u00e9s.<\/span><\/p>\n<p><span style=\"font-family: arial,helvetica,sans-serif; font-size: small;\">4- Nous rencontrons toujours une difficult\u00e9 sur le <strong>d\u00e9part 2 du poste HT Lamparo \u00e0 Saint-Ouen-l\u2019Aum\u00f4ne<\/strong>. Le remplacement du transformateur SOA-0049 a \u00e9t\u00e9 effectu\u00e9 ce jour, malgr\u00e9 cette mise en \u0153uvre d\u2019autres d\u00e9fauts subsistent.<\/span><br \/><span style=\"font-family: arial,helvetica,sans-serif; font-size: small;\">Un camion laboratoire a \u00e9t\u00e9 re-sollicit\u00e9 demain pour de plus amples investigations dans la continuit\u00e9 de notre recherche de d\u00e9faut.<\/span><\/p>\n<p><span style=\"font-family: arial,helvetica,sans-serif; font-size: small;\">Les secteurs impact\u00e9s cette nuit sont:<\/span><\/p>\n<p><span style=\"font-family: arial,helvetica,sans-serif; font-size: small;\"><img loading=\"lazy\" decoding=\"async\" src=\"https:\/\/www.cylumine.fr\/img\/puce1.png\" alt=\"\" width=\"13\" height=\"11\" border=\"0\" \/> Avenue de la Mare<\/span><br \/><span style=\"font-family: arial,helvetica,sans-serif; font-size: small;\"><img loading=\"lazy\" decoding=\"async\" src=\"https:\/\/www.cylumine.fr\/img\/puce1.png\" alt=\"\" width=\"13\" height=\"11\" border=\"0\" \/> Avenue du Fief<\/span><br \/><span style=\"font-family: arial,helvetica,sans-serif; font-size: small;\"><img loading=\"lazy\" decoding=\"async\" src=\"https:\/\/www.cylumine.fr\/img\/puce1.png\" alt=\"\" width=\"13\" height=\"11\" border=\"0\" \/> Avenue des B\u00e9thunes<\/span><br \/><span style=\"font-family: arial,helvetica,sans-serif; font-size: small;\"><img loading=\"lazy\" decoding=\"async\" src=\"https:\/\/www.cylumine.fr\/img\/puce1.png\" alt=\"\" width=\"13\" height=\"11\" border=\"0\" \/> Rue Marcel Dassault<\/span><br \/><span style=\"font-family: arial,helvetica,sans-serif; font-size: small;\"><img loading=\"lazy\" decoding=\"async\" src=\"https:\/\/www.cylumine.fr\/img\/puce1.png\" alt=\"\" width=\"13\" height=\"11\" border=\"0\" \/> Rue de l\u2019Equerre<\/span><br \/><span style=\"font-family: arial,helvetica,sans-serif; font-size: small;\"><img loading=\"lazy\" decoding=\"async\" src=\"https:\/\/www.cylumine.fr\/img\/puce1.png\" alt=\"\" width=\"13\" height=\"11\" border=\"0\" \/> Rue du Bois du Pont<\/span><br \/><span style=\"font-family: arial,helvetica,sans-serif; font-size: small;\"><img loading=\"lazy\" decoding=\"async\" src=\"https:\/\/www.cylumine.fr\/img\/puce1.png\" alt=\"\" width=\"13\" height=\"11\" border=\"0\" \/> Rue du Rapporteur<\/span><br \/><span style=\"font-family: arial,helvetica,sans-serif; font-size: small;\"><img loading=\"lazy\" decoding=\"async\" src=\"https:\/\/www.cylumine.fr\/img\/puce1.png\" alt=\"\" width=\"13\" height=\"11\" border=\"0\" \/> Rue du Compas<\/span><br \/><span style=\"font-family: arial,helvetica,sans-serif; font-size: small;\"><img loading=\"lazy\" decoding=\"async\" src=\"https:\/\/www.cylumine.fr\/img\/puce1.png\" alt=\"\" width=\"13\" height=\"11\" border=\"0\" \/> Rue du Palmer<\/span><\/p>\n<p><span style=\"font-family: arial,helvetica,sans-serif; font-size: small;\">Environ 150 Points Lumineux concern\u00e9s.<\/span><\/p>\n<p><span style=\"font-family: arial,helvetica,sans-serif; font-size: small;\">Tous les autres postes HT de l\u2019agglom\u00e9ration se sont correctement mis en service ce soir.<\/p>\n<p><\/span><\/p>\n<\/td>\n<\/tr>\n<\/tbody>\n<\/table>\n<table style=\"width: 100%; color: #000000;\" border=\"0\" cellspacing=\"0\" cellpadding=\"0\">\n<tbody>\n<tr>\n<td valign=\"top\" height=\"198\">\n<hr id=\"archivesBarre\" width=\"100%\" size=\"1\" noshade=\"noshade\" \/><span style=\"font-family: Arial, 'Gill Sans', 'Gill Sans MT', 'Myriad Pro', 'DejaVu Sans Condensed', Helvetica, sans-serif; font-size: 14px; font-weight: bold; color: #ffffff; background-color: #cb1e44; background-size: contain; line-height: 20pt;\">\u00a0FLASH INFOS MAINTENANCE &#8211; 19\/11\/2014 &#8211; 20h54 <br \/><\/span><span style=\"font-family: arial,helvetica,sans-serif; font-size: small;\"><strong>A l\u2019allumage, des pannes sur le r\u00e9seau Haute Tension sont en cours.<\/p>\n<p><\/strong><\/span><span style=\"font-family: arial, helvetica, sans-serif; font-size: small;\">1- Nous rencontrons ce soir une difficult\u00e9 sur le <\/span><strong style=\"font-family: arial, helvetica, sans-serif;\">d\u00e9part 6 du poste HT Hautilum \u00e0 Jouy-Le-Moutier<\/strong><span style=\"font-family: arial, helvetica, sans-serif; font-size: small;\">. Le d\u00e9part concern\u00e9 pr\u00e9sente un d\u00e9faut majeur, il a \u00e9t\u00e9 consign\u00e9. Un camion laboratoire a \u00e9t\u00e9 sollicit\u00e9 pour nous appuyer dans cette recherche de d\u00e9faut.<\/span><\/p>\n<p><span style=\"font-family: arial,helvetica,sans-serif; font-size: small;\">Les secteurs impact\u00e9s cette nuit sur Jouy-Le-Moutier sont:<\/span><\/p>\n<p><span style=\"font-family: arial,helvetica,sans-serif; font-size: small;\"><img loading=\"lazy\" decoding=\"async\" src=\"https:\/\/www.cylumine.fr\/img\/puce1.png\" alt=\"\" width=\"13\" height=\"11\" border=\"0\" \/> Une partie de l\u2019Avenue des Bruzacques<\/span><br \/><span style=\"font-family: arial,helvetica,sans-serif; font-size: small;\"><img loading=\"lazy\" decoding=\"async\" src=\"https:\/\/www.cylumine.fr\/img\/puce1.png\" alt=\"\" width=\"13\" height=\"11\" border=\"0\" \/> Rue d\u2019Ecancourt<\/span><br \/><span style=\"font-family: arial,helvetica,sans-serif; font-size: small;\"><img loading=\"lazy\" decoding=\"async\" src=\"https:\/\/www.cylumine.fr\/img\/puce1.png\" alt=\"\" width=\"13\" height=\"11\" border=\"0\" \/> Rue des Marleines<\/span><br \/><span style=\"font-family: arial,helvetica,sans-serif; font-size: small;\"><img loading=\"lazy\" decoding=\"async\" src=\"https:\/\/www.cylumine.fr\/img\/puce1.png\" alt=\"\" width=\"13\" height=\"11\" border=\"0\" \/> All\u00e9e des Trompettes<\/span><br \/><span style=\"font-family: arial,helvetica,sans-serif; font-size: small;\"><img loading=\"lazy\" decoding=\"async\" src=\"https:\/\/www.cylumine.fr\/img\/puce1.png\" alt=\"\" width=\"13\" height=\"11\" border=\"0\" \/> All\u00e9e des Belles Vues<\/span><br \/><span style=\"font-family: arial,helvetica,sans-serif; font-size: small;\"><img loading=\"lazy\" decoding=\"async\" src=\"https:\/\/www.cylumine.fr\/img\/puce1.png\" alt=\"\" width=\"13\" height=\"11\" border=\"0\" \/> Square des Retentis<\/span><br \/><span style=\"font-family: arial,helvetica,sans-serif; font-size: small;\"><img loading=\"lazy\" decoding=\"async\" src=\"https:\/\/www.cylumine.fr\/img\/puce1.png\" alt=\"\" width=\"13\" height=\"11\" border=\"0\" \/> Rue des Hubles<\/span><br \/><span style=\"font-family: arial,helvetica,sans-serif; font-size: small;\"><img loading=\"lazy\" decoding=\"async\" src=\"https:\/\/www.cylumine.fr\/img\/puce1.png\" alt=\"\" width=\"13\" height=\"11\" border=\"0\" \/> Rue des Croix Saint-Marc<\/span><br \/><span style=\"font-family: arial,helvetica,sans-serif; font-size: small;\"><img loading=\"lazy\" decoding=\"async\" src=\"https:\/\/www.cylumine.fr\/img\/puce1.png\" alt=\"\" width=\"13\" height=\"11\" border=\"0\" \/> Rue de la Clairi\u00e8re<\/span><\/p>\n<p><span style=\"font-family: arial,helvetica,sans-serif; font-size: small;\">Environ 110 Points Lumineux concern\u00e9s.<\/span><\/p>\n<p><span style=\"font-family: arial,helvetica,sans-serif; font-size: small;\"><br \/>2-Nous rencontrons toujours une difficult\u00e9 sur le <strong>d\u00e9part 3 du poste HT Eralum \u00e0 Eragny<\/strong>. Le d\u00e9part concern\u00e9 a \u00e9t\u00e9 consign\u00e9 dans l\u2019attente d\u2019une investigation compl\u00e9mentaire.<\/span><span style=\"font-family: arial,helvetica,sans-serif; font-size: small;\">Les secteurs impact\u00e9s cette nuit sont:<\/span><\/p>\n<p><span style=\"font-family: arial,helvetica,sans-serif; font-size: small;\"><br \/><img loading=\"lazy\" decoding=\"async\" src=\"https:\/\/www.cylumine.fr\/img\/puce1.png\" alt=\"\" width=\"13\" height=\"11\" border=\"0\" \/> Avenue du Gros Ch\u00eane<br \/><\/span><span style=\"font-family: arial,helvetica,sans-serif; font-size: small;\"><img loading=\"lazy\" decoding=\"async\" src=\"https:\/\/www.cylumine.fr\/img\/puce1.png\" alt=\"\" width=\"13\" height=\"11\" border=\"0\" \/> Avenue des Bellevues <\/span><br \/><span style=\"font-family: arial,helvetica,sans-serif; font-size: small;\"><img loading=\"lazy\" decoding=\"async\" src=\"https:\/\/www.cylumine.fr\/img\/puce1.png\" alt=\"\" width=\"13\" height=\"11\" border=\"0\" \/> Avenue de la Palette<br \/><\/span><span style=\"font-family: arial,helvetica,sans-serif; font-size: small;\"><img loading=\"lazy\" decoding=\"async\" src=\"https:\/\/www.cylumine.fr\/img\/puce1.png\" alt=\"\" width=\"13\" height=\"11\" border=\"0\" \/> Avenue du Gros Murger<br \/><\/span><span style=\"font-family: arial,helvetica,sans-serif; font-size: small;\"><img loading=\"lazy\" decoding=\"async\" src=\"https:\/\/www.cylumine.fr\/img\/puce1.png\" alt=\"\" width=\"13\" height=\"11\" border=\"0\" \/> Avenue Roger Salengro<br \/><\/span><span style=\"font-family: arial,helvetica,sans-serif; font-size: small;\"><img loading=\"lazy\" decoding=\"async\" src=\"https:\/\/www.cylumine.fr\/img\/puce1.png\" alt=\"\" width=\"13\" height=\"11\" border=\"0\" \/> Avenue Albert Camus<br \/><\/span><span style=\"font-family: arial,helvetica,sans-serif; font-size: small;\"><img loading=\"lazy\" decoding=\"async\" src=\"https:\/\/www.cylumine.fr\/img\/puce1.png\" alt=\"\" width=\"13\" height=\"11\" border=\"0\" \/> All\u00e9e du Stade<\/span><br \/><span style=\"font-family: arial,helvetica,sans-serif; font-size: small;\"><img loading=\"lazy\" decoding=\"async\" src=\"https:\/\/www.cylumine.fr\/img\/puce1.png\" alt=\"\" width=\"13\" height=\"11\" border=\"0\" \/> Voie de l\u2019Olivier<\/span><\/p>\n<p><span style=\"font-family: arial,helvetica,sans-serif; font-size: small;\"><br \/>Environ 130 Points Lumineux concern\u00e9s.<br \/><\/span><\/p>\n<p><span style=\"font-family: arial,helvetica,sans-serif; font-size: small;\"><br \/>Le <strong>d\u00e9part 4 du poste HT Eralum \u00e0 Eragny <\/strong>a \u00e9t\u00e9 consign\u00e9. Pour rappel, un c\u00e2ble d\u00e9t\u00e9rior\u00e9 en pleine de terre est \u00e0 l\u2019origine de la panne. Nos agents ont essay\u00e9 de proc\u00e9der \u00e0 la d\u00e9pose du c\u00e2ble en d\u00e9faut afin de le remplacer sans r\u00e9sultat car ce c\u00e2ble \u00e9tait coinc\u00e9 entre deux fourreaux ce qui n\u00e9cessite des travaux de G\u00e9nie Civil cons\u00e9quent sur environ 150 m\u00e8tres. Dans l\u2019attente des retours concessionnaires DICT demand\u00e9 depuis le 14\/11\/2014, une intervention a \u00e9t\u00e9 programm\u00e9 pour le Lundi 24 Novembre prochain. Cette mise en \u0153uvre n\u00e9cessitera environ 3 jours.<\/span><\/p>\n<p><span style=\"font-family: arial,helvetica,sans-serif; font-size: small;\">Les secteurs impact\u00e9s cette nuit sont:<\/span><\/p>\n<p><span style=\"font-family: arial,helvetica,sans-serif; font-size: small;\"><img loading=\"lazy\" decoding=\"async\" src=\"https:\/\/www.cylumine.fr\/img\/puce1.png\" alt=\"\" width=\"13\" height=\"11\" border=\"0\" \/> Rue des Fr\u00eanes<br \/><\/span><span style=\"font-family: arial,helvetica,sans-serif; font-size: small;\"><img loading=\"lazy\" decoding=\"async\" src=\"https:\/\/www.cylumine.fr\/img\/puce1.png\" alt=\"\" width=\"13\" height=\"11\" border=\"0\" \/> Rue du Bas Noyer<\/span><br \/><span style=\"font-family: arial,helvetica,sans-serif; font-size: small;\"><img loading=\"lazy\" decoding=\"async\" src=\"https:\/\/www.cylumine.fr\/img\/puce1.png\" alt=\"\" width=\"13\" height=\"11\" border=\"0\" \/> Rue Leo Lagrange<\/span><br \/><span style=\"font-family: arial,helvetica,sans-serif; font-size: small;\"><img loading=\"lazy\" decoding=\"async\" src=\"https:\/\/www.cylumine.fr\/img\/puce1.png\" alt=\"\" width=\"13\" height=\"11\" border=\"0\" \/> Une partie de l\u2019Avenue Roger Guichard<\/span><br \/><span style=\"font-family: arial,helvetica,sans-serif; font-size: small;\"><img loading=\"lazy\" decoding=\"async\" src=\"https:\/\/www.cylumine.fr\/img\/puce1.png\" alt=\"\" width=\"13\" height=\"11\" border=\"0\" \/> Une partie de l\u2019Avenue de Verdun<\/span><\/p>\n<p><span style=\"font-family: arial,helvetica,sans-serif; font-size: small;\">Environ 90 Points Lumineux concern\u00e9s.<\/span><\/p>\n<p><span style=\"font-family: arial,helvetica,sans-serif; font-size: small;\">2- Nous rencontrons toujours une difficult\u00e9 sur le <strong>d\u00e9part 2 du poste HT Lamparo \u00e0 Saint-Ouen-l\u2019Aum\u00f4ne<\/strong>. Suite \u00e0 la recherche de d\u00e9faut effectu\u00e9e ce jour, nous avons constat\u00e9 un transformateur HS (SOA-0049), nous proc\u00e9derons \u00e0 son remplacement d\u00e8s demain.<\/span><br \/><span style=\"font-family: arial,helvetica,sans-serif; font-size: small;\">Un camion laboratoire a \u00e9t\u00e9 re-sollicit\u00e9 demain dans cette recherche de d\u00e9faut pour de plus amples investigations.<\/span><\/p>\n<p><span style=\"font-family: arial,helvetica,sans-serif; font-size: small;\">Les secteurs impact\u00e9s cette nuit sont:<\/span><\/p>\n<p><span style=\"font-family: arial,helvetica,sans-serif; font-size: small;\"><img loading=\"lazy\" decoding=\"async\" src=\"https:\/\/www.cylumine.fr\/img\/puce1.png\" alt=\"\" width=\"13\" height=\"11\" border=\"0\" \/> Avenue de la Mare<\/span><br \/><span style=\"font-family: arial,helvetica,sans-serif; font-size: small;\"><img loading=\"lazy\" decoding=\"async\" src=\"https:\/\/www.cylumine.fr\/img\/puce1.png\" alt=\"\" width=\"13\" height=\"11\" border=\"0\" \/> Avenue du Fief<br \/><\/span><span style=\"font-family: arial,helvetica,sans-serif; font-size: small;\"><img loading=\"lazy\" decoding=\"async\" src=\"https:\/\/www.cylumine.fr\/img\/puce1.png\" alt=\"\" width=\"13\" height=\"11\" border=\"0\" \/> Avenue des B\u00e9thunes<br \/><\/span><span style=\"font-family: arial,helvetica,sans-serif; font-size: small;\"><img loading=\"lazy\" decoding=\"async\" src=\"https:\/\/www.cylumine.fr\/img\/puce1.png\" alt=\"\" width=\"13\" height=\"11\" border=\"0\" \/> Rue Marcel Dassault<br \/><\/span><span style=\"font-family: arial,helvetica,sans-serif; font-size: small;\"><img loading=\"lazy\" decoding=\"async\" src=\"https:\/\/www.cylumine.fr\/img\/puce1.png\" alt=\"\" width=\"13\" height=\"11\" border=\"0\" \/> Rue de l\u2019Equerre<br \/><\/span><span style=\"font-family: arial,helvetica,sans-serif; font-size: small;\"><img loading=\"lazy\" decoding=\"async\" src=\"https:\/\/www.cylumine.fr\/img\/puce1.png\" alt=\"\" width=\"13\" height=\"11\" border=\"0\" \/> Rue du Bois du Pont<br \/><\/span><span style=\"font-family: arial,helvetica,sans-serif; font-size: small;\"><img loading=\"lazy\" decoding=\"async\" src=\"https:\/\/www.cylumine.fr\/img\/puce1.png\" alt=\"\" width=\"13\" height=\"11\" border=\"0\" \/> Rue du Rapporteur<br \/><\/span><span style=\"font-family: arial,helvetica,sans-serif; font-size: small;\"><img loading=\"lazy\" decoding=\"async\" src=\"https:\/\/www.cylumine.fr\/img\/puce1.png\" alt=\"\" width=\"13\" height=\"11\" border=\"0\" \/> Rue du Compas<br \/><\/span><span style=\"font-family: arial,helvetica,sans-serif; font-size: small;\"><img loading=\"lazy\" decoding=\"async\" src=\"https:\/\/www.cylumine.fr\/img\/puce1.png\" alt=\"\" width=\"13\" height=\"11\" border=\"0\" \/> Rue du Palmer<\/span><\/p>\n<p><span style=\"font-family: arial,helvetica,sans-serif; font-size: small;\"><br \/>Environ 150 Points Lumineux concern\u00e9s.<\/span><\/p>\n<p><span style=\"font-family: arial,helvetica,sans-serif; font-size: small;\"><br \/>Tous les autres postes HT de l\u2019agglom\u00e9ration se sont correctement mis en service ce soir.<\/p>\n<p><\/span><\/p>\n<\/td>\n<\/tr>\n<\/tbody>\n<\/table>\n<table style=\"width: 100%; color: #000000;\" border=\"0\" cellspacing=\"0\" cellpadding=\"0\">\n<tbody>\n<tr>\n<td valign=\"top\" height=\"198\">\n<hr id=\"archivesBarre\" width=\"100%\" size=\"1\" noshade=\"noshade\" \/><span style=\"font-family: Arial, 'Gill Sans', 'Gill Sans MT', 'Myriad Pro', 'DejaVu Sans Condensed', Helvetica, sans-serif; font-size: 14px; font-weight: bold; color: #ffffff; background-color: #cb1e44; background-size: contain; line-height: 20pt;\">\u00a0FLASH INFOS MAINTENANCE &#8211; 15\/11\/2014 &#8211; 07h24 <\/span><span class=\"arialBold\" style=\"font-family: Arial, 'Gill Sans', 'Gill Sans MT', 'Myriad Pro', 'DejaVu Sans Condensed', Helvetica, sans-serif; font-size: 13px; font-weight: bold; color: #333333;\"><br \/><span class=\"arialBold\"> A l\u2019allumage, des pannes sur le r\u00e9seau Haute Tension sont en cours<br \/><\/span><\/span><span class=\"arial\" style=\"font-family: Arial, 'Gill Sans', 'Gill Sans MT', 'Myriad Pro', 'DejaVu Sans Condensed', Helvetica, sans-serif; font-size: 13px; color: #333333;\"><span class=\"arial\"><br \/><\/span><span class=\"arial\"><span class=\"arial\">Nous rencontrons ce soir une<span style=\"color: #000000;\"> difficult\u00e9<\/span> sur le <strong>d\u00e9part 6 du poste HT Hautilum \u00e0 Jouy-Le-Moutier<\/strong>. Le d\u00e9part concern\u00e9 pr\u00e9sente un d\u00e9faut majeur, il a \u00e9t\u00e9 consign\u00e9. Un camion laboratoire sera sollicit\u00e9 pour nous appuyer dans cette recherche de d\u00e9faut.<\/p>\n<p>Les secteurs impact\u00e9s cette nuit sur Jouy-Le-Moutier sont:<\/p>\n<p><img loading=\"lazy\" decoding=\"async\" src=\"https:\/\/www.cylumine.fr\/img\/puce1.png\" alt=\"\" width=\"13\" height=\"11\" border=\"0\" \/> Une partie de l\u2019Avenue des Bruzacques<br \/><img loading=\"lazy\" decoding=\"async\" src=\"https:\/\/www.cylumine.fr\/img\/puce1.png\" alt=\"\" width=\"13\" height=\"11\" border=\"0\" \/> Rue des Marleines<br \/><img loading=\"lazy\" decoding=\"async\" src=\"https:\/\/www.cylumine.fr\/img\/puce1.png\" alt=\"\" width=\"13\" height=\"11\" border=\"0\" \/> All\u00e9e des Trompettes<br \/><img loading=\"lazy\" decoding=\"async\" src=\"https:\/\/www.cylumine.fr\/img\/puce1.png\" alt=\"\" width=\"13\" height=\"11\" border=\"0\" \/> All\u00e9e des Belles Vues<br \/><img loading=\"lazy\" decoding=\"async\" src=\"https:\/\/www.cylumine.fr\/img\/puce1.png\" alt=\"\" width=\"13\" height=\"11\" border=\"0\" \/> Square des Retentis<br \/><img loading=\"lazy\" decoding=\"async\" src=\"https:\/\/www.cylumine.fr\/img\/puce1.png\" alt=\"\" width=\"13\" height=\"11\" border=\"0\" \/> Rue des Hubles<br \/><img loading=\"lazy\" decoding=\"async\" src=\"https:\/\/www.cylumine.fr\/img\/puce1.png\" alt=\"\" width=\"13\" height=\"11\" border=\"0\" \/> Rue des Croix Saint-Marc<br \/><img loading=\"lazy\" decoding=\"async\" src=\"https:\/\/www.cylumine.fr\/img\/puce1.png\" alt=\"\" width=\"13\" height=\"11\" border=\"0\" \/> Rue de la Clairi\u00e8re<\/p>\n<p>Environ 70 Points Lumineux concern\u00e9s.<\/p>\n<p><span class=\"arial\">Tous les autres postes HT de l\u2019agglom\u00e9ration se sont correctement mis en service ce soir.<\/span><\/p>\n<p><\/span><\/span><\/span><\/td>\n<\/tr>\n<\/tbody>\n<\/table>\n<table style=\"width: 100%; color: #000000;\" border=\"0\" cellspacing=\"0\" cellpadding=\"0\">\n<tbody>\n<tr>\n<td valign=\"top\" height=\"198\">\n<hr id=\"archivesBarre\" width=\"100%\" size=\"1\" noshade=\"noshade\" \/><span style=\"font-family: Arial, 'Gill Sans', 'Gill Sans MT', 'Myriad Pro', 'DejaVu Sans Condensed', Helvetica, sans-serif; font-size: 14px; font-weight: bold; color: #ffffff; background-color: #cb1e44; background-size: contain; line-height: 20pt;\">\u00a0FLASH INFOS MAINTENANCE &#8211; 14\/11\/2014 &#8211; 00h42 <\/span><span class=\"arialBold\" style=\"font-family: Arial, 'Gill Sans', 'Gill Sans MT', 'Myriad Pro', 'DejaVu Sans Condensed', Helvetica, sans-serif; font-size: 13px; font-weight: bold; color: #333333;\"><br \/><span class=\"arialBold\"> A l\u2019allumage, des pannes sur le r\u00e9seau Haute Tension sont en cours<\/span><\/span><span class=\"arial\" style=\"font-family: Arial, 'Gill Sans', 'Gill Sans MT', 'Myriad Pro', 'DejaVu Sans Condensed', Helvetica, sans-serif; font-size: 13px; color: #333333;\"><span class=\"arial\" style=\"font-family: Arial, 'Gill Sans', 'Gill Sans MT', 'Myriad Pro', 'DejaVu Sans Condensed', Helvetica, sans-serif; font-size: 13px; color: #333333;\"><span class=\"arial\"><br \/><\/span><\/span><\/span><\/p>\n<p>1- Nous rencontrons toujours une difficult\u00e9 sur le <strong>d\u00e9part 2 du poste HT Eralum \u00e0 Eragny<\/strong>.<br \/>Pour rappel, un c\u00e2ble en d\u00e9faut en pleine de terre est \u00e0 l\u2019origine de la panne. Nos agents ont essay\u00e9 de proc\u00e9der \u00e0 la d\u00e9pose du c\u00e2ble en d\u00e9faut sans r\u00e9sultat car ce c\u00e2ble est coinc\u00e9 entre deux fourreaux ce qui n\u00e9cessite des travaux de G\u00e9nie Civil cons\u00e9quent sur environ 200 m\u00e8tres. Dans l\u2019attente, nous sommes dans la recherche d\u2019une solution palliative pour isoler le d\u00e9faut et l\u2019alimenter si possible depuis un autre d\u00e9part Haute Tension.<\/p>\n<p>2- Nous rencontrons ce soir une difficult\u00e9 sur le <strong>d\u00e9part 2 du poste HT Lamparo \u00e0 Saint-Ouen-l\u2019Aum\u00f4ne<\/strong>.<br \/>Le d\u00e9part concern\u00e9 pr\u00e9sent\u00e9 hier soir un d\u00e9faut homopolaire.<br \/>Un camion laboratoire a \u00e9t\u00e9 sollicit\u00e9 pour nous appuyer demain dans cette recherche de d\u00e9faut pour de plus amples investigations.<\/p>\n<p>Les secteurs impact\u00e9s cette nuit sont:<\/p>\n<p><img loading=\"lazy\" decoding=\"async\" src=\"https:\/\/www.cylumine.fr\/img\/puce1.png\" alt=\"\" width=\"13\" height=\"11\" border=\"0\" \/> Rue d\u2019Epluches<br \/><img loading=\"lazy\" decoding=\"async\" src=\"https:\/\/www.cylumine.fr\/img\/puce1.png\" alt=\"\" width=\"13\" height=\"11\" border=\"0\" \/> Rue des Fortes Terres<br \/><img loading=\"lazy\" decoding=\"async\" src=\"https:\/\/www.cylumine.fr\/img\/puce1.png\" alt=\"\" width=\"13\" height=\"11\" border=\"0\" \/> Avenue du Fond de Vaux<br \/><img loading=\"lazy\" decoding=\"async\" src=\"https:\/\/www.cylumine.fr\/img\/puce1.png\" alt=\"\" width=\"13\" height=\"11\" border=\"0\" \/> Avenue de la Mare<br \/><img loading=\"lazy\" decoding=\"async\" src=\"https:\/\/www.cylumine.fr\/img\/puce1.png\" alt=\"\" width=\"13\" height=\"11\" border=\"0\" \/> Avenue du Fief<br \/><img loading=\"lazy\" decoding=\"async\" src=\"https:\/\/www.cylumine.fr\/img\/puce1.png\" alt=\"\" width=\"13\" height=\"11\" border=\"0\" \/> Avenue des B\u00e9thunes<br \/><img loading=\"lazy\" decoding=\"async\" src=\"https:\/\/www.cylumine.fr\/img\/puce1.png\" alt=\"\" width=\"13\" height=\"11\" border=\"0\" \/> Avenue du Ch\u00e2teau<br \/><img loading=\"lazy\" decoding=\"async\" src=\"https:\/\/www.cylumine.fr\/img\/puce1.png\" alt=\"\" width=\"13\" height=\"11\" border=\"0\" \/> Avenue de la Haute Borne<br \/><img loading=\"lazy\" decoding=\"async\" src=\"https:\/\/www.cylumine.fr\/img\/puce1.png\" alt=\"\" width=\"13\" height=\"11\" border=\"0\" \/> Rue Marcel Dassault <br \/><img loading=\"lazy\" decoding=\"async\" src=\"https:\/\/www.cylumine.fr\/img\/puce1.png\" alt=\"\" width=\"13\" height=\"11\" border=\"0\" \/> Rue de l\u2019Equerre<br \/><img loading=\"lazy\" decoding=\"async\" src=\"https:\/\/www.cylumine.fr\/img\/puce1.png\" alt=\"\" width=\"13\" height=\"11\" border=\"0\" \/> Rue de la Garenne<br \/><img loading=\"lazy\" decoding=\"async\" src=\"https:\/\/www.cylumine.fr\/img\/puce1.png\" alt=\"\" width=\"13\" height=\"11\" border=\"0\" \/> Rue Saint-Simon<br \/><img loading=\"lazy\" decoding=\"async\" src=\"https:\/\/www.cylumine.fr\/img\/puce1.png\" alt=\"\" width=\"13\" height=\"11\" border=\"0\" \/> Rue du Bois du Pont<br \/><img loading=\"lazy\" decoding=\"async\" src=\"https:\/\/www.cylumine.fr\/img\/puce1.png\" alt=\"\" width=\"13\" height=\"11\" border=\"0\" \/> Rue du Rapporteur<br \/><img loading=\"lazy\" decoding=\"async\" src=\"https:\/\/www.cylumine.fr\/img\/puce1.png\" alt=\"\" width=\"13\" height=\"11\" border=\"0\" \/> Rue du Compas<br \/><img loading=\"lazy\" decoding=\"async\" src=\"https:\/\/www.cylumine.fr\/img\/puce1.png\" alt=\"\" width=\"13\" height=\"11\" border=\"0\" \/> Rue du Palmer<br \/><img loading=\"lazy\" decoding=\"async\" src=\"https:\/\/www.cylumine.fr\/img\/puce1.png\" alt=\"\" width=\"13\" height=\"11\" border=\"0\" \/>Chemin des Bergers <\/p>\n<p>Environ 195 Points Lumineux concern\u00e9s.<\/p>\n<p><span class=\"arial\" style=\"font-family: Arial, 'Gill Sans', 'Gill Sans MT', 'Myriad Pro', 'DejaVu Sans Condensed', Helvetica, sans-serif; font-size: 13px; color: #333333;\"><span class=\"arial\"><span class=\"arial\"><span class=\"arial\">Tous les autres postes HT de l\u2019agglom\u00e9ration se sont correctement mis en service ce soir.<\/span><\/p>\n<p><\/span><\/span><\/span><\/td>\n<\/tr>\n<\/tbody>\n<\/table>\n<table style=\"width: 100%; color: #000000;\" border=\"0\" cellspacing=\"0\" cellpadding=\"0\">\n<tbody>\n<tr>\n<td valign=\"top\" height=\"198\">\n<hr id=\"archivesBarre\" width=\"100%\" size=\"1\" noshade=\"noshade\" \/><span style=\"font-family: Arial, 'Gill Sans', 'Gill Sans MT', 'Myriad Pro', 'DejaVu Sans Condensed', Helvetica, sans-serif; font-size: 14px; font-weight: bold; color: #ffffff; background-color: #cb1e44; background-size: contain; line-height: 20pt;\">\u00a0FLASH INFOS MAINTENANCE &#8211; 12\/11\/2014 &#8211; 21h21 <\/span><span class=\"arialBold\" style=\"font-family: Arial, 'Gill Sans', 'Gill Sans MT', 'Myriad Pro', 'DejaVu Sans Condensed', Helvetica, sans-serif; font-size: 13px; font-weight: bold; color: #333333;\"><span class=\"arialBold\"><br \/>A l\u2019allumage, des pannes sur le r\u00e9seau Haute Tension sont en cours <\/span><\/span><span class=\"arial\" style=\"font-family: Arial, 'Gill Sans', 'Gill Sans MT', 'Myriad Pro', 'DejaVu Sans Condensed', Helvetica, sans-serif; font-size: 13px; color: #333333;\"><span class=\"arial\" style=\"font-family: Arial, 'Gill Sans', 'Gill Sans MT', 'Myriad Pro', 'DejaVu Sans Condensed', Helvetica, sans-serif; font-size: 13px; color: #333333;\"><span class=\"arial\"><span class=\"arial\">1- Nous rencontrons toujours une difficult\u00e9 sur le <strong>d\u00e9part 2 du poste HT Eralum \u00e0 Eragny<\/strong>. L\u2019investigation compl\u00e9mentaire men\u00e9e ce jour sur le d\u00e9part concern\u00e9 a d\u00e9termin\u00e9 un c\u00e2ble en d\u00e9faut en pleine de terre. Cela n\u00e9cessite d\u2019\u00e9tablir une DICT pour pouvoir mettre en \u0153uvre une fouille et proc\u00e9der \u00e0 sa r\u00e9paration.<br \/>2- Nous rencontrons \u00e9galement ce soir une difficult\u00e9 sur le <strong>d\u00e9part 2 du poste HT Lamparo \u00e0 Saint-Ouen-l\u2019Aum\u00f4ne<\/strong>. Le d\u00e9part concern\u00e9 a \u00e9t\u00e9 consign\u00e9 dans l\u2019attente d\u2019une investigation compl\u00e9mentaire. Un camion laboratoire a \u00e9t\u00e9 sollicit\u00e9 pour nous appuyer demain dans cette recherche de d\u00e9faut.<br \/>Les secteurs impact\u00e9s cette nuit sont:<\/p>\n<p><img loading=\"lazy\" decoding=\"async\" src=\"https:\/\/www.cylumine.fr\/img\/puce1.png\" alt=\"\" width=\"13\" height=\"11\" border=\"0\" \/> Rue d\u2019Epluches<br \/><img loading=\"lazy\" decoding=\"async\" src=\"https:\/\/www.cylumine.fr\/img\/puce1.png\" alt=\"\" width=\"13\" height=\"11\" border=\"0\" \/> Rue des Fortes Terres<br \/><img loading=\"lazy\" decoding=\"async\" src=\"https:\/\/www.cylumine.fr\/img\/puce1.png\" alt=\"\" width=\"13\" height=\"11\" border=\"0\" \/> Avenue du Fond de Vaux<br \/><img loading=\"lazy\" decoding=\"async\" src=\"https:\/\/www.cylumine.fr\/img\/puce1.png\" alt=\"\" width=\"13\" height=\"11\" border=\"0\" \/> Avenue de la Mare <br \/><img loading=\"lazy\" decoding=\"async\" src=\"https:\/\/www.cylumine.fr\/img\/puce1.png\" alt=\"\" width=\"13\" height=\"11\" border=\"0\" \/> Avenue du Fief <br \/><img loading=\"lazy\" decoding=\"async\" src=\"https:\/\/www.cylumine.fr\/img\/puce1.png\" alt=\"\" width=\"13\" height=\"11\" border=\"0\" \/> Avenue des B\u00e9thunes<br \/><img loading=\"lazy\" decoding=\"async\" src=\"https:\/\/www.cylumine.fr\/img\/puce1.png\" alt=\"\" width=\"13\" height=\"11\" border=\"0\" \/> Avenue du Ch\u00e2teau <br \/><img loading=\"lazy\" decoding=\"async\" src=\"https:\/\/www.cylumine.fr\/img\/puce1.png\" alt=\"\" width=\"13\" height=\"11\" border=\"0\" \/> Avenue de la Haute Borne<br \/><img loading=\"lazy\" decoding=\"async\" src=\"https:\/\/www.cylumine.fr\/img\/puce1.png\" alt=\"\" width=\"13\" height=\"11\" border=\"0\" \/> Rue Marcel Dassault <br \/><img loading=\"lazy\" decoding=\"async\" src=\"https:\/\/www.cylumine.fr\/img\/puce1.png\" alt=\"\" width=\"13\" height=\"11\" border=\"0\" \/> Rue de l\u2019Equerre<br \/><img loading=\"lazy\" decoding=\"async\" src=\"https:\/\/www.cylumine.fr\/img\/puce1.png\" alt=\"\" width=\"13\" height=\"11\" border=\"0\" \/> Rue de la Garenne<br \/><img loading=\"lazy\" decoding=\"async\" src=\"https:\/\/www.cylumine.fr\/img\/puce1.png\" alt=\"\" width=\"13\" height=\"11\" border=\"0\" \/> Rue Saint-Simon<br \/><img loading=\"lazy\" decoding=\"async\" src=\"https:\/\/www.cylumine.fr\/img\/puce1.png\" alt=\"\" width=\"13\" height=\"11\" border=\"0\" \/> Rue du Bois du Pont<br \/><img loading=\"lazy\" decoding=\"async\" src=\"https:\/\/www.cylumine.fr\/img\/puce1.png\" alt=\"\" width=\"13\" height=\"11\" border=\"0\" \/> Rue du Rapporteur <br \/><img loading=\"lazy\" decoding=\"async\" src=\"https:\/\/www.cylumine.fr\/img\/puce1.png\" alt=\"\" width=\"13\" height=\"11\" border=\"0\" \/> Rue du Compas<br \/><img loading=\"lazy\" decoding=\"async\" src=\"https:\/\/www.cylumine.fr\/img\/puce1.png\" alt=\"\" width=\"13\" height=\"11\" border=\"0\" \/> Rue du Palmer<br \/><img loading=\"lazy\" decoding=\"async\" src=\"https:\/\/www.cylumine.fr\/img\/puce1.png\" alt=\"\" width=\"13\" height=\"11\" border=\"0\" \/> Chemin des Bergers<\/span><\/span><\/span><\/span><\/p>\n<p>Environ 195 Points Lumineux concern\u00e9s.<\/p>\n<p><span class=\"arial\" style=\"font-family: Arial, 'Gill Sans', 'Gill Sans MT', 'Myriad Pro', 'DejaVu Sans Condensed', Helvetica, sans-serif; font-size: 13px; color: #333333;\"><span class=\"arial\"><span class=\"arial\"><span class=\"arial\">Tous les autres postes HT de l\u2019agglom\u00e9ration se sont correctement mis en service ce soir.<\/span>\u00a0<\/span><\/span><\/span><\/p>\n<\/td>\n<\/tr>\n<\/tbody>\n<\/table>\n<table style=\"width: 100%; color: #000000;\" border=\"0\" cellspacing=\"0\" cellpadding=\"0\">\n<tbody>\n<tr>\n<td valign=\"top\" height=\"198\">\n<hr id=\"archivesBarre\" width=\"100%\" size=\"1\" noshade=\"noshade\" \/><span style=\"font-family: Arial, 'Gill Sans', 'Gill Sans MT', 'Myriad Pro', 'DejaVu Sans Condensed', Helvetica, sans-serif; font-size: 14px; font-weight: bold; color: #ffffff; background-color: #cb1e44; background-size: contain; line-height: 20pt;\">\u00a0FLASH INFOS MAINTENANCE &#8211; 11\/11\/2014 &#8211; 22h31\u00a0<\/span><span class=\"arialBold\" style=\"font-family: Arial, 'Gill Sans', 'Gill Sans MT', 'Myriad Pro', 'DejaVu Sans Condensed', Helvetica, sans-serif; font-size: 13px; font-weight: bold; color: #333333;\"><br \/><span class=\"arialBold\"> A l\u2019allumage, des pannes sur le r\u00e9seau Haute Tension sont en cours<br \/><\/span><\/span><span class=\"arial\" style=\"font-family: Arial, 'Gill Sans', 'Gill Sans MT', 'Myriad Pro', 'DejaVu Sans Condensed', Helvetica, sans-serif; font-size: 13px; color: #333333;\"><span class=\"arial\"><br \/><\/span><span class=\"arial\"><span class=\"arial\">Nous rencontrons ce soir une difficult\u00e9 sur le\u00a0<strong>d\u00e9part 4 du poste HT Eralum \u00e0 Eragny<\/strong>. Le d\u00e9part concern\u00e9 a \u00e9t\u00e9 consign\u00e9 dans l\u2019attente d\u2019une investigation compl\u00e9mentaire.<br \/>Un camion laboratoire a \u00e9t\u00e9 sollicit\u00e9 pour nous appuyer demain dans cette recherche de d\u00e9faut.<\/p>\n<p>Les secteurs impact\u00e9s cette nuit sont:<\/p>\n<p><img loading=\"lazy\" decoding=\"async\" src=\"https:\/\/www.cylumine.fr\/img\/puce1.png\" alt=\"\" width=\"13\" height=\"11\" border=\"0\" \/>\u00a0Rue des Fr\u00eanes<br \/><img loading=\"lazy\" decoding=\"async\" src=\"https:\/\/www.cylumine.fr\/img\/puce1.png\" alt=\"\" width=\"13\" height=\"11\" border=\"0\" \/>\u00a0Rue du Bas Noyer<br \/><img loading=\"lazy\" decoding=\"async\" src=\"https:\/\/www.cylumine.fr\/img\/puce1.png\" alt=\"\" width=\"13\" height=\"11\" border=\"0\" \/>\u00a0Rue Leo Lagrange<br \/><img loading=\"lazy\" decoding=\"async\" src=\"https:\/\/www.cylumine.fr\/img\/puce1.png\" alt=\"\" width=\"13\" height=\"11\" border=\"0\" \/>\u00a0Une partie de l\u2019Avenue Roger Guichard<br \/><img loading=\"lazy\" decoding=\"async\" src=\"https:\/\/www.cylumine.fr\/img\/puce1.png\" alt=\"\" width=\"13\" height=\"11\" border=\"0\" \/>\u00a0Une partie de l\u2019Avenue de Verdun<\/p>\n<p>Environ 90 Points Lumineux concern\u00e9s.<\/p>\n<p><span class=\"arial\">Tous les autres postes HT de l\u2019agglom\u00e9ration se sont correctement mis en service ce soir.<\/span><\/p>\n<p><\/span><\/span><\/span><\/td>\n<\/tr>\n<\/tbody>\n<\/table>\n<table style=\"width: 100%; color: #000000;\" border=\"0\" cellspacing=\"0\" cellpadding=\"0\">\n<tbody>\n<tr>\n<td valign=\"top\" height=\"198\">\n<hr id=\"archivesBarre\" width=\"100%\" size=\"1\" noshade=\"noshade\" \/><span style=\"font-family: Arial, 'Gill Sans', 'Gill Sans MT', 'Myriad Pro', 'DejaVu Sans Condensed', Helvetica, sans-serif; font-size: 14px; font-weight: bold; color: #ffffff; background-color: #cb1e44; background-size: contain; line-height: 20pt;\">\u00a0FLASH INFOS MAINTENANCE &#8211; 10\/11\/2014 &#8211; 20h41\u00a0<\/span><span class=\"arialBold\" style=\"font-family: Arial, 'Gill Sans', 'Gill Sans MT', 'Myriad Pro', 'DejaVu Sans Condensed', Helvetica, sans-serif; font-size: 13px; font-weight: bold; color: #333333;\"><br \/><span class=\"arialBold\"> A l\u2019allumage, des pannes sur le r\u00e9seau Haute Tension sont en cours<br \/><\/span><\/span><span class=\"arial\" style=\"font-family: Arial, 'Gill Sans', 'Gill Sans MT', 'Myriad Pro', 'DejaVu Sans Condensed', Helvetica, sans-serif; font-size: 13px; color: #333333;\"><span class=\"arial\"><br \/><\/span><span class=\"arial\"><span class=\"arial\"><span class=\"arial\">Nous rencontrons ce soir une difficult\u00e9 sur le<\/span><span class=\"apple-converted-space\">\u00a0<\/span><strong>d\u00e9part 4 du poste HT Eralum \u00e0 Eragny<\/strong><span class=\"arialbold\">.<\/span><span class=\"apple-converted-space\">\u00a0<\/span><br \/><span class=\"arial\">Le d\u00e9part concern\u00e9 est en d\u00e9faut et a \u00e9t\u00e9 consign\u00e9 dans l\u2019attente d\u2019une investigation compl\u00e9mentaire.<\/span><\/p>\n<p><span class=\"arial\">Un camion laboratoire a \u00e9t\u00e9 sollicit\u00e9 pour nous appuyer dans cette recherche de d\u00e9faut.<\/span><\/p>\n<p><span class=\"arial\">Les secteurs impact\u00e9s cette nuit sont :<\/span><\/p>\n<p><span class=\"arial\"><img loading=\"lazy\" decoding=\"async\" src=\"https:\/\/www.cylumine.fr\/img\/puce1.png\" alt=\"\" width=\"13\" height=\"11\" border=\"0\" \/>\u00a0Rue de Pierrelaye \u00e0 Eragny<\/span><br \/><span class=\"arialbold\"><img loading=\"lazy\" decoding=\"async\" src=\"https:\/\/www.cylumine.fr\/img\/puce1.png\" alt=\"\" width=\"13\" height=\"11\" border=\"0\" \/>\u00a0<\/span><span class=\"arial\">Le Bois aux Platanes \u00e0 Eragny<\/span><br \/><span class=\"arialbold\"><img loading=\"lazy\" decoding=\"async\" src=\"https:\/\/www.cylumine.fr\/img\/puce1.png\" alt=\"\" width=\"13\" height=\"11\" border=\"0\" \/>\u00a0<\/span><span class=\"arial\">Avenue Rocher Guichart \u00e0 Eragny<\/span><br \/><span class=\"arialbold\"><img loading=\"lazy\" decoding=\"async\" src=\"https:\/\/www.cylumine.fr\/img\/puce1.png\" alt=\"\" width=\"13\" height=\"11\" border=\"0\" \/>\u00a0<\/span><span class=\"arial\">Une partie de l\u2019avenue du Gros Ch\u00eane \u00e0 Eragny<\/span><br \/><span class=\"arialbold\"><img loading=\"lazy\" decoding=\"async\" src=\"https:\/\/www.cylumine.fr\/img\/puce1.png\" alt=\"\" width=\"13\" height=\"11\" border=\"0\" \/>\u00a0<\/span><span class=\"arial\">Rue du Bas Noyer \u00e0 Eragny<\/span><br \/><span class=\"arialbold\"><img loading=\"lazy\" decoding=\"async\" src=\"https:\/\/www.cylumine.fr\/img\/puce1.png\" alt=\"\" width=\"13\" height=\"11\" border=\"0\" \/>\u00a0<\/span><span class=\"arial\">Rue du Clos Santeuil \u00e0 Eragny<\/span><br \/><span class=\"arialbold\"><img loading=\"lazy\" decoding=\"async\" src=\"https:\/\/www.cylumine.fr\/img\/puce1.png\" alt=\"\" width=\"13\" height=\"11\" border=\"0\" \/>\u00a0<\/span><span class=\"arial\">Rue des Fr\u00eanes \u00e0 Eragny<\/span><br \/><span class=\"arialbold\"><img loading=\"lazy\" decoding=\"async\" src=\"https:\/\/www.cylumine.fr\/img\/puce1.png\" alt=\"\" width=\"13\" height=\"11\" border=\"0\" \/>\u00a0<\/span><span class=\"arial\">Avenue Fernand Ch\u00e2telain \u00e0 Eragny<\/span><br \/><span class=\"arialbold\"><img loading=\"lazy\" decoding=\"async\" src=\"https:\/\/www.cylumine.fr\/img\/puce1.png\" alt=\"\" width=\"13\" height=\"11\" border=\"0\" \/>\u00a0<\/span><span class=\"arial\">Boulevard Charles de Gaulle \u00e0 Eragny<\/span><br \/><span class=\"arialbold\"><img loading=\"lazy\" decoding=\"async\" src=\"https:\/\/www.cylumine.fr\/img\/puce1.png\" alt=\"\" width=\"13\" height=\"11\" border=\"0\" \/>\u00a0<\/span><span class=\"arial\">Avenue de Verdun \u00e0 Saint-Ouen-l\u2019Aum\u00f4ne<\/span><\/p>\n<p><span class=\"arial\">Environ 160 Points Lumineux concern\u00e9s.<\/span><\/p>\n<p><span class=\"arial\">Tous les autres postes HT de l\u2019agglom\u00e9ration se sont correctement mis en service ce soir.<\/span><\/p>\n<p><\/span><\/span><\/span><\/td>\n<\/tr>\n<\/tbody>\n<\/table>\n<table style=\"width: 100%; color: #000000;\" border=\"0\" cellspacing=\"0\" cellpadding=\"0\">\n<tbody>\n<tr>\n<td valign=\"top\" height=\"198\">\n<hr id=\"archivesBarre\" width=\"100%\" size=\"1\" noshade=\"noshade\" \/><span style=\"font-family: Arial, 'Gill Sans', 'Gill Sans MT', 'Myriad Pro', 'DejaVu Sans Condensed', Helvetica, sans-serif; font-size: 14px; font-weight: bold; color: #ffffff; background-color: #cb1e44; line-height: 20pt;\">\u00a0FLASH INFOS MAINTENANCE &#8211; 28\/10\/2014 &#8211; 07h04 <\/span><span class=\"arialBold\" style=\"font-family: Arial, 'Gill Sans', 'Gill Sans MT', 'Myriad Pro', 'DejaVu Sans Condensed', Helvetica, sans-serif; font-size: 13px; font-weight: bold; color: #333333;\"><br \/><span class=\"arialBold\"> A l\u2019allumage, des pannes sur le r\u00e9seau Haute Tension sont en cours<\/p>\n<p><\/span><\/span><span style=\"font-family: arial, helvetica, sans-serif;\">Nous rencontrons ce matin une difficult\u00e9 sur le <strong>d\u00e9part 6 du poste HT Hautilum \u00e0 Jouy-Le-Moutier<\/strong>. Le d\u00e9part concern\u00e9 pr\u00e9sente un d\u00e9faut majeur, il a \u00e9t\u00e9 consign\u00e9. Un camion laboratoire a \u00e9t\u00e9 sollicit\u00e9 pour nous appuyer dans cette recherche de d\u00e9faut.<\/span><\/p>\n<p><span style=\"font-family: arial, helvetica, sans-serif;\">Les secteurs impact\u00e9s ce matin sur Jouy-Le-Moutier sont: <\/span><\/p>\n<p><span style=\"font-family: arial, helvetica, sans-serif;\"><img loading=\"lazy\" decoding=\"async\" src=\"https:\/\/www.cylumine.fr\/img\/puce1.png\" alt=\"\" width=\"13\" height=\"11\" border=\"0\" \/> Une partie de l\u2019Avenue des Bruzacques<br \/><span style=\"line-height: 1.3em;\"><img loading=\"lazy\" decoding=\"async\" src=\"https:\/\/www.cylumine.fr\/img\/puce1.png\" alt=\"\" width=\"13\" height=\"11\" border=\"0\" \/> Rue des Marleines<br \/><\/span><span style=\"line-height: 1.3em;\"><img loading=\"lazy\" decoding=\"async\" src=\"https:\/\/www.cylumine.fr\/img\/puce1.png\" alt=\"\" width=\"13\" height=\"11\" border=\"0\" \/> All\u00e9e des Trompettes<br \/><\/span><span style=\"line-height: 1.3em;\"><img loading=\"lazy\" decoding=\"async\" src=\"https:\/\/www.cylumine.fr\/img\/puce1.png\" alt=\"\" width=\"13\" height=\"11\" border=\"0\" \/> All\u00e9e des Belles Vues<br \/><\/span><span style=\"line-height: 1.3em;\"><img loading=\"lazy\" decoding=\"async\" src=\"https:\/\/www.cylumine.fr\/img\/puce1.png\" alt=\"\" width=\"13\" height=\"11\" border=\"0\" \/> Square des Retentis<br \/><\/span><span style=\"line-height: 1.3em;\"><img loading=\"lazy\" decoding=\"async\" src=\"https:\/\/www.cylumine.fr\/img\/puce1.png\" alt=\"\" width=\"13\" height=\"11\" border=\"0\" \/> Rue des Hubles<br \/><\/span><span style=\"line-height: 1.3em;\"><img loading=\"lazy\" decoding=\"async\" src=\"https:\/\/www.cylumine.fr\/img\/puce1.png\" alt=\"\" width=\"13\" height=\"11\" border=\"0\" \/> Rue des Croix Saint-Marc<br \/><\/span><span style=\"line-height: 1.3em;\"><img loading=\"lazy\" decoding=\"async\" src=\"https:\/\/www.cylumine.fr\/img\/puce1.png\" alt=\"\" width=\"13\" height=\"11\" border=\"0\" \/> Rue de la Clairi\u00e8re<\/span><span style=\"line-height: 1.3em;\"><br \/><\/span><\/span><br \/><span style=\"font-family: arial, helvetica, sans-serif;\">Environ 70 Points Lumineux concern\u00e9s.<\/span><\/p>\n<p><span class=\"arial\" style=\"font-family: Arial, 'Gill Sans', 'Gill Sans MT', 'Myriad Pro', 'DejaVu Sans Condensed', Helvetica, sans-serif; font-size: 13px; color: #333333;\"><span class=\"arial\"><span class=\"arial\"><span style=\"font-family: arial, helvetica, sans-serif;\">Les autres postes HT de l\u2019agglom\u00e9ration se sont tous correctement mis en service ce soir.<\/span><\/p>\n<p><\/span><\/span><\/span><\/td>\n<\/tr>\n<\/tbody>\n<\/table>\n<table style=\"width: 100%; color: #000000;\" border=\"0\" cellspacing=\"0\" cellpadding=\"0\">\n<tbody>\n<tr>\n<td valign=\"top\" height=\"198\">\n<hr id=\"archivesBarre\" width=\"100%\" size=\"1\" noshade=\"noshade\" \/><span style=\"font-family: Arial, 'Gill Sans', 'Gill Sans MT', 'Myriad Pro', 'DejaVu Sans Condensed', Helvetica, sans-serif; font-size: 14px; font-weight: bold; color: #ffffff; background-color: #cb1e44; background-size: contain; line-height: 20pt;\">\u00a0FLASH INFOS MAINTENANCE &#8211; 17\/10\/2014 &#8211; 19h18 <\/span><span class=\"arialBold\" style=\"font-family: Arial, 'Gill Sans', 'Gill Sans MT', 'Myriad Pro', 'DejaVu Sans Condensed', Helvetica, sans-serif; font-size: 13px; font-weight: bold; color: #333333;\"><br \/><span class=\"arialBold\"> A l\u2019allumage, des pannes sur le r\u00e9seau Haute Tension sont en cours<\/p>\n<p><\/span><\/span><span class=\"arial\" style=\"font-family: Arial, 'Gill Sans', 'Gill Sans MT', 'Myriad Pro', 'DejaVu Sans Condensed', Helvetica, sans-serif; font-size: 13px; color: #333333;\"><span class=\"arial\"><span class=\"arial\">Nos techniciens ont sold\u00e9s ce jour les d\u00e9fauts rencontr\u00e9s hier soir sur le <strong>d\u00e9part 3 du poste HT Lamparo \u00e0 Saint-Ouen-l\u2019Aum\u00f4ne<\/strong>. <\/p>\n<p>Nous rencontrons toujours une difficult\u00e9 sur le <strong>d\u00e9part 3 du poste HT Eralum \u00e0 Eragny<\/strong>.<br \/>Pour rappel, une port\u00e9e de c\u00e2ble Haute Tension en d\u00e9faut est \u00e0 l\u2019origine de la panne.<br \/>Nos techniciens ont pu r\u00e9duire le nombre de points lumineux impact\u00e9s par cette panne en isolant au maximum la partie du r\u00e9seau en d\u00e9faut.<\/p>\n<p>Les secteurs impact\u00e9s cette nuit sur Eragny sont :<\/p>\n<p><img loading=\"lazy\" decoding=\"async\" src=\"https:\/\/www.cylumine.fr\/img\/puce1.png\" alt=\"\" width=\"13\" height=\"11\" border=\"0\" \/> Avenue du Gros Ch\u00eane<br \/><img loading=\"lazy\" decoding=\"async\" src=\"https:\/\/www.cylumine.fr\/img\/puce1.png\" alt=\"\" width=\"13\" height=\"11\" border=\"0\" \/> Une partie de l\u2019Avenue des Bellevues<br \/><img loading=\"lazy\" decoding=\"async\" src=\"https:\/\/www.cylumine.fr\/img\/puce1.png\" alt=\"\" width=\"13\" height=\"11\" border=\"0\" \/> Rue de la Patelle<\/p>\n<p>Environ 58 Points Lumineux concern\u00e9s.<\/p>\n<p>Les autres postes HT de l\u2019agglom\u00e9ration se sont tous correctement mis en service ce soir.<\/p>\n<p><\/span><\/span><\/span><\/td>\n<\/tr>\n<\/tbody>\n<\/table>\n<table style=\"width: 100%; color: #000000;\" border=\"0\" cellspacing=\"0\" cellpadding=\"0\">\n<tbody>\n<tr>\n<td valign=\"top\" height=\"198\">\n<hr id=\"archivesBarre\" width=\"100%\" size=\"1\" noshade=\"noshade\" \/><span style=\"font-family: Arial, 'Gill Sans', 'Gill Sans MT', 'Myriad Pro', 'DejaVu Sans Condensed', Helvetica, sans-serif; font-size: 14px; font-weight: bold; color: #ffffff; background-color: #cb1e44; background-size: contain; line-height: 20pt;\">\u00a0FLASH INFOS MAINTENANCE &#8211; 16\/10\/2014 &#8211; 22h01\u00a0<\/span><span class=\"arialBold\" style=\"font-family: Arial, 'Gill Sans', 'Gill Sans MT', 'Myriad Pro', 'DejaVu Sans Condensed', Helvetica, sans-serif; font-size: 13px; font-weight: bold; color: #333333;\"><br \/><span class=\"arialBold\"> A l\u2019allumage, des pannes sur le r\u00e9seau Haute Tension sont en cours<br \/><\/span><\/span><span class=\"arial\" style=\"font-family: Arial, 'Gill Sans', 'Gill Sans MT', 'Myriad Pro', 'DejaVu Sans Condensed', Helvetica, sans-serif; font-size: 13px; color: #333333;\"><span class=\"arial\"><br \/><\/span><span class=\"arial\"><span class=\"arial\"><span class=\"arial\">Nous rencontrons ce soir une difficult\u00e9 sur le\u00a0<\/span><span class=\"arialBold\"><strong>d\u00e9part 3 du poste HT Lamparo \u00e0 Saint-Ouen-l\u2019Aum\u00f4ne<\/strong>.<\/span><span class=\"arial\">\u00a0Le d\u00e9part concern\u00e9 a \u00e9t\u00e9 consign\u00e9 dans l\u2019attente d\u2019une investigation compl\u00e9mentaire.<\/p>\n<p>Un camion laboratoire a \u00e9t\u00e9 sollicit\u00e9 pour nous appuyer demain dans cette recherche de d\u00e9faut.<\/p>\n<p>Les secteurs impact\u00e9s cette nuit sont \u00e0 Saint-Ouen-l\u2019Aum\u00f4ne:<\/p>\n<p><span class=\"arialBold\"><img loading=\"lazy\" decoding=\"async\" src=\"https:\/\/www.cylumine.fr\/img\/puce1.png\" alt=\"\" width=\"13\" height=\"11\" border=\"0\" \/>\u00a0<\/span>Avenue de l\u2019Eguillette<br \/><span class=\"arialBold\"><img loading=\"lazy\" decoding=\"async\" src=\"https:\/\/www.cylumine.fr\/img\/puce1.png\" alt=\"\" width=\"13\" height=\"11\" border=\"0\" \/>\u00a0<\/span>Avenue des Gros Chevaux<br \/><img loading=\"lazy\" decoding=\"async\" src=\"https:\/\/www.cylumine.fr\/img\/puce1.png\" alt=\"\" width=\"13\" height=\"11\" border=\"0\" \/>\u00a0Avenue du Ch\u00e2teau<br \/><span class=\"arialBold\"><img loading=\"lazy\" decoding=\"async\" src=\"https:\/\/www.cylumine.fr\/img\/puce1.png\" alt=\"\" width=\"13\" height=\"11\" border=\"0\" \/>\u00a0<\/span>Avenue du Fond de Vaux<br \/><span class=\"arialBold\"><img loading=\"lazy\" decoding=\"async\" src=\"https:\/\/www.cylumine.fr\/img\/puce1.png\" alt=\"\" width=\"13\" height=\"11\" border=\"0\" \/>\u00a0<\/span>Avenue de la Mare<br \/><span class=\"arialBold\"><img loading=\"lazy\" decoding=\"async\" src=\"https:\/\/www.cylumine.fr\/img\/puce1.png\" alt=\"\" width=\"13\" height=\"11\" border=\"0\" \/>\u00a0<\/span>Avenue du Fief<br \/><span class=\"arialBold\"><img loading=\"lazy\" decoding=\"async\" src=\"https:\/\/www.cylumine.fr\/img\/puce1.png\" alt=\"\" width=\"13\" height=\"11\" border=\"0\" \/>\u00a0<\/span>Avenue des B\u00e9thunes<br \/><span class=\"arialBold\"><img loading=\"lazy\" decoding=\"async\" src=\"https:\/\/www.cylumine.fr\/img\/puce1.png\" alt=\"\" width=\"13\" height=\"11\" border=\"0\" \/>\u00a0<\/span>Rue de l\u2019Equerre<br \/><span class=\"arialBold\"><img loading=\"lazy\" decoding=\"async\" src=\"https:\/\/www.cylumine.fr\/img\/puce1.png\" alt=\"\" width=\"13\" height=\"11\" border=\"0\" \/>\u00a0<\/span>Rue d\u2019Epluches<\/p>\n<p>Environ 190 Points Lumineux concern\u00e9s.<\/span><\/p>\n<p>Les autres postes HT de l\u2019agglom\u00e9ration se sont tous correctement mis en service ce soir.<\/p>\n<p><\/span><\/span><\/span><\/td>\n<\/tr>\n<\/tbody>\n<\/table>\n<table style=\"width: 100%;\" border=\"0\" cellspacing=\"0\" cellpadding=\"0\">\n<tbody>\n<tr>\n<td valign=\"top\">\n<hr id=\"archivesBarre\" width=\"100%\" size=\"1\" noshade=\"noshade\" \/>\n<p><span class=\"arialBoldsurlign\u00e9\" style=\"font-family: Arial, 'Gill Sans', 'Gill Sans MT', 'Myriad Pro', 'DejaVu Sans Condensed', Helvetica, sans-serif; font-size: 14px; font-weight: bold; color: #ffffff; background-color: #cb1e44; background-size: contain; line-height: 20pt;\">\u00a0FLASH INFOS MAINTENANCE &#8211; 13\/10\/2014 &#8211; 22h00\u00a0<\/span><span class=\"arialBold\"><br \/><span class=\"arialBold\">A l\u2019allumage, des pannes sur le r\u00e9seau Haute Tension sont en cours<br \/><\/span><\/span><span class=\"arial\"><br \/><\/span><span class=\"arial\"><span class=\"arial\"><span class=\"arial\">Nous rencontrons ce soir une difficult\u00e9 sur le\u00a0<\/span><strong><span class=\"arialBold\">d\u00e9part 2 du poste HT Puisum \u00e0 Cergy<\/span><\/strong><span class=\"arial\">. Malgr\u00e9 l\u2019intervention de notre agent d\u2019astreinte sur place, ce dernier ne repart pas. Le d\u00e9part concern\u00e9 a \u00e9t\u00e9 consign\u00e9 dans l\u2019attente d\u2019une investigation compl\u00e9mentaire.<\/p>\n<p>Les rues impact\u00e9s cette nuit sont:<\/p>\n<p><span class=\"arialBold\"><img loading=\"lazy\" decoding=\"async\" src=\"https:\/\/www.cylumine.fr\/img\/puce1.png\" alt=\"\" width=\"13\" height=\"11\" border=\"0\" \/>\u00a0<\/span>Une partie du Boulevard de l\u2019Oise \u00e0 Cergy<br \/><span class=\"arialBold\"><img loading=\"lazy\" decoding=\"async\" src=\"https:\/\/www.cylumine.fr\/img\/puce1.png\" alt=\"\" width=\"13\" height=\"11\" border=\"0\" \/>\u00a0<\/span>Rond-Point du Haut de Cergy<\/p>\n<p>Environ 90 Points Lumineux concern\u00e9s.<br \/><\/span><\/span><\/span><span class=\"arial\"><br \/>L\u2019ensemble des postes HT sur l\u2019agglom\u00e9ration se sont tous correctement mis en service.<\/p>\n<p><\/span><\/p>\n<\/td>\n<\/tr>\n<\/tbody>\n<\/table>\n<table style=\"width: 100%;\" border=\"0\" cellspacing=\"0\" cellpadding=\"0\">\n<tbody>\n<tr>\n<td valign=\"top\">\n<hr id=\"archivesBarre\" width=\"100%\" size=\"1\" noshade=\"noshade\" \/>\n<p><span class=\"arialBoldsurlign\u00e9\" style=\"font-family: Arial, 'Gill Sans', 'Gill Sans MT', 'Myriad Pro', 'DejaVu Sans Condensed', Helvetica, sans-serif; font-size: 14px; font-weight: bold; color: #ffffff; background-color: #cb1e44; background-size: contain; line-height: 20pt;\">\u00a0FLASH INFOS MAINTENANCE &#8211; 10\/10\/2014 &#8211; 18h18\u00a0<\/span><span class=\"arialBold\" style=\"font-family: Arial, 'Gill Sans', 'Gill Sans MT', 'Myriad Pro', 'DejaVu Sans Condensed', Helvetica, sans-serif; font-size: 13px; font-weight: bold; color: #333333;\"><br \/><span class=\"arialBold\"> A l\u2019allumage, des pannes sur le r\u00e9seau Haute Tension sont en cours<br \/><\/span><\/span><span class=\"arial\" style=\"font-family: Arial, 'Gill Sans', 'Gill Sans MT', 'Myriad Pro', 'DejaVu Sans Condensed', Helvetica, sans-serif; font-size: 13px; color: #333333;\"><br \/><\/span><span class=\"arial\" style=\"font-family: Arial, 'Gill Sans', 'Gill Sans MT', 'Myriad Pro', 'DejaVu Sans Condensed', Helvetica, sans-serif; font-size: 13px; color: #333333;\"><span class=\"arial\"><span class=\"arial\">Nous avons subi hier soir un d\u00e9faut homopolaire sur le\u00a0<\/span><strong><span class=\"arialBold\">d\u00e9part 5 de Lampadaire<\/span><\/strong><span class=\"arial\">, qui a \u00e9t\u00e9 r\u00e9solu dans la soir\u00e9e suite \u00e0 une intervention imm\u00e9diate.<\/p>\n<p>Nous avons de plus rencontr\u00e9 hier soir un d\u00e9faut sur le\u00a0<\/span><strong><span class=\"arialBold\">poste Eralum<\/span><\/strong><span class=\"arial\">. Nos \u00e9quipes sont intervenues aujourd\u2019hui, mais il reste encore environ 40 PL \u00e9teints Av. du Gros Ch\u00eane.<\/p>\n<p>Une intervention avec un camion laboratoire a \u00e9t\u00e9 command\u00e9e pour lundi matin afin de nous aider dans la recherche de d\u00e9faut.<\/span><br \/><\/span><br \/>L\u2019ensemble des postes HT sur l\u2019agglom\u00e9ration se sont donc tous correctement mis en service.<\/p>\n<p><\/span><\/p>\n<\/td>\n<\/tr>\n<\/tbody>\n<\/table>\n<table style=\"width: 100%;\" border=\"0\" cellspacing=\"0\" cellpadding=\"0\">\n<tbody>\n<tr>\n<td valign=\"top\">\n<hr id=\"archivesBarre\" width=\"100%\" size=\"1\" noshade=\"noshade\" \/>\n<p><span class=\"arialBoldsurlign\u00e9\" style=\"font-family: Arial, 'Gill Sans', 'Gill Sans MT', 'Myriad Pro', 'DejaVu Sans Condensed', Helvetica, sans-serif; font-size: 14px; font-weight: bold; color: #ffffff; background-color: #cb1e44; background-size: contain; line-height: 20pt;\">\u00a0FLASH INFOS MAINTENANCE &#8211; 07\/10\/2014 &#8211; 11h05\u00a0<\/span><span class=\"arial\"><br \/><strong><span class=\"arialBold\">A l\u2019allumage, des pannes sur le r\u00e9seau Haute Tension sont en cours<\/span><\/strong><\/p>\n<p> Nous avons rencontr\u00e9 hier soir des soucis sur le <\/span><strong><span class=\"arialBold\">d\u00e9part 5 de Lampadaire<\/span><\/strong><span class=\"arial\"> qui ont n\u00e9cessit\u00e9 de plus amples investigations.<\/p>\n<p> Environ 70 PL concern\u00e9s r\u00e9partis dans les rues suivantes :<\/p>\n<p><span class=\"arialBold\"><img loading=\"lazy\" decoding=\"async\" src=\"https:\/\/www.cylumine.fr\/images\/puce1.png\" alt=\"\" width=\"13\" height=\"11\" border=\"0\" \/> \u00a0<\/span>Avenue du Sud<br \/><span class=\"arialBold\"><img loading=\"lazy\" decoding=\"async\" src=\"https:\/\/www.cylumine.fr\/images\/puce1.png\" alt=\"\" width=\"13\" height=\"11\" border=\"0\" \/> \u00a0<\/span>Avenue des Bois<br \/><span class=\"arialBold\"><img loading=\"lazy\" decoding=\"async\" src=\"https:\/\/www.cylumine.fr\/images\/puce1.png\" alt=\"\" width=\"13\" height=\"11\" border=\"0\" \/> \u00a0<\/span>Avenue de la Palette<br \/><span class=\"arialBold\"><img loading=\"lazy\" decoding=\"async\" src=\"https:\/\/www.cylumine.fr\/images\/puce1.png\" alt=\"\" width=\"13\" height=\"11\" border=\"0\" \/> \u00a0<\/span>Avenue Bernard Hirsch<\/p>\n<p> Les autres postes HT de l\u2019agglom\u00e9ration se sont tous correctement mis en service ce soir.<\/p>\n<p><\/span><\/p>\n<\/td>\n<\/tr>\n<tr>\n<td valign=\"top\">\n<hr id=\"archivesBarre\" width=\"100%\" size=\"1\" noshade=\"noshade\" \/><span class=\"arialBoldsurlign\u00e9\" style=\"font-family: Arial, 'Gill Sans', 'Gill Sans MT', 'Myriad Pro', 'DejaVu Sans Condensed', Helvetica, sans-serif; font-size: 14px; font-weight: bold; color: #ffffff; background-color: #cb1e44; background-size: contain; line-height: 20pt;\">\u00a0FLASH INFOS MAINTENANCE &#8211; 30\/09\/2014 &#8211; 22h40\u00a0<\/span><span class=\"arial\"><br \/><strong><span class=\"arialBold\">A l\u2019allumage, des pannes sur le r\u00e9seau Haute Tension sont en cours<\/span><\/strong><\/p>\n<p> Nous rencontrons cette nuit des difficult\u00e9s sur le <\/span><strong><span class=\"arialBold\">d\u00e9part 6 du poste Lampadaire<\/span><\/strong><span class=\"arial\">.<\/p>\n<p> Il s\u2019agit d\u2019une cinquantaine de Points Lumineux r\u00e9partis dans les rues suivantes :<\/p>\n<p><span class=\"arialBold\"><img loading=\"lazy\" decoding=\"async\" src=\"https:\/\/www.cylumine.fr\/images\/puce1.png\" alt=\"\" width=\"13\" height=\"11\" border=\"0\" \/> \u00a0<\/span>Une partie du Boulevard de l\u2019Oise<br \/><span class=\"arialBold\"><img loading=\"lazy\" decoding=\"async\" src=\"https:\/\/www.cylumine.fr\/images\/puce1.png\" alt=\"\" width=\"13\" height=\"11\" border=\"0\" \/> \u00a0<\/span>Une partie du Boulevard de la Viosne<br \/><span class=\"arialBold\"><img loading=\"lazy\" decoding=\"async\" src=\"https:\/\/www.cylumine.fr\/images\/puce1.png\" alt=\"\" width=\"13\" height=\"11\" border=\"0\" \/> \u00a0<\/span>Une partie du Boulevard du Port<br \/><span class=\"arialBold\"><img loading=\"lazy\" decoding=\"async\" src=\"https:\/\/www.cylumine.fr\/images\/puce1.png\" alt=\"\" width=\"13\" height=\"11\" border=\"0\" \/> \u00a0<\/span>Avenue des 3 Fontaines<br \/><span class=\"arialBold\"><img loading=\"lazy\" decoding=\"async\" src=\"https:\/\/www.cylumine.fr\/images\/puce1.png\" alt=\"\" width=\"13\" height=\"11\" border=\"0\" \/> \u00a0<\/span>Avenue de la Poste<br \/><span class=\"arialBold\"><img loading=\"lazy\" decoding=\"async\" src=\"https:\/\/www.cylumine.fr\/images\/puce1.png\" alt=\"\" width=\"13\" height=\"11\" border=\"0\" \/> \u00a0<\/span>Avenue Bernard Hirsch<br \/><span class=\"arialBold\"><img loading=\"lazy\" decoding=\"async\" src=\"https:\/\/www.cylumine.fr\/images\/puce1.png\" alt=\"\" width=\"13\" height=\"11\" border=\"0\" \/> \u00a0<\/span>Rue de la Pr\u00e9fecture<br \/><span class=\"arialBold\"><img loading=\"lazy\" decoding=\"async\" src=\"https:\/\/www.cylumine.fr\/images\/puce1.png\" alt=\"\" width=\"13\" height=\"11\" border=\"0\" \/> \u00a0<\/span>Rue de la Gare<br \/><span class=\"arialBold\"><img loading=\"lazy\" decoding=\"async\" src=\"https:\/\/www.cylumine.fr\/images\/puce1.png\" alt=\"\" width=\"13\" height=\"11\" border=\"0\" \/> \u00a0<\/span>Rue de la Boucle<br \/><span class=\"arialBold\"><img loading=\"lazy\" decoding=\"async\" src=\"https:\/\/www.cylumine.fr\/images\/puce1.png\" alt=\"\" width=\"13\" height=\"11\" border=\"0\" \/> \u00a0<\/span>Rue des Emeraudes<\/p>\n<p> Une recherche de d\u00e9faut est actuellement en cours et un camion laboratoire a \u00e9t\u00e9 sollicit\u00e9 pour nous aider \u00e0 ce sujet.<\/p>\n<p> Les autres postes HT de l\u2019agglom\u00e9ration se sont tous correctement mis en service ce soir.<\/p>\n<p><\/span><\/td>\n<\/tr>\n<tr>\n<td valign=\"top\">\n<hr id=\"archivesBarre\" width=\"100%\" size=\"1\" noshade=\"noshade\" \/><span class=\"arialBoldsurlign\u00e9\" style=\"font-family: Arial, 'Gill Sans', 'Gill Sans MT', 'Myriad Pro', 'DejaVu Sans Condensed', Helvetica, sans-serif; font-size: 14px; font-weight: bold; color: #ffffff; background-color: #cb1e44; background-size: contain; line-height: 20pt;\">\u00a0FLASH INFOS MAINTENANCE &#8211; 19\/09\/2014 &#8211; 23h04\u00a0<\/span><span class=\"arial\"><br \/><strong><span class=\"arialBold\">A l\u2019allumage, des pannes sur le r\u00e9seau Haute Tension sont en cours<\/span><\/strong><\/p>\n<p> 1. L\u2019investigation compl\u00e9mentaire men\u00e9e ce jour sur le <\/span><strong><span class=\"arialBold\">d\u00e9part 6 du poste HT Lampadaire \u00e0 Cergy<\/span><\/strong><span class=\"arial\"> a d\u00e9termin\u00e9 un c\u00e2ble en d\u00e9faut en pleine de terre. Cela n\u00e9cessite d\u2019\u00e9tablir une DICT pour pouvoir mettre en \u0153uvre une fouille et proc\u00e9der \u00e0 sa r\u00e9paration. Le secteur en d\u00e9faut ce soir est une partie du Boulevard de l\u2019Oise \u00e0 Cergy entre le Boulevard du Port et le Boulevard de la Viosne environ 12 Points Lumineux concern\u00e9s.<\/p>\n<p> 2. Le d\u00e9faut du<\/span><strong><span class=\"arialBold\"> d\u00e9part 2 du poste HT Eralum \u00e0 Eragny<\/span><\/strong><span class=\"arial\"> a \u00e9t\u00e9 \u00e9galement isol\u00e9 au maximum ce jour, seulement 6 Points Lumineux impact\u00e9s ce soir sur la Rue Salvador Allende \u00e0 Eragny. Un camion laboratoire a \u00e9t\u00e9 sollicit\u00e9 pour nous appuyer dans cette nouvelle recherche de d\u00e9faut.<\/p>\n<p> Les autres postes HT de l\u2019agglom\u00e9ration se sont tous correctement mis en service ce soir.<\/p>\n<p><\/span><\/td>\n<\/tr>\n<tr>\n<td valign=\"top\" height=\"117\">\n<hr id=\"archivesBarre\" width=\"100%\" size=\"1\" noshade=\"noshade\" \/><span class=\"arialBoldsurlign\u00e9\" style=\"font-family: Arial, 'Gill Sans', 'Gill Sans MT', 'Myriad Pro', 'DejaVu Sans Condensed', Helvetica, sans-serif; font-size: 14px; font-weight: bold; color: #ffffff; background-color: #cb1e44; background-size: contain; line-height: 20pt;\">\u00a0FLASH INFOS MAINTENANCE &#8211; 18\/09\/2014 &#8211; 22h00\u00a0<\/span><span class=\"arial\"><br \/><strong><span class=\"arialBold\">A l\u2019allumage, des pannes sur le r\u00e9seau Haute Tension sont en cours<\/span><\/strong><\/p>\n<p> 1. Nos techniciens ont sold\u00e9s ce jour le d\u00e9faut rencontr\u00e9 hier soir sur le <\/span><span class=\"arialBold\"><strong>d\u00e9part 1 du poste HT Lampadaire \u00e0 Cergy<\/strong>.<\/span><span class=\"arial\"><\/p>\n<p> 2. Le d\u00e9faut du <\/span><strong><span class=\"arialBold\">d\u00e9part 6 du poste HT Lampadaire \u00e0 Cergy<\/span><\/strong><span class=\"arial\"> n\u00e9cessite une investigation compl\u00e9mentaire demain. Le secteur en d\u00e9faut cette nuit a \u00e9t\u00e9 isol\u00e9 une partie du Boulevard de l\u2019Oise \u00e0 Cergy environ 18 Points Lumineux concern\u00e9s.<\/p>\n<p> 3. Nous rencontrons \u00e9galement ce soir une difficult\u00e9 sur le <\/span><strong><span class=\"arialBold\">d\u00e9part 2 du poste HT Eralum \u00e0 Eragny<\/span><\/strong><span class=\"arial\">. Le d\u00e9part concern\u00e9 a \u00e9t\u00e9 consign\u00e9 dans l\u2019attente d\u2019une investigation compl\u00e9mentaire.<\/p>\n<p> Un camion laboratoire a \u00e9t\u00e9 sollicit\u00e9 pour nous appuyer demain dans cette recherche de d\u00e9faut.<\/p>\n<p> Les secteurs impact\u00e9s cette nuit sont:<\/p>\n<p><span class=\"arialBold\"><img loading=\"lazy\" decoding=\"async\" src=\"https:\/\/www.cylumine.fr\/images\/puce1.png\" alt=\"\" width=\"13\" height=\"11\" border=\"0\" \/> \u00a0<\/span>Boulevard de la Commune de Paris<br \/><span class=\"arialBold\"><img loading=\"lazy\" decoding=\"async\" src=\"https:\/\/www.cylumine.fr\/images\/puce1.png\" alt=\"\" width=\"13\" height=\"11\" border=\"0\" \/> \u00a0<\/span>Avenue Jean Jaur\u00e8s<br \/><span class=\"arialBold\"><img loading=\"lazy\" decoding=\"async\" src=\"https:\/\/www.cylumine.fr\/images\/puce1.png\" alt=\"\" width=\"13\" height=\"11\" border=\"0\" \/> \u00a0<\/span>Rue Salvador Allende<br \/><span class=\"arialBold\"><img loading=\"lazy\" decoding=\"async\" src=\"https:\/\/www.cylumine.fr\/images\/puce1.png\" alt=\"\" width=\"13\" height=\"11\" border=\"0\" \/> \u00a0<\/span>Une partie de l\u2019Avenue Roger Salengro<br \/><span class=\"arialBold\"><img loading=\"lazy\" decoding=\"async\" src=\"https:\/\/www.cylumine.fr\/images\/puce1.png\" alt=\"\" width=\"13\" height=\"11\" border=\"0\" \/> \u00a0<\/span>Une partie de la Rue de la Marne<\/p>\n<p> Environ 90 Points Lumineux concern\u00e9s.<\/p>\n<p> Les autres postes HT de l\u2019agglom\u00e9ration se sont tous correctement mis en service ce soir.<\/p>\n<p><\/span><\/td>\n<\/tr>\n<tr>\n<td valign=\"top\" height=\"117\">\n<hr id=\"archivesBarre\" width=\"100%\" size=\"1\" noshade=\"noshade\" \/><span class=\"arialBoldsurlign\u00e9\" style=\"font-family: Arial, 'Gill Sans', 'Gill Sans MT', 'Myriad Pro', 'DejaVu Sans Condensed', Helvetica, sans-serif; font-size: 14px; font-weight: bold; color: #ffffff; background-color: #cb1e44; background-size: contain; line-height: 20pt;\">\u00a0FLASH INFOS MAINTENANCE &#8211; 17\/09\/2014 &#8211; 22h54\u00a0<\/span><span class=\"arial\"><br \/><strong><span class=\"arialBold\">A l\u2019allumage, des pannes sur le r\u00e9seau Haute Tension sont en cours<\/span><\/strong><\/p>\n<p> 1. Nous rencontrons ce soir une difficult\u00e9 sur le <\/span><strong><span class=\"arialBold\">d\u00e9part 1 du poste HT Lampadaire \u00e0 Cergy<\/span><\/strong><span class=\"arial\">. Malgr\u00e9 l\u2019intervention de notre agent d\u2019astreinte sur place et le changement du fusible HT, ce dernier ne repart pas. Le d\u00e9part concern\u00e9 a \u00e9t\u00e9 consign\u00e9 dans l\u2019attente d\u2019une investigation compl\u00e9mentaire.<br \/> Les rues impact\u00e9s cette nuit sont:<\/p>\n<p><span class=\"arialBold\"><img loading=\"lazy\" decoding=\"async\" src=\"https:\/\/www.cylumine.fr\/images\/puce1.png\" alt=\"\" width=\"13\" height=\"11\" border=\"0\" \/> \u00a0<\/span>Une partie du Boulevard de l\u2019Hautil<br \/><span class=\"arialBold\"><img loading=\"lazy\" decoding=\"async\" src=\"https:\/\/www.cylumine.fr\/images\/puce1.png\" alt=\"\" width=\"13\" height=\"11\" border=\"0\" \/> \u00a0<\/span>D48E<br \/><span class=\"arialBold\"><img loading=\"lazy\" decoding=\"async\" src=\"https:\/\/www.cylumine.fr\/images\/puce1.png\" alt=\"\" width=\"13\" height=\"11\" border=\"0\" \/> \u00a0<\/span>Une partie du Boulevard du Port<br \/><span class=\"arialBold\"><img loading=\"lazy\" decoding=\"async\" src=\"https:\/\/www.cylumine.fr\/images\/puce1.png\" alt=\"\" width=\"13\" height=\"11\" border=\"0\" \/> \u00a0<\/span>Avenue des Grouettes<br \/><span class=\"arialBold\"><img loading=\"lazy\" decoding=\"async\" src=\"https:\/\/www.cylumine.fr\/images\/puce1.png\" alt=\"\" width=\"13\" height=\"11\" border=\"0\" \/> \u00a0<\/span>Rue du Prieur\u00e9<br \/><span class=\"arialBold\"><img loading=\"lazy\" decoding=\"async\" src=\"https:\/\/www.cylumine.fr\/images\/puce1.png\" alt=\"\" width=\"13\" height=\"11\" border=\"0\" \/> \u00a0<\/span>Avenue Jean Bart<br \/><span class=\"arialBold\"><img loading=\"lazy\" decoding=\"async\" src=\"https:\/\/www.cylumine.fr\/images\/puce1.png\" alt=\"\" width=\"13\" height=\"11\" border=\"0\" \/> \u00a0<\/span>Rue de l\u2019Amiral<\/p>\n<p> 2. Nous rencontrons \u00e9galement ce soir une difficult\u00e9 sur le <\/span><strong><span class=\"arialBold\">d\u00e9part 6 du poste HT Lampadaire \u00e0 Cergy<\/span><\/strong><span class=\"arial\">. Le d\u00e9part concern\u00e9 a \u00e9t\u00e9 consign\u00e9 dans l\u2019attente d\u2019une investigation compl\u00e9mentaire.<br \/> Un camion laboratoire a \u00e9t\u00e9 sollicit\u00e9 pour nous appuyer dans ces recherches de d\u00e9fauts.<br \/> Les rues impact\u00e9s cette nuit sont:<\/p>\n<p><span class=\"arialBold\"><img loading=\"lazy\" decoding=\"async\" src=\"https:\/\/www.cylumine.fr\/images\/puce1.png\" alt=\"\" width=\"13\" height=\"11\" border=\"0\" \/> \u00a0<\/span>Une partie du Boulevard de l\u2019Oise<br \/><span class=\"arialBold\"><img loading=\"lazy\" decoding=\"async\" src=\"https:\/\/www.cylumine.fr\/images\/puce1.png\" alt=\"\" width=\"13\" height=\"11\" border=\"0\" \/> \u00a0<\/span>Une partie du Boulevard de la Viosne<br \/><span class=\"arialBold\"><img loading=\"lazy\" decoding=\"async\" src=\"https:\/\/www.cylumine.fr\/images\/puce1.png\" alt=\"\" width=\"13\" height=\"11\" border=\"0\" \/> \u00a0<\/span>Une partie du Boulevard du Port<br \/><span class=\"arialBold\"><img loading=\"lazy\" decoding=\"async\" src=\"https:\/\/www.cylumine.fr\/images\/puce1.png\" alt=\"\" width=\"13\" height=\"11\" border=\"0\" \/> \u00a0<\/span>Avenue des 3 Fontaines<br \/><span class=\"arialBold\"><img loading=\"lazy\" decoding=\"async\" src=\"https:\/\/www.cylumine.fr\/images\/puce1.png\" alt=\"\" width=\"13\" height=\"11\" border=\"0\" \/> \u00a0<\/span>Avenue de la Poste<br \/><span class=\"arialBold\"><img loading=\"lazy\" decoding=\"async\" src=\"https:\/\/www.cylumine.fr\/images\/puce1.png\" alt=\"\" width=\"13\" height=\"11\" border=\"0\" \/> \u00a0<\/span>Avenue Bernard Hirsch<br \/><span class=\"arialBold\"><img loading=\"lazy\" decoding=\"async\" src=\"https:\/\/www.cylumine.fr\/images\/puce1.png\" alt=\"\" width=\"13\" height=\"11\" border=\"0\" \/> \u00a0<\/span>Rue de la Pr\u00e9fecture<br \/><span class=\"arialBold\"><img loading=\"lazy\" decoding=\"async\" src=\"https:\/\/www.cylumine.fr\/images\/puce1.png\" alt=\"\" width=\"13\" height=\"11\" border=\"0\" \/> \u00a0<\/span>Rue de la Gare<br \/><span class=\"arialBold\"><img loading=\"lazy\" decoding=\"async\" src=\"https:\/\/www.cylumine.fr\/images\/puce1.png\" alt=\"\" width=\"13\" height=\"11\" border=\"0\" \/> \u00a0<\/span>Rue de la Boucle<br \/><span class=\"arialBold\"><img loading=\"lazy\" decoding=\"async\" src=\"https:\/\/www.cylumine.fr\/images\/puce1.png\" alt=\"\" width=\"13\" height=\"11\" border=\"0\" \/> \u00a0<\/span>Rue des Emeraudes<\/p>\n<p> Les autres postes HT de l\u2019agglom\u00e9ration se sont tous correctement mis en service ce soir.<\/p>\n<p><\/span><\/td>\n<\/tr>\n<tr>\n<td valign=\"top\" height=\"117\">\n<hr id=\"archivesBarre\" width=\"100%\" size=\"1\" noshade=\"noshade\" \/><span class=\"arialBoldsurlign\u00e9\" style=\"font-family: Arial, 'Gill Sans', 'Gill Sans MT', 'Myriad Pro', 'DejaVu Sans Condensed', Helvetica, sans-serif; font-size: 14px; font-weight: bold; color: #ffffff; background-color: #cb1e44; background-size: contain; line-height: 20pt;\">\u00a0FLASH INFOS MAINTENANCE &#8211; 13\/08\/2014 &#8211; 23h00\u00a0<\/span><span class=\"arial\"><br \/><strong><span class=\"arialBold\">A l\u2019allumage, des pannes sur le r\u00e9seau Haute Tension sont en cours<\/span><\/strong><\/p>\n<p> Nous rencontrons ce soir une difficult\u00e9 majeure sur le <\/span><strong><span class=\"arialBold\">d\u00e9part 4 du poste HT Puisum \u00e0 Cergy<\/span><\/strong><span class=\"arial\">. Les tests d\u2019isolement ne permettent pas un r\u00e9enclenchement du d\u00e9part concern\u00e9. Ce dernier a \u00e9t\u00e9 consign\u00e9 dans l\u2019attente d\u2019une investigation compl\u00e9mentaire.<br \/> Un camion laboratoire a \u00e9t\u00e9 sollicit\u00e9 pour nous appuyer dans cette recherche de d\u00e9faut.<\/p>\n<p> Les secteurs impact\u00e9s cette nuit sur Cergy sont:<\/p>\n<p><span class=\"arialBold\"><img loading=\"lazy\" decoding=\"async\" src=\"https:\/\/www.cylumine.fr\/images\/puce1.png\" alt=\"\" width=\"13\" height=\"11\" border=\"0\" \/> \u00a0<\/span>Boulevard de l\u2019Oise<br \/><span class=\"arialBold\"><img loading=\"lazy\" decoding=\"async\" src=\"https:\/\/www.cylumine.fr\/images\/puce1.png\" alt=\"\" width=\"13\" height=\"11\" border=\"0\" \/> \u00a0<\/span>Boulevard d\u2019Osny<br \/><span class=\"arialBold\"><img loading=\"lazy\" decoding=\"async\" src=\"https:\/\/www.cylumine.fr\/images\/puce1.png\" alt=\"\" width=\"13\" height=\"11\" border=\"0\" \/> \u00a0<\/span>Boulevard de la Paix<br \/><span class=\"arialBold\"><img loading=\"lazy\" decoding=\"async\" src=\"https:\/\/www.cylumine.fr\/images\/puce1.png\" alt=\"\" width=\"13\" height=\"11\" border=\"0\" \/> \u00a0<\/span>Avenue de la Constellation<br \/><span class=\"arialBold\"><img loading=\"lazy\" decoding=\"async\" src=\"https:\/\/www.cylumine.fr\/images\/puce1.png\" alt=\"\" width=\"13\" height=\"11\" border=\"0\" \/> \u00a0<\/span>Avenue de la Belle Haumi\u00e8re<br \/><span class=\"arialBold\"><img loading=\"lazy\" decoding=\"async\" src=\"https:\/\/www.cylumine.fr\/images\/puce1.png\" alt=\"\" width=\"13\" height=\"11\" border=\"0\" \/> \u00a0<\/span>Avenue du Haut Pav\u00e9<br \/><span class=\"arialBold\"><img loading=\"lazy\" decoding=\"async\" src=\"https:\/\/www.cylumine.fr\/images\/puce1.png\" alt=\"\" width=\"13\" height=\"11\" border=\"0\" \/> \u00a0<\/span>Avenue des B\u00e9guines<br \/><span class=\"arialBold\"><img loading=\"lazy\" decoding=\"async\" src=\"https:\/\/www.cylumine.fr\/images\/puce1.png\" alt=\"\" width=\"13\" height=\"11\" border=\"0\" \/> \u00a0<\/span>Rue du Cloitre<br \/><span class=\"arialBold\"><img loading=\"lazy\" decoding=\"async\" src=\"https:\/\/www.cylumine.fr\/images\/puce1.png\" alt=\"\" width=\"13\" height=\"11\" border=\"0\" \/> \u00a0<\/span>Rue de la Chanterelle<br \/><span class=\"arialBold\"><img loading=\"lazy\" decoding=\"async\" src=\"https:\/\/www.cylumine.fr\/images\/puce1.png\" alt=\"\" width=\"13\" height=\"11\" border=\"0\" \/> \u00a0<\/span>Passage de l\u2019Escapade<br \/><span class=\"arialBold\"><img loading=\"lazy\" decoding=\"async\" src=\"https:\/\/www.cylumine.fr\/images\/puce1.png\" alt=\"\" width=\"13\" height=\"11\" border=\"0\" \/> \u00a0<\/span>Rue de la Musaraigne<br \/><span class=\"arialBold\"><img loading=\"lazy\" decoding=\"async\" src=\"https:\/\/www.cylumine.fr\/images\/puce1.png\" alt=\"\" width=\"13\" height=\"11\" border=\"0\" \/> \u00a0<\/span>Sente Margot<br \/><span class=\"arialBold\"><img loading=\"lazy\" decoding=\"async\" src=\"https:\/\/www.cylumine.fr\/images\/puce1.png\" alt=\"\" width=\"13\" height=\"11\" border=\"0\" \/> \u00a0<\/span>Promenade du Gros Caillou<\/p>\n<p> Environ 280 Points Lumineux concern\u00e9s.<\/p>\n<p> Les autres postes HT de l\u2019agglom\u00e9ration se sont tous correctement mis en service ce soir.<\/p>\n<p><\/span><\/td>\n<\/tr>\n<tr>\n<td valign=\"top\" height=\"117\">\n<hr id=\"archivesBarre\" width=\"100%\" size=\"1\" noshade=\"noshade\" \/><span class=\"arialBoldsurlign\u00e9\" style=\"font-family: Arial, 'Gill Sans', 'Gill Sans MT', 'Myriad Pro', 'DejaVu Sans Condensed', Helvetica, sans-serif; font-size: 14px; font-weight: bold; color: #ffffff; background-color: #cb1e44; background-size: contain; line-height: 20pt;\">\u00a0FLASH INFOS MAINTENANCE &#8211; 08\/08\/2014 &#8211; 23h35\u00a0<\/span><span class=\"arial\"><br \/><strong><span class=\"arialBold\">A l\u2019allumage, des pannes sur le r\u00e9seau Haute Tension sont en cours<\/span><\/strong><\/p>\n<p> Nos techniciens ont sold\u00e9s ce jour les d\u00e9fauts rencontr\u00e9s hier soir sur le <strong>d\u00e9part 1 et 3 du poste HT Puisum \u00e0 Cergy<\/strong>. Le d\u00e9faut rencontr\u00e9 sur <strong>d\u00e9part 3 du poste HT Halog\u00e8ne \u00e0 Vaur\u00e9al<\/strong> hier soir a \u00e9t\u00e9 \u00e9galement sold\u00e9 ce jour.<\/p>\n<p> 1. Nous rencontrons toujours une difficult\u00e9 sur le <\/span><strong><span class=\"arialBold\">d\u00e9part 5 du poste HT Lampadaire \u00e0 Cergy<\/span><\/strong><span class=\"arial\">. Pour rappel, une port\u00e9e de c\u00e2ble Haute Tension en d\u00e9faut est \u00e0 l\u2019origine de la panne.<br \/> Nos techniciens ont pu r\u00e9duire le nombre de points lumineux impact\u00e9s par cette panne en isolant au maximum la partie du r\u00e9seau en d\u00e9faut. Ce qui nous permet de passer de 118 PL \u00e0 51 PL.<\/p>\n<p> Les secteurs impact\u00e9s cette nuit sur Cergy sont:<\/p>\n<p><span class=\"arialBold\"><img loading=\"lazy\" decoding=\"async\" src=\"https:\/\/www.cylumine.fr\/images\/puce1.png\" alt=\"\" width=\"13\" height=\"11\" border=\"0\" \/> \u00a0<\/span>Partie Est de l\u2019Avenue du Sud<br \/><span class=\"arialBold\"><img loading=\"lazy\" decoding=\"async\" src=\"https:\/\/www.cylumine.fr\/images\/puce1.png\" alt=\"\" width=\"13\" height=\"11\" border=\"0\" \/> \u00a0<\/span>Avenue des Anglais<br \/><span class=\"arialBold\"><img loading=\"lazy\" decoding=\"async\" src=\"https:\/\/www.cylumine.fr\/images\/puce1.png\" alt=\"\" width=\"13\" height=\"11\" border=\"0\" \/> \u00a0<\/span>Boulevard des Maraichers<\/p>\n<p> Environ 51 Points Lumineux concern\u00e9s.<\/p>\n<p> Les autres postes HT de l\u2019agglom\u00e9ration se sont tous correctement mis en service ce soir.<\/p>\n<p><\/span><\/td>\n<\/tr>\n<tr>\n<td valign=\"top\" height=\"117\">\n<hr id=\"archivesBarre\" width=\"100%\" size=\"1\" noshade=\"noshade\" \/><span class=\"arialBoldsurlign\u00e9\" style=\"font-family: Arial, 'Gill Sans', 'Gill Sans MT', 'Myriad Pro', 'DejaVu Sans Condensed', Helvetica, sans-serif; font-size: 14px; font-weight: bold; color: #ffffff; background-color: #cb1e44; background-size: contain; line-height: 20pt;\">\u00a0FLASH INFOS MAINTENANCE &#8211; 07\/08\/2014 &#8211; 23h36\u00a0<\/span><span class=\"arial\"><br \/><strong><span class=\"arialBold\">A l\u2019allumage, des pannes sur le r\u00e9seau Haute Tension sont en cours<\/span><\/strong><\/p>\n<p> Suite aux fortes pluies de ces derniers jours, nous rencontrons des difficult\u00e9s sur diff\u00e9rents poste HT d\u00e9taill\u00e9s ci-dessous :<\/p>\n<p> 1. Nous rencontrons ce soir une difficult\u00e9 majeure sur le<\/span><strong><span class=\"arialBold\"> d\u00e9part 1 du poste HT Puisum \u00e0 Cergy<\/span><\/strong><span class=\"arial\">. Le d\u00e9part concern\u00e9 a \u00e9t\u00e9 consign\u00e9 dans l\u2019attente d\u2019une investigation compl\u00e9mentaire.<br \/> Un camion laboratoire a \u00e9t\u00e9 sollicit\u00e9 pour nous appuyer dans cette recherche de d\u00e9faut.<\/p>\n<p> Les secteurs impact\u00e9s cette nuit sur Cergy sont:<\/p>\n<p><span class=\"arialBold\"><img loading=\"lazy\" decoding=\"async\" src=\"https:\/\/www.cylumine.fr\/images\/puce1.png\" alt=\"\" width=\"13\" height=\"11\" border=\"0\" \/> \u00a0<\/span>Rondpoint du Haut de Cergy<br \/><span class=\"arialBold\"><img loading=\"lazy\" decoding=\"async\" src=\"https:\/\/www.cylumine.fr\/images\/puce1.png\" alt=\"\" width=\"13\" height=\"11\" border=\"0\" \/> \u00a0<\/span>Une partie du Boulevard de l\u2019Oise<br \/><span class=\"arialBold\"><img loading=\"lazy\" decoding=\"async\" src=\"https:\/\/www.cylumine.fr\/images\/puce1.png\" alt=\"\" width=\"13\" height=\"11\" border=\"0\" \/> \u00a0<\/span>Avenue de la Constellation<br \/><span class=\"arialBold\"><img loading=\"lazy\" decoding=\"async\" src=\"https:\/\/www.cylumine.fr\/images\/puce1.png\" alt=\"\" width=\"13\" height=\"11\" border=\"0\" \/> \u00a0<\/span>Avenue de l\u2019Embellie<br \/><span class=\"arialBold\"><img loading=\"lazy\" decoding=\"async\" src=\"https:\/\/www.cylumine.fr\/images\/puce1.png\" alt=\"\" width=\"13\" height=\"11\" border=\"0\" \/> \u00a0<\/span>Avenue du Jour<br \/><span class=\"arialBold\"><img loading=\"lazy\" decoding=\"async\" src=\"https:\/\/www.cylumine.fr\/images\/puce1.png\" alt=\"\" width=\"13\" height=\"11\" border=\"0\" \/> \u00a0<\/span>Rue de la Lanterne<br \/><span class=\"arialBold\"><img loading=\"lazy\" decoding=\"async\" src=\"https:\/\/www.cylumine.fr\/images\/puce1.png\" alt=\"\" width=\"13\" height=\"11\" border=\"0\" \/> \u00a0<\/span>Rue de la Sardane<\/p>\n<p> Environ 103 Points Lumineux concern\u00e9s.<\/p>\n<p> 2. Nous rencontrons ce soir une autre difficult\u00e9 majeure sur le <\/span><strong><span class=\"arialBold\">d\u00e9part 3 du poste HT Puisum \u00e0 Cergy<\/span><\/strong><span class=\"arial\">. Le d\u00e9part concern\u00e9 a \u00e9t\u00e9 consign\u00e9 dans l\u2019attente d\u2019une investigation compl\u00e9mentaire.<br \/> Un camion laboratoire a \u00e9t\u00e9 \u00e9galement sollicit\u00e9 pour nous appuyer dans cette recherche de d\u00e9faut.<\/p>\n<p> Les secteurs impact\u00e9s cette nuit sur Cergy sont:<\/p>\n<p><span class=\"arialBold\"><img loading=\"lazy\" decoding=\"async\" src=\"https:\/\/www.cylumine.fr\/images\/puce1.png\" alt=\"\" width=\"13\" height=\"11\" border=\"0\" \/> \u00a0<\/span>Boulevard d\u2019Osny<br \/><span class=\"arialBold\"><img loading=\"lazy\" decoding=\"async\" src=\"https:\/\/www.cylumine.fr\/images\/puce1.png\" alt=\"\" width=\"13\" height=\"11\" border=\"0\" \/> \u00a0<\/span>Boulevard de la Paix<br \/><span class=\"arialBold\"><img loading=\"lazy\" decoding=\"async\" src=\"https:\/\/www.cylumine.fr\/images\/puce1.png\" alt=\"\" width=\"13\" height=\"11\" border=\"0\" \/> \u00a0<\/span>Avenue du Centaure<br \/><span class=\"arialBold\"><img loading=\"lazy\" decoding=\"async\" src=\"https:\/\/www.cylumine.fr\/images\/puce1.png\" alt=\"\" width=\"13\" height=\"11\" border=\"0\" \/> \u00a0<\/span>Avenue des Genottes<br \/><span class=\"arialBold\"><img loading=\"lazy\" decoding=\"async\" src=\"https:\/\/www.cylumine.fr\/images\/puce1.png\" alt=\"\" width=\"13\" height=\"11\" border=\"0\" \/> \u00a0<\/span>Avenue des B\u00e9guines<br \/><span class=\"arialBold\"><img loading=\"lazy\" decoding=\"async\" src=\"https:\/\/www.cylumine.fr\/images\/puce1.png\" alt=\"\" width=\"13\" height=\"11\" border=\"0\" \/> \u00a0<\/span>Avenue du Martelet<br \/><span class=\"arialBold\"><img loading=\"lazy\" decoding=\"async\" src=\"https:\/\/www.cylumine.fr\/images\/puce1.png\" alt=\"\" width=\"13\" height=\"11\" border=\"0\" \/> \u00a0<\/span>Rue des Voyageurs<br \/><span class=\"arialBold\"><img loading=\"lazy\" decoding=\"async\" src=\"https:\/\/www.cylumine.fr\/images\/puce1.png\" alt=\"\" width=\"13\" height=\"11\" border=\"0\" \/> \u00a0<\/span>Rue des Pas Perdus<br \/><span class=\"arialBold\"><img loading=\"lazy\" decoding=\"async\" src=\"https:\/\/www.cylumine.fr\/images\/puce1.png\" alt=\"\" width=\"13\" height=\"11\" border=\"0\" \/> \u00a0<\/span>Rue de l\u2019Aven<br \/><span class=\"arialBold\"><img loading=\"lazy\" decoding=\"async\" src=\"https:\/\/www.cylumine.fr\/images\/puce1.png\" alt=\"\" width=\"13\" height=\"11\" border=\"0\" \/> \u00a0<\/span>Rue du Chemin de Fer<br \/><span class=\"arialBold\"><img loading=\"lazy\" decoding=\"async\" src=\"https:\/\/www.cylumine.fr\/images\/puce1.png\" alt=\"\" width=\"13\" height=\"11\" border=\"0\" \/> \u00a0<\/span>Rue de la Bastide<br \/><span class=\"arialBold\"><img loading=\"lazy\" decoding=\"async\" src=\"https:\/\/www.cylumine.fr\/images\/puce1.png\" alt=\"\" width=\"13\" height=\"11\" border=\"0\" \/> \u00a0<\/span>Rue de l\u2019Abondance<br \/><span class=\"arialBold\"><img loading=\"lazy\" decoding=\"async\" src=\"https:\/\/www.cylumine.fr\/images\/puce1.png\" alt=\"\" width=\"13\" height=\"11\" border=\"0\" \/> \u00a0<\/span>Rue du Petit Albi<br \/><span class=\"arialBold\"><img loading=\"lazy\" decoding=\"async\" src=\"https:\/\/www.cylumine.fr\/images\/puce1.png\" alt=\"\" width=\"13\" height=\"11\" border=\"0\" \/> \u00a0<\/span>Rue du Promenoir<\/p>\n<p> Les secteurs impact\u00e9s cette nuit sur Osny sont:<\/p>\n<p><span class=\"arialBold\"><img loading=\"lazy\" decoding=\"async\" src=\"https:\/\/www.cylumine.fr\/images\/puce1.png\" alt=\"\" width=\"13\" height=\"11\" border=\"0\" \/> \u00a0<\/span>Chauss\u00e9e Jules C\u00e9sar<br \/><span class=\"arialBold\"><img loading=\"lazy\" decoding=\"async\" src=\"https:\/\/www.cylumine.fr\/images\/puce1.png\" alt=\"\" width=\"13\" height=\"11\" border=\"0\" \/> \u00a0<\/span>Rue de Puiseux<\/p>\n<p> Environ 448 Points Lumineux concern\u00e9s.<\/p>\n<p> 3. Nous avons rencontr\u00e9 ce jour une difficult\u00e9 sur le <\/span><strong><span class=\"arialBold\">d\u00e9part 5 du poste HT Lampadaire \u00e0 Cergy<\/span><\/strong><span class=\"arial\">. Une port\u00e9e de c\u00e2ble Haute Tension en d\u00e9faut est \u00e0 l\u2019origine de la panne. Nos techniciens ont pu isoler la partie du r\u00e9seau concern\u00e9. Nos \u00e9quipes interviendront demain pour solutionner ce d\u00e9faut.<\/p>\n<p> Les secteurs impact\u00e9s cette nuit sur Cergy sont:<\/p>\n<p><span class=\"arialBold\"><img loading=\"lazy\" decoding=\"async\" src=\"https:\/\/www.cylumine.fr\/images\/puce1.png\" alt=\"\" width=\"13\" height=\"11\" border=\"0\" \/> \u00a0<\/span>Partie Est de l\u2019Avenue du Sud<br \/><span class=\"arialBold\"><img loading=\"lazy\" decoding=\"async\" src=\"https:\/\/www.cylumine.fr\/images\/puce1.png\" alt=\"\" width=\"13\" height=\"11\" border=\"0\" \/> \u00a0<\/span>Avenue du Bois<br \/><span class=\"arialBold\"><img loading=\"lazy\" decoding=\"async\" src=\"https:\/\/www.cylumine.fr\/images\/puce1.png\" alt=\"\" width=\"13\" height=\"11\" border=\"0\" \/> \u00a0<\/span>Touleuses Brunes<br \/><span class=\"arialBold\"><img loading=\"lazy\" decoding=\"async\" src=\"https:\/\/www.cylumine.fr\/images\/puce1.png\" alt=\"\" width=\"13\" height=\"11\" border=\"0\" \/> \u00a0<\/span>Avenue de la Palette<\/p>\n<p> Environ 118 Points Lumineux concern\u00e9s.<\/p>\n<p> 4. Nous rencontrons \u00e9galement ce soir une difficult\u00e9 sur le <\/span><strong><span class=\"arialBold\">d\u00e9part 3 du poste HT Halog\u00e8ne \u00e0 Vaur\u00e9al<\/span><\/strong><span class=\"arial\">. Le d\u00e9part concern\u00e9 pr\u00e9sente un d\u00e9faut majeur, il a \u00e9t\u00e9 consign\u00e9. Un camion laboratoire sera sollicit\u00e9 pour nous appuyer dans cette recherche de d\u00e9faut.<\/p>\n<p> Les secteurs impact\u00e9s cette nuit sur Courdimanche sont:<\/p>\n<p><span class=\"arialBold\"><img loading=\"lazy\" decoding=\"async\" src=\"https:\/\/www.cylumine.fr\/images\/puce1.png\" alt=\"\" width=\"13\" height=\"11\" border=\"0\" \/> \u00a0<\/span>Boulevard du Golf<br \/><span class=\"arialBold\"><img loading=\"lazy\" decoding=\"async\" src=\"https:\/\/www.cylumine.fr\/images\/puce1.png\" alt=\"\" width=\"13\" height=\"11\" border=\"0\" \/> \u00a0<\/span>Boulevard de la Cr\u00e8te<br \/><span class=\"arialBold\"><img loading=\"lazy\" decoding=\"async\" src=\"https:\/\/www.cylumine.fr\/images\/puce1.png\" alt=\"\" width=\"13\" height=\"11\" border=\"0\" \/> \u00a0<\/span>Boulevard Sainte-Apolline<br \/><span class=\"arialBold\"><img loading=\"lazy\" decoding=\"async\" src=\"https:\/\/www.cylumine.fr\/images\/puce1.png\" alt=\"\" width=\"13\" height=\"11\" border=\"0\" \/> \u00a0<\/span>Boulevard des Chasseurs<br \/><span class=\"arialBold\"><img loading=\"lazy\" decoding=\"async\" src=\"https:\/\/www.cylumine.fr\/images\/puce1.png\" alt=\"\" width=\"13\" height=\"11\" border=\"0\" \/> \u00a0<\/span>D51<br \/><span class=\"arialBold\"><img loading=\"lazy\" decoding=\"async\" src=\"https:\/\/www.cylumine.fr\/images\/puce1.png\" alt=\"\" width=\"13\" height=\"11\" border=\"0\" \/> \u00a0<\/span>Rue Vieille Saint-Martin<br \/><span class=\"arialBold\"><img loading=\"lazy\" decoding=\"async\" src=\"https:\/\/www.cylumine.fr\/images\/puce1.png\" alt=\"\" width=\"13\" height=\"11\" border=\"0\" \/> \u00a0<\/span>Rue des Coudraies<br \/><span class=\"arialBold\"><img loading=\"lazy\" decoding=\"async\" src=\"https:\/\/www.cylumine.fr\/images\/puce1.png\" alt=\"\" width=\"13\" height=\"11\" border=\"0\" \/> \u00a0<\/span>Rond-Point du Miroir<br \/><span class=\"arialBold\"><img loading=\"lazy\" decoding=\"async\" src=\"https:\/\/www.cylumine.fr\/images\/puce1.png\" alt=\"\" width=\"13\" height=\"11\" border=\"0\" \/> \u00a0<\/span>Rue du Trou Tonnerre<br \/><span class=\"arialBold\"><img loading=\"lazy\" decoding=\"async\" src=\"https:\/\/www.cylumine.fr\/images\/puce1.png\" alt=\"\" width=\"13\" height=\"11\" border=\"0\" \/> \u00a0<\/span>Rue des Grands Bouleaux<br \/><span class=\"arialBold\"><img loading=\"lazy\" decoding=\"async\" src=\"https:\/\/www.cylumine.fr\/images\/puce1.png\" alt=\"\" width=\"13\" height=\"11\" border=\"0\" \/> \u00a0<\/span>Rue de l\u2019Eider<br \/><span class=\"arialBold\"><img loading=\"lazy\" decoding=\"async\" src=\"https:\/\/www.cylumine.fr\/images\/puce1.png\" alt=\"\" width=\"13\" height=\"11\" border=\"0\" \/> \u00a0<\/span>Chemin des Cygnes<\/p>\n<p> Environ 342 Points Lumineux concern\u00e9s.<\/p>\n<p> Les autres postes HT de l\u2019agglom\u00e9ration se sont tous correctement mis en service ce soir.<\/p>\n<p><\/span><\/td>\n<\/tr>\n<tr>\n<td valign=\"top\" height=\"117\">\n<hr id=\"archivesBarre\" width=\"100%\" size=\"1\" noshade=\"noshade\" \/><span class=\"arialBoldsurlign\u00e9\" style=\"font-family: Arial, 'Gill Sans', 'Gill Sans MT', 'Myriad Pro', 'DejaVu Sans Condensed', Helvetica, sans-serif; font-size: 14px; font-weight: bold; color: #ffffff; background-color: #cb1e44; background-size: contain; line-height: 20pt;\">\u00a0FLASH INFOS MAINTENANCE &#8211; 05\/08\/2014 &#8211; 21h38\u00a0<\/span><span class=\"arial\"><br \/><strong><span class=\"arialBold\">A l\u2019allumage, des pannes sur le r\u00e9seau Haute Tension sont en cours<\/span><\/strong><\/p>\n<p> Nous rencontrons ce jour une difficult\u00e9 sur le <strong>d\u00e9part 4 du poste HT Halog\u00e8ne \u00e0 Vaur\u00e9al<\/strong>. Le d\u00e9part concern\u00e9 a pr\u00e9sent\u00e9 hier soir un d\u00e9faut homopolaire, il a \u00e9t\u00e9 r\u00e9enclench\u00e9 le soir m\u00eame. Suite \u00e0 cette \u00e9v\u00e8nement, nous avons sollicit\u00e9 ce jour un camion laboratoire pour nous appuyer dans cette recherche de d\u00e9faut. Nous avons pu isoler une partie du r\u00e9seau HT en d\u00e9faut dans l\u2019attente d\u2019une r\u00e9-intervention des techniciens demain.<\/p>\n<p> Les secteurs impact\u00e9s cette nuit sur Courdimanche sont:<\/p>\n<p><span class=\"arialBold\"><img loading=\"lazy\" decoding=\"async\" src=\"https:\/\/www.cylumine.fr\/images\/puce1.png\" alt=\"\" width=\"13\" height=\"11\" border=\"0\" \/> \u00a0<\/span>Boulevard de la Cr\u00e8te<br \/><span class=\"arialBold\"><img loading=\"lazy\" decoding=\"async\" src=\"https:\/\/www.cylumine.fr\/images\/puce1.png\" alt=\"\" width=\"13\" height=\"11\" border=\"0\" \/> \u00a0<\/span>Boulevard Sainte-Apolline<br \/><span class=\"arialBold\"><img loading=\"lazy\" decoding=\"async\" src=\"https:\/\/www.cylumine.fr\/images\/puce1.png\" alt=\"\" width=\"13\" height=\"11\" border=\"0\" \/> \u00a0<\/span>Boulevard des Chasseurs<br \/><span class=\"arialBold\"><img loading=\"lazy\" decoding=\"async\" src=\"https:\/\/www.cylumine.fr\/images\/puce1.png\" alt=\"\" width=\"13\" height=\"11\" border=\"0\" \/> \u00a0<\/span>Rue Vieille Saint-Martin<br \/><span class=\"arialBold\"><img loading=\"lazy\" decoding=\"async\" src=\"https:\/\/www.cylumine.fr\/images\/puce1.png\" alt=\"\" width=\"13\" height=\"11\" border=\"0\" \/> \u00a0<\/span>D38<\/p>\n<p> Environ 195 Points Lumineux concern\u00e9s.<\/p>\n<p> Tous les autres postes HT de l\u2019agglom\u00e9ration se sont correctement mis en service ce soir.<\/span><span class=\"arial\"><\/p>\n<p><\/span><\/td>\n<\/tr>\n<tr>\n<td valign=\"top\" height=\"102\">\n<hr id=\"archivesBarre\" width=\"100%\" size=\"1\" noshade=\"noshade\" \/><span class=\"arialBoldsurlign\u00e9\" style=\"font-family: Arial, 'Gill Sans', 'Gill Sans MT', 'Myriad Pro', 'DejaVu Sans Condensed', Helvetica, sans-serif; font-size: 14px; font-weight: bold; color: #ffffff; background-color: #cb1e44; background-size: contain; line-height: 20pt;\">\u00a0FLASH INFOS MAINTENANCE &#8211; 14\/07\/2014 &#8211; 23h00\u00a0<\/span><span class=\"arial\"><\/p>\n<p><\/span><span class=\"arial\">Nos techniciens ont sold\u00e9s ce jour le d\u00e9faut rencontr\u00e9 hier soir sur le <strong>d\u00e9part 6 du poste HT Hautilum \u00e0 Jouy-Le-Moutier<\/strong>.<\/p>\n<p> Tous les autres postes HT de l\u2019agglom\u00e9ration se sont correctement mis en service ce soir.<\/p>\n<p><\/span><\/td>\n<\/tr>\n<tr>\n<td valign=\"top\" height=\"207\">\n<hr id=\"archivesBarre\" width=\"100%\" size=\"1\" noshade=\"noshade\" \/><span class=\"arialBoldsurlign\u00e9\" style=\"font-family: Arial, 'Gill Sans', 'Gill Sans MT', 'Myriad Pro', 'DejaVu Sans Condensed', Helvetica, sans-serif; font-size: 14px; font-weight: bold; color: #ffffff; background-color: #cb1e44; background-size: contain; line-height: 20pt;\">\u00a0FLASH INFOS MAINTENANCE &#8211; 13\/07\/2014 &#8211; 23h22\u00a0<\/span><span class=\"arialBold\"><span class=\"arialBold\"><br \/><\/span><\/span><span class=\"arial\"><strong><span class=\"arialBold\">A l\u2019allumage, des pannes sur le r\u00e9seau Haute Tension sont en cours<\/span><\/strong><\/p>\n<p> Nous rencontrons ce soir une difficult\u00e9 sur le <\/span><strong><span class=\"arialBold\">d\u00e9part 6 du poste HT Hautilum \u00e0 Jouy-Le-Moutier<\/span><\/strong><span class=\"arial\">. Le d\u00e9part concern\u00e9 pr\u00e9sente un d\u00e9faut majeur, il a \u00e9t\u00e9 consign\u00e9. Un camion laboratoire sera sollicit\u00e9 pour nous appuyer dans cette recherche de d\u00e9faut.<\/p>\n<p> Les secteurs impact\u00e9s cette nuit sur Jouy-Le-Moutier sont:<\/p>\n<p><span class=\"arialBold\"><img loading=\"lazy\" decoding=\"async\" src=\"https:\/\/www.cylumine.fr\/images\/puce1.png\" alt=\"\" width=\"13\" height=\"11\" border=\"0\" \/> \u00a0<\/span>Une partie de l\u2019Avenue des Bruzacques<br \/><span class=\"arialBold\"><img loading=\"lazy\" decoding=\"async\" src=\"https:\/\/www.cylumine.fr\/images\/puce1.png\" alt=\"\" width=\"13\" height=\"11\" border=\"0\" \/> \u00a0<\/span>Rue des Marleines<br \/><span class=\"arialBold\"><img loading=\"lazy\" decoding=\"async\" src=\"https:\/\/www.cylumine.fr\/images\/puce1.png\" alt=\"\" width=\"13\" height=\"11\" border=\"0\" \/> \u00a0<\/span>All\u00e9e des Trompettes<br \/><span class=\"arialBold\"><img loading=\"lazy\" decoding=\"async\" src=\"https:\/\/www.cylumine.fr\/images\/puce1.png\" alt=\"\" width=\"13\" height=\"11\" border=\"0\" \/> \u00a0<\/span>All\u00e9e des Belles Vues<br \/><span class=\"arialBold\"><img loading=\"lazy\" decoding=\"async\" src=\"https:\/\/www.cylumine.fr\/images\/puce1.png\" alt=\"\" width=\"13\" height=\"11\" border=\"0\" \/> \u00a0<\/span>Square des Retentis<br \/><span class=\"arialBold\"><img loading=\"lazy\" decoding=\"async\" src=\"https:\/\/www.cylumine.fr\/images\/puce1.png\" alt=\"\" width=\"13\" height=\"11\" border=\"0\" \/> \u00a0<\/span>Rue des Hubles<br \/><span class=\"arialBold\"><img loading=\"lazy\" decoding=\"async\" src=\"https:\/\/www.cylumine.fr\/images\/puce1.png\" alt=\"\" width=\"13\" height=\"11\" border=\"0\" \/> \u00a0<\/span>Rue des Croix Saint-Marc<br \/><span class=\"arialBold\"><img loading=\"lazy\" decoding=\"async\" src=\"https:\/\/www.cylumine.fr\/images\/puce1.png\" alt=\"\" width=\"13\" height=\"11\" border=\"0\" \/> \u00a0<\/span>Rue de la Clairi\u00e8re<\/p>\n<p> Environ 70 Points Lumineux concern\u00e9s.<\/p>\n<p> Tous les autres postes HT de l\u2019agglom\u00e9ration se sont correctement mis en service ce soir.<\/p>\n<p><\/span><\/td>\n<\/tr>\n<tr>\n<td valign=\"top\" height=\"117\">\n<hr id=\"archivesBarre\" width=\"100%\" size=\"1\" noshade=\"noshade\" \/><span class=\"arialBoldsurlign\u00e9\" style=\"font-family: Arial, 'Gill Sans', 'Gill Sans MT', 'Myriad Pro', 'DejaVu Sans Condensed', Helvetica, sans-serif; font-size: 14px; font-weight: bold; color: #ffffff; background-color: #cb1e44; background-size: contain; line-height: 20pt;\">\u00a0FLASH INFOS MAINTENANCE &#8211; 27\/06\/2014 &#8211; 23h00\u00a0<\/span><span class=\"arial\"><\/p>\n<p> Nos techniciens ont sold\u00e9s ce jour le d\u00e9faut rencontr\u00e9 hier soir sur le <\/span><span class=\"arialBold\"><strong>d\u00e9part 5 du poste HT Hautilum \u00e0 Jouy-Le-Moutier<\/strong>.<\/span><span class=\"arial\"><\/p>\n<p> Tous les autres postes HT de l\u2019agglom\u00e9ration se sont correctement mis en service ce soir.<\/p>\n<p><\/span><\/td>\n<\/tr>\n<tr>\n<td valign=\"top\" height=\"237\">\n<hr id=\"archivesBarre\" width=\"100%\" size=\"1\" noshade=\"noshade\" \/><span class=\"arialBoldsurlign\u00e9\" style=\"font-family: Arial, 'Gill Sans', 'Gill Sans MT', 'Myriad Pro', 'DejaVu Sans Condensed', Helvetica, sans-serif; font-size: 14px; font-weight: bold; color: #ffffff; background-color: #cb1e44; background-size: contain; line-height: 20pt;\">\u00a0FLASH INFOS MAINTENANCE &#8211; 26\/06\/2014 &#8211; 23h00\u00a0<\/span><span class=\"arialBold\"><span class=\"arialBold\"><br \/><\/span><\/span><span class=\"arial\"><strong><span class=\"arialBold\">A l\u2019allumage, des pannes sur le r\u00e9seau Haute Tension sont en cours<\/span><\/strong><\/p>\n<p> 1. Nous rencontrons de nouveau ce soir une difficult\u00e9 sur le <\/span><strong><span class=\"arialBold\">d\u00e9part 5 du poste HT Hautilum \u00e0 Jouy-Le-Moutier<\/span><\/strong><span class=\"arial\">. Le d\u00e9part concern\u00e9 a \u00e9t\u00e9 consign\u00e9. <\/p>\n<p> Un camion laboratoire sera sollicit\u00e9 demain pour nous appuyer dans cette recherche de d\u00e9faut.<\/p>\n<p> Les secteurs impact\u00e9s cette nuit sur Jouy-Le-Moutier sont:<\/p>\n<p><span class=\"arialBold\"><img loading=\"lazy\" decoding=\"async\" src=\"https:\/\/www.cylumine.fr\/images\/puce1.png\" alt=\"\" width=\"13\" height=\"11\" border=\"0\" \/> \u00a0<\/span>Avenue du Temps Perdu<br \/><span class=\"arialBold\"><img loading=\"lazy\" decoding=\"async\" src=\"https:\/\/www.cylumine.fr\/images\/puce1.png\" alt=\"\" width=\"13\" height=\"11\" border=\"0\" \/> \u00a0<\/span>Avenue des Bruzacques<br \/><span class=\"arialBold\"><img loading=\"lazy\" decoding=\"async\" src=\"https:\/\/www.cylumine.fr\/images\/puce1.png\" alt=\"\" width=\"13\" height=\"11\" border=\"0\" \/> \u00a0<\/span>Boulevard d\u2019Ecancourt<br \/><span class=\"arialBold\"><img loading=\"lazy\" decoding=\"async\" src=\"https:\/\/www.cylumine.fr\/images\/puce1.png\" alt=\"\" width=\"13\" height=\"11\" border=\"0\" \/> \u00a0<\/span>Carrefour de la Croix Saint-Jacques<br \/><span class=\"arialBold\"><img loading=\"lazy\" decoding=\"async\" src=\"https:\/\/www.cylumine.fr\/images\/puce1.png\" alt=\"\" width=\"13\" height=\"11\" border=\"0\" \/> \u00a0<\/span>Avenue des Saules Br\u00fbl\u00e9s<br \/><span class=\"arialBold\"><img loading=\"lazy\" decoding=\"async\" src=\"https:\/\/www.cylumine.fr\/images\/puce1.png\" alt=\"\" width=\"13\" height=\"11\" border=\"0\" \/> \u00a0<\/span>D48E<br \/><span class=\"arialBold\"><img loading=\"lazy\" decoding=\"async\" src=\"https:\/\/www.cylumine.fr\/images\/puce1.png\" alt=\"\" width=\"13\" height=\"11\" border=\"0\" \/> \u00a0<\/span>Rue des Vignes Blanches<br \/><span class=\"arialBold\"><img loading=\"lazy\" decoding=\"async\" src=\"https:\/\/www.cylumine.fr\/images\/puce1.png\" alt=\"\" width=\"13\" height=\"11\" border=\"0\" \/> \u00a0<\/span>Avenue du Vast<br \/><span class=\"arialBold\"><img loading=\"lazy\" decoding=\"async\" src=\"https:\/\/www.cylumine.fr\/images\/puce1.png\" alt=\"\" width=\"13\" height=\"11\" border=\"0\" \/> \u00a0<\/span>Rue des Sillons<br \/><span class=\"arialBold\"><img loading=\"lazy\" decoding=\"async\" src=\"https:\/\/www.cylumine.fr\/images\/puce1.png\" alt=\"\" width=\"13\" height=\"11\" border=\"0\" \/> \u00a0<\/span>Rue du Barreau<br \/><span class=\"arialBold\"><img loading=\"lazy\" decoding=\"async\" src=\"https:\/\/www.cylumine.fr\/images\/puce1.png\" alt=\"\" width=\"13\" height=\"11\" border=\"0\" \/> \u00a0<\/span>Rue des Lapereaux<br \/><span class=\"arialBold\"><img loading=\"lazy\" decoding=\"async\" src=\"https:\/\/www.cylumine.fr\/images\/puce1.png\" alt=\"\" width=\"13\" height=\"11\" border=\"0\" \/> \u00a0<\/span>Rue du Boile<br \/><span class=\"arialBold\"><img loading=\"lazy\" decoding=\"async\" src=\"https:\/\/www.cylumine.fr\/images\/puce1.png\" alt=\"\" width=\"13\" height=\"11\" border=\"0\" \/> \u00a0<\/span>Rue de l\u2019Ecole<br \/><span class=\"arialBold\"><img loading=\"lazy\" decoding=\"async\" src=\"https:\/\/www.cylumine.fr\/images\/puce1.png\" alt=\"\" width=\"13\" height=\"11\" border=\"0\" \/> \u00a0<\/span>Rue de la Bosse<br \/><span class=\"arialBold\"><img loading=\"lazy\" decoding=\"async\" src=\"https:\/\/www.cylumine.fr\/images\/puce1.png\" alt=\"\" width=\"13\" height=\"11\" border=\"0\" \/> \u00a0<\/span>Rue des Jouannes<br \/><span class=\"arialBold\"><img loading=\"lazy\" decoding=\"async\" src=\"https:\/\/www.cylumine.fr\/images\/puce1.png\" alt=\"\" width=\"13\" height=\"11\" border=\"0\" \/> \u00a0<\/span>Rue des Gloriettes<br \/><span class=\"arialBold\"><img loading=\"lazy\" decoding=\"async\" src=\"https:\/\/www.cylumine.fr\/images\/puce1.png\" alt=\"\" width=\"13\" height=\"11\" border=\"0\" \/> \u00a0<\/span>Rue du Colombier<br \/><span class=\"arialBold\"><img loading=\"lazy\" decoding=\"async\" src=\"https:\/\/www.cylumine.fr\/images\/puce1.png\" alt=\"\" width=\"13\" height=\"11\" border=\"0\" \/> \u00a0<\/span>Place carr\u00e9e<br \/><span class=\"arialBold\"><img loading=\"lazy\" decoding=\"async\" src=\"https:\/\/www.cylumine.fr\/images\/puce1.png\" alt=\"\" width=\"13\" height=\"11\" border=\"0\" \/> \u00a0<\/span>Rue du Cheval Aile<br \/><span class=\"arialBold\"><img loading=\"lazy\" decoding=\"async\" src=\"https:\/\/www.cylumine.fr\/images\/puce1.png\" alt=\"\" width=\"13\" height=\"11\" border=\"0\" \/> \u00a0<\/span>Place Vermeille<br \/><span class=\"arialBold\"><img loading=\"lazy\" decoding=\"async\" src=\"https:\/\/www.cylumine.fr\/images\/puce1.png\" alt=\"\" width=\"13\" height=\"11\" border=\"0\" \/> \u00a0<\/span>Place des Solarias<br \/><span class=\"arialBold\"><img loading=\"lazy\" decoding=\"async\" src=\"https:\/\/www.cylumine.fr\/images\/puce1.png\" alt=\"\" width=\"13\" height=\"11\" border=\"0\" \/> \u00a0<\/span>Rue des Coteaux<\/p>\n<p> Environ 360 Points Lumineux concern\u00e9s.<\/p>\n<p> Gr\u00e2ce au remplacement du tron\u00e7on de c\u00e2ble en d\u00e9faut entre La Rue des Fresnes et l\u2019Avenue du Gros Ch\u00eane \u00e0 Eragny, nos techniciens ont sold\u00e9s ce jour le d\u00e9faut rencontr\u00e9 hier soir sur le <strong>d\u00e9part 4 du poste HT Eralum \u00e0 Eragny<\/strong>.<\/p>\n<p> Tous les autres postes HT de l\u2019agglom\u00e9ration se sont correctement mis en service ce soir.<\/p>\n<p><\/span><\/td>\n<\/tr>\n<tr>\n<td valign=\"top\" height=\"207\">\n<hr id=\"archivesBarre\" width=\"100%\" size=\"1\" noshade=\"noshade\" \/><span class=\"arialBoldsurlign\u00e9\" style=\"font-family: Arial, 'Gill Sans', 'Gill Sans MT', 'Myriad Pro', 'DejaVu Sans Condensed', Helvetica, sans-serif; font-size: 14px; font-weight: bold; color: #ffffff; background-color: #cb1e44; background-size: contain; line-height: 20pt;\">\u00a0FLASH INFOS MAINTENANCE &#8211; 25\/06\/2014 &#8211; 23h00\u00a0<\/span><span class=\"arialBold\"><span class=\"arialBold\"><br \/><\/span><\/span><span class=\"arial\"><strong><span class=\"arialBold\">A l\u2019allumage, des pannes sur le r\u00e9seau Haute Tension sont en cours<\/span><\/strong><\/p>\n<p> 1. Nos techniciens ont sold\u00e9s ce jour le d\u00e9faut rencontr\u00e9 hier soir sur le <strong>d\u00e9part 5 du poste HT Hautilum \u00e0 Jouy-Le-Moutier<\/strong>.<\/p>\n<p> 2. Le d\u00e9faut du <\/span><strong><span class=\"arialBold\">d\u00e9part 4 du poste HT Eralum \u00e0 Eragny<\/span><\/strong><span class=\"arial\"> n\u00e9cessite le remplacement d\u2019un tron\u00e7on de c\u00e2ble en d\u00e9faut d\u2019environ 75 ml. Cette mise en \u0153uvre est pr\u00e9vu demain.<\/p>\n<p><span class=\"arialBold\"><img loading=\"lazy\" decoding=\"async\" src=\"https:\/\/www.cylumine.fr\/images\/puce1.png\" alt=\"\" width=\"13\" height=\"11\" border=\"0\" \/> \u00a0<\/span>Le secteur impact\u00e9 cette nuit est toujours une partie de la Rue du Bas Noyer \u00e0 Eragny environ 10 Points Lumineux concern\u00e9s.<\/p>\n<p> Tous les autres postes HT de l\u2019agglom\u00e9ration se sont correctement mis en service ce soir.<\/p>\n<p><\/span><\/td>\n<\/tr>\n<tr>\n<td valign=\"top\" height=\"346\">\n<hr id=\"archivesBarre\" width=\"100%\" size=\"1\" noshade=\"noshade\" \/><span class=\"arialBoldsurlign\u00e9\" style=\"font-family: Arial, 'Gill Sans', 'Gill Sans MT', 'Myriad Pro', 'DejaVu Sans Condensed', Helvetica, sans-serif; font-size: 14px; font-weight: bold; color: #ffffff; background-color: #cb1e44; background-size: contain; line-height: 20pt;\">\u00a0FLASH INFOS MAINTENANCE &#8211; 24\/06\/2014 &#8211; 23h59\u00a0<\/span><span class=\"arialBold\"><span class=\"arialBold\"><br \/><\/span><\/span><span class=\"arial\"><strong><span class=\"arialBold\">A l\u2019allumage, des pannes sur le r\u00e9seau Haute Tension sont en cours<\/span><\/strong><\/p>\n<p> Nous rencontrons \u00e9galement ce soir une difficult\u00e9 sur le<\/span><span class=\"arialBold\"><strong> d\u00e9part 5 du poste HT Hautilum \u00e0 Jouy-Le-Moutier<\/strong>.<\/span><span class=\"arial\"> Le d\u00e9part concern\u00e9 pr\u00e9sente un d\u00e9faut majeur, il a \u00e9t\u00e9 consign\u00e9. Un camion laboratoire sera sollicit\u00e9 demain pour nous appuyer dans cette recherche de d\u00e9faut.<\/p>\n<p> Les secteurs impact\u00e9s cette nuit sur Jouy-Le-Moutier sont:<\/p>\n<p><span class=\"arialBold\"><img loading=\"lazy\" decoding=\"async\" src=\"https:\/\/www.cylumine.fr\/images\/puce1.png\" alt=\"\" width=\"13\" height=\"11\" border=\"0\" \/> \u00a0<\/span>Avenue du Temps Perdu<br \/><span class=\"arialBold\"><img loading=\"lazy\" decoding=\"async\" src=\"https:\/\/www.cylumine.fr\/images\/puce1.png\" alt=\"\" width=\"13\" height=\"11\" border=\"0\" \/> \u00a0<\/span>Avenue des Bruzacques<br \/><span class=\"arialBold\"><img loading=\"lazy\" decoding=\"async\" src=\"https:\/\/www.cylumine.fr\/images\/puce1.png\" alt=\"\" width=\"13\" height=\"11\" border=\"0\" \/> \u00a0<\/span>Boulevard d\u2019Ecancourt<br \/><span class=\"arialBold\"><img loading=\"lazy\" decoding=\"async\" src=\"https:\/\/www.cylumine.fr\/images\/puce1.png\" alt=\"\" width=\"13\" height=\"11\" border=\"0\" \/> \u00a0<\/span>Carrefour de la Croix Saint-Jacques<br \/><span class=\"arialBold\"><img loading=\"lazy\" decoding=\"async\" src=\"https:\/\/www.cylumine.fr\/images\/puce1.png\" alt=\"\" width=\"13\" height=\"11\" border=\"0\" \/> \u00a0<\/span>Avenue des Saules Br\u00fbl\u00e9s<br \/><span class=\"arialBold\"><img loading=\"lazy\" decoding=\"async\" src=\"https:\/\/www.cylumine.fr\/images\/puce1.png\" alt=\"\" width=\"13\" height=\"11\" border=\"0\" \/> \u00a0<\/span>D48E<br \/><span class=\"arialBold\"><img loading=\"lazy\" decoding=\"async\" src=\"https:\/\/www.cylumine.fr\/images\/puce1.png\" alt=\"\" width=\"13\" height=\"11\" border=\"0\" \/> \u00a0<\/span>Rue des Vignes Blanches<br \/><span class=\"arialBold\"><img loading=\"lazy\" decoding=\"async\" src=\"https:\/\/www.cylumine.fr\/images\/puce1.png\" alt=\"\" width=\"13\" height=\"11\" border=\"0\" \/> \u00a0<\/span>Avenue du Vast<br \/><span class=\"arialBold\"><img loading=\"lazy\" decoding=\"async\" src=\"https:\/\/www.cylumine.fr\/images\/puce1.png\" alt=\"\" width=\"13\" height=\"11\" border=\"0\" \/> \u00a0<\/span>Rue des Sillons<br \/><span class=\"arialBold\"><img loading=\"lazy\" decoding=\"async\" src=\"https:\/\/www.cylumine.fr\/images\/puce1.png\" alt=\"\" width=\"13\" height=\"11\" border=\"0\" \/> \u00a0<\/span>Rue du Barreau<br \/><span class=\"arialBold\"><img loading=\"lazy\" decoding=\"async\" src=\"https:\/\/www.cylumine.fr\/images\/puce1.png\" alt=\"\" width=\"13\" height=\"11\" border=\"0\" \/> \u00a0<\/span>Rue des Lapereaux<br \/><span class=\"arialBold\"><img loading=\"lazy\" decoding=\"async\" src=\"https:\/\/www.cylumine.fr\/images\/puce1.png\" alt=\"\" width=\"13\" height=\"11\" border=\"0\" \/> \u00a0<\/span>Rue du Boile<br \/><span class=\"arialBold\"><img loading=\"lazy\" decoding=\"async\" src=\"https:\/\/www.cylumine.fr\/images\/puce1.png\" alt=\"\" width=\"13\" height=\"11\" border=\"0\" \/> \u00a0<\/span>Rue de l\u2019Ecole<br \/><span class=\"arialBold\"><img loading=\"lazy\" decoding=\"async\" src=\"https:\/\/www.cylumine.fr\/images\/puce1.png\" alt=\"\" width=\"13\" height=\"11\" border=\"0\" \/> \u00a0<\/span>Rue de la Bosse<br \/><span class=\"arialBold\"><img loading=\"lazy\" decoding=\"async\" src=\"https:\/\/www.cylumine.fr\/images\/puce1.png\" alt=\"\" width=\"13\" height=\"11\" border=\"0\" \/> \u00a0<\/span>Rue des Jouannes<br \/><span class=\"arialBold\"><img loading=\"lazy\" decoding=\"async\" src=\"https:\/\/www.cylumine.fr\/images\/puce1.png\" alt=\"\" width=\"13\" height=\"11\" border=\"0\" \/> \u00a0<\/span>Rue des Gloriettes<br \/><span class=\"arialBold\"><img loading=\"lazy\" decoding=\"async\" src=\"https:\/\/www.cylumine.fr\/images\/puce1.png\" alt=\"\" width=\"13\" height=\"11\" border=\"0\" \/> \u00a0<\/span>Rue du Colombier<br \/><span class=\"arialBold\"><img loading=\"lazy\" decoding=\"async\" src=\"https:\/\/www.cylumine.fr\/images\/puce1.png\" alt=\"\" width=\"13\" height=\"11\" border=\"0\" \/> \u00a0<\/span>Place carr\u00e9e<br \/><span class=\"arialBold\"><img loading=\"lazy\" decoding=\"async\" src=\"https:\/\/www.cylumine.fr\/images\/puce1.png\" alt=\"\" width=\"13\" height=\"11\" border=\"0\" \/> \u00a0<\/span>Rue du Cheval Aile<br \/><span class=\"arialBold\"><img loading=\"lazy\" decoding=\"async\" src=\"https:\/\/www.cylumine.fr\/images\/puce1.png\" alt=\"\" width=\"13\" height=\"11\" border=\"0\" \/> \u00a0<\/span>Place Vermeille<br \/><span class=\"arialBold\"><img loading=\"lazy\" decoding=\"async\" src=\"https:\/\/www.cylumine.fr\/images\/puce1.png\" alt=\"\" width=\"13\" height=\"11\" border=\"0\" \/> \u00a0<\/span>Place des Solarias<br \/><span class=\"arialBold\"><img loading=\"lazy\" decoding=\"async\" src=\"https:\/\/www.cylumine.fr\/images\/puce1.png\" alt=\"\" width=\"13\" height=\"11\" border=\"0\" \/> \u00a0<\/span>Rue des Coteaux<\/p>\n<p> Environ 360 Points Lumineux concern\u00e9s.<\/p>\n<p> Tous les autres postes HT de l\u2019agglom\u00e9ration se sont correctement mis en service ce soir.<\/p>\n<p><\/span><\/td>\n<\/tr>\n<tr>\n<td valign=\"top\" height=\"237\">\n<hr id=\"archivesBarre\" width=\"100%\" size=\"1\" noshade=\"noshade\" \/><span class=\"arialBoldsurlign\u00e9\" style=\"font-family: Arial, 'Gill Sans', 'Gill Sans MT', 'Myriad Pro', 'DejaVu Sans Condensed', Helvetica, sans-serif; font-size: 14px; font-weight: bold; color: #ffffff; background-color: #cb1e44; background-size: contain; line-height: 20pt;\">\u00a0FLASH INFOS MAINTENANCE &#8211; 24\/06\/2014 &#8211; 23h20\u00a0<\/span><span class=\"arialBold\"><span class=\"arialBold\"><br \/><\/span><\/span><span class=\"arial\"><strong><span class=\"arialBold\">A l\u2019allumage, des pannes sur le r\u00e9seau Haute Tension sont en cours<\/span><\/strong><\/p>\n<p> 1. La recherche de d\u00e9faut du <\/span><strong><span class=\"arialBold\">d\u00e9part 4 du poste HT Eralum \u00e0 Eragny<\/span><\/strong><span class=\"arial\"> mise en \u0153uvre ce jour a permis de d\u00e9tecter et d\u2019isoler un tron\u00e7on de c\u00e2ble en d\u00e9faut. Cette remise en \u00e9tat n\u00e9cessite le remplacement de ce dernier.<\/p>\n<p> Le secteur impact\u00e9 cette nuit est:<\/p>\n<p><span class=\"arialBold\"><img loading=\"lazy\" decoding=\"async\" src=\"https:\/\/www.cylumine.fr\/images\/puce1.png\" alt=\"\" width=\"13\" height=\"11\" border=\"0\" \/> \u00a0<\/span>Une partie de la Rue du Bas Noyer \u00e0 Eragny<\/p>\n<p> Environ 10 Points Lumineux concern\u00e9s.<\/p>\n<p> Tous les autres postes HT de l\u2019agglom\u00e9ration se sont correctement mis en service ce soir.<\/p>\n<p><\/span><\/td>\n<\/tr>\n<tr>\n<td valign=\"top\" height=\"297\">\n<hr id=\"archivesBarre\" width=\"100%\" size=\"1\" noshade=\"noshade\" \/><span class=\"arialBoldsurlign\u00e9\" style=\"font-family: Arial, 'Gill Sans', 'Gill Sans MT', 'Myriad Pro', 'DejaVu Sans Condensed', Helvetica, sans-serif; font-size: 14px; font-weight: bold; color: #ffffff; background-color: #cb1e44; background-size: contain; line-height: 20pt;\">\u00a0FLASH INFOS MAINTENANCE &#8211; 23\/06\/2014 &#8211; 23h09\u00a0<\/span><span class=\"arialBold\"><span class=\"arialBold\"><br \/><\/span><\/span><span class=\"arial\"><strong><span class=\"arialBold\">A l\u2019allumage, des pannes sur le r\u00e9seau Haute Tension sont en cours<\/span><\/strong><\/p>\n<p> 1. La recherche de d\u00e9faut du <\/span><strong><span class=\"arialBold\">d\u00e9part 4 du poste HT Eralum \u00e0 Eragny<\/span><\/strong><span class=\"arial\"> mise en \u0153uvre ce jour a permis de solder une partie du d\u00e9part concern\u00e9. Une \u00e9quipe de technicien a \u00e9t\u00e9 sollicit\u00e9 demain pour nous appuyer dans cette recherche de d\u00e9faut.<\/p>\n<p> Les secteurs isol\u00e9s et impact\u00e9s cette nuit sont:<\/p>\n<p><span class=\"arialBold\"><img loading=\"lazy\" decoding=\"async\" src=\"https:\/\/www.cylumine.fr\/images\/puce1.png\" alt=\"\" width=\"13\" height=\"11\" border=\"0\" \/> \u00a0<\/span>Rue du Bas Noyer \u00e0 Eragny<br \/><span class=\"arialBold\"><img loading=\"lazy\" decoding=\"async\" src=\"https:\/\/www.cylumine.fr\/images\/puce1.png\" alt=\"\" width=\"13\" height=\"11\" border=\"0\" \/> \u00a0<\/span>Rue du Clos Santeuil \u00e0 Eragny<br \/><span class=\"arialBold\"><img loading=\"lazy\" decoding=\"async\" src=\"https:\/\/www.cylumine.fr\/images\/puce1.png\" alt=\"\" width=\"13\" height=\"11\" border=\"0\" \/> \u00a0<\/span>Rue des Fr\u00eanes \u00e0 Eragny<\/p>\n<p> Environ 50 Points Lumineux concern\u00e9s.<\/p>\n<p> 2. Nos techniciens ont sold\u00e9s ce jour le d\u00e9faut rencontr\u00e9 hier soir sur le <strong>d\u00e9part 5 du poste HT Hautilum \u00e0 Jouy-Le-Moutier<\/strong>.<\/p>\n<p> Tous les autres postes HT de l\u2019agglom\u00e9ration se sont correctement mis en service ce soir.<\/p>\n<p><\/span><\/td>\n<\/tr>\n<tr>\n<td valign=\"top\" height=\"346\">\n<hr id=\"archivesBarre\" width=\"100%\" size=\"1\" noshade=\"noshade\" \/><span class=\"arialBoldsurlign\u00e9\" style=\"font-family: Arial, 'Gill Sans', 'Gill Sans MT', 'Myriad Pro', 'DejaVu Sans Condensed', Helvetica, sans-serif; font-size: 14px; font-weight: bold; color: #ffffff; background-color: #cb1e44; background-size: contain; line-height: 20pt;\">\u00a0FLASH INFOS MAINTENANCE &#8211; 22\/06\/2014 &#8211; 23h45\u00a0<\/span><span class=\"arialBold\"><span class=\"arialBold\"><br \/><\/span><\/span><span class=\"arial\"><strong><span class=\"arialBold\">A l\u2019allumage, des pannes sur le r\u00e9seau Haute Tension sont en cours<\/span><\/strong><\/p>\n<p> 1. Nous rencontrons ce soir une difficult\u00e9 sur la <\/span><span class=\"arialBold\">phase 2 du <strong>d\u00e9part 5 du poste HT Hautilum \u00e0 Jouy-Le-Moutier<\/strong><\/span><span class=\"arial\">. Le d\u00e9part concern\u00e9 a \u00e9t\u00e9 relanc\u00e9 sur 2 phases (Phases 1 et 3). Un camion laboratoire a \u00e9t\u00e9 sollicit\u00e9 demain pour nous appuyer dans cette recherche de d\u00e9faut.<\/p>\n<p> Les secteurs impact\u00e9s cette nuit sont:<\/p>\n<p><span class=\"arialBold\"><img loading=\"lazy\" decoding=\"async\" src=\"https:\/\/www.cylumine.fr\/images\/puce1.png\" alt=\"\" width=\"13\" height=\"11\" border=\"0\" \/> \u00a0<\/span>Boulevard d\u2019Ecancourt<br \/><span class=\"arialBold\"><img loading=\"lazy\" decoding=\"async\" src=\"https:\/\/www.cylumine.fr\/images\/puce1.png\" alt=\"\" width=\"13\" height=\"11\" border=\"0\" \/> \u00a0<\/span>Carrefour de la Croix Saint-Jacques<br \/><span class=\"arialBold\"><img loading=\"lazy\" decoding=\"async\" src=\"https:\/\/www.cylumine.fr\/images\/puce1.png\" alt=\"\" width=\"13\" height=\"11\" border=\"0\" \/> \u00a0<\/span>Avenue des Saules Br\u00fbl\u00e9s<br \/><span class=\"arialBold\"><img loading=\"lazy\" decoding=\"async\" src=\"https:\/\/www.cylumine.fr\/images\/puce1.png\" alt=\"\" width=\"13\" height=\"11\" border=\"0\" \/> \u00a0<\/span>Foyer des Eguerets<br \/><span class=\"arialBold\"><img loading=\"lazy\" decoding=\"async\" src=\"https:\/\/www.cylumine.fr\/images\/puce1.png\" alt=\"\" width=\"13\" height=\"11\" border=\"0\" \/> \u00a0<\/span>Place Vermeille<br \/><span class=\"arialBold\"><img loading=\"lazy\" decoding=\"async\" src=\"https:\/\/www.cylumine.fr\/images\/puce1.png\" alt=\"\" width=\"13\" height=\"11\" border=\"0\" \/> \u00a0<\/span>Square Saint-Vincent<\/p>\n<p> Environ 110 Points Lumineux concern\u00e9s.<\/p>\n<p> 2. Nous rencontrons encore ce soir une difficult\u00e9 sur le <\/span><span class=\"arialBold\"><strong>d\u00e9part 4 du poste HT Eralum \u00e0 Eragny<\/strong>.<\/span><span class=\"arial\"> Le d\u00e9part concern\u00e9 est toujours consign\u00e9 dans l\u2019attente de l\u2019investigation compl\u00e9mentaire.<br \/> Un camion laboratoire a \u00e9t\u00e9 \u00e9galement sollicit\u00e9 demain pour nous appuyer dans cette recherche de d\u00e9faut.<\/p>\n<p> Les secteurs impact\u00e9s cette nuit sont:<\/p>\n<p><span class=\"arialBold\"><img loading=\"lazy\" decoding=\"async\" src=\"https:\/\/www.cylumine.fr\/images\/puce1.png\" alt=\"\" width=\"13\" height=\"11\" border=\"0\" \/> \u00a0<\/span>Rue de Pierrelaye \u00e0 Eragny<br \/><span class=\"arialBold\"><img loading=\"lazy\" decoding=\"async\" src=\"https:\/\/www.cylumine.fr\/images\/puce1.png\" alt=\"\" width=\"13\" height=\"11\" border=\"0\" \/> \u00a0<\/span>Le Bois aux Platanes \u00e0 Eragny<br \/><span class=\"arialBold\"><img loading=\"lazy\" decoding=\"async\" src=\"https:\/\/www.cylumine.fr\/images\/puce1.png\" alt=\"\" width=\"13\" height=\"11\" border=\"0\" \/> \u00a0<\/span>Avenue Rocher Guichart \u00e0 Eragny<br \/><span class=\"arialBold\"><img loading=\"lazy\" decoding=\"async\" src=\"https:\/\/www.cylumine.fr\/images\/puce1.png\" alt=\"\" width=\"13\" height=\"11\" border=\"0\" \/> \u00a0<\/span>Une partie de l\u2019avenue du Gros Ch\u00eane \u00e0 Eragny<br \/><span class=\"arialBold\"><img loading=\"lazy\" decoding=\"async\" src=\"https:\/\/www.cylumine.fr\/images\/puce1.png\" alt=\"\" width=\"13\" height=\"11\" border=\"0\" \/> \u00a0<\/span>Rue du Bas Noyer \u00e0 Eragny<br \/><span class=\"arialBold\"><img loading=\"lazy\" decoding=\"async\" src=\"https:\/\/www.cylumine.fr\/images\/puce1.png\" alt=\"\" width=\"13\" height=\"11\" border=\"0\" \/> \u00a0<\/span>Rue du Clos Santeuil \u00e0 Eragny<br \/><span class=\"arialBold\"><img loading=\"lazy\" decoding=\"async\" src=\"https:\/\/www.cylumine.fr\/images\/puce1.png\" alt=\"\" width=\"13\" height=\"11\" border=\"0\" \/> \u00a0<\/span>Rue des Fr\u00eanes \u00e0 Eragny<br \/><span class=\"arialBold\"><img loading=\"lazy\" decoding=\"async\" src=\"https:\/\/www.cylumine.fr\/images\/puce1.png\" alt=\"\" width=\"13\" height=\"11\" border=\"0\" \/> \u00a0<\/span>Avenue Fernand Ch\u00e2telain \u00e0 Eragny<br \/><span class=\"arialBold\"><img loading=\"lazy\" decoding=\"async\" src=\"https:\/\/www.cylumine.fr\/images\/puce1.png\" alt=\"\" width=\"13\" height=\"11\" border=\"0\" \/> \u00a0<\/span>Boulevard Charles de Gaulle \u00e0 Eragny<br \/><span class=\"arialBold\"><img loading=\"lazy\" decoding=\"async\" src=\"https:\/\/www.cylumine.fr\/images\/puce1.png\" alt=\"\" width=\"13\" height=\"11\" border=\"0\" \/> \u00a0<\/span>Avenue de Verdun \u00e0 Saint-Ouen-l\u2019Aum\u00f4ne<\/p>\n<p> Environ 160 Points Lumineux concern\u00e9s.<\/p>\n<p> Tous les autres postes HT de l\u2019agglom\u00e9ration se sont correctement mis en service ce soir.<\/p>\n<p><\/span><\/td>\n<\/tr>\n<tr>\n<td valign=\"top\" height=\"346\">\n<hr id=\"archivesBarre\" width=\"100%\" size=\"1\" noshade=\"noshade\" \/><span class=\"arialBoldsurlign\u00e9\" style=\"font-family: Arial, 'Gill Sans', 'Gill Sans MT', 'Myriad Pro', 'DejaVu Sans Condensed', Helvetica, sans-serif; font-size: 14px; font-weight: bold; color: #ffffff; background-color: #cb1e44; background-size: contain; line-height: 20pt;\">\u00a0FLASH INFOS MAINTENANCE &#8211; 21\/06\/2014 &#8211; 23h00\u00a0<\/span><span class=\"arialBold\"><span class=\"arialBold\"><br \/><\/span><\/span><span class=\"arial\"><strong><span class=\"arialBold\">A l\u2019allumage, des pannes sur le r\u00e9seau Haute Tension sont en cours<\/span><\/strong><\/p>\n<p> Nous rencontrons ce soir une difficult\u00e9 sur le <\/span><span class=\"arialBold\"><strong>d\u00e9part 4 du poste HT Eralum \u00e0 Eragny<\/strong>.<\/span><span class=\"arial\"><br \/> Le d\u00e9part concern\u00e9 est en d\u00e9faut et a \u00e9t\u00e9 consign\u00e9 dans l\u2019attente d\u2019une investigation compl\u00e9mentaire.<\/p>\n<p> Un camion laboratoire a \u00e9t\u00e9 sollicit\u00e9 pour nous appuyer dans cette recherche de d\u00e9faut.<\/p>\n<p> Les secteurs impact\u00e9s cette nuit sont:<\/p>\n<p><span class=\"arialBold\"><img loading=\"lazy\" decoding=\"async\" src=\"https:\/\/www.cylumine.fr\/images\/puce1.png\" alt=\"\" width=\"13\" height=\"11\" border=\"0\" \/> \u00a0<\/span>Rue de Pierrelaye \u00e0 Eragny<br \/><span class=\"arialBold\"><img loading=\"lazy\" decoding=\"async\" src=\"https:\/\/www.cylumine.fr\/images\/puce1.png\" alt=\"\" width=\"13\" height=\"11\" border=\"0\" \/> \u00a0<\/span>Le Bois aux Platanes \u00e0 Eragny<br \/><span class=\"arialBold\"><img loading=\"lazy\" decoding=\"async\" src=\"https:\/\/www.cylumine.fr\/images\/puce1.png\" alt=\"\" width=\"13\" height=\"11\" border=\"0\" \/> \u00a0<\/span>Avenue Rocher Guichart \u00e0 Eragny<br \/><span class=\"arialBold\"><img loading=\"lazy\" decoding=\"async\" src=\"https:\/\/www.cylumine.fr\/images\/puce1.png\" alt=\"\" width=\"13\" height=\"11\" border=\"0\" \/> \u00a0<\/span>Une partie de l\u2019avenue du Gros Ch\u00eane \u00e0 Eragny<br \/><span class=\"arialBold\"><img loading=\"lazy\" decoding=\"async\" src=\"https:\/\/www.cylumine.fr\/images\/puce1.png\" alt=\"\" width=\"13\" height=\"11\" border=\"0\" \/> \u00a0<\/span>Rue du Bas Noyer \u00e0 Eragny<br \/><span class=\"arialBold\"><img loading=\"lazy\" decoding=\"async\" src=\"https:\/\/www.cylumine.fr\/images\/puce1.png\" alt=\"\" width=\"13\" height=\"11\" border=\"0\" \/> \u00a0<\/span>Rue du Clos Santeuil \u00e0 Eragny<br \/><span class=\"arialBold\"><img loading=\"lazy\" decoding=\"async\" src=\"https:\/\/www.cylumine.fr\/images\/puce1.png\" alt=\"\" width=\"13\" height=\"11\" border=\"0\" \/> \u00a0<\/span>Rue des Fr\u00eanes \u00e0 Eragny<br \/><span class=\"arialBold\"><img loading=\"lazy\" decoding=\"async\" src=\"https:\/\/www.cylumine.fr\/images\/puce1.png\" alt=\"\" width=\"13\" height=\"11\" border=\"0\" \/> \u00a0<\/span>Avenue Fernand Ch\u00e2telain \u00e0 Eragny<br \/><span class=\"arialBold\"><img loading=\"lazy\" decoding=\"async\" src=\"https:\/\/www.cylumine.fr\/images\/puce1.png\" alt=\"\" width=\"13\" height=\"11\" border=\"0\" \/> \u00a0<\/span>Boulevard Charles de Gaulle \u00e0 Eragny<br \/><span class=\"arialBold\"><img loading=\"lazy\" decoding=\"async\" src=\"https:\/\/www.cylumine.fr\/images\/puce1.png\" alt=\"\" width=\"13\" height=\"11\" border=\"0\" \/> \u00a0<\/span>Avenue de Verdun \u00e0 Saint-Ouen-l\u2019Aum\u00f4ne<\/p>\n<p> Environ 160 Points Lumineux concern\u00e9s.<\/p>\n<p> Tous les autres postes HT de l\u2019agglom\u00e9ration se sont correctement mis en service ce soir.<\/p>\n<p><\/span><\/td>\n<\/tr>\n<tr>\n<td valign=\"top\" height=\"346\">\n<hr id=\"archivesBarre\" width=\"100%\" size=\"1\" noshade=\"noshade\" \/><span class=\"arialBoldsurlign\u00e9\" style=\"font-family: Arial, 'Gill Sans', 'Gill Sans MT', 'Myriad Pro', 'DejaVu Sans Condensed', Helvetica, sans-serif; font-size: 14px; font-weight: bold; color: #ffffff; background-color: #cb1e44; background-size: contain; line-height: 20pt;\">\u00a0FLASH INFOS MAINTENANCE &#8211; 15\/06\/2014 &#8211; 23h00\u00a0<\/span><span class=\"arialBold\"><span class=\"arialBold\"><br \/><\/span><\/span><span class=\"arial\"><strong><span class=\"arialBold\">A l\u2019allumage, des pannes sur le r\u00e9seau Haute Tension sont en cours<\/span><\/strong><\/p>\n<p> Nous rencontrons ce soir une difficult\u00e9 sur le <\/span><span class=\"arialBold\"><strong>d\u00e9part 5 du poste HT Halog\u00e8ne \u00e0 Vaur\u00e9al<\/strong>.<\/span><span class=\"arial\"> Le d\u00e9part concern\u00e9 pr\u00e9sente un d\u00e9faut homopolaire. Ce dernier a \u00e9t\u00e9 consign\u00e9 dans l\u2019attente d\u2019une investigation compl\u00e9mentaire.<br \/> Un camion laboratoire a \u00e9t\u00e9 sollicit\u00e9 pour nous appuyer demain dans cette recherche de d\u00e9faut.<\/p>\n<p> Les secteurs impact\u00e9s \u00e0 Vaur\u00e9al cette nuit sont:<\/p>\n<p><span class=\"arialBold\"><img loading=\"lazy\" decoding=\"async\" src=\"https:\/\/www.cylumine.fr\/images\/puce1.png\" alt=\"\" width=\"13\" height=\"11\" border=\"0\" \/> \u00a0<\/span>Une partie du Boulevard de l\u2019Oise<br \/><span class=\"arialBold\"><img loading=\"lazy\" decoding=\"async\" src=\"https:\/\/www.cylumine.fr\/images\/puce1.png\" alt=\"\" width=\"13\" height=\"11\" border=\"0\" \/> \u00a0<\/span>Place du Rendez-vous<br \/><span class=\"arialBold\"><img loading=\"lazy\" decoding=\"async\" src=\"https:\/\/www.cylumine.fr\/images\/puce1.png\" alt=\"\" width=\"13\" height=\"11\" border=\"0\" \/> \u00a0<\/span>Rue Fr\u00e9d\u00e9ric Garcia<br \/><span class=\"arialBold\"><img loading=\"lazy\" decoding=\"async\" src=\"https:\/\/www.cylumine.fr\/images\/puce1.png\" alt=\"\" width=\"13\" height=\"11\" border=\"0\" \/> \u00a0<\/span>Rue de la Gerbe d\u2019Or<br \/><span class=\"arialBold\"><img loading=\"lazy\" decoding=\"async\" src=\"https:\/\/www.cylumine.fr\/images\/puce1.png\" alt=\"\" width=\"13\" height=\"11\" border=\"0\" \/> \u00a0<\/span>Rue de la S\u00e9r\u00e9nade<br \/><span class=\"arialBold\"><img loading=\"lazy\" decoding=\"async\" src=\"https:\/\/www.cylumine.fr\/images\/puce1.png\" alt=\"\" width=\"13\" height=\"11\" border=\"0\" \/> \u00a0<\/span>Avenue de la Paix<br \/><span class=\"arialBold\"><img loading=\"lazy\" decoding=\"async\" src=\"https:\/\/www.cylumine.fr\/images\/puce1.png\" alt=\"\" width=\"13\" height=\"11\" border=\"0\" \/> \u00a0<\/span>Rue de la Mairie<br \/><span class=\"arialBold\"><img loading=\"lazy\" decoding=\"async\" src=\"https:\/\/www.cylumine.fr\/images\/puce1.png\" alt=\"\" width=\"13\" height=\"11\" border=\"0\" \/> \u00a0<\/span>Avenue Flora Tristan<br \/><span class=\"arialBold\"><img loading=\"lazy\" decoding=\"async\" src=\"https:\/\/www.cylumine.fr\/images\/puce1.png\" alt=\"\" width=\"13\" height=\"11\" border=\"0\" \/> \u00a0<\/span>Avenue Gandhi<\/p>\n<p> Environ 180 Points Lumineux concern\u00e9s.<\/p>\n<p> Tous les autres postes HT de l\u2019agglom\u00e9ration se sont correctement mis en service ce soir.<\/p>\n<p><\/span><\/td>\n<\/tr>\n<tr>\n<td valign=\"top\" height=\"346\">\n<hr id=\"archivesBarre\" width=\"100%\" size=\"1\" noshade=\"noshade\" \/><span class=\"arialBoldsurlign\u00e9\" style=\"font-family: Arial, 'Gill Sans', 'Gill Sans MT', 'Myriad Pro', 'DejaVu Sans Condensed', Helvetica, sans-serif; font-size: 14px; font-weight: bold; color: #ffffff; background-color: #cb1e44; background-size: contain; line-height: 20pt;\">\u00a0FLASH INFOS MAINTENANCE &#8211; 11\/06\/2014 &#8211; 23h00\u00a0<\/span><span class=\"arialBold\"><span class=\"arialBold\"><br \/><\/span><\/span><span class=\"arial\"><strong><span class=\"arialBold\">A l\u2019allumage, des pannes sur le r\u00e9seau Haute Tension sont en cours<\/span><\/strong><\/p>\n<p> Nous rencontrons ce soir une difficult\u00e9 sur le<\/span><span class=\"arialBold\"><strong> d\u00e9part 4 du poste HT Eralum \u00e0 Eragny<\/strong>.<\/span><span class=\"arial\"> Le d\u00e9part concern\u00e9 a \u00e9t\u00e9 consign\u00e9 dans l\u2019attente d\u2019une investigation compl\u00e9mentaire.<br \/> Un camion laboratoire a \u00e9t\u00e9 sollicit\u00e9 pour nous appuyer demain dans cette recherche de d\u00e9faut.<\/p>\n<p> Les secteurs impact\u00e9s cette nuit sont:<\/p>\n<p><span class=\"arialBold\"><img loading=\"lazy\" decoding=\"async\" src=\"https:\/\/www.cylumine.fr\/images\/puce1.png\" alt=\"\" width=\"13\" height=\"11\" border=\"0\" \/> \u00a0<\/span>Rue de Pierrelaye \u00e0 Eragny<br \/><span class=\"arialBold\"><img loading=\"lazy\" decoding=\"async\" src=\"https:\/\/www.cylumine.fr\/images\/puce1.png\" alt=\"\" width=\"13\" height=\"11\" border=\"0\" \/> \u00a0<\/span>Le Bois aux Platanes \u00e0 Eragny<br \/><span class=\"arialBold\"><img loading=\"lazy\" decoding=\"async\" src=\"https:\/\/www.cylumine.fr\/images\/puce1.png\" alt=\"\" width=\"13\" height=\"11\" border=\"0\" \/> \u00a0<\/span>Avenue Rocher Guichart \u00e0 Eragny<br \/><span class=\"arialBold\"><img loading=\"lazy\" decoding=\"async\" src=\"https:\/\/www.cylumine.fr\/images\/puce1.png\" alt=\"\" width=\"13\" height=\"11\" border=\"0\" \/> \u00a0<\/span>Une partie de l\u2019avenue du Gros Ch\u00eane \u00e0 Eragny<br \/><span class=\"arialBold\"><img loading=\"lazy\" decoding=\"async\" src=\"https:\/\/www.cylumine.fr\/images\/puce1.png\" alt=\"\" width=\"13\" height=\"11\" border=\"0\" \/> \u00a0<\/span>Rue du Bas Noyer \u00e0 Eragny<br \/><span class=\"arialBold\"><img loading=\"lazy\" decoding=\"async\" src=\"https:\/\/www.cylumine.fr\/images\/puce1.png\" alt=\"\" width=\"13\" height=\"11\" border=\"0\" \/> \u00a0<\/span>Rue du Clos Santeuil \u00e0 Eragny<br \/><span class=\"arialBold\"><img loading=\"lazy\" decoding=\"async\" src=\"https:\/\/www.cylumine.fr\/images\/puce1.png\" alt=\"\" width=\"13\" height=\"11\" border=\"0\" \/> \u00a0<\/span>Rue des Fr\u00eanes \u00e0 Eragny<br \/><span class=\"arialBold\"><img loading=\"lazy\" decoding=\"async\" src=\"https:\/\/www.cylumine.fr\/images\/puce1.png\" alt=\"\" width=\"13\" height=\"11\" border=\"0\" \/> \u00a0<\/span>Avenue Fernand Ch\u00e2telain \u00e0 Eragny<br \/><span class=\"arialBold\"><img loading=\"lazy\" decoding=\"async\" src=\"https:\/\/www.cylumine.fr\/images\/puce1.png\" alt=\"\" width=\"13\" height=\"11\" border=\"0\" \/> \u00a0<\/span>Boulevard Charles de Gaulle \u00e0 Eragny<br \/><span class=\"arialBold\"><img loading=\"lazy\" decoding=\"async\" src=\"https:\/\/www.cylumine.fr\/images\/puce1.png\" alt=\"\" width=\"13\" height=\"11\" border=\"0\" \/> \u00a0<\/span>Avenue de Verdun \u00e0 Saint-Ouen-l\u2019Aum\u00f4ne<\/p>\n<p> Environ 160 Points Lumineux concern\u00e9s.<\/p>\n<p> Tous les autres postes HT de l\u2019agglom\u00e9ration se sont correctement mis en service ce soir.<\/p>\n<p><\/span><\/td>\n<\/tr>\n<tr>\n<td valign=\"top\" height=\"120\">\n<hr id=\"archivesBarre\" width=\"100%\" size=\"1\" noshade=\"noshade\" \/><span class=\"arialBoldsurlign\u00e9\" style=\"font-family: Arial, 'Gill Sans', 'Gill Sans MT', 'Myriad Pro', 'DejaVu Sans Condensed', Helvetica, sans-serif; font-size: 14px; font-weight: bold; color: #ffffff; background-color: #cb1e44; background-size: contain; line-height: 20pt;\">\u00a0FLASH INFOS MAINTENANCE &#8211; 10\/06\/2014 &#8211; 23h00\u00a0<\/span><span class=\"arial\"><\/p>\n<p> Nous avons rencontr\u00e9s ce soir une difficult\u00e9 au d\u00e9marrage sur le<\/span><span class=\"arialBold\"><strong> d\u00e9part 4 du poste HT Eralum \u00e0 Eragny<\/strong>.<\/p>\n<p><\/span><span class=\"arial\">Les techniciens d\u2019astreinte sont intervenus sur ce d\u00e9faut et ont pu relancer le d\u00e9part concern\u00e9 \u00e0 23h49.<\/p>\n<p> Tous les postes HT de l\u2019agglom\u00e9ration sont en service ce soir.<\/p>\n<p><\/span><\/td>\n<\/tr>\n<tr>\n<td valign=\"top\" height=\"180\">\n<hr id=\"archivesBarre\" width=\"100%\" size=\"1\" noshade=\"noshade\" \/><span class=\"arialBoldsurlign\u00e9\" style=\"font-family: Arial, 'Gill Sans', 'Gill Sans MT', 'Myriad Pro', 'DejaVu Sans Condensed', Helvetica, sans-serif; font-size: 14px; font-weight: bold; color: #ffffff; background-color: #cb1e44; background-size: contain; line-height: 20pt;\">\u00a0FLASH INFOS MAINTENANCE &#8211; 09\/06\/2014 &#8211; 23h00\u00a0<\/span><span class=\"arialBold\"><span class=\"arialBold\"><br \/><\/span><\/span><span class=\"arial\"><br \/> Nous rencontrons ce soir des difficult\u00e9s au d\u00e9marrage suite aux intemp\u00e9ries de ces derniers jours sur le<\/span><strong><span class=\"arialBold\"> d\u00e9part 3 du poste HT Puisum \u00e0 Cergy, le d\u00e9part 4 du poste HT Eralum \u00e0 Eragny et le d\u00e9part 2 du poste HT Lampadaire \u00e0 Cergy<\/span><\/strong><span class=\"arial\">. <\/p>\n<p> Les techniciens d\u2019astreinte sont intervenus ce soir sur les d\u00e9fauts et ont relanc\u00e9s tous les d\u00e9parts concern\u00e9s respectivement \u00e0 22h44, 22h55 et 23h15.<\/p>\n<p> Une \u00e9quipe interviendra demain par pr\u00e9caution pour une recherche de d\u00e9fauts sur les diff\u00e9rents postes HT concern\u00e9s.<\/p>\n<p> Tous les postes HT de l\u2019agglom\u00e9ration sont en service ce soir.<\/p>\n<p><\/span><\/td>\n<\/tr>\n<tr>\n<td valign=\"top\" height=\"120\">\n<hr id=\"archivesBarre\" width=\"100%\" size=\"1\" noshade=\"noshade\" \/><span class=\"arialBoldsurlign\u00e9\" style=\"font-family: Arial, 'Gill Sans', 'Gill Sans MT', 'Myriad Pro', 'DejaVu Sans Condensed', Helvetica, sans-serif; font-size: 14px; font-weight: bold; color: #ffffff; background-color: #cb1e44; background-size: contain; line-height: 20pt;\">\u00a0FLASH INFOS MAINTENANCE &#8211; 02\/06\/2014 &#8211; 23h00\u00a0<\/span><span class=\"arialBold\"><span class=\"arialBold\"><br \/><\/span><\/span><span class=\"arial\"><br \/> Comme pr\u00e9vu, nos techniciens ont sold\u00e9s ce jour le d\u00e9faut rencontr\u00e9 sur le <\/span><span class=\"arialBold\"><strong>d\u00e9part 1 du poste HT Hautilum \u00e0 Jouy-Le-Moutier<\/strong>.<\/span><span class=\"arial\"><\/p>\n<p> Tous les postes HT de l\u2019agglom\u00e9ration se sont tous correctement mis en service ce soir.<\/p>\n<p><\/span><\/td>\n<\/tr>\n<tr>\n<td valign=\"top\" height=\"120\">\n<hr id=\"archivesBarre\" width=\"100%\" size=\"1\" noshade=\"noshade\" \/><span class=\"arialBoldsurlign\u00e9\" style=\"font-family: Arial, 'Gill Sans', 'Gill Sans MT', 'Myriad Pro', 'DejaVu Sans Condensed', Helvetica, sans-serif; font-size: 14px; font-weight: bold; color: #ffffff; background-color: #cb1e44; background-size: contain; line-height: 20pt;\">\u00a0FLASH INFOS MAINTENANCE &#8211; 01\/06\/2014 &#8211; 23h00\u00a0<\/span><span class=\"arialBold\"><span class=\"arialBold\"><br \/><\/span><\/span><span class=\"arial\"><strong><span class=\"arialBold\">A l\u2019allumage, des pannes sur le r\u00e9seau Haute Tension sont en cours<\/span><\/strong><\/p>\n<p> Nous rencontrons encore ce soir une difficult\u00e9 sur le <\/span><span class=\"arialBold\"><strong>d\u00e9part 1 du poste HT Hautilum \u00e0 Jouy-Le-Moutier.<\/strong><br \/><\/span><span class=\"arial\">Les techniciens d\u2019astreinte ont isol\u00e9 ce jour le d\u00e9faut et d\u00e9consign\u00e9 le d\u00e9part concern\u00e9.<br \/> Une \u00e9quipe interviendra demain pour solder ce d\u00e9faut.<\/p>\n<p> Les seules rues impact\u00e9es cette nuit sont:<\/p>\n<p><span class=\"arialBold\"><img loading=\"lazy\" decoding=\"async\" src=\"https:\/\/www.cylumine.fr\/images\/puce1.png\" alt=\"\" width=\"13\" height=\"11\" border=\"0\" \/> \u00a0<\/span>Une partie du Boulevard de l\u2019Oise<br \/><span class=\"arialBold\"><img loading=\"lazy\" decoding=\"async\" src=\"https:\/\/www.cylumine.fr\/images\/puce1.png\" alt=\"\" width=\"13\" height=\"11\" border=\"0\" \/> \u00a0<\/span>Une partie de l\u2019Avenue du Vast<br \/><span class=\"arialBold\"><img loading=\"lazy\" decoding=\"async\" src=\"https:\/\/www.cylumine.fr\/images\/puce1.png\" alt=\"\" width=\"13\" height=\"11\" border=\"0\" \/> \u00a0<\/span>Place du Vast<br \/><span class=\"arialBold\"><img loading=\"lazy\" decoding=\"async\" src=\"https:\/\/www.cylumine.fr\/images\/puce1.png\" alt=\"\" width=\"13\" height=\"11\" border=\"0\" \/> \u00a0<\/span>Rue de la Hayette<\/p>\n<p> Environ 35 Points Lumineux concern\u00e9s.<\/p>\n<p> Les autres postes HT de l\u2019agglom\u00e9ration se sont tous correctement mis en service ce soir.<\/p>\n<p><\/span><\/td>\n<\/tr>\n<tr>\n<td valign=\"top\" height=\"180\">\n<hr id=\"archivesBarre\" width=\"100%\" size=\"1\" noshade=\"noshade\" \/><span class=\"arialBoldsurlign\u00e9\" style=\"font-family: Arial, 'Gill Sans', 'Gill Sans MT', 'Myriad Pro', 'DejaVu Sans Condensed', Helvetica, sans-serif; font-size: 14px; font-weight: bold; color: #ffffff; background-color: #cb1e44; background-size: contain; line-height: 20pt;\">\u00a0FLASH INFOS MAINTENANCE &#8211; 31\/05\/2014 &#8211; 23h00\u00a0<\/span><span class=\"arialBold\"><br \/><span class=\"arialBold\"><strong>A l\u2019allumage, des pannes sur le r\u00e9seau Haute Tension sont en cours<\/strong><br \/><\/span><\/span><span class=\"arial\"><br \/> Nous rencontrons ce soir une difficult\u00e9 sur le <\/span><span class=\"arialBold\"><strong>d\u00e9part 1 du poste HT Hautilum \u00e0 Jouy-Le-Moutier<\/strong>.<\/span><span class=\"arial\"><br \/> Le d\u00e9part concern\u00e9 a \u00e9t\u00e9 consign\u00e9 dans l\u2019attente d\u2019une investigation compl\u00e9mentaire.<\/p>\n<p> Les rues impact\u00e9es cette nuit sont:<\/p>\n<p><span class=\"arialBold\"><img loading=\"lazy\" decoding=\"async\" src=\"https:\/\/www.cylumine.fr\/images\/puce1.png\" alt=\"\" width=\"13\" height=\"11\" border=\"0\" \/> \u00a0<\/span>Rue de la Vall\u00e9e<br \/><span class=\"arialBold\"><img loading=\"lazy\" decoding=\"async\" src=\"https:\/\/www.cylumine.fr\/images\/puce1.png\" width=\"13\" height=\"11\" border=\"0\" \/> \u00a0<\/span>Une partie de l\u2019Avenue du Temps Perdu<br \/><span class=\"arialBold\"><img loading=\"lazy\" decoding=\"async\" src=\"https:\/\/www.cylumine.fr\/images\/puce1.png\" width=\"13\" height=\"11\" border=\"0\" \/> \u00a0<\/span>Rue d\u2019Ecancourt<br \/><span class=\"arialBold\"><img loading=\"lazy\" decoding=\"async\" src=\"https:\/\/www.cylumine.fr\/images\/puce1.png\" alt=\"\" width=\"13\" height=\"11\" border=\"0\" \/> \u00a0<\/span>Rue Charles Gounod<br \/><span class=\"arialBold\"><img loading=\"lazy\" decoding=\"async\" src=\"https:\/\/www.cylumine.fr\/images\/puce1.png\" alt=\"\" width=\"13\" height=\"11\" border=\"0\" \/> \u00a0<\/span>Rue Gabriel Faur\u00e9<br \/><span class=\"arialBold\"><img loading=\"lazy\" decoding=\"async\" src=\"https:\/\/www.cylumine.fr\/images\/puce1.png\" alt=\"\" width=\"13\" height=\"11\" border=\"0\" \/> \u00a0<\/span>Mail Hector Berlioz<br \/><span class=\"arialBold\"><img loading=\"lazy\" decoding=\"async\" src=\"https:\/\/www.cylumine.fr\/images\/puce1.png\" alt=\"\" width=\"13\" height=\"11\" border=\"0\" \/> \u00a0<\/span>Avenue Camille Saint-Sa\u00ebns<br \/><span class=\"arialBold\"><img loading=\"lazy\" decoding=\"async\" src=\"https:\/\/www.cylumine.fr\/images\/puce1.png\" alt=\"\" width=\"13\" height=\"11\" border=\"0\" \/> \u00a0<\/span>Rue Rossini<br \/><span class=\"arialBold\"><img loading=\"lazy\" decoding=\"async\" src=\"https:\/\/www.cylumine.fr\/images\/puce1.png\" alt=\"\" width=\"13\" height=\"11\" border=\"0\" \/> \u00a0<\/span>Rue des Forboeufs<br \/><span class=\"arialBold\"><img loading=\"lazy\" decoding=\"async\" src=\"https:\/\/www.cylumine.fr\/images\/puce1.png\" alt=\"\" width=\"13\" height=\"11\" border=\"0\" \/> \u00a0<\/span>Sente de l\u2019Aiguillon<br \/><span class=\"arialBold\"><img loading=\"lazy\" decoding=\"async\" src=\"https:\/\/www.cylumine.fr\/images\/puce1.png\" alt=\"\" width=\"13\" height=\"11\" border=\"0\" \/> \u00a0<\/span>Rue Denis Papin<span class=\"arialBold\"><br \/><img loading=\"lazy\" decoding=\"async\" src=\"https:\/\/www.cylumine.fr\/images\/puce1.png\" alt=\"\" width=\"13\" height=\"11\" border=\"0\" \/> \u00a0<\/span>Boulevard d\u2019Ecancourt<br \/><span class=\"arialBold\"><img loading=\"lazy\" decoding=\"async\" src=\"https:\/\/www.cylumine.fr\/images\/puce1.png\" alt=\"\" width=\"13\" height=\"11\" border=\"0\" \/> \u00a0<\/span>Rue des Trembles<br \/><span class=\"arialBold\"><img loading=\"lazy\" decoding=\"async\" src=\"https:\/\/www.cylumine.fr\/images\/puce1.png\" alt=\"\" width=\"13\" height=\"11\" border=\"0\" \/> \u00a0<\/span>All\u00e9e des Ch\u00e8vrefeuilles<\/p>\n<p> Environ 240 Points Lumineux concern\u00e9s.<\/p>\n<p> Les autres postes HT de l\u2019agglom\u00e9ration se sont tous correctement mis en service ce soir.<\/p>\n<p><\/span><\/td>\n<\/tr>\n<tr>\n<td valign=\"top\" height=\"120\">\n<hr id=\"archivesBarre\" width=\"100%\" size=\"1\" noshade=\"noshade\" \/><span class=\"arialBoldsurlign\u00e9\" style=\"font-family: Arial, 'Gill Sans', 'Gill Sans MT', 'Myriad Pro', 'DejaVu Sans Condensed', Helvetica, sans-serif; font-size: 14px; font-weight: bold; color: #ffffff; background-color: #cb1e44; background-size: contain; line-height: 20pt;\">\u00a0FLASH INFOS MAINTENANCE &#8211; 29\/05\/2014 &#8211; 23h00\u00a0<\/span><span class=\"arialBold\"><span class=\"arialBold\"><br \/><\/span><\/span><span class=\"arial\"><br \/> Nos techniciens ont sold\u00e9s ce jour le d\u00e9faut mineur rencontr\u00e9 hier soir sur les <\/span><span class=\"arialBold\"><strong>d\u00e9parts 5 et 6 du poste HT Halog\u00e8ne \u00e0 Vaur\u00e9al<\/strong>.<\/span><span class=\"arial\"><\/p>\n<p> Tous les postes HT de l\u2019agglom\u00e9ration se sont correctement mis en service ce soir.<\/p>\n<p><\/span><\/td>\n<\/tr>\n<tr>\n<td valign=\"top\" height=\"120\">\n<hr id=\"archivesBarre\" width=\"100%\" size=\"1\" noshade=\"noshade\" \/><span class=\"arialBoldsurlign\u00e9\" style=\"font-family: Arial, 'Gill Sans', 'Gill Sans MT', 'Myriad Pro', 'DejaVu Sans Condensed', Helvetica, sans-serif; font-size: 14px; font-weight: bold; color: #ffffff; background-color: #cb1e44; background-size: contain; line-height: 20pt;\">\u00a0FLASH INFOS MAINTENANCE &#8211; 27\/05\/2014 &#8211; 23h00\u00a0<\/span><span class=\"arialBold\"><span class=\"arialBold\"><br \/><\/span><\/span><span class=\"arial\"><strong><span class=\"arialBold\">A l\u2019allumage, des pannes sur le r\u00e9seau Haute Tension sont en cours<\/span><\/strong><\/p>\n<p> 1. Nos techniciens ont sold\u00e9s ce jour le d\u00e9faut rencontr\u00e9 hier soir sur les <\/span><span class=\"arialBold\">phases 1 et 3 du <strong>d\u00e9part 2 du poste HT Hautilum \u00e0 Jouy-Le-Moutier<\/strong>.<\/span><span class=\"arial\"><\/p>\n<p> 2. Les <\/span><strong><span class=\"arialBold\">d\u00e9parts 5 et 6 du poste HT Halog\u00e8ne \u00e0 Vaur\u00e9al<\/span><\/strong><span class=\"arial\"> ne se sont pas enclench\u00e9s en mode AUTO malgr\u00e9 une relance. L\u2019agent d\u2019Astreinte a aliment\u00e9 les 2 d\u00e9parts en marche forc\u00e9e. Demain, nos techniciens interviendront pour r\u00e9soudre ce d\u00e9faut.<\/p>\n<p> Aucune rue impact\u00e9e cette nuit.<\/p>\n<p> Les autres postes HT de l\u2019agglom\u00e9ration se sont tous correctement mis en service ce soir.<\/p>\n<p><\/span><\/td>\n<\/tr>\n<tr>\n<td valign=\"top\" height=\"180\">\n<hr id=\"archivesBarre\" width=\"100%\" size=\"1\" noshade=\"noshade\" \/><span class=\"arialBoldsurlign\u00e9\" style=\"font-family: Arial, 'Gill Sans', 'Gill Sans MT', 'Myriad Pro', 'DejaVu Sans Condensed', Helvetica, sans-serif; font-size: 14px; font-weight: bold; color: #ffffff; background-color: #cb1e44; background-size: contain; line-height: 20pt;\">\u00a0FLASH INFOS MAINTENANCE &#8211; 26\/05\/2014 &#8211; 23h00\u00a0<\/span><span class=\"arialBold\"><br \/><span class=\"arialBold\"><strong>A l\u2019allumage, des pannes sur le r\u00e9seau Haute Tension sont en cours<\/strong><br \/><\/span><\/span><span class=\"arial\"><br \/> 1. Nos techniciens ont sold\u00e9 ce jour le d\u00e9faut rencontr\u00e9 hier soir sur le <\/span><strong><span class=\"arialBold\">d\u00e9part 2 du poste HT Eralum \u00e0 Eragny.<\/span><\/strong><span class=\"arial\"><\/p>\n<p> 2. Nous rencontrons de nouveau ce soir une difficult\u00e9 sur les <\/span><span class=\"arialBold\">phases 1 et 3 du <strong>d\u00e9part 2 du poste HT Hautilum \u00e0 Jouy-Le-Moutier<\/strong><\/span><span class=\"arial\">. Le d\u00e9part concern\u00e9 a \u00e9t\u00e9 consign\u00e9 dans l\u2019attente d\u2019une investigation compl\u00e9mentaire et un camion laboratoire a \u00e9t\u00e9 sollicit\u00e9 demain pour nous appuyer dans cette nouvelle recherche de d\u00e9faut.<\/p>\n<p> Les secteurs impact\u00e9s cette nuit sont:<\/p>\n<p><img loading=\"lazy\" decoding=\"async\" src=\"https:\/\/www.cylumine.fr\/images\/puce1.png\" alt=\"\" width=\"13\" height=\"11\" border=\"0\" \/> \u00a0Rue Auguste Renoir<br \/><img loading=\"lazy\" decoding=\"async\" src=\"https:\/\/www.cylumine.fr\/images\/puce1.png\" alt=\"\" width=\"13\" height=\"11\" border=\"0\" \/> \u00a0Rue Claude Monnet<br \/><img loading=\"lazy\" decoding=\"async\" src=\"https:\/\/www.cylumine.fr\/images\/puce1.png\" alt=\"\" width=\"13\" height=\"11\" border=\"0\" \/> \u00a0Avenue du Temps Perdu<br \/><img loading=\"lazy\" decoding=\"async\" src=\"https:\/\/www.cylumine.fr\/images\/puce1.png\" alt=\"\" width=\"13\" height=\"11\" border=\"0\" \/> \u00a0Rue du Moulinet<br \/><img loading=\"lazy\" decoding=\"async\" src=\"https:\/\/www.cylumine.fr\/images\/puce1.png\" alt=\"\" width=\"13\" height=\"11\" border=\"0\" \/> \u00a0Rue de l\u2019Angelus<br \/><img loading=\"lazy\" decoding=\"async\" src=\"https:\/\/www.cylumine.fr\/images\/puce1.png\" alt=\"\" width=\"13\" height=\"11\" border=\"0\" \/> \u00a0All\u00e9e des Noyers<br \/><img loading=\"lazy\" decoding=\"async\" src=\"https:\/\/www.cylumine.fr\/images\/puce1.png\" alt=\"\" width=\"13\" height=\"11\" border=\"0\" \/> \u00a0Rue des Marguerites<br \/><img loading=\"lazy\" decoding=\"async\" src=\"https:\/\/www.cylumine.fr\/images\/puce1.png\" alt=\"\" width=\"13\" height=\"11\" border=\"0\" \/> \u00a0Rue des Joncquilles<br \/><img loading=\"lazy\" decoding=\"async\" src=\"https:\/\/www.cylumine.fr\/images\/puce1.png\" alt=\"\" width=\"13\" height=\"11\" border=\"0\" \/> \u00a0Rue des Noisetiers<br \/><img loading=\"lazy\" decoding=\"async\" src=\"https:\/\/www.cylumine.fr\/images\/puce1.png\" alt=\"\" width=\"13\" height=\"11\" border=\"0\" \/> \u00a0Rue des Pervenches<br \/><img loading=\"lazy\" decoding=\"async\" src=\"https:\/\/www.cylumine.fr\/images\/puce1.png\" alt=\"\" width=\"13\" height=\"11\" border=\"0\" \/> \u00a0Une partie du Boulevard de l\u2019Oise<br \/><img loading=\"lazy\" decoding=\"async\" src=\"https:\/\/www.cylumine.fr\/images\/puce1.png\" alt=\"\" width=\"13\" height=\"11\" border=\"0\" \/> \u00a0Avenue du Vast<br \/><img loading=\"lazy\" decoding=\"async\" src=\"https:\/\/www.cylumine.fr\/images\/puce1.png\" alt=\"\" width=\"13\" height=\"11\" border=\"0\" \/> \u00a0Rue de la Hayette<br \/><img loading=\"lazy\" decoding=\"async\" src=\"https:\/\/www.cylumine.fr\/images\/puce1.png\" alt=\"\" width=\"13\" height=\"11\" border=\"0\" \/> \u00a0Rue du Chemin Vert<br \/><img loading=\"lazy\" decoding=\"async\" src=\"https:\/\/www.cylumine.fr\/images\/puce1.png\" alt=\"\" width=\"13\" height=\"11\" border=\"0\" \/> \u00a0Place du noyer<br \/><img loading=\"lazy\" decoding=\"async\" src=\"https:\/\/www.cylumine.fr\/images\/puce1.png\" alt=\"\" width=\"13\" height=\"11\" border=\"0\" \/> \u00a0Avenue des B\u00e9guines<br \/><img loading=\"lazy\" decoding=\"async\" src=\"https:\/\/www.cylumine.fr\/images\/puce1.png\" alt=\"\" width=\"13\" height=\"11\" border=\"0\" \/> \u00a0Avenue de la Belle Haumi\u00e8re<br \/><img loading=\"lazy\" decoding=\"async\" src=\"https:\/\/www.cylumine.fr\/images\/puce1.png\" alt=\"\" width=\"13\" height=\"11\" border=\"0\" \/> \u00a0Une partie du Boulevard d\u2019Osny<br \/><img loading=\"lazy\" decoding=\"async\" src=\"https:\/\/www.cylumine.fr\/images\/puce1.png\" alt=\"\" width=\"13\" height=\"11\" border=\"0\" \/> \u00a0Une partie du Boulevard de l\u2019Oise<\/p>\n<p> Environ 180 Points Lumineux concern\u00e9s.<\/p>\n<p> Les autres postes HT de l\u2019agglom\u00e9ration se sont tous correctement mis en service ce soir.<\/p>\n<p><\/span><\/td>\n<\/tr>\n<tr>\n<td valign=\"top\" height=\"180\">\n<hr id=\"archivesBarre\" width=\"100%\" size=\"1\" noshade=\"noshade\" \/><span class=\"arialBoldsurlign\u00e9\" style=\"font-family: Arial, 'Gill Sans', 'Gill Sans MT', 'Myriad Pro', 'DejaVu Sans Condensed', Helvetica, sans-serif; font-size: 14px; font-weight: bold; color: #ffffff; background-color: #cb1e44; background-size: contain; line-height: 20pt;\">\u00a0FLASH INFOS MAINTENANCE &#8211; 25\/05\/2014 &#8211; 23h00\u00a0<\/span><span class=\"arialBold\"><br \/><strong><span class=\"arialBold\">A l\u2019allumage, des pannes sur le r\u00e9seau Haute Tension sont en cours<br \/><\/span><\/strong><\/span><span class=\"arial\"><br \/> Nous rencontrons ce soir une difficult\u00e9 sur le <\/span><strong><span class=\"arialBold\">d\u00e9part 2 du poste HT Eralum \u00e0 Eragny<\/span><\/strong><span class=\"arial\">. Le d\u00e9part concern\u00e9 a \u00e9t\u00e9 consign\u00e9 dans l\u2019attente d\u2019une investigation compl\u00e9mentaire.<br \/> Un camion laboratoire a \u00e9t\u00e9 sollicit\u00e9 pour nous appuyer demain dans cette recherche de d\u00e9faut.<\/p>\n<p> Les secteurs impact\u00e9s cette nuit sont:<\/p>\n<p><img loading=\"lazy\" decoding=\"async\" src=\"https:\/\/www.cylumine.fr\/images\/puce1.png\" alt=\"\" width=\"13\" height=\"11\" border=\"0\" \/> \u00a0Boulevard de la Commune de Paris<br \/><img loading=\"lazy\" decoding=\"async\" src=\"https:\/\/www.cylumine.fr\/images\/puce1.png\" alt=\"\" width=\"13\" height=\"11\" border=\"0\" \/> \u00a0Avenue Jean Jaur\u00e8s<br \/><img loading=\"lazy\" decoding=\"async\" src=\"https:\/\/www.cylumine.fr\/images\/puce1.png\" alt=\"\" width=\"13\" height=\"11\" border=\"0\" \/> \u00a0Rue Salvador Allende<br \/><img loading=\"lazy\" decoding=\"async\" src=\"https:\/\/www.cylumine.fr\/images\/puce1.png\" alt=\"\" width=\"13\" height=\"11\" border=\"0\" \/> \u00a0Une partie de l\u2019Avenue Roger Salengro<br \/><img loading=\"lazy\" decoding=\"async\" src=\"https:\/\/www.cylumine.fr\/images\/puce1.png\" alt=\"\" width=\"13\" height=\"11\" border=\"0\" \/> \u00a0Une partie de la Rue de la Marne<\/p>\n<p> Environ 90 Points Lumineux concern\u00e9s.<\/p>\n<p> Tous les autres postes HT de l\u2019agglom\u00e9ration se sont correctement mis en service ce soir.<\/p>\n<p><\/span><\/td>\n<\/tr>\n<tr>\n<td valign=\"top\" height=\"120\">\n<hr id=\"archivesBarre\" width=\"100%\" size=\"1\" noshade=\"noshade\" \/><span class=\"arialBoldsurlign\u00e9\" style=\"font-family: Arial, 'Gill Sans', 'Gill Sans MT', 'Myriad Pro', 'DejaVu Sans Condensed', Helvetica, sans-serif; font-size: 14px; font-weight: bold; color: #ffffff; background-color: #cb1e44; background-size: contain; line-height: 20pt;\">\u00a0FLASH INFOS MAINTENANCE &#8211; 23\/05\/2014 &#8211; 23h00\u00a0<\/span><span class=\"arialBold\"><span class=\"arialBold\"><br \/><\/span><\/span><span class=\"arial\"><br \/> Nos techniciens ont sold\u00e9s ce jour le d\u00e9faut rencontr\u00e9 hier soir sur la <\/span><span class=\"arialBold\">phase 1 du <strong>d\u00e9part 1 du poste HT Hautilum \u00e0 Jouy-Le-Moutier<\/strong>.<\/span><span class=\"arial\"><\/p>\n<p> Tous les postes HT de l\u2019agglom\u00e9ration se sont correctement mis en service ce soir.<\/p>\n<p><\/span><\/td>\n<\/tr>\n<tr>\n<td valign=\"top\" height=\"180\">\n<hr id=\"archivesBarre\" width=\"100%\" size=\"1\" noshade=\"noshade\" \/><span class=\"arialBoldsurlign\u00e9\" style=\"font-family: Arial, 'Gill Sans', 'Gill Sans MT', 'Myriad Pro', 'DejaVu Sans Condensed', Helvetica, sans-serif; font-size: 14px; font-weight: bold; color: #ffffff; background-color: #cb1e44; background-size: contain; line-height: 20pt;\">\u00a0FLASH INFOS MAINTENANCE &#8211; 22\/05\/2014 &#8211; 23h00\u00a0<\/span><span class=\"arialBold\"><br \/><span class=\"arialBold\"><strong>A l\u2019allumage, des pannes sur le r\u00e9seau Haute Tension sont en cours<\/strong><br \/><\/span><\/span><span class=\"arial\"><br \/> 1. Nos techniciens ont sold\u00e9 ce jour les d\u00e9fauts rencontr\u00e9s hier soir sur les <\/span><span class=\"arialBold\">phases 1 et 3 du <strong>d\u00e9part 2 du poste HT Hautilum \u00e0 Jouy-Le-Moutier<\/strong>.<\/span><span class=\"arial\"><\/p>\n<p> 2. Malheureusement, nous rencontrons ce soir une nouvelle difficult\u00e9 sur la <\/span><span class=\"arialBold\">phase 1 du <strong>d\u00e9part 1 du poste HT Hautilum \u00e0 Jouy-Le-Moutier.<\/strong><\/span><span class=\"arial\"><br \/> La phase concern\u00e9e a \u00e9t\u00e9 consign\u00e9e dans l\u2019attente d\u2019une investigation compl\u00e9mentaire.<\/p>\n<p> Les rues impact\u00e9es cette nuit sont :<\/p>\n<p><img loading=\"lazy\" decoding=\"async\" src=\"https:\/\/www.cylumine.fr\/images\/puce1.png\" alt=\"\" width=\"13\" height=\"11\" border=\"0\" \/> \u00a0Avenue du Temps Perdu<br \/><img loading=\"lazy\" decoding=\"async\" src=\"https:\/\/www.cylumine.fr\/images\/puce1.png\" alt=\"\" width=\"13\" height=\"11\" border=\"0\" \/> \u00a0Rue d\u2019Ecancourt<br \/><img loading=\"lazy\" decoding=\"async\" src=\"https:\/\/www.cylumine.fr\/images\/puce1.png\" alt=\"\" width=\"13\" height=\"11\" border=\"0\" \/> \u00a0Rue Gabriel Faur\u00e9<br \/><img loading=\"lazy\" decoding=\"async\" src=\"https:\/\/www.cylumine.fr\/images\/puce1.png\" alt=\"\" width=\"13\" height=\"11\" border=\"0\" \/> \u00a0Rue Charles Gounod<br \/><img loading=\"lazy\" decoding=\"async\" src=\"https:\/\/www.cylumine.fr\/images\/puce1.png\" alt=\"\" width=\"13\" height=\"11\" border=\"0\" \/> \u00a0venue Camille Saint-Sa\u00ebns<br \/><img loading=\"lazy\" decoding=\"async\" src=\"https:\/\/www.cylumine.fr\/images\/puce1.png\" alt=\"\" width=\"13\" height=\"11\" border=\"0\" \/> \u00a0Rue Rossini<br \/><img loading=\"lazy\" decoding=\"async\" src=\"https:\/\/www.cylumine.fr\/images\/puce1.png\" alt=\"\" width=\"13\" height=\"11\" border=\"0\" \/> \u00a0Mail Hector Berlioz<\/p>\n<p> Environ 120 Points Lumineux concern\u00e9s.<\/p>\n<p> Les autres postes HT de l\u2019agglom\u00e9ration se sont tous correctement mis en service ce soir.<\/p>\n<p><\/span><\/td>\n<\/tr>\n<tr>\n<td valign=\"top\" height=\"478\">\n<hr id=\"archivesBarre\" width=\"100%\" size=\"1\" noshade=\"noshade\" \/>\n<p><span class=\"arialBoldsurlign\u00e9\" style=\"font-family: Arial, 'Gill Sans', 'Gill Sans MT', 'Myriad Pro', 'DejaVu Sans Condensed', Helvetica, sans-serif; font-size: 14px; font-weight: bold; color: #ffffff; background-color: #cb1e44; background-size: contain; line-height: 20pt;\">\u00a0FLASH INFOS MAINTENANCE &#8211; 21\/05\/2014 &#8211; 23h00\u00a0<\/span><span class=\"arialBold\"><br \/><span class=\"arialBold\"><strong>A l\u2019allumage, des pannes sur le r\u00e9seau Haute Tension sont en cours<\/strong><br \/><\/span><\/span><span class=\"arial\"><br \/>Nous rencontrons ce soir une difficult\u00e9 sur les <\/span><span class=\"arialBold\">phases 1 et 3 du <strong>d\u00e9part 2 du poste HT Hautilum \u00e0 Jouy-Le-Moutier<\/strong>.<\/span><span class=\"arial\"> Le d\u00e9part concern\u00e9 a \u00e9t\u00e9 consign\u00e9 dans l\u2019attente d\u2019une investigation compl\u00e9mentaire.<br \/> Un camion laboratoire a \u00e9t\u00e9 sollicit\u00e9 pour nous appuyer dans cette recherche de d\u00e9faut.<\/p>\n<p> Les secteurs impact\u00e9s cette nuit sont :<\/p>\n<p><img loading=\"lazy\" decoding=\"async\" src=\"https:\/\/www.cylumine.fr\/images\/puce1.png\" alt=\"\" width=\"13\" height=\"11\" border=\"0\" \/> \u00a0Rue Auguste Renoir<br \/><img loading=\"lazy\" decoding=\"async\" src=\"https:\/\/www.cylumine.fr\/images\/puce1.png\" alt=\"\" width=\"13\" height=\"11\" border=\"0\" \/> \u00a0Rue Claude Monnet<br \/><img loading=\"lazy\" decoding=\"async\" src=\"https:\/\/www.cylumine.fr\/images\/puce1.png\" alt=\"\" width=\"13\" height=\"11\" border=\"0\" \/> \u00a0Avenue du Temps Perdu<br \/><img loading=\"lazy\" decoding=\"async\" src=\"https:\/\/www.cylumine.fr\/images\/puce1.png\" alt=\"\" width=\"13\" height=\"11\" border=\"0\" \/> \u00a0Rue du Moulinet<br \/><img loading=\"lazy\" decoding=\"async\" src=\"https:\/\/www.cylumine.fr\/images\/puce1.png\" alt=\"\" width=\"13\" height=\"11\" border=\"0\" \/> \u00a0Rue de l\u2019Angelus<br \/><img loading=\"lazy\" decoding=\"async\" src=\"https:\/\/www.cylumine.fr\/images\/puce1.png\" alt=\"\" width=\"13\" height=\"11\" border=\"0\" \/> \u00a0All\u00e9e des Noyers<br \/><img loading=\"lazy\" decoding=\"async\" src=\"https:\/\/www.cylumine.fr\/images\/puce1.png\" alt=\"\" width=\"13\" height=\"11\" border=\"0\" \/> \u00a0Rue des Marguerites<br \/><img loading=\"lazy\" decoding=\"async\" src=\"https:\/\/www.cylumine.fr\/images\/puce1.png\" alt=\"\" width=\"13\" height=\"11\" border=\"0\" \/> \u00a0Rue des Joncquilles<br \/><img loading=\"lazy\" decoding=\"async\" src=\"https:\/\/www.cylumine.fr\/images\/puce1.png\" alt=\"\" width=\"13\" height=\"11\" border=\"0\" \/> \u00a0Rue des Noisetiers<br \/><img loading=\"lazy\" decoding=\"async\" src=\"https:\/\/www.cylumine.fr\/images\/puce1.png\" alt=\"\" width=\"13\" height=\"11\" border=\"0\" \/> \u00a0Rue des Pervenches<br \/><img loading=\"lazy\" decoding=\"async\" src=\"https:\/\/www.cylumine.fr\/images\/puce1.png\" alt=\"\" width=\"13\" height=\"11\" border=\"0\" \/> \u00a0Une partie du Boulevard de l\u2019Oise<br \/><img loading=\"lazy\" decoding=\"async\" src=\"https:\/\/www.cylumine.fr\/images\/puce1.png\" alt=\"\" width=\"13\" height=\"11\" border=\"0\" \/> \u00a0Avenue du Vast<br \/><img loading=\"lazy\" decoding=\"async\" src=\"https:\/\/www.cylumine.fr\/images\/puce1.png\" alt=\"\" width=\"13\" height=\"11\" border=\"0\" \/> \u00a0Rue de la Hayette<br \/><img loading=\"lazy\" decoding=\"async\" src=\"https:\/\/www.cylumine.fr\/images\/puce1.png\" alt=\"\" width=\"13\" height=\"11\" border=\"0\" \/> \u00a0Rue du Chemin Vert<br \/><img loading=\"lazy\" decoding=\"async\" src=\"https:\/\/www.cylumine.fr\/images\/puce1.png\" alt=\"\" width=\"13\" height=\"11\" border=\"0\" \/> \u00a0Place du noyer<br \/><img loading=\"lazy\" decoding=\"async\" src=\"https:\/\/www.cylumine.fr\/images\/puce1.png\" alt=\"\" width=\"13\" height=\"11\" border=\"0\" \/> \u00a0Avenue des B\u00e9guines<br \/><img loading=\"lazy\" decoding=\"async\" src=\"https:\/\/www.cylumine.fr\/images\/puce1.png\" alt=\"\" width=\"13\" height=\"11\" border=\"0\" \/> \u00a0Avenue de la Belle Haumi\u00e8re<br \/><img loading=\"lazy\" decoding=\"async\" src=\"https:\/\/www.cylumine.fr\/images\/puce1.png\" alt=\"\" width=\"13\" height=\"11\" border=\"0\" \/> \u00a0Une partie du Boulevard d\u2019Osny<br \/><img loading=\"lazy\" decoding=\"async\" src=\"https:\/\/www.cylumine.fr\/images\/puce1.png\" alt=\"\" width=\"13\" height=\"11\" border=\"0\" \/> \u00a0Une partie du Boulevard de l\u2019Oise<\/p>\n<p> Environ 180 Points Lumineux concern\u00e9s.<\/p>\n<p> Les autres postes HT de l\u2019agglom\u00e9ration se sont tous correctement mis en service ce soir.<\/p>\n<p><\/span><\/p>\n<\/td>\n<\/tr>\n<tr>\n<td valign=\"top\" height=\"120\">\n<hr id=\"archivesBarre\" width=\"100%\" size=\"1\" noshade=\"noshade\" \/><span class=\"arialBoldsurlign\u00e9\" style=\"font-family: Arial, 'Gill Sans', 'Gill Sans MT', 'Myriad Pro', 'DejaVu Sans Condensed', Helvetica, sans-serif; font-size: 14px; font-weight: bold; color: #ffffff; background-color: #cb1e44; background-size: contain; line-height: 20pt;\">\u00a0FLASH INFOS MAINTENANCE &#8211; 14\/05\/2014 &#8211; 23h00\u00a0<\/span><span class=\"arialBold\"><span class=\"arialBold\"><br \/><\/span><\/span><span class=\"arial\"><br \/> Nos techniciens ont sold\u00e9 ce jour le d\u00e9faut majeur rencontr\u00e9 hier soir sur le <\/span><strong><span class=\"arialBold\">d\u00e9part 4 du poste Puisum \u00e0 Cergy.<\/span><\/strong><span class=\"arial\"><\/p>\n<p> Les autres postes HT de l\u2019agglom\u00e9ration se sont tous correctement mis en service ce soir.<\/p>\n<p><\/span><\/td>\n<\/tr>\n<tr>\n<td valign=\"top\" height=\"180\">\n<hr id=\"archivesBarre\" width=\"100%\" size=\"1\" noshade=\"noshade\" \/><span class=\"arialBoldsurlign\u00e9\" style=\"font-family: Arial, 'Gill Sans', 'Gill Sans MT', 'Myriad Pro', 'DejaVu Sans Condensed', Helvetica, sans-serif; font-size: 14px; font-weight: bold; color: #ffffff; background-color: #cb1e44; background-size: contain; line-height: 20pt;\">\u00a0FLASH INFOS MAINTENANCE &#8211; 13\/05\/2014 &#8211; 23h00\u00a0<\/span><span class=\"arialBold\"><br \/><strong><span class=\"arialBold\">A l\u2019allumage, des pannes sur le r\u00e9seau Haute Tension sont en cours<br \/><\/span><\/strong><\/span><span class=\"arial\"><br \/>Nous rencontrons ce soir une difficult\u00e9 majeure sur les <\/span><span class=\"arialBold\">3 phases du <strong>d\u00e9part 4 du poste HT Puisum.<\/strong><\/span><span class=\"arial\"> Le d\u00e9part concern\u00e9 a \u00e9t\u00e9 consign\u00e9 dans l\u2019attente d\u2019une investigation compl\u00e9mentaire.<br \/> Un camion laboratoire a \u00e9t\u00e9 sollicit\u00e9 pour nous appuyer dans cette recherche de d\u00e9faut.<\/p>\n<p> Les secteurs impact\u00e9s cette nuit sont:<\/p>\n<p><img loading=\"lazy\" decoding=\"async\" src=\"https:\/\/www.cylumine.fr\/images\/puce1.png\" alt=\"\" width=\"13\" height=\"11\" border=\"0\" \/> \u00a0Une partie du Boulevard de l\u2019Oise<br \/><img loading=\"lazy\" decoding=\"async\" src=\"https:\/\/www.cylumine.fr\/images\/puce1.png\" alt=\"\" width=\"13\" height=\"11\" border=\"0\" \/> \u00a0Avenue du Haut Pave<br \/><img loading=\"lazy\" decoding=\"async\" src=\"https:\/\/www.cylumine.fr\/images\/puce1.png\" alt=\"\" width=\"13\" height=\"11\" border=\"0\" \/> \u00a0Avenue de la Constellation<br \/><img loading=\"lazy\" decoding=\"async\" src=\"https:\/\/www.cylumine.fr\/images\/puce1.png\" alt=\"\" width=\"13\" height=\"11\" border=\"0\" \/> \u00a0Promenade du Gros Caillou<br \/><img loading=\"lazy\" decoding=\"async\" src=\"https:\/\/www.cylumine.fr\/images\/puce1.png\" alt=\"\" width=\"13\" height=\"11\" border=\"0\" \/> \u00a0Avenue des B\u00e9guines<br \/><img loading=\"lazy\" decoding=\"async\" src=\"https:\/\/www.cylumine.fr\/images\/puce1.png\" alt=\"\" width=\"13\" height=\"11\" border=\"0\" \/> \u00a0Avenue de la Belle Haumi\u00e8re<br \/><img loading=\"lazy\" decoding=\"async\" src=\"https:\/\/www.cylumine.fr\/images\/puce1.png\" alt=\"\" width=\"13\" height=\"11\" border=\"0\" \/> \u00a0Une partie du Boulevard d\u2019Osny<br \/><img loading=\"lazy\" decoding=\"async\" src=\"https:\/\/www.cylumine.fr\/images\/puce1.png\" alt=\"\" width=\"13\" height=\"11\" border=\"0\" \/> \u00a0Une partie du Boulevard de l\u2019Oise<\/p>\n<p> Nos techniciens ont sold\u00e9 ce jour les difficult\u00e9s rencontr\u00e9es hier soir sur le<\/span><span class=\"arialBold\"><strong> d\u00e9part 1 du poste Lampadaire \u00e0 Cergy<\/strong>.<\/span><span class=\"arial\"><\/p>\n<p> Les autres postes HT de l\u2019agglom\u00e9ration se sont tous correctement mis en service ce soir.<\/p>\n<p><\/span><\/td>\n<\/tr>\n<tr>\n<td valign=\"top\" height=\"180\">\n<hr id=\"archivesBarre\" width=\"100%\" size=\"1\" noshade=\"noshade\" \/>\n<p><span class=\"arialBoldsurlign\u00e9\" style=\"font-family: Arial, 'Gill Sans', 'Gill Sans MT', 'Myriad Pro', 'DejaVu Sans Condensed', Helvetica, sans-serif; font-size: 14px; font-weight: bold; color: #ffffff; background-color: #cb1e44; background-size: contain; line-height: 20pt;\">\u00a0FLASH INFOS MAINTENANCE &#8211; 12\/05\/2014 &#8211; 23h00\u00a0<\/span><span class=\"arialBold\"><br \/><span class=\"arialBold\"><strong>A l\u2019allumage, des pannes sur le r\u00e9seau Haute Tension sont en cours<\/strong><br \/><\/span><\/span><span class=\"arial\"><br \/>Nous rencontrons ce soir une difficult\u00e9 sur le <\/span><span class=\"arialBold\"><strong>d\u00e9part 1 du poste HT Lampadaire<\/strong>.<\/span><\/p>\n<p><span class=\"arial\">Malgr\u00e9 l\u2019intervention de notre agent d\u2019astreinte sur place et le changement du fusible HT, ce dernier ne repart pas. Le d\u00e9part concern\u00e9 a \u00e9t\u00e9 consign\u00e9 dans l\u2019attente d\u2019une investigation compl\u00e9mentaire.<br \/> Les rues impact\u00e9s cette nuit sont:<\/p>\n<p><img loading=\"lazy\" decoding=\"async\" src=\"https:\/\/www.cylumine.fr\/images\/puce1.png\" alt=\"\" width=\"13\" height=\"11\" border=\"0\" \/> \u00a0Une partie du Boulevard de l\u2019Hautil<br \/><img loading=\"lazy\" decoding=\"async\" src=\"https:\/\/www.cylumine.fr\/images\/puce1.png\" alt=\"\" width=\"13\" height=\"11\" border=\"0\" \/> \u00a0D48E<br \/><img loading=\"lazy\" decoding=\"async\" src=\"https:\/\/www.cylumine.fr\/images\/puce1.png\" alt=\"\" width=\"13\" height=\"11\" border=\"0\" \/> \u00a0Une partie du Boulevard du Port<br \/><img loading=\"lazy\" decoding=\"async\" src=\"https:\/\/www.cylumine.fr\/images\/puce1.png\" alt=\"\" width=\"13\" height=\"11\" border=\"0\" \/> \u00a0Avenue des Grouettes<br \/><img loading=\"lazy\" decoding=\"async\" src=\"https:\/\/www.cylumine.fr\/images\/puce1.png\" alt=\"\" width=\"13\" height=\"11\" border=\"0\" \/> \u00a0Rue du Prieur\u00e9<br \/><img loading=\"lazy\" decoding=\"async\" src=\"https:\/\/www.cylumine.fr\/images\/puce1.png\" alt=\"\" width=\"13\" height=\"11\" border=\"0\" \/>\u00a0 Avenue Jean Bart<br \/><img loading=\"lazy\" decoding=\"async\" src=\"https:\/\/www.cylumine.fr\/images\/puce1.png\" alt=\"\" width=\"13\" height=\"11\" border=\"0\" \/> \u00a0Rue de l\u2019Amiral<\/p>\n<p> Les autres postes HT de l\u2019agglom\u00e9ration se sont tous correctement mis en service.<\/p>\n<p><\/span><\/p>\n<\/td>\n<\/tr>\n<tr>\n<td valign=\"top\" height=\"180\">\n<hr id=\"archivesBarre\" width=\"100%\" size=\"1\" noshade=\"noshade\" \/><span class=\"arialBoldsurlign\u00e9\" style=\"font-family: Arial, 'Gill Sans', 'Gill Sans MT', 'Myriad Pro', 'DejaVu Sans Condensed', Helvetica, sans-serif; font-size: 14px; font-weight: bold; color: #ffffff; background-color: #cb1e44; background-size: contain; line-height: 20pt;\">\u00a0FLASH INFOS MAINTENANCE &#8211; 07\/05\/2014 &#8211; 22h00\u00a0<\/span><span class=\"arialBold\"><br \/><span class=\"arialBold\"><strong>A l\u2019allumage, des pannes sur le r\u00e9seau Haute Tension sont en cours<\/strong><br \/><\/span><\/span><span class=\"arial\"><br \/>Nous rencontrons depuis hier soir une difficult\u00e9 sur le <\/span><span class=\"arialBold\"><strong>d\u00e9part 5 du poste Puisum \u00e0 Cergy<\/strong>.<\/span><span class=\"arial\"><br \/> Les rues impact\u00e9es ce soir sont \u00e0 <\/span><span class=\"arialBold\">Osny:<\/span><span class=\"arial\"><\/p>\n<p><img loading=\"lazy\" decoding=\"async\" src=\"https:\/\/www.cylumine.fr\/images\/puce1.png\" alt=\"\" width=\"13\" height=\"11\" border=\"0\" \/> \u00a0Une partie Chauss\u00e9e Jules C\u00e9sar<br \/><img loading=\"lazy\" decoding=\"async\" src=\"https:\/\/www.cylumine.fr\/images\/puce1.png\" alt=\"\" width=\"13\" height=\"11\" border=\"0\" \/> \u00a0Une partie du Boulevard des M\u00e9rites<br \/><img loading=\"lazy\" decoding=\"async\" src=\"https:\/\/www.cylumine.fr\/images\/puce1.png\" alt=\"\" width=\"13\" height=\"11\" border=\"0\" \/> \u00a0Rue des Beaux Soleils<\/p>\n<p> Environ 30 PL impact\u00e9s.<\/p>\n<p> Un camion laboratoire a \u00e9t\u00e9 sollicit\u00e9 ce vendredi pour nous appuyer dans cette recherche de d\u00e9faut.<\/p>\n<p> Les autres postes HT de l\u2019agglom\u00e9ration se sont tous correctement mis en service.<\/p>\n<p><\/span><\/td>\n<\/tr>\n<tr>\n<td valign=\"top\" height=\"180\">\n<hr id=\"archivesBarre\" width=\"100%\" size=\"1\" noshade=\"noshade\" \/><span class=\"arialBoldsurlign\u00e9\" style=\"font-family: Arial, 'Gill Sans', 'Gill Sans MT', 'Myriad Pro', 'DejaVu Sans Condensed', Helvetica, sans-serif; font-size: 14px; font-weight: bold; color: #ffffff; background-color: #cb1e44; background-size: contain; line-height: 20pt;\">\u00a0FLASH INFOS MAINTENANCE &#8211; 28\/04\/2014 &#8211; 21h30\u00a0<\/span><span class=\"arialBold\"><br \/><span class=\"arialBold\"><strong>A l\u2019allumage, des pannes sur le r\u00e9seau Haute Tension sont en cours<\/strong><br \/><\/span><\/span><span class=\"arial\"><br \/> 1. Nous rencontrons une difficult\u00e9 sur l\u2019<\/span><strong><span class=\"arialBold\">armoire BT Terroir \u00e0 Cergy<\/span><\/strong><span class=\"arial\">. Le Neutre du c\u00e2ble d\u2019alimentation EDF est en d\u00e9faut, nous sommes toujours dans l\u2019attente d\u2019une intervention d\u2019ERDF.<br \/> Les secteurs impact\u00e9s cette nuit sont:<\/p>\n<p><img loading=\"lazy\" decoding=\"async\" src=\"https:\/\/www.cylumine.fr\/images\/puce1.png\" alt=\"\" width=\"13\" height=\"11\" border=\"0\" \/> \u00a0Une partie de l\u2019\u00e9clairage autour du Coll\u00e8ge du Moulin \u00e0 Vent<br \/><img loading=\"lazy\" decoding=\"async\" src=\"https:\/\/www.cylumine.fr\/images\/puce1.png\" alt=\"\" width=\"13\" height=\"11\" border=\"0\" \/> \u00a0Bois Lapelote (Promenade des 2 Bois)<\/p>\n<p> Environ 40 PL concern\u00e9s.<\/p>\n<p> 2. Nous rencontrons une difficult\u00e9 sur l\u2019<\/span><strong><span class=\"arialBold\">armoire BT Mairie Jouy \u00e0 Jouy-Le-Moutier<\/span><\/strong><span class=\"arial\">. Le d\u00e9faut est en cours d\u2019analyse, apparemment une port\u00e9e de c\u00e2ble du r\u00e9seau serait concern\u00e9e.<br \/> Le secteur impact\u00e9 cette nuit est:<\/p>\n<p><img loading=\"lazy\" decoding=\"async\" src=\"https:\/\/www.cylumine.fr\/images\/puce1.png\" alt=\"\" width=\"13\" height=\"11\" border=\"0\" \/> \u00a0Grande Rue<\/p>\n<p> Environ 35 PL concern\u00e9s.<\/p>\n<p> Les autres postes HT de l\u2019agglom\u00e9ration se sont tous correctement mis en service.<\/p>\n<p><\/span><\/td>\n<\/tr>\n<tr>\n<td valign=\"top\" height=\"183\">\n<hr id=\"archivesBarre\" width=\"100%\" size=\"1\" noshade=\"noshade\" \/><span class=\"arialBoldsurlign\u00e9\" style=\"font-family: Arial, 'Gill Sans', 'Gill Sans MT', 'Myriad Pro', 'DejaVu Sans Condensed', Helvetica, sans-serif; font-size: 14px; font-weight: bold; color: #ffffff; background-color: #cb1e44; background-size: contain; line-height: 20pt;\">\u00a0FLASH INFOS MAINTENANCE &#8211; 27\/04\/2014 &#8211; 21h30\u00a0<\/span><span class=\"arialBold\"><br \/><span class=\"arialBold\"><strong>A l\u2019allumage, des pannes sur le r\u00e9seau Haute Tension sont en cours<\/strong><br \/><\/span><\/span><span class=\"arial\"><br \/>Nous rencontrons une difficult\u00e9 sur l\u2019<strong>armoire <\/strong><\/span><strong><span class=\"arialBold\">BT Terroir \u00e0 Cergy<\/span><\/strong><span class=\"arial\">. Le Neutre du c\u00e2ble d\u2019alimentation EDF est en d\u00e9faut, nous avons signal\u00e9s ce d\u00e9faut aupr\u00e8s de ce dernier. Nous sommes en attente d\u2019une intervention de leur part.<br \/> Les secteurs impact\u00e9s cette nuit sont:<\/p>\n<p><img loading=\"lazy\" decoding=\"async\" src=\"https:\/\/www.cylumine.fr\/images\/puce1.png\" alt=\"\" width=\"13\" height=\"11\" border=\"0\" \/> \u00a0Une partie de l\u2019\u00e9clairage autour du Coll\u00e8ge du Moulin \u00e0 Vent<br \/><img loading=\"lazy\" decoding=\"async\" src=\"https:\/\/www.cylumine.fr\/images\/puce1.png\" alt=\"\" width=\"13\" height=\"11\" border=\"0\" \/> \u00a0Bois Lapelote (Promenade des 2 Bois)<\/p>\n<p> Environ 40 PL concern\u00e9s.<\/p>\n<p> Les autres postes HT de l\u2019agglom\u00e9ration se sont tous correctement mis en service.<\/p>\n<p><\/span><\/td>\n<\/tr>\n<tr>\n<td valign=\"top\" height=\"183\">\n<hr id=\"archivesBarre\" width=\"100%\" size=\"1\" noshade=\"noshade\" \/><span class=\"arialBoldsurlign\u00e9\" style=\"font-family: Arial, 'Gill Sans', 'Gill Sans MT', 'Myriad Pro', 'DejaVu Sans Condensed', Helvetica, sans-serif; font-size: 14px; font-weight: bold; color: #ffffff; background-color: #cb1e44; background-size: contain; line-height: 20pt;\">\u00a0FLASH INFOS MAINTENANCE &#8211; 10\/04\/2014 &#8211; 21h15\u00a0<\/span><span class=\"arialBold\"><br \/><span class=\"arialBold\"><strong>A l\u2019allumage, des pannes sur le r\u00e9seau Haute Tension sont en cours<\/strong><br \/><\/span><\/span><span class=\"arial\"><br \/>Nous rencontrons encore une difficult\u00e9 sur le <\/span><strong><span class=\"arialBold\">d\u00e9part 2 du poste Hautilum \u00e0 Jouy le Moutier.<\/span><\/strong><span class=\"arial\"><br \/> La seule rue impact\u00e9e est :<\/p>\n<p><img loading=\"lazy\" decoding=\"async\" src=\"https:\/\/www.cylumine.fr\/images\/puce1.png\" alt=\"\" width=\"13\" height=\"11\" border=\"0\" \/> \u00a0Rue Auguste Renoir (11 PL)<br \/><\/span><span class=\"arial\"><br \/> Les autres postes HT de l\u2019agglom\u00e9ration se sont tous correctement mis en service.<\/p>\n<p><\/span><\/td>\n<\/tr>\n<tr>\n<td valign=\"top\" height=\"180\">\n<hr id=\"archivesBarre\" width=\"100%\" size=\"1\" noshade=\"noshade\" \/><span class=\"arialBoldsurlign\u00e9\" style=\"font-family: Arial, 'Gill Sans', 'Gill Sans MT', 'Myriad Pro', 'DejaVu Sans Condensed', Helvetica, sans-serif; font-size: 14px; font-weight: bold; color: #ffffff; background-color: #cb1e44; background-size: contain; line-height: 20pt;\">\u00a0FLASH INFOS MAINTENANCE &#8211; 09\/04\/2014 &#8211; 21h15\u00a0<\/span><span class=\"arialBold\"><br \/><span class=\"arialBold\"><strong>A l\u2019allumage, des pannes sur le r\u00e9seau Haute Tension sont en cours<\/strong><br \/><\/span><\/span><span class=\"arial\"><br \/>Nous rencontrons encore une difficult\u00e9 sur le <\/span><span class=\"arialBold\"><strong>d\u00e9part 2 du poste Hautilum \u00e0 Jouy le Moutier<\/strong>.<\/span><span class=\"arial\"><br \/> La derni\u00e8re rue impact\u00e9e suite au raccordement provisoire mis en place ce jour est :<\/p>\n<p><img loading=\"lazy\" decoding=\"async\" src=\"https:\/\/www.cylumine.fr\/images\/puce1.png\" alt=\"\" width=\"13\" height=\"11\" border=\"0\" \/> \u00a0Rue Auguste Renoir<\/p>\n<p> Les autres postes HT de l\u2019agglom\u00e9ration se sont tous correctement mis en service.<\/p>\n<p><\/span><\/td>\n<\/tr>\n<tr>\n<td valign=\"top\" height=\"330\">\n<hr id=\"archivesBarre\" width=\"100%\" size=\"1\" noshade=\"noshade\" \/><span class=\"arialBoldsurlign\u00e9\" style=\"font-family: Arial, 'Gill Sans', 'Gill Sans MT', 'Myriad Pro', 'DejaVu Sans Condensed', Helvetica, sans-serif; font-size: 14px; font-weight: bold; color: #ffffff; background-color: #cb1e44; background-size: contain; line-height: 20pt;\">\u00a0FLASH INFOS MAINTENANCE &#8211; 08\/04\/2014 &#8211; 21h15\u00a0<\/span><span class=\"arialBold\"><br \/><span class=\"arialBold\"><strong>A l\u2019allumage, des pannes sur le r\u00e9seau Haute Tension sont en cours<\/strong><br \/><\/span><\/span><span class=\"arial\"><br \/> 1. Nous rencontrons encore une difficult\u00e9 sur le <\/span><span class=\"arialBold\"><strong>d\u00e9part 2 du poste Hautilum \u00e0 Jouy le Moutier<\/strong>.<\/span><span class=\"arial\"><br \/> Les rues impact\u00e9es sont :<\/p>\n<p><img loading=\"lazy\" decoding=\"async\" src=\"https:\/\/www.cylumine.fr\/images\/puce1.png\" alt=\"\" width=\"13\" height=\"11\" border=\"0\" \/> \u00a0Rue Claude Monnet \/ Auguste Renoir<\/p>\n<p> Un camion laboratoire a \u00e9t\u00e9 sollicit\u00e9 pour nous appuyer dans cette recherche de d\u00e9faut.<\/p>\n<p> 2. Nous rencontrons une difficult\u00e9 sur le <\/span><span class=\"arialBold\"><strong>d\u00e9part 2 du poste HT Lampadaire \u00e0 Cergy<\/strong>.<\/span><span class=\"arial\"><\/p>\n<p> Le tron\u00e7on impact\u00e9 est :<\/p>\n<p><img loading=\"lazy\" decoding=\"async\" src=\"https:\/\/www.cylumine.fr\/images\/puce1.png\" alt=\"\" width=\"13\" height=\"11\" border=\"0\" \/> \u00a0Une partie de la bretelle de l\u2019\u00e9changeur RD203 \/ Boulevard de l\u2019Hautil \u00e0 Neuville sur Oise (environ 30 PL)<\/p>\n<p> Nos techniciens ont sold\u00e9 ce jour les difficult\u00e9s encore rencontr\u00e9es hier sur le <strong>d\u00e9part 1 du poste Hautilum \u00e0 Jouy le Moutier<\/strong>.<\/p>\n<p> Les autres postes HT de l\u2019agglom\u00e9ration se sont tous correctement mis en service.<\/p>\n<p><\/span><\/td>\n<\/tr>\n<tr>\n<td valign=\"top\" height=\"375\">\n<hr id=\"archivesBarre\" width=\"100%\" size=\"1\" noshade=\"noshade\" \/><span class=\"arialBoldsurlign\u00e9\" style=\"font-family: Arial, 'Gill Sans', 'Gill Sans MT', 'Myriad Pro', 'DejaVu Sans Condensed', Helvetica, sans-serif; font-size: 14px; font-weight: bold; color: #ffffff; background-color: #cb1e44; background-size: contain; line-height: 20pt;\">\u00a0FLASH INFOS MAINTENANCE &#8211; 07\/04\/2014 &#8211; 21h15\u00a0<\/span><span class=\"arialBold\"><br \/><span class=\"arialBold\"><strong>A l\u2019allumage, des pannes sur le r\u00e9seau Haute Tension sont en cours<\/strong><br \/><\/span><\/span><span class=\"arial\"><br \/> 1. Nous rencontrons depuis lundi soir une difficult\u00e9 sur le <\/span><span class=\"arialBold\"><strong>d\u00e9part 2 du poste Hautilum \u00e0 Jouy le Moutier<\/strong>.<\/span><span class=\"arial\"><br \/> Les rues impact\u00e9es sont :<\/p>\n<p><img loading=\"lazy\" decoding=\"async\" src=\"https:\/\/www.cylumine.fr\/images\/puce1.png\" alt=\"\" width=\"13\" height=\"11\" border=\"0\" \/> \u00a0Rue Claude Monnet \/ Auguste Renoir<\/p>\n<p> Un camion laboratoire a \u00e9t\u00e9 sollicit\u00e9 pour nous appuyer dans cette recherche de d\u00e9faut. Une solution palliative sera mise en \u0153uvre d\u00e8s demain.<\/p>\n<p> 2. Nous rencontrons une difficult\u00e9 \u00e0 l\u2019allumage sur le <\/span><span class=\"arialBold\"><strong>d\u00e9part 1 du poste Hautilum \u00e0 Jouy le Moutier<\/strong>.<\/span><span class=\"arial\"><\/p>\n<p> Ce dernier n\u2019a pu \u00eatre relanc\u00e9 que sur 2 phases.<\/p>\n<p> 3. Nous rencontrons une difficult\u00e9 sur le <\/span><strong><span class=\"arialBold\">d\u00e9part 2 du poste HT Lampadaire \u00e0 Cergy<\/span><\/strong><span class=\"arial\">.<\/p>\n<p> Le tron\u00e7on impact\u00e9 est :<\/p>\n<p><img loading=\"lazy\" decoding=\"async\" src=\"https:\/\/www.cylumine.fr\/images\/puce1.png\" alt=\"\" width=\"13\" height=\"11\" border=\"0\" \/> \u00a0Une partie de la bretelle de l\u2019\u00e9changeur RD203\/Boulevard de l\u2019Hautil \u00e0 Neuville sur Oise (environ 30 PL)<\/p>\n<p> Les autres postes HT de l\u2019agglom\u00e9ration se sont tous mis en service ce soir.<\/p>\n<p><\/span><\/td>\n<\/tr>\n<tr>\n<td valign=\"top\" height=\"360\">\n<hr id=\"archivesBarre\" width=\"100%\" size=\"1\" noshade=\"noshade\" \/><span class=\"arialBoldsurlign\u00e9\" style=\"font-family: Arial, 'Gill Sans', 'Gill Sans MT', 'Myriad Pro', 'DejaVu Sans Condensed', Helvetica, sans-serif; font-size: 14px; font-weight: bold; color: #ffffff; background-color: #cb1e44; background-size: contain; line-height: 20pt;\">\u00a0FLASH INFOS MAINTENANCE &#8211; 06\/04\/2014 &#8211; 21h15\u00a0<\/span><span class=\"arialBold\"><br \/><span class=\"arialBold\"><strong>A l\u2019allumage, des pannes sur le r\u00e9seau Haute Tension sont en cours<\/strong><br \/><\/span><\/span><span class=\"arial\"><br \/> 1. Nous rencontrons une difficult\u00e9 sur le<\/span><span class=\"arialBold\"><strong> d\u00e9part 2 du poste Hautilum \u00e0 Jouy le Moutier<\/strong>.<\/span><span class=\"arial\"><br \/> Les rues impact\u00e9es sont :<\/p>\n<p><img loading=\"lazy\" decoding=\"async\" src=\"https:\/\/www.cylumine.fr\/images\/puce1.png\" alt=\"\" width=\"13\" height=\"11\" border=\"0\" \/> \u00a0Rue Claude Monnet\/Auguste Renoir<\/p>\n<p> 2. Nous rencontrons une difficult\u00e9 sur le <\/span><span class=\"arialBold\"><strong>d\u00e9part 1 du poste Hautilum \u00e0 Jouy le Moutier<\/strong>.<\/span><span class=\"arial\"><\/p>\n<p> Les PL impact\u00e9es sont :<\/p>\n<p><img loading=\"lazy\" decoding=\"async\" src=\"https:\/\/www.cylumine.fr\/images\/puce1.png\" alt=\"\" width=\"13\" height=\"11\" border=\"0\" \/> \u00a03 cand\u00e9labres sur le boulevard d\u2019Ecancourt (angle rue du stade)<\/p>\n<p> 3. Nous rencontrons une difficult\u00e9 sur le <\/span><span class=\"arialBold\"><strong>d\u00e9part 2 du poste HT Lampadaire \u00e0 Cergy<\/strong>.<\/span><span class=\"arial\"><\/p>\n<p> Le tron\u00e7on impact\u00e9 est :<\/p>\n<p><img loading=\"lazy\" decoding=\"async\" src=\"https:\/\/www.cylumine.fr\/images\/puce1.png\" alt=\"\" width=\"13\" height=\"11\" border=\"0\" \/> \u00a0Une partie de la bretelle de l\u2019\u00e9changeur RD203\/Boulevard de l\u2019Hautil \u00e0 Neuville sur Oise (environ 30 PL)<\/p>\n<p> Les autres postes HT de l\u2019agglom\u00e9ration se sont tous actuellement en service.<\/p>\n<p><\/span><\/td>\n<\/tr>\n<tr>\n<td valign=\"top\" height=\"360\">\n<hr id=\"archivesBarre\" width=\"100%\" size=\"1\" noshade=\"noshade\" \/><span class=\"arialBoldsurlign\u00e9\" style=\"font-family: Arial, 'Gill Sans', 'Gill Sans MT', 'Myriad Pro', 'DejaVu Sans Condensed', Helvetica, sans-serif; font-size: 14px; font-weight: bold; color: #ffffff; background-color: #cb1e44; background-size: contain; line-height: 20pt;\">\u00a0FLASH INFOS MAINTENANCE &#8211; 05\/04\/2014 &#8211; 21h15\u00a0<\/span><span class=\"arialBold\"><br \/><span class=\"arialBold\"><strong>A l\u2019allumage, des pannes sur le r\u00e9seau Haute Tension sont en cours<\/strong><br \/><\/span><\/span><span class=\"arial\"><br \/> 1. Nous rencontrons depuis lundi soir une difficult\u00e9 sur le <\/span><span class=\"arialBold\"><strong>d\u00e9part 2 du poste Hautilum \u00e0 Jouy le Moutier<\/strong>.<\/span><span class=\"arial\"><br \/> Les rues impact\u00e9es sont :<\/p>\n<p><img loading=\"lazy\" decoding=\"async\" src=\"https:\/\/www.cylumine.fr\/images\/puce1.png\" alt=\"\" width=\"13\" height=\"11\" border=\"0\" \/> \u00a0Rue Claude Monnet\/Auguste Renoir<\/p>\n<p> 2. Nous rencontrons depuis jeudi soir une difficult\u00e9 sur le<\/span><span class=\"arialBold\"><strong> d\u00e9part 1 du poste Hautilum \u00e0 Jouy le Moutier<\/strong>.<br \/><\/span><span class=\"arial\"><br \/> Les PL impact\u00e9es sont :<\/p>\n<p><img loading=\"lazy\" decoding=\"async\" src=\"https:\/\/www.cylumine.fr\/images\/puce1.png\" alt=\"\" width=\"13\" height=\"11\" border=\"0\" \/> \u00a03 cand\u00e9labres sur le boulevard d\u2019Ecancourt (angle rue du stade)<\/p>\n<p> 3. Nous rencontrons depuis vendredi une difficult\u00e9 sur le <\/span><span class=\"arialBold\"><strong>d\u00e9part 2 du poste HT Lampadaire \u00e0 Cergy<\/strong>.<\/span><span class=\"arial\"><\/p>\n<p> Le tron\u00e7on impact\u00e9 est :<\/p>\n<p><img loading=\"lazy\" decoding=\"async\" src=\"https:\/\/www.cylumine.fr\/images\/puce1.png\" alt=\"\" width=\"13\" height=\"11\" border=\"0\" \/> \u00a0Une partie de la bretelle de l\u2019\u00e9changeur RD203\/Boulevard de l\u2019Hautil \u00e0 Neuville sur Oise (environ 30 PL)<\/p>\n<p> Les autres postes HT de l\u2019agglom\u00e9ration se sont tous mis correctement en service ce soir.<\/p>\n<p><\/span><\/td>\n<\/tr>\n<tr>\n<td valign=\"top\" height=\"360\">\n<hr id=\"archivesBarre\" width=\"100%\" size=\"1\" noshade=\"noshade\" \/><span class=\"arialBoldsurlign\u00e9\" style=\"font-family: Arial, 'Gill Sans', 'Gill Sans MT', 'Myriad Pro', 'DejaVu Sans Condensed', Helvetica, sans-serif; font-size: 14px; font-weight: bold; color: #ffffff; background-color: #cb1e44; background-size: contain; line-height: 20pt;\">\u00a0FLASH INFOS MAINTENANCE &#8211; 04\/04\/2014 &#8211; 21h15\u00a0<\/span><span class=\"arialBold\"><br \/><strong><span class=\"arialBold\">A l\u2019allumage, des pannes sur le r\u00e9seau Haute Tension sont en cours<br \/><\/span><\/strong><\/span><span class=\"arial\"><br \/> 1. Nous rencontrons depuis lundi soir une difficult\u00e9 sur le <\/span><span class=\"arialBold\"><strong>d\u00e9part 2 du poste Hautilum \u00e0 Jouy le Moutier<\/strong>.<\/span><span class=\"arial\"><br \/> Les rues impact\u00e9es sont :<\/p>\n<p><img loading=\"lazy\" decoding=\"async\" src=\"https:\/\/www.cylumine.fr\/images\/puce1.png\" alt=\"\" width=\"13\" height=\"11\" border=\"0\" \/> \u00a0Rue Claude Monnet\/Auguste Renoir<\/p>\n<p> 2. Nous rencontrons depuis hier soir une difficult\u00e9 sur le <\/span><span class=\"arialBold\"><strong>d\u00e9part 1 du poste Hautilum \u00e0 Jouy le Moutier<\/strong>.<\/span><span class=\"arial\"><\/p>\n<p> Suite \u00e0 l\u2019intervention de nos \u00e9quipes ce jour, les seules rues impact\u00e9es cette nuit sont :<\/p>\n<p><img loading=\"lazy\" decoding=\"async\" src=\"https:\/\/www.cylumine.fr\/images\/puce1.png\" alt=\"\" width=\"13\" height=\"11\" border=\"0\" \/> \u00a03 cand\u00e9labres sur le boulevard d\u2019Ecancourt (angle rue du stade)<\/p>\n<p> 3. Nous rencontrons ce jour une difficult\u00e9 sur le <\/span><span class=\"arialBold\"><strong>d\u00e9part 2 du poste HT Lampadaire \u00e0 Cergy<\/strong>.<\/span><span class=\"arial\"><\/p>\n<p> Suite \u00e0 l\u2019intervention de nos \u00e9quipes ce jour, les seules rues impact\u00e9es cette nuit sont :<\/p>\n<p><img loading=\"lazy\" decoding=\"async\" src=\"https:\/\/www.cylumine.fr\/images\/puce1.png\" alt=\"\" width=\"13\" height=\"11\" border=\"0\" \/> \u00a0Une partie de la bretelle de l\u2019\u00e9changeur RD203\/Boulevard de l\u2019Hautil \u00e0 Neuville sur Oise (environ 30 PL)<\/p>\n<p> Les autres postes HT de l\u2019agglom\u00e9ration se sont tous mis correctement en service ce soir.<\/p>\n<p><\/span><\/td>\n<\/tr>\n<tr>\n<td valign=\"top\" height=\"405\">\n<hr id=\"archivesBarre\" width=\"100%\" size=\"1\" noshade=\"noshade\" \/><span class=\"arialBoldsurlign\u00e9\" style=\"font-family: Arial, 'Gill Sans', 'Gill Sans MT', 'Myriad Pro', 'DejaVu Sans Condensed', Helvetica, sans-serif; font-size: 14px; font-weight: bold; color: #ffffff; background-color: #cb1e44; background-size: contain; line-height: 20pt;\">\u00a0FLASH INFOS MAINTENANCE &#8211; 03\/04\/2014 &#8211; 21h00\u00a0<\/span><span class=\"arialBold\"><br \/><strong><span class=\"arialBold\">A l\u2019allumage, des pannes sur le r\u00e9seau Haute Tension sont en cours<br \/><\/span><\/strong><\/span><span class=\"arial\"><br \/> 1. Nous rencontrons depuis lundi soir une difficult\u00e9 sur le <\/span><span class=\"arialBold\"><strong>d\u00e9part 5 du poste Puisum \u00e0 Cergy<\/strong>.<\/span><span class=\"arial\"><br \/> Suite \u00e0 l\u2019intervention de nos \u00e9quipes et du camion laboratoire ce jour la zone du d\u00e9faut a \u00e9t\u00e9 localis\u00e9 et nos \u00e9quipes continueront demain leurs r\u00e9parations. Les rues impact\u00e9es cette nuit sont :<\/p>\n<p><img loading=\"lazy\" decoding=\"async\" src=\"https:\/\/www.cylumine.fr\/images\/puce1.png\" alt=\"\" width=\"13\" height=\"11\" border=\"0\" \/> \u00a0Rue du G\u00e9n\u00e9ral de Gaulle \u00e0 Osny<br \/><img loading=\"lazy\" decoding=\"async\" src=\"https:\/\/www.cylumine.fr\/images\/puce1.png\" alt=\"\" width=\"13\" height=\"11\" border=\"0\" \/> \u00a0Rue de la Ravini\u00e8re \u00e0 Osny<br \/><img loading=\"lazy\" decoding=\"async\" src=\"https:\/\/www.cylumine.fr\/images\/puce1.png\" alt=\"\" width=\"13\" height=\"11\" border=\"0\" \/> \u00a0Boulevard des M\u00e9rites \u00e0 Osny<\/p>\n<p> 2. Nous rencontrons depuis lundi soir une difficult\u00e9 sur le <\/span><span class=\"arialBold\"><strong>d\u00e9part 2 du poste Hautilum \u00e0 Jouy le Moutier<\/strong>.<\/span><span class=\"arial\"><br \/> Suite \u00e0 l\u2019intervention de nos \u00e9quipes ce jour , les seules rues impact\u00e9es cette nuit sont :<\/p>\n<p><img loading=\"lazy\" decoding=\"async\" src=\"https:\/\/www.cylumine.fr\/images\/puce1.png\" alt=\"\" width=\"13\" height=\"11\" border=\"0\" \/> \u00a0Rue Claude Monnet\/Auguste Renoir<\/p>\n<p> Vendredi un camion laboratoire viendra nous \u00e9pauler dans la recherche de ce dernier d\u00e9faut.<\/p>\n<p> 3. Nous rencontrons depuis hier soir une difficult\u00e9 sur le <\/span><span class=\"arialBold\"><strong>d\u00e9part 1 du poste Hautilum \u00e0 Jouy le Moutier<\/strong>.<\/span><span class=\"arial\"><br \/> Hier soir, ce d\u00e9part est tomb\u00e9 et n\u2019a pas voulu repartir. Ainsi les rues qui sont rest\u00e9es dans le noir la nuit derni\u00e8re \u00e9taient :<\/p>\n<p><img loading=\"lazy\" decoding=\"async\" src=\"https:\/\/www.cylumine.fr\/images\/puce1.png\" alt=\"\" width=\"13\" height=\"11\" border=\"0\" \/> \u00a0Avenue du Temps Perdu (All\u00e9e des Violettes =&gt; Bld de l\u2019Oise)<br \/><img loading=\"lazy\" decoding=\"async\" src=\"https:\/\/www.cylumine.fr\/images\/puce1.png\" alt=\"\" width=\"13\" height=\"11\" border=\"0\" \/> \u00a0Rue Denis Papin<br \/><img loading=\"lazy\" decoding=\"async\" src=\"https:\/\/www.cylumine.fr\/images\/puce1.png\" alt=\"\" width=\"13\" height=\"11\" border=\"0\" \/> \u00a0Boulevard d\u2019Ecancourt (Bld de l\u2019Oise =&gt;Avenue des Bruzacques)<br \/><img loading=\"lazy\" decoding=\"async\" src=\"https:\/\/www.cylumine.fr\/images\/puce1.png\" alt=\"\" width=\"13\" height=\"11\" border=\"0\" \/> \u00a0Rue du Stade<br \/><img loading=\"lazy\" decoding=\"async\" src=\"https:\/\/www.cylumine.fr\/images\/puce1.png\" alt=\"\" width=\"13\" height=\"11\" border=\"0\" \/> \u00a0Rue des Trembles<br \/><img loading=\"lazy\" decoding=\"async\" src=\"https:\/\/www.cylumine.fr\/images\/puce1.png\" alt=\"\" width=\"13\" height=\"11\" border=\"0\" \/> \u00a0All\u00e9e des Chevrefeuilles<br \/><img loading=\"lazy\" decoding=\"async\" src=\"https:\/\/www.cylumine.fr\/images\/puce1.png\" alt=\"\" width=\"13\" height=\"11\" border=\"0\" \/> \u00a0Parking de l\u2019Artisanat (cot\u00e9 bld d\u2019Ecancourt)<br \/><img loading=\"lazy\" decoding=\"async\" src=\"https:\/\/www.cylumine.fr\/images\/puce1.png\" alt=\"\" width=\"13\" height=\"11\" border=\"0\" \/> \u00a0Rue d\u2019Ecancourt<br \/><img loading=\"lazy\" decoding=\"async\" src=\"https:\/\/www.cylumine.fr\/images\/puce1.png\" alt=\"\" width=\"13\" height=\"11\" border=\"0\" \/> \u00a0Rue des Forboeufs<br \/><img loading=\"lazy\" decoding=\"async\" src=\"https:\/\/www.cylumine.fr\/images\/puce1.png\" alt=\"\" width=\"13\" height=\"11\" border=\"0\" \/> \u00a0Rue Camille St Saens<br \/><img loading=\"lazy\" decoding=\"async\" src=\"https:\/\/www.cylumine.fr\/images\/puce1.png\" alt=\"\" width=\"13\" height=\"11\" border=\"0\" \/> \u00a0Rue Rossini<br \/><img loading=\"lazy\" decoding=\"async\" src=\"https:\/\/www.cylumine.fr\/images\/puce1.png\" alt=\"\" width=\"13\" height=\"11\" border=\"0\" \/> \u00a0Mail Hector Berlioz<br \/><img loading=\"lazy\" decoding=\"async\" src=\"https:\/\/www.cylumine.fr\/images\/puce1.png\" alt=\"\" width=\"13\" height=\"11\" border=\"0\" \/> \u00a0Rue Charles Gounod<br \/><img loading=\"lazy\" decoding=\"async\" src=\"https:\/\/www.cylumine.fr\/images\/puce1.png\" alt=\"\" width=\"13\" height=\"11\" border=\"0\" \/> \u00a0Rue Gabriel Faur\u00e9<\/p>\n<p> Suite \u00e0 l\u2019intervention de nos \u00e9quipes ce jour, les seules rues impact\u00e9es cette nuit sont :<\/p>\n<p><img loading=\"lazy\" decoding=\"async\" src=\"https:\/\/www.cylumine.fr\/images\/puce1.png\" alt=\"\" width=\"13\" height=\"11\" border=\"0\" \/> \u00a0Rue du Stade<br \/><img loading=\"lazy\" decoding=\"async\" src=\"https:\/\/www.cylumine.fr\/images\/puce1.png\" alt=\"\" width=\"13\" height=\"11\" border=\"0\" \/> \u00a0Rue des Trembles<br \/><img loading=\"lazy\" decoding=\"async\" src=\"https:\/\/www.cylumine.fr\/images\/puce1.png\" alt=\"\" width=\"13\" height=\"11\" border=\"0\" \/> \u00a0All\u00e9e des Chevrefeuilles<br \/><img loading=\"lazy\" decoding=\"async\" src=\"https:\/\/www.cylumine.fr\/images\/puce1.png\" alt=\"\" width=\"13\" height=\"11\" border=\"0\" \/> \u00a0Parking de l\u2019Artisanat (cot\u00e9 bld d\u2019Ecancourt)<br \/><img loading=\"lazy\" decoding=\"async\" src=\"https:\/\/www.cylumine.fr\/images\/puce1.png\" alt=\"\" width=\"13\" height=\"11\" border=\"0\" \/> \u00a0Rue des Forbeufs<\/p>\n<p> Demain le camion laboratoire viendra nous \u00e9pauler dans la recherche de ces derniers d\u00e9fauts.<\/p>\n<p> L\u2019ensemble des autres postes HT sur l\u2019agglom\u00e9ration se sont tous correctement allum\u00e9s.<\/p>\n<p><\/span><\/td>\n<\/tr>\n<tr>\n<td valign=\"top\" height=\"405\">\n<hr id=\"archivesBarre\" width=\"100%\" size=\"1\" \/><span class=\"arialBoldsurlign\u00e9\" style=\"font-family: Arial, 'Gill Sans', 'Gill Sans MT', 'Myriad Pro', 'DejaVu Sans Condensed', Helvetica, sans-serif; font-size: 14px; font-weight: bold; color: #ffffff; background-color: #cb1e44; background-size: contain; line-height: 20pt;\">\u00a0FLASH INFOS MAINTENANCE &#8211; 02\/04\/2014 &#8211; 21h00\u00a0<\/span><span class=\"arialBold\"><br \/><strong><span class=\"arialBold\">A l\u2019allumage, des pannes sur le r\u00e9seau Haute Tension sont en cours<br \/><\/span><\/strong><\/span><span class=\"arial\"><br \/> 1. Nous rencontrons depuis hier soir une difficult\u00e9 sur le <\/span><strong><span class=\"arialBold\">d\u00e9part 5 du poste Puisum \u00e0 Cergy<\/span><\/strong><span class=\"arial\">.<br \/> Suite \u00e0 l\u2019intervention de nos \u00e9quipes, les seules rues impact\u00e9es cette nuit sont :<\/p>\n<p><img loading=\"lazy\" decoding=\"async\" src=\"https:\/\/www.cylumine.fr\/images\/puce1.png\" alt=\"\" width=\"13\" height=\"11\" border=\"0\" \/> \u00a0Rue du G\u00e9n\u00e9ral de Gaulle \u00e0 Osny<br \/><img loading=\"lazy\" decoding=\"async\" src=\"https:\/\/www.cylumine.fr\/images\/puce1.png\" alt=\"\" width=\"13\" height=\"11\" border=\"0\" \/> \u00a0Rue de la Ravini\u00e8re \u00e0 Osny<br \/><img loading=\"lazy\" decoding=\"async\" src=\"https:\/\/www.cylumine.fr\/images\/puce1.png\" alt=\"\" width=\"13\" height=\"11\" border=\"0\" \/> \u00a0Boulevard des M\u00e9rites \u00e0 Osny<\/p>\n<p> Demain un camion laboratoire viendra nous \u00e9pauler dans la recherche de ce d\u00e9faut.<br \/><\/span><span class=\"arialBold\"><br \/><\/span><span class=\"arial\">2. Nous rencontrons depuis hier soir une difficult\u00e9 sur le <\/span><span class=\"arialBold\"><strong>d\u00e9part 1 du poste Hautilum \u00e0 Jouy le Moutier<\/strong>.<\/span><span class=\"arial\"><br \/> Suite \u00e0 l\u2019intervention de nos \u00e9quipes, les rues impact\u00e9es cette nuit sont :<\/p>\n<p><img loading=\"lazy\" decoding=\"async\" src=\"https:\/\/www.cylumine.fr\/images\/puce1.png\" alt=\"\" width=\"13\" height=\"11\" border=\"0\" \/> \u00a0Rue Claude Monnet\/Auguste Renoir<br \/><img loading=\"lazy\" decoding=\"async\" src=\"https:\/\/www.cylumine.fr\/images\/puce1.png\" alt=\"\" width=\"13\" height=\"11\" border=\"0\" \/> \u00a0Boulevard de l\u2019Oise (entre Temps Perdu et Vast)<br \/><img loading=\"lazy\" decoding=\"async\" src=\"https:\/\/www.cylumine.fr\/images\/puce1.png\" alt=\"\" width=\"13\" height=\"11\" border=\"0\" \/> \u00a0Rue Denis Papin (entre Oise et Forboeufs)<br \/><img loading=\"lazy\" decoding=\"async\" src=\"https:\/\/www.cylumine.fr\/images\/puce1.png\" alt=\"\" width=\"13\" height=\"11\" border=\"0\" \/> \u00a0Avenue du Vast (entre Oise et Hayette)<br \/><img loading=\"lazy\" decoding=\"async\" src=\"https:\/\/www.cylumine.fr\/images\/puce1.png\" alt=\"\" width=\"13\" height=\"11\" border=\"0\" \/> \u00a0Rue de la Hayette<\/p>\n<p> Vendredi un camion laboratoire viendra nous \u00e9pauler dans la recherche de ces d\u00e9fauts.<\/p>\n<p> L\u2019ensemble des autres postes HT sur l\u2019agglom\u00e9ration se sont tous correctement allum\u00e9s.<\/p>\n<p><\/span><\/td>\n<\/tr>\n<tr>\n<td valign=\"top\" height=\"195\">\n<hr id=\"archivesBarre\" width=\"100%\" size=\"1\" noshade=\"noshade\" \/><span class=\"arialBoldsurlign\u00e9\" style=\"font-family: Arial, 'Gill Sans', 'Gill Sans MT', 'Myriad Pro', 'DejaVu Sans Condensed', Helvetica, sans-serif; font-size: 14px; font-weight: bold; color: #ffffff; background-color: #cb1e44; background-size: contain; line-height: 20pt;\">\u00a0FLASH INFOS MAINTENANCE &#8211; 01\/04\/2014 &#8211; 21h00\u00a0<\/span><span class=\"arialBold\"><br \/><strong><span class=\"arialBold\">A l\u2019allumage, des pannes sur le r\u00e9seau Haute Tension sont en cours<br \/><\/span><\/strong><\/span><span class=\"arial\"><br \/> 1. Nous rencontrons une difficult\u00e9 sur le <\/span><strong><span class=\"arialBold\">d\u00e9part 5 du poste Puisum \u00e0 Cergy<\/span><\/strong><span class=\"arial\">.<\/p>\n<p> Les rues impact\u00e9es cette nuit sont :<\/p>\n<p><img loading=\"lazy\" decoding=\"async\" src=\"https:\/\/www.cylumine.fr\/images\/puce1.png\" alt=\"\" width=\"13\" height=\"11\" border=\"0\" \/> \u00a0Rue du G\u00e9n\u00e9ral de Gaulle \u00e0 Osny<br \/><img loading=\"lazy\" decoding=\"async\" src=\"https:\/\/www.cylumine.fr\/images\/puce1.png\" alt=\"\" width=\"13\" height=\"11\" border=\"0\" \/> \u00a0Rue de la Ravini\u00e8re \u00e0 Osny<br \/><img loading=\"lazy\" decoding=\"async\" src=\"https:\/\/www.cylumine.fr\/images\/puce1.png\" alt=\"\" width=\"13\" height=\"11\" border=\"0\" \/> \u00a0Boulevard des M\u00e9rites (Osny\/Cergy)<br \/><img loading=\"lazy\" decoding=\"async\" src=\"https:\/\/www.cylumine.fr\/images\/puce1.png\" alt=\"\" width=\"13\" height=\"11\" border=\"0\" \/> \u00a0Boulevard de l\u2019Oise (1 seul c\u00f4t\u00e9) \u00e0 Cergy (entre Justice et M\u00e9rites)<\/p>\n<p> L\u2019ensemble des autres postes HT sur l\u2019agglom\u00e9ration se sont tous correctement allum\u00e9s.<\/p>\n<p><\/span><\/td>\n<\/tr>\n<tr>\n<td valign=\"top\" height=\"87\">\n<hr id=\"archivesBarre\" width=\"100%\" size=\"1\" noshade=\"noshade\" \/><span class=\"arialBoldsurlign\u00e9\" style=\"font-family: Arial, 'Gill Sans', 'Gill Sans MT', 'Myriad Pro', 'DejaVu Sans Condensed', Helvetica, sans-serif; font-size: 14px; font-weight: bold; color: #ffffff; background-color: #cb1e44; background-size: contain; line-height: 20pt;\">\u00a0FLASH INFOS MAINTENANCE &#8211; 31\/03\/2014 &#8211; 20h00\u00a0<\/span><span class=\"arial\"><\/p>\n<p> L\u2019ensemble des postes HT sur l\u2019agglom\u00e9ration se sont tous correctement allum\u00e9s.<\/p>\n<p><\/span><\/td>\n<\/tr>\n<tr>\n<td valign=\"top\" height=\"87\">\n<hr id=\"archivesBarre\" width=\"100%\" size=\"1\" noshade=\"noshade\" \/><span class=\"arialBoldsurlign\u00e9\" style=\"font-family: Arial, 'Gill Sans', 'Gill Sans MT', 'Myriad Pro', 'DejaVu Sans Condensed', Helvetica, sans-serif; font-size: 14px; font-weight: bold; color: #ffffff; background-color: #cb1e44; background-size: contain; line-height: 20pt;\">\u00a0FLASH INFOS MAINTENANCE &#8211; 30\/03\/2014 &#8211; 20h00\u00a0<\/span><span class=\"arial\"><\/p>\n<p> L\u2019ensemble des postes HT sur l\u2019agglom\u00e9ration se sont tous correctement allum\u00e9s.<\/p>\n<p><\/span><\/td>\n<\/tr>\n<tr>\n<td valign=\"top\" height=\"87\">\n<hr id=\"archivesBarre\" width=\"100%\" size=\"1\" noshade=\"noshade\" \/><span class=\"arialBoldsurlign\u00e9\" style=\"font-family: Arial, 'Gill Sans', 'Gill Sans MT', 'Myriad Pro', 'DejaVu Sans Condensed', Helvetica, sans-serif; font-size: 14px; font-weight: bold; color: #ffffff; background-color: #cb1e44; background-size: contain; line-height: 20pt;\">\u00a0FLASH INFOS MAINTENANCE &#8211; 29\/03\/2014 &#8211; 20h00\u00a0<\/span><span class=\"arial\"><\/p>\n<p> L\u2019ensemble des postes HT sur l\u2019agglom\u00e9ration se sont tous correctement allum\u00e9s.<\/p>\n<p><\/span><\/td>\n<\/tr>\n<tr>\n<td valign=\"top\" height=\"87\">\n<hr id=\"archivesBarre\" width=\"100%\" size=\"1\" noshade=\"noshade\" \/><span class=\"arialBoldsurlign\u00e9\" style=\"font-family: Arial, 'Gill Sans', 'Gill Sans MT', 'Myriad Pro', 'DejaVu Sans Condensed', Helvetica, sans-serif; font-size: 14px; font-weight: bold; color: #ffffff; background-color: #cb1e44; background-size: contain; line-height: 20pt;\">\u00a0FLASH INFOS MAINTENANCE &#8211; 28\/03\/2014 &#8211; 20h00\u00a0<\/span><span class=\"arial\"><\/p>\n<p> L\u2019ensemble des postes HT sur l\u2019agglom\u00e9ration se sont tous correctement allum\u00e9s.<\/p>\n<p><\/span><\/td>\n<\/tr>\n<tr>\n<td valign=\"top\" height=\"195\">\n<hr id=\"archivesBarre\" width=\"100%\" size=\"1\" noshade=\"noshade\" \/><span class=\"arialBoldsurlign\u00e9\" style=\"font-family: Arial, 'Gill Sans', 'Gill Sans MT', 'Myriad Pro', 'DejaVu Sans Condensed', Helvetica, sans-serif; font-size: 14px; font-weight: bold; color: #ffffff; background-color: #cb1e44; background-size: contain; line-height: 20pt;\">\u00a0FLASH INFOS MAINTENANCE &#8211; 27\/03\/2014 &#8211; 20h00\u00a0<\/span><span class=\"arialBold\"><br \/><strong><span class=\"arialBold\">A l\u2019allumage, des pannes sur le r\u00e9seau Haute Tension sont en cours<br \/><\/span><\/strong><\/span><span class=\"arial\"><br \/> 1. Nos \u00e9quipes ont constat\u00e9 \u00e0 l\u2019allumage que le <\/span><strong><span class=\"arialBold\">poste HT Hautilum \u00e0 Jouy le Moutier<\/span><\/strong><span class=\"arial\"><strong> fonctionnait correctement, \u00e0 l&rsquo;exception du <span class=\"arialBold\">d\u00e9part 2.<\/span><\/strong><\/p>\n<p> Ainsi les tron\u00e7ons qui sont \u00e9teints <\/span><span class=\"arial\">sont :<\/p>\n<p><\/span><span class=\"arial\"><img loading=\"lazy\" decoding=\"async\" src=\"https:\/\/www.cylumine.fr\/images\/puce1.png\" alt=\"\" width=\"13\" height=\"11\" border=\"0\" \/> \u00a0Rue Claude Monnet<br \/><img loading=\"lazy\" decoding=\"async\" src=\"https:\/\/www.cylumine.fr\/images\/puce1.png\" alt=\"\" width=\"13\" height=\"11\" border=\"0\" \/> \u00a0Place du Noyer<br \/><img loading=\"lazy\" decoding=\"async\" src=\"https:\/\/www.cylumine.fr\/images\/puce1.png\" alt=\"\" width=\"13\" height=\"11\" border=\"0\" \/> \u00a0Rue du Chemin Vert<br \/><img loading=\"lazy\" decoding=\"async\" src=\"https:\/\/www.cylumine.fr\/images\/puce1.png\" alt=\"\" width=\"13\" height=\"11\" border=\"0\" \/> \u00a0Rue des oiseaux<br \/><img loading=\"lazy\" decoding=\"async\" src=\"https:\/\/www.cylumine.fr\/images\/puce1.png\" alt=\"\" width=\"13\" height=\"11\" border=\"0\" \/> \u00a0Rue du Sablier<br \/><img loading=\"lazy\" decoding=\"async\" src=\"https:\/\/www.cylumine.fr\/images\/puce1.png\" alt=\"\" width=\"13\" height=\"11\" border=\"0\" \/> \u00a0Place Fran\u00e7ois Millet<br \/><img loading=\"lazy\" decoding=\"async\" src=\"https:\/\/www.cylumine.fr\/images\/puce1.png\" alt=\"\" width=\"13\" height=\"11\" border=\"0\" \/> \u00a0Rue des Sablons<br \/><img loading=\"lazy\" decoding=\"async\" src=\"https:\/\/www.cylumine.fr\/images\/puce1.png\" alt=\"\" width=\"13\" height=\"11\" border=\"0\" \/> \u00a0Rue de l\u2019ang\u00e9lus<\/p>\n<p> L\u2019ensemble des autres postes HT sur l\u2019agglom\u00e9ration se sont tous correctement allum\u00e9s.<\/p>\n<p><\/span><\/td>\n<\/tr>\n<tr>\n<td valign=\"top\" height=\"195\">\n<hr id=\"archivesBarre\" width=\"100%\" size=\"1\" noshade=\"noshade\" \/><span class=\"arialBoldsurlign\u00e9\" style=\"font-family: Arial, 'Gill Sans', 'Gill Sans MT', 'Myriad Pro', 'DejaVu Sans Condensed', Helvetica, sans-serif; font-size: 14px; font-weight: bold; color: #ffffff; background-color: #cb1e44; background-size: contain; line-height: 20pt;\">\u00a0FLASH INFOS MAINTENANCE &#8211; 26\/03\/2014 &#8211; 20h00\u00a0<\/span><span class=\"arialBold\"><br \/><strong><span class=\"arialBold\">A l\u2019allumage, des pannes sur le r\u00e9seau Haute Tension sont en cours<br \/><\/span><\/strong><\/span><span class=\"arial\"><br \/> 1. Nos \u00e9quipes ont constat\u00e9 \u00e0 l\u2019allumage que le <\/span><strong><span class=\"arialBold\">poste HT Hautilum \u00e0 Jouy le Moutier<\/span><\/strong><span class=\"arial\"><strong> fonctionnait correctement, \u00e0 l&rsquo;exception du <span class=\"arialBold\">d\u00e9part 2.<\/span><\/strong><\/p>\n<p> Ainsi les tron\u00e7ons qui sont \u00e9teints <\/span><span class=\"arial\">sont :<\/p>\n<p><\/span><span class=\"arial\"><img loading=\"lazy\" decoding=\"async\" src=\"https:\/\/www.cylumine.fr\/images\/puce1.png\" alt=\"\" width=\"13\" height=\"11\" border=\"0\" \/> \u00a0Rue Claude Monnet<br \/><img loading=\"lazy\" decoding=\"async\" src=\"https:\/\/www.cylumine.fr\/images\/puce1.png\" alt=\"\" width=\"13\" height=\"11\" border=\"0\" \/> \u00a0Place du Noyer<br \/><img loading=\"lazy\" decoding=\"async\" src=\"https:\/\/www.cylumine.fr\/images\/puce1.png\" alt=\"\" width=\"13\" height=\"11\" border=\"0\" \/> \u00a0Rue du Chemin Vert<br \/><img loading=\"lazy\" decoding=\"async\" src=\"https:\/\/www.cylumine.fr\/images\/puce1.png\" alt=\"\" width=\"13\" height=\"11\" border=\"0\" \/> \u00a0Rue des oiseaux<br \/><img loading=\"lazy\" decoding=\"async\" src=\"https:\/\/www.cylumine.fr\/images\/puce1.png\" alt=\"\" width=\"13\" height=\"11\" border=\"0\" \/> \u00a0Rue du Sablier<br \/><img loading=\"lazy\" decoding=\"async\" src=\"https:\/\/www.cylumine.fr\/images\/puce1.png\" alt=\"\" width=\"13\" height=\"11\" border=\"0\" \/> \u00a0Place Fran\u00e7ois Millet<br \/><img loading=\"lazy\" decoding=\"async\" src=\"https:\/\/www.cylumine.fr\/images\/puce1.png\" alt=\"\" width=\"13\" height=\"11\" border=\"0\" \/> \u00a0Rue des Sablons<br \/><img loading=\"lazy\" decoding=\"async\" src=\"https:\/\/www.cylumine.fr\/images\/puce1.png\" alt=\"\" width=\"13\" height=\"11\" border=\"0\" \/> \u00a0Rue de l\u2019ang\u00e9lus<\/p>\n<p> L\u2019ensemble des autres postes HT sur l\u2019agglom\u00e9ration se sont tous correctement allum\u00e9s.<\/p>\n<p><\/span><\/td>\n<\/tr>\n<tr>\n<td valign=\"top\" height=\"87\">\n<hr id=\"archivesBarre\" width=\"100%\" size=\"1\" noshade=\"noshade\" \/><span class=\"arialBoldsurlign\u00e9\" style=\"font-family: Arial, 'Gill Sans', 'Gill Sans MT', 'Myriad Pro', 'DejaVu Sans Condensed', Helvetica, sans-serif; font-size: 14px; font-weight: bold; color: #ffffff; background-color: #cb1e44; background-size: contain; line-height: 20pt;\">\u00a0FLASH INFOS MAINTENANCE &#8211; 25\/03\/2014 &#8211; 20h00\u00a0<\/span><span class=\"arial\"><\/p>\n<p> L\u2019ensemble des postes HT sur l\u2019agglom\u00e9ration se sont tous correctement allum\u00e9s.<\/p>\n<p><\/span><\/td>\n<\/tr>\n<tr>\n<td valign=\"top\" height=\"87\">\n<hr id=\"archivesBarre\" width=\"100%\" size=\"1\" noshade=\"noshade\" \/><span class=\"arialBoldsurlign\u00e9\" style=\"font-family: Arial, 'Gill Sans', 'Gill Sans MT', 'Myriad Pro', 'DejaVu Sans Condensed', Helvetica, sans-serif; font-size: 14px; font-weight: bold; color: #ffffff; background-color: #cb1e44; background-size: contain; line-height: 20pt;\">\u00a0FLASH INFOS MAINTENANCE &#8211; 24\/03\/2014 &#8211; 20h00\u00a0<\/span><span class=\"arial\"><\/p>\n<p> L\u2019ensemble des postes HT sur l\u2019agglom\u00e9ration se sont tous correctement allum\u00e9s.<\/p>\n<p><\/span><\/td>\n<\/tr>\n<tr>\n<td valign=\"top\" height=\"198\">\n<hr id=\"archivesBarre\" width=\"100%\" size=\"1\" noshade=\"noshade\" \/><span class=\"arialBoldsurlign\u00e9\" style=\"font-family: Arial, 'Gill Sans', 'Gill Sans MT', 'Myriad Pro', 'DejaVu Sans Condensed', Helvetica, sans-serif; font-size: 14px; font-weight: bold; color: #ffffff; background-color: #cb1e44; background-size: contain; line-height: 20pt;\">\u00a0FLASH INFOS MAINTENANCE &#8211; 23\/03\/2014 &#8211; 20h00\u00a0<\/span><span class=\"arialBold\"><br \/><strong><span class=\"arialBold\">A l\u2019allumage, des pannes sur le r\u00e9seau Haute Tension sont en cours<br \/><\/span><\/strong><\/span><span class=\"arial\"><br \/> 1. Nos \u00e9quipes ont constat\u00e9 \u00e0 l\u2019allumage que le <\/span><strong><span class=\"arialBold\">poste HT Hautilum \u00e0 Jouy le Moutier<\/span><\/strong><span class=\"arial\"><strong> fonctionnait correctement.<\/strong><\/p>\n<p> Ainsi le seul tron\u00e7on qui est \u00e9teint sur le <\/span><span class=\"arialBold\">d\u00e9part 6 du poste HT Hautilum \u00e0 Jouy le Moutier<\/span><span class=\"arial\"> est :<\/p>\n<p><img loading=\"lazy\" decoding=\"async\" src=\"https:\/\/www.cylumine.fr\/images\/puce1.png\" alt=\"\" width=\"13\" height=\"11\" border=\"0\" \/> \u00a0Rue des Hubles (6 PL) dont le quartier est en travaux dans le cadre des travaux de reconstruction depuis le 10\/02.<br \/><\/span><span class=\"arial\"><br \/> L\u2019ensemble des postes HT sur l\u2019agglom\u00e9ration se sont tous correctement mis en service.<\/p>\n<p><\/span><\/td>\n<\/tr>\n<tr>\n<td valign=\"top\" height=\"195\">\n<hr id=\"archivesBarre\" width=\"100%\" size=\"1\" noshade=\"noshade\" \/><span class=\"arialBoldsurlign\u00e9\" style=\"font-family: Arial, 'Gill Sans', 'Gill Sans MT', 'Myriad Pro', 'DejaVu Sans Condensed', Helvetica, sans-serif; font-size: 14px; font-weight: bold; color: #ffffff; background-color: #cb1e44; background-size: contain; line-height: 20pt;\">\u00a0FLASH INFOS MAINTENANCE &#8211; 22\/03\/2014 &#8211; 23h00\u00a0<\/span><span class=\"arialBold\"><br \/><strong><span class=\"arialBold\">A l\u2019allumage, des pannes sur le r\u00e9seau Haute Tension sont en cours<br \/><\/span><\/strong><\/span><span class=\"arial\"><br \/> 1. Nos \u00e9quipes ont constat\u00e9 \u00e0 l\u2019allumage que le <\/span><strong><span class=\"arialBold\">poste HT Hautilum \u00e0 Jouy le Moutier<\/span><\/strong><span class=\"arial\"><strong> fonctionnait correctement.<\/strong><\/p>\n<p> Ainsi le seul tron\u00e7on qui est \u00e9teint sur le <\/span><strong><span class=\"arialBold\">d\u00e9part 6 du poste HT Hautilum \u00e0 Jouy le Moutier<\/span><\/strong><span class=\"arial\"> est :<\/p>\n<p><img loading=\"lazy\" decoding=\"async\" src=\"https:\/\/www.cylumine.fr\/images\/puce1.png\" alt=\"\" width=\"13\" height=\"11\" border=\"0\" \/> \u00a0Rue des Hubles (6 PL) dont le quartier est concern\u00e9 par les travaux de reconstruction depuis le 10\/02.<\/span><span class=\"arial\"><\/p>\n<p> L\u2019ensemble des autres postes HT sur l\u2019agglom\u00e9ration se sont tous correctement allum\u00e9s.<\/p>\n<p><\/span><\/td>\n<\/tr>\n<tr>\n<td valign=\"top\" height=\"195\">\n<hr id=\"archivesBarre\" width=\"100%\" size=\"1\" noshade=\"noshade\" \/><span class=\"arialBoldsurlign\u00e9\" style=\"font-family: Arial, 'Gill Sans', 'Gill Sans MT', 'Myriad Pro', 'DejaVu Sans Condensed', Helvetica, sans-serif; font-size: 14px; font-weight: bold; color: #ffffff; background-color: #cb1e44; background-size: contain; line-height: 20pt;\">\u00a0FLASH INFOS MAINTENANCE &#8211; 21\/03\/2014 &#8211; 19h45\u00a0<\/span><span class=\"arialBold\"><br \/><span class=\"arialBold\"><strong>A l\u2019allumage, des pannes sur le r\u00e9seau Haute Tension sont en cours<\/strong><br \/><\/span><\/span><span class=\"arial\"><br \/> 1. Nos \u00e9quipes ont constat\u00e9 \u00e0 l\u2019allumage que le <\/span><strong><span class=\"arialBold\">poste HT Hautilum \u00e0 Jouy le Moutier<\/span><\/strong><span class=\"arial\"><strong> fonctionnait correctement.<\/strong><\/p>\n<p> Ainsi le seul tron\u00e7on qui est \u00e9teint sur le <\/span><strong><span class=\"arialBold\">d\u00e9part 6 du poste HT Hautilum \u00e0 Jouy le Moutier<\/span><\/strong><span class=\"arial\"> est :<\/p>\n<p><img loading=\"lazy\" decoding=\"async\" src=\"https:\/\/www.cylumine.fr\/images\/puce1.png\" alt=\"\" width=\"13\" height=\"11\" border=\"0\" \/> \u00a0Rue des Hubles (6 PL) dont le quartier est concern\u00e9 par les travaux de reconstruction depuis le 10\/02.<\/span><span class=\"arial\"><\/p>\n<p> L\u2019ensemble des autres postes HT sur l\u2019agglom\u00e9ration se sont tous correctement allum\u00e9s.<\/p>\n<p><\/span><\/td>\n<\/tr>\n<tr>\n<td valign=\"top\" height=\"198\">\n<hr id=\"archivesBarre\" width=\"100%\" size=\"1\" noshade=\"noshade\" \/><span class=\"arialBoldsurlign\u00e9\" style=\"font-family: Arial, 'Gill Sans', 'Gill Sans MT', 'Myriad Pro', 'DejaVu Sans Condensed', Helvetica, sans-serif; font-size: 14px; font-weight: bold; color: #ffffff; background-color: #cb1e44; background-size: contain; line-height: 20pt;\">\u00a0FLASH INFOS MAINTENANCE &#8211; 20\/03\/2014 &#8211; 19h45\u00a0<\/span><span class=\"arialBold\"><br \/><strong><span class=\"arialBold\">A l\u2019allumage, des pannes sur le r\u00e9seau Haute Tension sont en cours<br \/><\/span><\/strong><\/span><span class=\"arial\"><br \/> 1. Nos \u00e9quipes ont constat\u00e9 \u00e0 l\u2019allumage que le <\/span><strong><span class=\"arialBold\">poste HT Hautilum \u00e0 Jouy le Moutier<\/span><\/strong><span class=\"arial\"><strong> fonctionnait correctement.<\/strong><\/p>\n<p> Ainsi le seul tron\u00e7on qui est \u00e9teint sur le <\/span><strong><span class=\"arialBold\">d\u00e9part 6 du poste HT Hautilum \u00e0 Jouy le Moutier<\/span><\/strong><span class=\"arial\"> est :<\/p>\n<p><img loading=\"lazy\" decoding=\"async\" src=\"https:\/\/www.cylumine.fr\/images\/puce1.png\" alt=\"\" width=\"13\" height=\"11\" border=\"0\" \/> \u00a0Rue des Hubles (6 PL) dont le quartier est en travaux dans le cadre des travaux de reconstruction depuis le 10\/02.<br \/><\/span><span class=\"arial\"><br \/> L\u2019ensemble des postes HT sur l\u2019agglom\u00e9ration se sont tous correctement mis en service.<\/p>\n<p><\/span><\/td>\n<\/tr>\n<tr>\n<td valign=\"top\" height=\"210\">\n<hr id=\"archivesBarre\" width=\"100%\" size=\"1\" noshade=\"noshade\" \/><span class=\"arialBoldsurlign\u00e9\" style=\"font-family: Arial, 'Gill Sans', 'Gill Sans MT', 'Myriad Pro', 'DejaVu Sans Condensed', Helvetica, sans-serif; font-size: 14px; font-weight: bold; color: #ffffff; background-color: #cb1e44; background-size: contain; line-height: 20pt;\">\u00a0FLASH INFOS MAINTENANCE &#8211; 19\/03\/2014 &#8211; 20h15\u00a0<\/span><span class=\"arialBold\"><br \/><span class=\"arialBold\"><strong>A l\u2019allumage, des pannes sur le r\u00e9seau Haute Tension sont en cours<\/strong><br \/><\/span><\/span><span class=\"arial\"><br \/> 1. Nos \u00e9quipes ont constat\u00e9 \u00e0 l\u2019allumage que le <\/span><strong><span class=\"arialBold\">poste HT Hautilum \u00e0 Jouy le Moutier<\/span><\/strong><span class=\"arial\"><strong> fonctionnait correctement.<\/strong><\/p>\n<p> Ainsi le seul tron\u00e7on qui est \u00e9teint sur le <\/span><strong><span class=\"arialBold\">d\u00e9part 6 du poste HT Hautilum \u00e0 Jouy le Moutier<\/span><\/strong><span class=\"arial\"> est :<\/p>\n<p><img loading=\"lazy\" decoding=\"async\" src=\"https:\/\/www.cylumine.fr\/images\/puce1.png\" alt=\"\" width=\"13\" height=\"11\" border=\"0\" \/> \u00a0Rue des Hubles (6 PL) dont le quartier est en travaux dans le cadre des travaux de reconstruction depuis le 10\/02.<\/p>\n<p><\/span><span class=\"arial\">Suite \u00e0 l\u2019intervention de nos techniciens ce jour, les rues impact\u00e9es hier soir sur Eragny ont pu \u00eatre remises en service.<br \/> L\u2019ensemble des postes HT sur l\u2019agglom\u00e9ration se sont donc tous correctement mis en service.<\/p>\n<p><\/span><\/td>\n<\/tr>\n<\/tbody>\n<\/table>\n<table style=\"width: 100%; color: #000000; font-family: Times;\" border=\"0\" cellspacing=\"0\" cellpadding=\"0\">\n<tbody>\n<tr>\n<td valign=\"top\" height=\"363\">\n<hr id=\"archivesBarre\" width=\"100%\" size=\"1\" noshade=\"noshade\" \/><span class=\"arialBoldsurlign\u00e9\" style=\"font-family: Arial, 'Gill Sans', 'Gill Sans MT', 'Myriad Pro', 'DejaVu Sans Condensed', Helvetica, sans-serif; font-size: 14px; font-weight: bold; color: #ffffff; background-color: #cb1e44; background-size: contain; line-height: 20pt;\"> FLASH INFOS MAINTENANCE &#8211; 18\/03\/2014 &#8211; 19h30 <\/span><span class=\"arialBold\" style=\"font-family: Arial, 'Gill Sans', 'Gill Sans MT', 'Myriad Pro', 'DejaVu Sans Condensed', Helvetica, sans-serif; font-size: 13px; font-weight: bold; color: #333333;\"><br \/><span class=\"arialBold\"> A l\u2019allumage, des pannes sur le r\u00e9seau Haute Tension sont en cours<br \/><\/span><\/span><span class=\"arial\" style=\"font-family: Arial, 'Gill Sans', 'Gill Sans MT', 'Myriad Pro', 'DejaVu Sans Condensed', Helvetica, sans-serif; font-size: 13px; color: #333333;\"><br \/>1. Nos \u00e9quipes ont constat\u00e9 \u00e0 l\u2019allumage que le <\/span><span class=\"arialBold\" style=\"font-family: Arial, 'Gill Sans', 'Gill Sans MT', 'Myriad Pro', 'DejaVu Sans Condensed', Helvetica, sans-serif; font-size: 13px; font-weight: bold; color: #333333;\">poste HT Hautilum \u00e0 Jouy le Moutier<\/span><span class=\"arial\" style=\"font-family: Arial, 'Gill Sans', 'Gill Sans MT', 'Myriad Pro', 'DejaVu Sans Condensed', Helvetica, sans-serif; font-size: 13px; color: #333333;\"> fonctionnait correctement.<\/p>\n<p>Ainsi le seul tron\u00e7on qui est \u00e9teint sur le <\/span><span class=\"arialBold\" style=\"font-family: Arial, 'Gill Sans', 'Gill Sans MT', 'Myriad Pro', 'DejaVu Sans Condensed', Helvetica, sans-serif; font-size: 13px; font-weight: bold; color: #333333;\">d\u00e9part 6 du poste HT Hautilum \u00e0 Jouy le Moutier<\/span><span class=\"arial\" style=\"font-family: Arial, 'Gill Sans', 'Gill Sans MT', 'Myriad Pro', 'DejaVu Sans Condensed', Helvetica, sans-serif; font-size: 13px; color: #333333;\"> est :<\/p>\n<p><img loading=\"lazy\" decoding=\"async\" src=\"https:\/\/www.cylumine.fr\/img\/puce1.png\" alt=\"\" width=\"13\" height=\"11\" border=\"0\" \/> Rue des Hubles (6 PL) dont le quartier est en travaux dans le cadre des travaux de reconstruction depuis le 10\/02.<\/p>\n<p>2. Le <\/span><span class=\"arialBold\" style=\"font-family: Arial, 'Gill Sans', 'Gill Sans MT', 'Myriad Pro', 'DejaVu Sans Condensed', Helvetica, sans-serif; font-size: 13px; font-weight: bold; color: #333333;\">poste<\/span><span class=\"arialBold\" style=\"font-family: Arial, 'Gill Sans', 'Gill Sans MT', 'Myriad Pro', 'DejaVu Sans Condensed', Helvetica, sans-serif; font-size: 13px; font-weight: bold; color: #333333;\">HT ERALUM \u00e0 ERAGNY <\/span><span class=\"arial\" style=\"font-family: Arial, 'Gill Sans', 'Gill Sans MT', 'Myriad Pro', 'DejaVu Sans Condensed', Helvetica, sans-serif; font-size: 13px; color: #333333;\">fonctionne correctement sauf le <\/span><span class=\"arialBold\" style=\"font-family: Arial, 'Gill Sans', 'Gill Sans MT', 'Myriad Pro', 'DejaVu Sans Condensed', Helvetica, sans-serif; font-size: 13px; font-weight: bold; color: #333333;\">d\u00e9part 4<\/span><span class=\"arial\" style=\"font-family: Arial, 'Gill Sans', 'Gill Sans MT', 'Myriad Pro', 'DejaVu Sans Condensed', Helvetica, sans-serif; font-size: 13px; color: #333333;\">, qui s&rsquo;est mis HS apr\u00e8s l&rsquo;allumage. Il a pu \u00eatre relanc\u00e9 sur 2 phases (sur 3).<\/p>\n<p>Les rues impact\u00e9es ce soir sont :<\/p>\n<p><img loading=\"lazy\" decoding=\"async\" src=\"https:\/\/www.cylumine.fr\/img\/puce1.png\" alt=\"\" width=\"13\" height=\"11\" border=\"0\" \/> Avenue du Gros Ch\u00eane.<br \/><img loading=\"lazy\" decoding=\"async\" src=\"https:\/\/www.cylumine.fr\/img\/puce1.png\" alt=\"\" width=\"13\" height=\"11\" border=\"0\" \/> Avenue des Fr\u00eanes. <br \/><img loading=\"lazy\" decoding=\"async\" src=\"https:\/\/www.cylumine.fr\/img\/puce1.png\" alt=\"\" width=\"13\" height=\"11\" border=\"0\" \/> Avenue du Bas Noyer.<\/p>\n<p>Demain nos techniciens chercheront la cause de cette panne.<\/p>\n<p>L\u2019ensemble des autres postes HT sur l\u2019agglom\u00e9ration se sont tous correctement allum\u00e9s.<br \/><\/span><\/td>\n<\/tr>\n<tr>\n<td valign=\"top\" height=\"255\">\n<hr id=\"archivesBarre\" width=\"100%\" size=\"1\" noshade=\"noshade\" \/><span class=\"arialBoldsurlign\u00e9\" style=\"font-family: Arial, 'Gill Sans', 'Gill Sans MT', 'Myriad Pro', 'DejaVu Sans Condensed', Helvetica, sans-serif; font-size: 14px; font-weight: bold; color: #ffffff; background-color: #cb1e44; background-size: contain; line-height: 20pt;\">\u00a0FLASH INFOS MAINTENANCE &#8211; 17\/03\/2014 &#8211; 20h00\u00a0<\/span><span class=\"arialBold\" style=\"font-family: Arial, 'Gill Sans', 'Gill Sans MT', 'Myriad Pro', 'DejaVu Sans Condensed', Helvetica, sans-serif; font-size: 13px; font-weight: bold; color: #333333;\"><br \/><span class=\"arialBold\">A l\u2019allumage, des pannes sur le r\u00e9seau Haute Tension sont en cours<br \/><\/span><\/span><span class=\"arial\" style=\"font-family: Arial, 'Gill Sans', 'Gill Sans MT', 'Myriad Pro', 'DejaVu Sans Condensed', Helvetica, sans-serif; font-size: 13px; color: #333333;\"><br \/>1. Nos \u00e9quipes ont constat\u00e9 \u00e0 l\u2019allumage que le\u00a0<\/span><span class=\"arialBold\" style=\"font-family: Arial, 'Gill Sans', 'Gill Sans MT', 'Myriad Pro', 'DejaVu Sans Condensed', Helvetica, sans-serif; font-size: 13px; font-weight: bold; color: #333333;\">poste HT Hautilum \u00e0 Jouy le Moutier<\/span><span class=\"arial\" style=\"font-family: Arial, 'Gill Sans', 'Gill Sans MT', 'Myriad Pro', 'DejaVu Sans Condensed', Helvetica, sans-serif; font-size: 13px; color: #333333;\">\u00a0fonctionnait correctement.<\/p>\n<p>Ainsi le seul tron\u00e7on qui est \u00e9teint sur le\u00a0<\/span><span class=\"arialBold\" style=\"font-family: Arial, 'Gill Sans', 'Gill Sans MT', 'Myriad Pro', 'DejaVu Sans Condensed', Helvetica, sans-serif; font-size: 13px; font-weight: bold; color: #333333;\">d\u00e9part 6 du poste HT Hautilum \u00e0 Jouy le Moutier<\/span><span class=\"arial\" style=\"font-family: Arial, 'Gill Sans', 'Gill Sans MT', 'Myriad Pro', 'DejaVu Sans Condensed', Helvetica, sans-serif; font-size: 13px; color: #333333;\">\u00a0est :<\/p>\n<p><img loading=\"lazy\" decoding=\"async\" src=\"https:\/\/www.cylumine.fr\/img\/puce1.png\" alt=\"\" width=\"13\" height=\"11\" border=\"0\" \/>\u00a0\u00a0Rue des Hubles (14 PL) dont le quartier est en travaux dans le cadre des travaux de reconstruction depuis le 10\/02.<\/p>\n<p>2. A noter que sur\u00a0<\/span><span class=\"arialBold\" style=\"font-family: Arial, 'Gill Sans', 'Gill Sans MT', 'Myriad Pro', 'DejaVu Sans Condensed', Helvetica, sans-serif; font-size: 13px; font-weight: bold; color: #333333;\">Saint Ouen l\u2019Aum\u00f4ne \u2013 Parc de l\u2019h\u00f4tel de Ville \u2013<\/span><span class=\"arial\" style=\"font-family: Arial, 'Gill Sans', 'Gill Sans MT', 'Myriad Pro', 'DejaVu Sans Condensed', Helvetica, sans-serif; font-size: 13px; color: #333333;\">\u00a0, nous avons un tron\u00e7on dans le noir (11 points lumineux). Nos \u00e9quipes sont intervenues ce jour sur site suite \u00e0 un d\u00e9faut qui a \u00e9t\u00e9 r\u00e9duit. Demain nos techniciens continueront leurs investigations.<\/p>\n<p>L\u2019ensemble des autres postes HT sur l\u2019agglom\u00e9ration se sont tous correctement allum\u00e9s.<\/p>\n<p><\/span><\/td>\n<\/tr>\n<tr>\n<td valign=\"top\" height=\"198\">\n<hr id=\"archivesBarre\" width=\"100%\" size=\"1\" noshade=\"noshade\" \/><span class=\"arialBoldsurlign\u00e9\" style=\"font-family: Arial, 'Gill Sans', 'Gill Sans MT', 'Myriad Pro', 'DejaVu Sans Condensed', Helvetica, sans-serif; font-size: 14px; font-weight: bold; color: #ffffff; background-color: #cb1e44; background-size: contain; line-height: 20pt;\">\u00a0FLASH INFOS MAINTENANCE &#8211; 16\/03\/2014 &#8211; 20h00\u00a0<\/span><span class=\"arialBold\" style=\"font-family: Arial, 'Gill Sans', 'Gill Sans MT', 'Myriad Pro', 'DejaVu Sans Condensed', Helvetica, sans-serif; font-size: 13px; font-weight: bold; color: #333333;\"><br \/><span class=\"arialBold\">A l\u2019allumage, des pannes sur le r\u00e9seau Haute Tension sont en cours<br \/><\/span><\/span><span class=\"arial\" style=\"font-family: Arial, 'Gill Sans', 'Gill Sans MT', 'Myriad Pro', 'DejaVu Sans Condensed', Helvetica, sans-serif; font-size: 13px; color: #333333;\"><br \/>1. Nos \u00e9quipes ont constat\u00e9 \u00e0 l\u2019allumage que le\u00a0<\/span><span class=\"arialBold\" style=\"font-family: Arial, 'Gill Sans', 'Gill Sans MT', 'Myriad Pro', 'DejaVu Sans Condensed', Helvetica, sans-serif; font-size: 13px; font-weight: bold; color: #333333;\">poste HT Hautilum \u00e0 Jouy le Moutier<\/span><span class=\"arial\" style=\"font-family: Arial, 'Gill Sans', 'Gill Sans MT', 'Myriad Pro', 'DejaVu Sans Condensed', Helvetica, sans-serif; font-size: 13px; color: #333333;\">\u00a0fonctionnait correctement.<\/p>\n<p>Ainsi le seul tron\u00e7on qui est \u00e9teint sur le\u00a0<\/span><span class=\"arialBold\" style=\"font-family: Arial, 'Gill Sans', 'Gill Sans MT', 'Myriad Pro', 'DejaVu Sans Condensed', Helvetica, sans-serif; font-size: 13px; font-weight: bold; color: #333333;\">d\u00e9part 6 du poste HT Hautilum \u00e0 Jouy le Moutier<\/span><span class=\"arial\" style=\"font-family: Arial, 'Gill Sans', 'Gill Sans MT', 'Myriad Pro', 'DejaVu Sans Condensed', Helvetica, sans-serif; font-size: 13px; color: #333333;\">\u00a0est :<\/p>\n<p><img loading=\"lazy\" decoding=\"async\" src=\"https:\/\/www.cylumine.fr\/img\/puce1.png\" alt=\"\" width=\"13\" height=\"11\" border=\"0\" \/>\u00a0\u00a0Rue des Hubles (14 PL) dont le quartier est en travaux dans le cadre des travaux de reconstruction depuis le 10\/02.<br \/><\/span><span class=\"arial\" style=\"font-family: Arial, 'Gill Sans', 'Gill Sans MT', 'Myriad Pro', 'DejaVu Sans Condensed', Helvetica, sans-serif; font-size: 13px; color: #333333;\"><br \/>L\u2019ensemble des postes HT sur l\u2019agglom\u00e9ration se sont donc tous correctement mis en service.<\/p>\n<p><\/span><\/td>\n<\/tr>\n<tr>\n<td valign=\"top\" height=\"240\">\n<hr id=\"archivesBarre\" width=\"100%\" size=\"1\" noshade=\"noshade\" \/><span class=\"arialBoldsurlign\u00e9\" style=\"font-family: Arial, 'Gill Sans', 'Gill Sans MT', 'Myriad Pro', 'DejaVu Sans Condensed', Helvetica, sans-serif; font-size: 14px; font-weight: bold; color: #ffffff; background-color: #cb1e44; background-size: contain; line-height: 20pt;\">\u00a0FLASH INFOS MAINTENANCE &#8211; 14\/03\/2014 &#8211; 19h45\u00a0<\/span><span class=\"arialBold\" style=\"font-family: Arial, 'Gill Sans', 'Gill Sans MT', 'Myriad Pro', 'DejaVu Sans Condensed', Helvetica, sans-serif; font-size: 13px; font-weight: bold; color: #333333;\"><br \/><span class=\"arialBold\">A l\u2019allumage, des pannes sur le r\u00e9seau Haute Tension sont en cours<br \/><\/span><\/span><span class=\"arial\" style=\"font-family: Arial, 'Gill Sans', 'Gill Sans MT', 'Myriad Pro', 'DejaVu Sans Condensed', Helvetica, sans-serif; font-size: 13px; color: #333333;\"><br \/>1. Nos \u00e9quipes ont constat\u00e9 \u00e0 l\u2019allumage que le\u00a0<\/span><span class=\"arialBold\" style=\"font-family: Arial, 'Gill Sans', 'Gill Sans MT', 'Myriad Pro', 'DejaVu Sans Condensed', Helvetica, sans-serif; font-size: 13px; font-weight: bold; color: #333333;\">poste HT Hautilum \u00e0 Jouy le Moutier<\/span><span class=\"arial\" style=\"font-family: Arial, 'Gill Sans', 'Gill Sans MT', 'Myriad Pro', 'DejaVu Sans Condensed', Helvetica, sans-serif; font-size: 13px; color: #333333;\">\u00a0fonctionnait correctement.<\/p>\n<p>Ainsi le seul tron\u00e7on qui est \u00e9teint sur le\u00a0<\/span><span class=\"arialBold\" style=\"font-family: Arial, 'Gill Sans', 'Gill Sans MT', 'Myriad Pro', 'DejaVu Sans Condensed', Helvetica, sans-serif; font-size: 13px; font-weight: bold; color: #333333;\">d\u00e9part 6 du poste HT Hautilum \u00e0 Jouy le Moutier<\/span><span class=\"arial\" style=\"font-family: Arial, 'Gill Sans', 'Gill Sans MT', 'Myriad Pro', 'DejaVu Sans Condensed', Helvetica, sans-serif; font-size: 13px; color: #333333;\">\u00a0est :<\/p>\n<p><img loading=\"lazy\" decoding=\"async\" src=\"https:\/\/www.cylumine.fr\/img\/puce1.png\" alt=\"\" width=\"13\" height=\"11\" border=\"0\" \/>\u00a0\u00a0Rue des Hubles (14 PL) dont le quartier est en travaux dans le cadre des travaux de reconstruction depuis le 10\/02.<\/p>\n<p>2. Le\u00a0<\/span><span class=\"arialBold\" style=\"font-family: Arial, 'Gill Sans', 'Gill Sans MT', 'Myriad Pro', 'DejaVu Sans Condensed', Helvetica, sans-serif; font-size: 13px; font-weight: bold; color: #333333;\">poste<\/span>\u00a0<span class=\"arialBold\" style=\"font-family: Arial, 'Gill Sans', 'Gill Sans MT', 'Myriad Pro', 'DejaVu Sans Condensed', Helvetica, sans-serif; font-size: 13px; font-weight: bold; color: #333333;\">ERALUM \u00e0 ERAGNY\u00a0<\/span><span class=\"arial\" style=\"font-family: Arial, 'Gill Sans', 'Gill Sans MT', 'Myriad Pro', 'DejaVu Sans Condensed', Helvetica, sans-serif; font-size: 13px; color: #333333;\">fonctionne correctement. Apres quelques jours d\u2019investigations, nos \u00e9quipes techniques ont r\u00e9solu les multiples d\u00e9fauts du c\u00e2ble du d\u00e9part 4.<\/span><span class=\"arial\" style=\"font-family: Arial, 'Gill Sans', 'Gill Sans MT', 'Myriad Pro', 'DejaVu Sans Condensed', Helvetica, sans-serif; font-size: 13px; color: #333333;\"><\/p>\n<p>L\u2019ensemble des postes HT sur l\u2019agglom\u00e9ration se sont donc tous correctement mis en service.<\/p>\n<p><\/span><\/td>\n<\/tr>\n<tr>\n<td valign=\"top\" height=\"318\">\n<hr id=\"archivesBarre\" width=\"100%\" size=\"1\" noshade=\"noshade\" \/><span class=\"arialBoldsurlign\u00e9\" style=\"font-family: Arial, 'Gill Sans', 'Gill Sans MT', 'Myriad Pro', 'DejaVu Sans Condensed', Helvetica, sans-serif; font-size: 14px; font-weight: bold; color: #ffffff; background-color: #cb1e44; background-size: contain; line-height: 20pt;\">\u00a0FLASH INFOS MAINTENANCE &#8211; 13\/03\/2014 &#8211; 19h00\u00a0<\/span><span class=\"arialBold\" style=\"font-family: Arial, 'Gill Sans', 'Gill Sans MT', 'Myriad Pro', 'DejaVu Sans Condensed', Helvetica, sans-serif; font-size: 13px; font-weight: bold; color: #333333;\"><br \/><span class=\"arialBold\">A l\u2019allumage, des pannes sur le r\u00e9seau Haute Tension sont en cours<br \/><\/span><\/span><span class=\"arial\" style=\"font-family: Arial, 'Gill Sans', 'Gill Sans MT', 'Myriad Pro', 'DejaVu Sans Condensed', Helvetica, sans-serif; font-size: 13px; color: #333333;\"><br \/>1. Nos \u00e9quipes ont constat\u00e9 \u00e0 l\u2019allumage que le\u00a0<\/span><span class=\"arialBold\" style=\"font-family: Arial, 'Gill Sans', 'Gill Sans MT', 'Myriad Pro', 'DejaVu Sans Condensed', Helvetica, sans-serif; font-size: 13px; font-weight: bold; color: #333333;\">poste HT Hautilum \u00e0 Jouy le Moutier<\/span><span class=\"arial\" style=\"font-family: Arial, 'Gill Sans', 'Gill Sans MT', 'Myriad Pro', 'DejaVu Sans Condensed', Helvetica, sans-serif; font-size: 13px; color: #333333;\">\u00a0fonctionnait correctement.<\/p>\n<p>Ainsi le seul tron\u00e7on qui est \u00e9teint sur le\u00a0<\/span><span class=\"arialBold\" style=\"font-family: Arial, 'Gill Sans', 'Gill Sans MT', 'Myriad Pro', 'DejaVu Sans Condensed', Helvetica, sans-serif; font-size: 13px; font-weight: bold; color: #333333;\">d\u00e9part 6 du poste HT Hautilum \u00e0 Jouy le Moutier<\/span><span class=\"arial\" style=\"font-family: Arial, 'Gill Sans', 'Gill Sans MT', 'Myriad Pro', 'DejaVu Sans Condensed', Helvetica, sans-serif; font-size: 13px; color: #333333;\">\u00a0est :<\/p>\n<p><img loading=\"lazy\" decoding=\"async\" src=\"https:\/\/www.cylumine.fr\/img\/puce1.png\" alt=\"\" width=\"13\" height=\"11\" border=\"0\" \/>\u00a0\u00a0Rue des Hubles (14 PL) dont le quartier est en travaux dans le cadre des travaux de reconstruction depuis le 10\/02.<\/p>\n<p>2. Le\u00a0<\/span><span class=\"arialBold\" style=\"font-family: Arial, 'Gill Sans', 'Gill Sans MT', 'Myriad Pro', 'DejaVu Sans Condensed', Helvetica, sans-serif; font-size: 13px; font-weight: bold; color: #333333;\">poste<\/span>\u00a0<span class=\"arialBold\" style=\"font-family: Arial, 'Gill Sans', 'Gill Sans MT', 'Myriad Pro', 'DejaVu Sans Condensed', Helvetica, sans-serif; font-size: 13px; font-weight: bold; color: #333333;\">HT ERALUM \u00e0 ERAGNY\u00a0<\/span><span class=\"arial\" style=\"font-family: Arial, 'Gill Sans', 'Gill Sans MT', 'Myriad Pro', 'DejaVu Sans Condensed', Helvetica, sans-serif; font-size: 13px; color: #333333;\">fonctionne correctement sauf le\u00a0<\/span><span class=\"arialBold\" style=\"font-family: Arial, 'Gill Sans', 'Gill Sans MT', 'Myriad Pro', 'DejaVu Sans Condensed', Helvetica, sans-serif; font-size: 13px; font-weight: bold; color: #333333;\">d\u00e9part 4.<\/span><span class=\"arial\" style=\"font-family: Arial, 'Gill Sans', 'Gill Sans MT', 'Myriad Pro', 'DejaVu Sans Condensed', Helvetica, sans-serif; font-size: 13px; color: #333333;\">\u00a0Il y a de multiples d\u00e9fauts sur le c\u00e2ble.<\/p>\n<p>Les rues impact\u00e9es sont :<\/p>\n<p><img loading=\"lazy\" decoding=\"async\" src=\"https:\/\/www.cylumine.fr\/img\/puce1.png\" alt=\"\" width=\"13\" height=\"11\" border=\"0\" \/>\u00a0\u00a0Avenue Ferdinand Chapelain.<br \/><img loading=\"lazy\" decoding=\"async\" src=\"https:\/\/www.cylumine.fr\/img\/puce1.png\" alt=\"\" width=\"13\" height=\"11\" border=\"0\" \/>\u00a0\u00a0Avenue du gros ch\u00eane.<br \/><img loading=\"lazy\" decoding=\"async\" src=\"https:\/\/www.cylumine.fr\/img\/puce1.png\" alt=\"\" width=\"13\" height=\"11\" border=\"0\" \/>\u00a0\u00a0Rue des fr\u00eanes.\u00a0<br \/><img loading=\"lazy\" decoding=\"async\" src=\"https:\/\/www.cylumine.fr\/img\/puce1.png\" alt=\"\" width=\"13\" height=\"11\" border=\"0\" \/>\u00a0\u00a0Rue du Bas Noyer.<br \/><\/span><span class=\"arial\" style=\"font-family: Arial, 'Gill Sans', 'Gill Sans MT', 'Myriad Pro', 'DejaVu Sans Condensed', Helvetica, sans-serif; font-size: 13px; color: #333333;\"><br \/>L\u2019ensemble des autres postes HT sur l\u2019agglom\u00e9ration se sont tous correctement allum\u00e9s.<\/p>\n<p><\/span><\/td>\n<\/tr>\n<tr>\n<td valign=\"top\" height=\"360\">\n<hr id=\"archivesBarre\" width=\"100%\" size=\"1\" noshade=\"noshade\" \/><span class=\"arialBoldsurlign\u00e9\" style=\"font-family: Arial, 'Gill Sans', 'Gill Sans MT', 'Myriad Pro', 'DejaVu Sans Condensed', Helvetica, sans-serif; font-size: 14px; font-weight: bold; color: #ffffff; background-color: #cb1e44; background-size: contain; line-height: 20pt;\">\u00a0FLASH INFOS MAINTENANCE &#8211; 12\/03\/2014 &#8211; 19h45\u00a0<\/span><span class=\"arialBold\" style=\"font-family: Arial, 'Gill Sans', 'Gill Sans MT', 'Myriad Pro', 'DejaVu Sans Condensed', Helvetica, sans-serif; font-size: 13px; font-weight: bold; color: #333333;\"><br \/><span class=\"arialBold\">A l\u2019allumage, des pannes sur le r\u00e9seau Haute Tension sont en cours<br \/><\/span><\/span><span class=\"arial\" style=\"font-family: Arial, 'Gill Sans', 'Gill Sans MT', 'Myriad Pro', 'DejaVu Sans Condensed', Helvetica, sans-serif; font-size: 13px; color: #333333;\"><br \/>1. Nos \u00e9quipes ont constat\u00e9 \u00e0 l\u2019allumage que le\u00a0<\/span><span class=\"arialBold\" style=\"font-family: Arial, 'Gill Sans', 'Gill Sans MT', 'Myriad Pro', 'DejaVu Sans Condensed', Helvetica, sans-serif; font-size: 13px; font-weight: bold; color: #333333;\">poste HT Hautilum \u00e0 Jouy le Moutier<\/span><span class=\"arial\" style=\"font-family: Arial, 'Gill Sans', 'Gill Sans MT', 'Myriad Pro', 'DejaVu Sans Condensed', Helvetica, sans-serif; font-size: 13px; color: #333333;\">\u00a0fonctionnait correctement.<\/p>\n<p>Ainsi le seul tron\u00e7on qui est \u00e9teint sur le\u00a0<\/span><span class=\"arialBold\" style=\"font-family: Arial, 'Gill Sans', 'Gill Sans MT', 'Myriad Pro', 'DejaVu Sans Condensed', Helvetica, sans-serif; font-size: 13px; font-weight: bold; color: #333333;\">d\u00e9part 6 du poste HT Hautilum \u00e0 Jouy le Moutier<\/span><span class=\"arial\" style=\"font-family: Arial, 'Gill Sans', 'Gill Sans MT', 'Myriad Pro', 'DejaVu Sans Condensed', Helvetica, sans-serif; font-size: 13px; color: #333333;\">\u00a0est :<\/p>\n<p><img loading=\"lazy\" decoding=\"async\" src=\"https:\/\/www.cylumine.fr\/img\/puce1.png\" alt=\"\" width=\"13\" height=\"11\" border=\"0\" \/>\u00a0\u00a0Rue des Hubles (14 PL) dont le quartier est en travaux dans le cadre des travaux de reconstruction depuis le 10\/02.<\/p>\n<p>2. Le\u00a0<\/span><span class=\"arialBold\" style=\"font-family: Arial, 'Gill Sans', 'Gill Sans MT', 'Myriad Pro', 'DejaVu Sans Condensed', Helvetica, sans-serif; font-size: 13px; font-weight: bold; color: #333333;\">poste<\/span>\u00a0<span class=\"arialBold\" style=\"font-family: Arial, 'Gill Sans', 'Gill Sans MT', 'Myriad Pro', 'DejaVu Sans Condensed', Helvetica, sans-serif; font-size: 13px; font-weight: bold; color: #333333;\">HT ERALUM \u00e0 ERAGNY\u00a0<\/span><span class=\"arial\" style=\"font-family: Arial, 'Gill Sans', 'Gill Sans MT', 'Myriad Pro', 'DejaVu Sans Condensed', Helvetica, sans-serif; font-size: 13px; color: #333333;\">fonctionne correctement sauf le\u00a0<\/span><span class=\"arialBold\" style=\"font-family: Arial, 'Gill Sans', 'Gill Sans MT', 'Myriad Pro', 'DejaVu Sans Condensed', Helvetica, sans-serif; font-size: 13px; font-weight: bold; color: #333333;\">d\u00e9part 4.<\/span><span class=\"arial\" style=\"font-family: Arial, 'Gill Sans', 'Gill Sans MT', 'Myriad Pro', 'DejaVu Sans Condensed', Helvetica, sans-serif; font-size: 13px; color: #333333;\"><\/p>\n<p>Les rues impact\u00e9es sont :<\/p>\n<p><img loading=\"lazy\" decoding=\"async\" src=\"https:\/\/www.cylumine.fr\/img\/puce1.png\" alt=\"\" width=\"13\" height=\"11\" border=\"0\" \/>\u00a0\u00a0Rue du Bas Noyer.<br \/><img loading=\"lazy\" decoding=\"async\" src=\"https:\/\/www.cylumine.fr\/img\/puce1.png\" alt=\"\" width=\"13\" height=\"11\" border=\"0\" \/>\u00a0\u00a0Rue du clos du Santeuil.<\/p>\n<p>La recherche de d\u00e9faut sur le c\u00e2ble continue jeudi 13\/03.<\/p>\n<p>3. Le\u00a0<span class=\"arialBold\" style=\"font-weight: bold;\">poste<\/span>\u00a0<\/span><span class=\"arialBold\" style=\"font-family: Arial, 'Gill Sans', 'Gill Sans MT', 'Myriad Pro', 'DejaVu Sans Condensed', Helvetica, sans-serif; font-size: 13px; font-weight: bold; color: #333333;\">HT\u00a0<\/span><span class=\"arial\" style=\"font-family: Arial, 'Gill Sans', 'Gill Sans MT', 'Myriad Pro', 'DejaVu Sans Condensed', Helvetica, sans-serif; font-size: 13px; color: #333333;\"><span class=\"arialBold\" style=\"font-weight: bold;\">LAMPARO \u00e0 Saint Ouen l&rsquo;Aum\u00f4ne\u00a0<\/span>fonctionne correctement sauf le\u00a0<span class=\"arialBold\" style=\"font-weight: bold;\">d\u00e9part 1.<\/span><\/p>\n<p>Un contacteur sera remplac\u00e9 jeudi 13\/03. Les rues impact\u00e9es sont :<\/p>\n<p><img loading=\"lazy\" decoding=\"async\" src=\"https:\/\/www.cylumine.fr\/img\/puce1.png\" alt=\"\" width=\"13\" height=\"11\" border=\"0\" \/>\u00a0\u00a0Avenue du Vert Galant.<br \/><img loading=\"lazy\" decoding=\"async\" src=\"https:\/\/www.cylumine.fr\/img\/puce1.png\" alt=\"\" width=\"13\" height=\"11\" border=\"0\" \/>\u00a0\u00a0Rue St Hilaire.\u00a0<br \/><img loading=\"lazy\" decoding=\"async\" src=\"https:\/\/www.cylumine.fr\/img\/puce1.png\" alt=\"\" width=\"13\" height=\"11\" border=\"0\" \/>\u00a0\u00a0Rue de la Guivernone.\u00a0<\/p>\n<p>L\u2019ensemble des autres postes HT sur l\u2019agglom\u00e9ration se sont tous correctement allum\u00e9s.<\/p>\n<p><\/span><\/td>\n<\/tr>\n<tr>\n<td valign=\"top\" height=\"315\">\n<hr id=\"archivesBarre\" width=\"100%\" size=\"1\" noshade=\"noshade\" \/><span class=\"arialBoldsurlign\u00e9\" style=\"font-family: Arial, 'Gill Sans', 'Gill Sans MT', 'Myriad Pro', 'DejaVu Sans Condensed', Helvetica, sans-serif; font-size: 14px; font-weight: bold; color: #ffffff; background-color: #cb1e44; background-size: contain; line-height: 20pt;\">\u00a0FLASH INFOS MAINTENANCE &#8211; 11\/03\/2014 &#8211; 19h45\u00a0<\/span><span class=\"arialBold\" style=\"font-family: Arial, 'Gill Sans', 'Gill Sans MT', 'Myriad Pro', 'DejaVu Sans Condensed', Helvetica, sans-serif; font-size: 13px; font-weight: bold; color: #333333;\"><br \/><span class=\"arialBold\">A l\u2019allumage, des pannes sur le r\u00e9seau Haute Tension sont en cours<br \/><\/span><\/span><span class=\"arial\" style=\"font-family: Arial, 'Gill Sans', 'Gill Sans MT', 'Myriad Pro', 'DejaVu Sans Condensed', Helvetica, sans-serif; font-size: 13px; color: #333333;\"><br \/>1. Nos \u00e9quipes ont constat\u00e9 \u00e0 l\u2019allumage que le\u00a0<\/span><span class=\"arialBold\" style=\"font-family: Arial, 'Gill Sans', 'Gill Sans MT', 'Myriad Pro', 'DejaVu Sans Condensed', Helvetica, sans-serif; font-size: 13px; font-weight: bold; color: #333333;\">poste HT Hautilum \u00e0 Jouy le Moutier<\/span><span class=\"arial\" style=\"font-family: Arial, 'Gill Sans', 'Gill Sans MT', 'Myriad Pro', 'DejaVu Sans Condensed', Helvetica, sans-serif; font-size: 13px; color: #333333;\">\u00a0fonctionnait correctement.<\/p>\n<p>Ainsi le seul tron\u00e7on qui est \u00e9teint sur le\u00a0<\/span><span class=\"arialBold\" style=\"font-family: Arial, 'Gill Sans', 'Gill Sans MT', 'Myriad Pro', 'DejaVu Sans Condensed', Helvetica, sans-serif; font-size: 13px; font-weight: bold; color: #333333;\">d\u00e9part 6 du poste HT Hautilum \u00e0 Jouy le Moutier<\/span><span class=\"arial\" style=\"font-family: Arial, 'Gill Sans', 'Gill Sans MT', 'Myriad Pro', 'DejaVu Sans Condensed', Helvetica, sans-serif; font-size: 13px; color: #333333;\">\u00a0est :<\/p>\n<p><img loading=\"lazy\" decoding=\"async\" src=\"https:\/\/www.cylumine.fr\/img\/puce1.png\" alt=\"\" width=\"13\" height=\"11\" border=\"0\" \/>\u00a0\u00a0Rue des Hubles (14 PL) dont le quartier est en travaux dans le cadre des travaux de reconstruction depuis le 10\/02.<\/p>\n<p>2. Le\u00a0<\/span><span class=\"arialBold\" style=\"font-family: Arial, 'Gill Sans', 'Gill Sans MT', 'Myriad Pro', 'DejaVu Sans Condensed', Helvetica, sans-serif; font-size: 13px; font-weight: bold; color: #333333;\">poste<\/span>\u00a0<span class=\"arialBold\" style=\"font-family: Arial, 'Gill Sans', 'Gill Sans MT', 'Myriad Pro', 'DejaVu Sans Condensed', Helvetica, sans-serif; font-size: 13px; font-weight: bold; color: #333333;\">ERALUM \u00e0 ERAGNY\u00a0<\/span><span class=\"arial\" style=\"font-family: Arial, 'Gill Sans', 'Gill Sans MT', 'Myriad Pro', 'DejaVu Sans Condensed', Helvetica, sans-serif; font-size: 13px; color: #333333;\">fonctionne correctement sauf le\u00a0<\/span><span class=\"arialBold\" style=\"font-family: Arial, 'Gill Sans', 'Gill Sans MT', 'Myriad Pro', 'DejaVu Sans Condensed', Helvetica, sans-serif; font-size: 13px; font-weight: bold; color: #333333;\">d\u00e9part 4.<\/span><span class=\"arial\" style=\"font-family: Arial, 'Gill Sans', 'Gill Sans MT', 'Myriad Pro', 'DejaVu Sans Condensed', Helvetica, sans-serif; font-size: 13px; color: #333333;\"><\/p>\n<p>Les rues impact\u00e9es sont :<\/p>\n<p><img loading=\"lazy\" decoding=\"async\" src=\"https:\/\/www.cylumine.fr\/img\/puce1.png\" alt=\"\" width=\"13\" height=\"11\" border=\"0\" \/>\u00a0\u00a0Avenue du gros ch\u00eane.<br \/><img loading=\"lazy\" decoding=\"async\" src=\"https:\/\/www.cylumine.fr\/img\/puce1.png\" alt=\"\" width=\"13\" height=\"11\" border=\"0\" \/>\u00a0\u00a0Avenue Ferdinand Chapelain.<br \/><img loading=\"lazy\" decoding=\"async\" src=\"https:\/\/www.cylumine.fr\/img\/puce1.png\" alt=\"\" width=\"13\" height=\"11\" border=\"0\" \/>\u00a0\u00a0Rue du Bas Noyer.<br \/><img loading=\"lazy\" decoding=\"async\" src=\"https:\/\/www.cylumine.fr\/img\/puce1.png\" alt=\"\" width=\"13\" height=\"11\" border=\"0\" \/>\u00a0\u00a0Rue du clos du Santeuil.<\/p>\n<p>La recherche de d\u00e9faut continue mercredi 12\/03.<\/p>\n<p>L\u2019ensemble des autres postes HT sur l\u2019agglom\u00e9ration se sont tous correctement allum\u00e9s.<\/p>\n<p><\/span><\/td>\n<\/tr>\n<tr>\n<td valign=\"top\" height=\"270\">\n<hr id=\"archivesBarre\" width=\"100%\" size=\"1\" noshade=\"noshade\" \/><span class=\"arialBoldsurlign\u00e9\" style=\"font-family: Arial, 'Gill Sans', 'Gill Sans MT', 'Myriad Pro', 'DejaVu Sans Condensed', Helvetica, sans-serif; font-size: 14px; font-weight: bold; color: #ffffff; background-color: #cb1e44; background-size: contain; line-height: 20pt;\">\u00a0FLASH INFOS MAINTENANCE &#8211; 10\/03\/2014 &#8211; 19h45\u00a0<\/span><span class=\"arialBold\" style=\"font-family: Arial, 'Gill Sans', 'Gill Sans MT', 'Myriad Pro', 'DejaVu Sans Condensed', Helvetica, sans-serif; font-size: 13px; font-weight: bold; color: #333333;\"><br \/><span class=\"arialBold\">A l\u2019allumage, des pannes sur le r\u00e9seau Haute Tension sont en cours<br \/><\/span><\/span><span class=\"arial\" style=\"font-family: Arial, 'Gill Sans', 'Gill Sans MT', 'Myriad Pro', 'DejaVu Sans Condensed', Helvetica, sans-serif; font-size: 13px; color: #333333;\"><br \/>1.\u00a0<\/span><span class=\"arialBold\" style=\"font-family: Arial, 'Gill Sans', 'Gill Sans MT', 'Myriad Pro', 'DejaVu Sans Condensed', Helvetica, sans-serif; font-size: 13px; font-weight: bold; color: #333333;\">Poste Haute Tension Hautilum \u00e0 Jouy le Moutier<\/span><span class=\"arial\" style=\"font-family: Arial, 'Gill Sans', 'Gill Sans MT', 'Myriad Pro', 'DejaVu Sans Condensed', Helvetica, sans-serif; font-size: 13px; color: #333333;\">\u00a0: Fonctionne correctement.<\/p>\n<p><img loading=\"lazy\" decoding=\"async\" src=\"https:\/\/www.cylumine.fr\/img\/puce1.png\" alt=\"\" width=\"13\" height=\"11\" border=\"0\" \/>\u00a0\u00a0Seuls 14 points lumineux rue des Hubles sont \u00e9teints en raison des travaux de reconstruction depuis le 10\/02.<\/p>\n<p>2.\u00a0<\/span><span class=\"arialBold\" style=\"font-family: Arial, 'Gill Sans', 'Gill Sans MT', 'Myriad Pro', 'DejaVu Sans Condensed', Helvetica, sans-serif; font-size: 13px; font-weight: bold; color: #333333;\">Poste Haute Tension ERALUM \u00e0 ERAGNY<\/span><span class=\"arial\" style=\"font-family: Arial, 'Gill Sans', 'Gill Sans MT', 'Myriad Pro', 'DejaVu Sans Condensed', Helvetica, sans-serif; font-size: 13px; color: #333333;\">: Fonctionne correctement sauf le\u00a0<\/span><span class=\"arialBold\" style=\"font-family: Arial, 'Gill Sans', 'Gill Sans MT', 'Myriad Pro', 'DejaVu Sans Condensed', Helvetica, sans-serif; font-size: 13px; font-weight: bold; color: #333333;\">d\u00e9part 4<\/span><span class=\"arial\" style=\"font-family: Arial, 'Gill Sans', 'Gill Sans MT', 'Myriad Pro', 'DejaVu Sans Condensed', Helvetica, sans-serif; font-size: 13px; color: #333333;\">\u00a0qui est tomb\u00e9 ce matin \u00e0 3h16. Le d\u00e9faut a \u00e9t\u00e9 localis\u00e9 et sera r\u00e9par\u00e9 demain Mardi 11 Mars. Les autres d\u00e9parts sont en service.\u00a0<\/p>\n<p><img loading=\"lazy\" decoding=\"async\" src=\"https:\/\/www.cylumine.fr\/img\/puce1.png\" alt=\"\" width=\"13\" height=\"11\" border=\"0\" \/>\u00a0\u00a0 6 points lumineux seront \u00e9teints ce soir rue des Fr\u00eanes \u00e0 Eragny.<\/p>\n<p>L\u2019ensemble des autres postes HT sur l\u2019agglom\u00e9ration se sont tous correctement mis en service.<\/p>\n<p>Divers :<br \/>Saint Ouen L\u2019Aum\u00f4ne : D\u00e9faut Basse Tension &#8211; Rue Painlev\u00e9 \u2013 Tron\u00e7on en d\u00e9faut, les \u00e9quipes Cylumine recherchent la panne \u2013 Il y aura 5 points lumineux \u00e9teints ce Lundi soir rue Painlev\u00e9 \u00e0 Saint-Ouen L\u2019Aum\u00f4ne.<\/p>\n<p><\/span><\/td>\n<\/tr>\n<tr>\n<td valign=\"top\" height=\"270\">\n<hr id=\"archivesBarre\" width=\"100%\" size=\"1\" noshade=\"noshade\" \/><span class=\"arialBoldsurlign\u00e9\" style=\"font-family: Arial, 'Gill Sans', 'Gill Sans MT', 'Myriad Pro', 'DejaVu Sans Condensed', Helvetica, sans-serif; font-size: 14px; font-weight: bold; color: #ffffff; background-color: #cb1e44; background-size: contain; line-height: 20pt;\">\u00a0FLASH INFOS MAINTENANCE &#8211; 07\/03\/2014 &#8211; 19h45\u00a0<\/span><span class=\"arialBold\" style=\"font-family: Arial, 'Gill Sans', 'Gill Sans MT', 'Myriad Pro', 'DejaVu Sans Condensed', Helvetica, sans-serif; font-size: 13px; font-weight: bold; color: #333333;\"><br \/><span class=\"arialBold\">A l\u2019allumage, des pannes sur le r\u00e9seau Haute Tension sont en cours<br \/><\/span><\/span><span class=\"arial\" style=\"font-family: Arial, 'Gill Sans', 'Gill Sans MT', 'Myriad Pro', 'DejaVu Sans Condensed', Helvetica, sans-serif; font-size: 13px; color: #333333;\"><br \/>1. Nos \u00e9quipes ont constat\u00e9 \u00e0 l\u2019allumage que le\u00a0<\/span><span class=\"arialBold\" style=\"font-family: Arial, 'Gill Sans', 'Gill Sans MT', 'Myriad Pro', 'DejaVu Sans Condensed', Helvetica, sans-serif; font-size: 13px; font-weight: bold; color: #333333;\">poste HT Hautilum \u00e0 Jouy le Moutier<\/span><span class=\"arial\" style=\"font-family: Arial, 'Gill Sans', 'Gill Sans MT', 'Myriad Pro', 'DejaVu Sans Condensed', Helvetica, sans-serif; font-size: 13px; color: #333333;\">\u00a0fonctionnait correctement.<\/p>\n<p>Ainsi le seul tron\u00e7on qui est \u00e9teint sur le\u00a0<\/span><span class=\"arialBold\" style=\"font-family: Arial, 'Gill Sans', 'Gill Sans MT', 'Myriad Pro', 'DejaVu Sans Condensed', Helvetica, sans-serif; font-size: 13px; font-weight: bold; color: #333333;\">d\u00e9part 6 du poste HT Hautilum \u00e0 Jouy le Moutier<\/span><span class=\"arial\" style=\"font-family: Arial, 'Gill Sans', 'Gill Sans MT', 'Myriad Pro', 'DejaVu Sans Condensed', Helvetica, sans-serif; font-size: 13px; color: #333333;\">\u00a0est :<\/p>\n<p><img loading=\"lazy\" decoding=\"async\" src=\"https:\/\/www.cylumine.fr\/img\/puce1.png\" alt=\"\" width=\"13\" height=\"11\" border=\"0\" \/>\u00a0\u00a0Rue des Hubles (14 PL) dont le quartier est en travaux dans le cadre des travaux de reconstruction depuis le 10\/02.<\/p>\n<p>2. Le\u00a0<\/span><span class=\"arialBold\" style=\"font-family: Arial, 'Gill Sans', 'Gill Sans MT', 'Myriad Pro', 'DejaVu Sans Condensed', Helvetica, sans-serif; font-size: 13px; font-weight: bold; color: #333333;\">d\u00e9part 1 du poste HT Lampadaire \u00e0 Cergy ( dans les locaux de l\u2019Essec)<\/span><span class=\"arial\" style=\"font-family: Arial, 'Gill Sans', 'Gill Sans MT', 'Myriad Pro', 'DejaVu Sans Condensed', Helvetica, sans-serif; font-size: 13px; color: #333333;\">\u00a0s\u2019est mis en s\u00e9curit\u00e9 \u00e0 l\u2019allumage.<\/p>\n<p>Nos techniciens apr\u00e8s tests et mesures ont pu le relancer un peu avant 20H.<\/p>\n<p>Les rues impact\u00e9es durant cette heure \u00e9taient les suivantes :<\/p>\n<p><img loading=\"lazy\" decoding=\"async\" src=\"https:\/\/www.cylumine.fr\/img\/puce1.png\" alt=\"\" width=\"13\" height=\"11\" border=\"0\" \/>\u00a0\u00a0Boulevard de l\u2019Hautil entre le boulevard Hirsch et le pont de Neuville (cot\u00e9 ESSEC)<br \/><img loading=\"lazy\" decoding=\"async\" src=\"https:\/\/www.cylumine.fr\/img\/puce1.png\" alt=\"\" width=\"13\" height=\"11\" border=\"0\" \/>\u00a0\u00a0Avenue des Grouettes<br \/><img loading=\"lazy\" decoding=\"async\" src=\"https:\/\/www.cylumine.fr\/img\/puce1.png\" alt=\"\" width=\"13\" height=\"11\" border=\"0\" \/>\u00a0\u00a0Boulevard du Port entre l\u2019avenue du Par cet l\u2019avenue Jean Bart<br \/><img loading=\"lazy\" decoding=\"async\" src=\"https:\/\/www.cylumine.fr\/img\/puce1.png\" alt=\"\" width=\"13\" height=\"11\" border=\"0\" \/>\u00a0\u00a0Rue du Prieur\u00e9<\/p>\n<p>L\u2019ensemble des autres postes HT sur l\u2019agglom\u00e9ration se sont tous correctement allum\u00e9s.<\/p>\n<p><\/span><\/td>\n<\/tr>\n<tr>\n<td valign=\"top\" height=\"270\">\n<hr id=\"archivesBarre\" width=\"100%\" size=\"1\" noshade=\"noshade\" \/><span class=\"arialBoldsurlign\u00e9\" style=\"font-family: Arial, 'Gill Sans', 'Gill Sans MT', 'Myriad Pro', 'DejaVu Sans Condensed', Helvetica, sans-serif; font-size: 14px; font-weight: bold; color: #ffffff; background-color: #cb1e44; background-size: contain; line-height: 20pt;\">\u00a0FLASH INFOS MAINTENANCE &#8211; 06\/03\/2014 &#8211; 19h45\u00a0<\/span><span class=\"arialBold\" style=\"font-family: Arial, 'Gill Sans', 'Gill Sans MT', 'Myriad Pro', 'DejaVu Sans Condensed', Helvetica, sans-serif; font-size: 13px; font-weight: bold; color: #333333;\"><br \/><span class=\"arialBold\">A l\u2019allumage, des pannes sur le r\u00e9seau Haute Tension sont en cours<br \/><\/span><\/span><span class=\"arial\" style=\"font-family: Arial, 'Gill Sans', 'Gill Sans MT', 'Myriad Pro', 'DejaVu Sans Condensed', Helvetica, sans-serif; font-size: 13px; color: #333333;\"><br \/>1. Nos \u00e9quipes ont constat\u00e9 \u00e0 l\u2019allumage que le\u00a0<\/span><span class=\"arialBold\" style=\"font-family: Arial, 'Gill Sans', 'Gill Sans MT', 'Myriad Pro', 'DejaVu Sans Condensed', Helvetica, sans-serif; font-size: 13px; font-weight: bold; color: #333333;\">poste HT Hautilum \u00e0 Jouy le Moutier<\/span><span class=\"arial\" style=\"font-family: Arial, 'Gill Sans', 'Gill Sans MT', 'Myriad Pro', 'DejaVu Sans Condensed', Helvetica, sans-serif; font-size: 13px; color: #333333;\">\u00a0fonctionnait correctement.<\/p>\n<p>Ainsi le seul tron\u00e7on qui est \u00e9teint sur le\u00a0<\/span><span class=\"arialBold\" style=\"font-family: Arial, 'Gill Sans', 'Gill Sans MT', 'Myriad Pro', 'DejaVu Sans Condensed', Helvetica, sans-serif; font-size: 13px; font-weight: bold; color: #333333;\">d\u00e9part 6 du poste HT Hautilum \u00e0 Jouy le Moutier<\/span><span class=\"arial\" style=\"font-family: Arial, 'Gill Sans', 'Gill Sans MT', 'Myriad Pro', 'DejaVu Sans Condensed', Helvetica, sans-serif; font-size: 13px; color: #333333;\">\u00a0est :<\/p>\n<p><img loading=\"lazy\" decoding=\"async\" src=\"https:\/\/www.cylumine.fr\/img\/puce1.png\" alt=\"\" width=\"13\" height=\"11\" border=\"0\" \/>\u00a0\u00a0Rue des Hubles (14 PL) dont le quartier est en travaux dans le cadre des travaux de reconstruction depuis le 10\/02.<\/p>\n<p>2. Le\u00a0<\/span><span class=\"arialBold\" style=\"font-family: Arial, 'Gill Sans', 'Gill Sans MT', 'Myriad Pro', 'DejaVu Sans Condensed', Helvetica, sans-serif; font-size: 13px; font-weight: bold; color: #333333;\">d\u00e9part 2 du poste SPOT \u00e0 Cergy<\/span><span class=\"arial\" style=\"font-family: Arial, 'Gill Sans', 'Gill Sans MT', 'Myriad Pro', 'DejaVu Sans Condensed', Helvetica, sans-serif; font-size: 13px; color: #333333;\">\u00a0s\u2019est correctement allum\u00e9.<\/p>\n<p>Suite \u00e0 l\u2019intervention ce jour de nos techniciens ce jour, les 2 tron\u00e7ons encore impact\u00e9s hier soir ont \u00e9t\u00e9 remis en service ce jour, comme annonc\u00e9 hier soir.<\/p>\n<p>L\u2019ensemble des autres postes HT sur l\u2019agglom\u00e9ration se sont tous correctement allum\u00e9s.<\/p>\n<p><\/span><\/td>\n<\/tr>\n<tr>\n<td valign=\"top\" height=\"364\">\n<hr id=\"archivesBarre\" width=\"100%\" size=\"1\" noshade=\"noshade\" \/><span class=\"arialBoldsurlign\u00e9\" style=\"font-family: Arial, 'Gill Sans', 'Gill Sans MT', 'Myriad Pro', 'DejaVu Sans Condensed', Helvetica, sans-serif; font-size: 14px; font-weight: bold; color: #ffffff; background-color: #cb1e44; background-size: contain; line-height: 20pt;\">\u00a0FLASH INFOS MAINTENANCE &#8211; 05\/03\/2014 &#8211; 19h30\u00a0<\/span><span class=\"arialBold\" style=\"font-family: Arial, 'Gill Sans', 'Gill Sans MT', 'Myriad Pro', 'DejaVu Sans Condensed', Helvetica, sans-serif; font-size: 13px; font-weight: bold; color: #333333;\"><br \/><span class=\"arialBold\">A l\u2019allumage, des pannes sur le r\u00e9seau Haute Tension sont en cours<br \/><\/span><\/span><span class=\"arial\" style=\"font-family: Arial, 'Gill Sans', 'Gill Sans MT', 'Myriad Pro', 'DejaVu Sans Condensed', Helvetica, sans-serif; font-size: 13px; color: #333333;\"><br \/>1. Nos \u00e9quipes ont constat\u00e9 \u00e0 l\u2019allumage que le\u00a0<\/span><span class=\"arialBold\" style=\"font-family: Arial, 'Gill Sans', 'Gill Sans MT', 'Myriad Pro', 'DejaVu Sans Condensed', Helvetica, sans-serif; font-size: 13px; font-weight: bold; color: #333333;\">poste HT Hautilum \u00e0 Jouy le Moutier fonctionnait correctement<\/span><span class=\"arial\" style=\"font-family: Arial, 'Gill Sans', 'Gill Sans MT', 'Myriad Pro', 'DejaVu Sans Condensed', Helvetica, sans-serif; font-size: 13px; color: #333333;\">.<\/p>\n<p>Ainsi le seul tron\u00e7on qui est \u00e9teint sur le\u00a0<\/span><span class=\"arialBold\" style=\"font-family: Arial, 'Gill Sans', 'Gill Sans MT', 'Myriad Pro', 'DejaVu Sans Condensed', Helvetica, sans-serif; font-size: 13px; font-weight: bold; color: #333333;\">d\u00e9part 6 du poste HT Hautilum \u00e0 Jouy le Moutier<\/span><span class=\"arial\" style=\"font-family: Arial, 'Gill Sans', 'Gill Sans MT', 'Myriad Pro', 'DejaVu Sans Condensed', Helvetica, sans-serif; font-size: 13px; color: #333333;\">\u00a0est :<\/p>\n<p><img loading=\"lazy\" decoding=\"async\" src=\"https:\/\/www.cylumine.fr\/img\/puce1.png\" alt=\"\" width=\"13\" height=\"11\" border=\"0\" \/>\u00a0\u00a0Rue des Hubles (14 PL) dont le quartier est en travaux dans le cadre des travaux de reconstruction depuis le 10\/02.<\/p>\n<p>2. Le\u00a0<\/span><span class=\"arialBold\" style=\"font-family: Arial, 'Gill Sans', 'Gill Sans MT', 'Myriad Pro', 'DejaVu Sans Condensed', Helvetica, sans-serif; font-size: 13px; font-weight: bold; color: #333333;\">d\u00e9part 2 du poste SPOT \u00e0 Cergy<\/span><span class=\"arial\" style=\"font-family: Arial, 'Gill Sans', 'Gill Sans MT', 'Myriad Pro', 'DejaVu Sans Condensed', Helvetica, sans-serif; font-size: 13px; color: #333333;\">\u00a0pr\u00e9sente des d\u00e9fauts sur le terrain depuis ce weekend.<\/p>\n<p>Nos techniciens sont parvenus \u00e0 remettre en service une partie des rues encore impact\u00e9es hier soir .<\/p>\n<p>Toutefois, il reste encore 2 tron\u00e7ons impact\u00e9s cette nuit sur\u00a0<\/span><span class=\"arialBold\" style=\"font-family: Arial, 'Gill Sans', 'Gill Sans MT', 'Myriad Pro', 'DejaVu Sans Condensed', Helvetica, sans-serif; font-size: 13px; font-weight: bold; color: #333333;\">Courdimanche :<\/span><span class=\"arial\" style=\"font-family: Arial, 'Gill Sans', 'Gill Sans MT', 'Myriad Pro', 'DejaVu Sans Condensed', Helvetica, sans-serif; font-size: 13px; color: #333333;\"><\/p>\n<p><img loading=\"lazy\" decoding=\"async\" src=\"https:\/\/www.cylumine.fr\/img\/puce1.png\" alt=\"\" width=\"13\" height=\"11\" border=\"0\" \/>\u00a0\u00a0RD 51 (dernier tron\u00e7on avant entr\u00e9e dans Menucourt)<br \/><img loading=\"lazy\" decoding=\"async\" src=\"https:\/\/www.cylumine.fr\/img\/puce1.png\" alt=\"\" width=\"13\" height=\"11\" border=\"0\" \/>\u00a0\u00a0Rue du Trou Tonnerre (entre le chemin des Faisandeaux et le boulevard des Chasseurs).<\/p>\n<p><\/span><span class=\"arialBold\" style=\"font-family: Arial, 'Gill Sans', 'Gill Sans MT', 'Myriad Pro', 'DejaVu Sans Condensed', Helvetica, sans-serif; font-size: 13px; font-weight: bold; color: #333333;\">Demain nos techniciens remettront en service ces 2 tron\u00e7ons.<\/span><span class=\"arial\" style=\"font-family: Arial, 'Gill Sans', 'Gill Sans MT', 'Myriad Pro', 'DejaVu Sans Condensed', Helvetica, sans-serif; font-size: 13px; color: #333333;\"><\/p>\n<p>L\u2019ensemble des autres postes HT sur l\u2019agglom\u00e9ration se sont tous correctement allum\u00e9s.<\/p>\n<p><\/span><\/td>\n<\/tr>\n<tr>\n<td valign=\"top\" height=\"364\">\n<hr id=\"archivesBarre\" width=\"100%\" size=\"1\" noshade=\"noshade\" \/><span class=\"arialBoldsurlign\u00e9\" style=\"font-family: Arial, 'Gill Sans', 'Gill Sans MT', 'Myriad Pro', 'DejaVu Sans Condensed', Helvetica, sans-serif; font-size: 14px; font-weight: bold; color: #ffffff; background-color: #cb1e44; background-size: contain; line-height: 20pt;\">\u00a0FLASH INFOS MAINTENANCE &#8211; 04\/03\/2014 &#8211; 19h15\u00a0<\/span><span class=\"arialBold\" style=\"font-family: Arial, 'Gill Sans', 'Gill Sans MT', 'Myriad Pro', 'DejaVu Sans Condensed', Helvetica, sans-serif; font-size: 13px; font-weight: bold; color: #333333;\"><br \/><span class=\"arialBold\">A l\u2019allumage, des pannes sur le r\u00e9seau Haute Tension sont en cours<br \/><\/span><\/span><span class=\"arial\" style=\"font-family: Arial, 'Gill Sans', 'Gill Sans MT', 'Myriad Pro', 'DejaVu Sans Condensed', Helvetica, sans-serif; font-size: 13px; color: #333333;\"><br \/>1. Nos \u00e9quipes ont constat\u00e9 \u00e0 l\u2019allumage que le\u00a0<\/span><span class=\"arialBold\" style=\"font-family: Arial, 'Gill Sans', 'Gill Sans MT', 'Myriad Pro', 'DejaVu Sans Condensed', Helvetica, sans-serif; font-size: 13px; font-weight: bold; color: #333333;\">poste HT Hautilum \u00e0 Jouy le Moutier\u00a0<\/span><span class=\"arial\" style=\"font-family: Arial, 'Gill Sans', 'Gill Sans MT', 'Myriad Pro', 'DejaVu Sans Condensed', Helvetica, sans-serif; font-size: 13px; color: #333333;\">fonctionnait correctement.<\/p>\n<p>Ainsi le seul tron\u00e7on qui est \u00e9teint sur le\u00a0<\/span><span class=\"arialBold\" style=\"font-family: Arial, 'Gill Sans', 'Gill Sans MT', 'Myriad Pro', 'DejaVu Sans Condensed', Helvetica, sans-serif; font-size: 13px; font-weight: bold; color: #333333;\">d\u00e9part 6 du poste HT Hautilum \u00e0 Jouy le Moutier<\/span><span class=\"arial\" style=\"font-family: Arial, 'Gill Sans', 'Gill Sans MT', 'Myriad Pro', 'DejaVu Sans Condensed', Helvetica, sans-serif; font-size: 13px; color: #333333;\">\u00a0est :<\/p>\n<p><img loading=\"lazy\" decoding=\"async\" src=\"https:\/\/www.cylumine.fr\/img\/puce1.png\" alt=\"\" width=\"13\" height=\"11\" border=\"0\" \/>\u00a0\u00a0Rue des Hubles (14 PL) dont le quartier est en travaux dans le cadre des travaux de reconstruction depuis le 10\/02<\/p>\n<p>2. Le\u00a0<\/span><span class=\"arialBold\" style=\"font-family: Arial, 'Gill Sans', 'Gill Sans MT', 'Myriad Pro', 'DejaVu Sans Condensed', Helvetica, sans-serif; font-size: 13px; font-weight: bold; color: #333333;\">d\u00e9part 2 du poste SPOT \u00e0 Cergy<\/span><span class=\"arial\" style=\"font-family: Arial, 'Gill Sans', 'Gill Sans MT', 'Myriad Pro', 'DejaVu Sans Condensed', Helvetica, sans-serif; font-size: 13px; color: #333333;\">\u00a0pr\u00e9sente des d\u00e9fauts sur le terrain depuis ce weekend.<\/p>\n<p>Nos techniciens sont parvenus \u00e0 remettre en service une partie des rues encore impact\u00e9es hier soir .<\/p>\n<p>Toutefois, il reste encore 4 rues impact\u00e9es cette nuit sur Courdimanche:<\/p>\n<p><img loading=\"lazy\" decoding=\"async\" src=\"https:\/\/www.cylumine.fr\/img\/puce1.png\" alt=\"\" width=\"13\" height=\"11\" border=\"0\" \/>\u00a0\u00a0Boulevard de la cr\u00eate (du rd point du miroir jusqu&rsquo;\u00e0 la RD51)<br \/><img loading=\"lazy\" decoding=\"async\" src=\"https:\/\/www.cylumine.fr\/img\/puce1.png\" alt=\"\" width=\"13\" height=\"11\" border=\"0\" \/>\u00a0\u00a0La RD 51<br \/><img loading=\"lazy\" decoding=\"async\" src=\"https:\/\/www.cylumine.fr\/img\/puce1.png\" alt=\"\" width=\"13\" height=\"11\" border=\"0\" \/>\u00a0\u00a0Rue des Coudraies<br \/><img loading=\"lazy\" decoding=\"async\" src=\"https:\/\/www.cylumine.fr\/img\/puce1.png\" alt=\"\" width=\"13\" height=\"11\" border=\"0\" \/>\u00a0\u00a0Rue de la vieille saint martin (la partie basse)<\/p>\n<p>Demain nos techniciens continuerons leurs recherches de d\u00e9fauts pour r\u00e9soudre les probl\u00e9matiques de r\u00e9seaux de ces 4 rues.<\/p>\n<p>3. Suite \u00e0 la venue du camion laboratoire ce matin, nos \u00e9quipes ont pu r\u00e9parer cet apr\u00e8s-midi le d\u00e9faut de c\u00e2ble pleine terre qui impactait encore hier soir :<\/p>\n<p><img loading=\"lazy\" decoding=\"async\" src=\"https:\/\/www.cylumine.fr\/img\/puce1.png\" alt=\"\" width=\"13\" height=\"11\" border=\"0\" \/>\u00a0 La rue du Bas Noyer et la rue des Fresnes sur le\u00a0<\/span><span class=\"arialBold\" style=\"font-family: Arial, 'Gill Sans', 'Gill Sans MT', 'Myriad Pro', 'DejaVu Sans Condensed', Helvetica, sans-serif; font-size: 13px; font-weight: bold; color: #333333;\">d\u00e9part 4 du poste HT Eralum situ\u00e9 \u00e0 Eragny<\/span><span class=\"arial\" style=\"font-family: Arial, 'Gill Sans', 'Gill Sans MT', 'Myriad Pro', 'DejaVu Sans Condensed', Helvetica, sans-serif; font-size: 13px; color: #333333;\">.<br \/><\/span><span class=\"arialBold\" style=\"font-family: Arial, 'Gill Sans', 'Gill Sans MT', 'Myriad Pro', 'DejaVu Sans Condensed', Helvetica, sans-serif; font-size: 13px; font-weight: bold; color: #333333;\">Tout refonctionne de nouveau \u00e0 100% sur ce d\u00e9part.<\/span><span class=\"arial\" style=\"font-family: Arial, 'Gill Sans', 'Gill Sans MT', 'Myriad Pro', 'DejaVu Sans Condensed', Helvetica, sans-serif; font-size: 13px; color: #333333;\"><\/p>\n<p>L\u2019ensemble des autres postes HT sur l\u2019agglom\u00e9ration se sont tous correctement allum\u00e9s.<\/p>\n<p><\/span><\/td>\n<\/tr>\n<tr>\n<td valign=\"top\" height=\"364\">\n<hr id=\"archivesBarre\" width=\"100%\" size=\"1\" noshade=\"noshade\" \/><span class=\"arialBoldsurlign\u00e9\" style=\"font-family: Arial, 'Gill Sans', 'Gill Sans MT', 'Myriad Pro', 'DejaVu Sans Condensed', Helvetica, sans-serif; font-size: 14px; font-weight: bold; color: #ffffff; background-color: #cb1e44; background-size: contain; line-height: 20pt;\">\u00a0FLASH INFOS MAINTENANCE &#8211; 03\/03\/2014 &#8211; 20h30\u00a0<\/span><span class=\"arialBold\" style=\"font-family: Arial, 'Gill Sans', 'Gill Sans MT', 'Myriad Pro', 'DejaVu Sans Condensed', Helvetica, sans-serif; font-size: 13px; font-weight: bold; color: #333333;\"><br \/><span class=\"arialBold\">A l\u2019allumage, des pannes sur le r\u00e9seau Haute Tension sont en cours<br \/><\/span><\/span><span class=\"arial\" style=\"font-family: Arial, 'Gill Sans', 'Gill Sans MT', 'Myriad Pro', 'DejaVu Sans Condensed', Helvetica, sans-serif; font-size: 13px; color: #333333;\"><br \/>1. Nos \u00e9quipes ont constat\u00e9 \u00e0 l\u2019allumage que le\u00a0<\/span><span class=\"arialBold\" style=\"font-family: Arial, 'Gill Sans', 'Gill Sans MT', 'Myriad Pro', 'DejaVu Sans Condensed', Helvetica, sans-serif; font-size: 13px; font-weight: bold; color: #333333;\">poste HT Hautilum \u00e0 Jouy le Moutier<\/span><span class=\"arial\" style=\"font-family: Arial, 'Gill Sans', 'Gill Sans MT', 'Myriad Pro', 'DejaVu Sans Condensed', Helvetica, sans-serif; font-size: 13px; color: #333333;\">\u00a0fonctionnait correctement.<\/p>\n<p>Ainsi le seul tron\u00e7on qui est \u00e9teint sur le\u00a0<\/span><span class=\"arialBold\" style=\"font-family: Arial, 'Gill Sans', 'Gill Sans MT', 'Myriad Pro', 'DejaVu Sans Condensed', Helvetica, sans-serif; font-size: 13px; font-weight: bold; color: #333333;\">d\u00e9part 6 du poste HT Hautilum \u00e0 Jouy le Moutier<\/span><span class=\"arial\" style=\"font-family: Arial, 'Gill Sans', 'Gill Sans MT', 'Myriad Pro', 'DejaVu Sans Condensed', Helvetica, sans-serif; font-size: 13px; color: #333333;\">\u00a0est :<\/p>\n<p><img loading=\"lazy\" decoding=\"async\" src=\"https:\/\/www.cylumine.fr\/img\/puce1.png\" alt=\"\" width=\"13\" height=\"11\" border=\"0\" \/>\u00a0\u00a0Rue des Hubles (14 PL) dont le quartier est en travaux dans le cadre des travaux de reconstruction depuis le 10\/02<\/p>\n<p>2. Le\u00a0<\/span><span class=\"arialBold\" style=\"font-family: Arial, 'Gill Sans', 'Gill Sans MT', 'Myriad Pro', 'DejaVu Sans Condensed', Helvetica, sans-serif; font-size: 13px; font-weight: bold; color: #333333;\">d\u00e9part 6 du poste Lampadaire Cergy (dans les locaux de L\u2019Essec)<\/span><span class=\"arial\" style=\"font-family: Arial, 'Gill Sans', 'Gill Sans MT', 'Myriad Pro', 'DejaVu Sans Condensed', Helvetica, sans-serif; font-size: 13px; color: #333333;\">\u00a0s\u2019est mis en s\u00e9curit\u00e9 un peu avant 20h. Une \u00e9quipe est en route pour essayer de le relancer.<\/p>\n<p>Les rues impact\u00e9es sont :<\/p>\n<p><img loading=\"lazy\" decoding=\"async\" src=\"https:\/\/www.cylumine.fr\/img\/puce1.png\" alt=\"\" width=\"13\" height=\"11\" border=\"0\" \/>\u00a0\u00a0Rue de la Pr\u00e9fecture<br \/><img loading=\"lazy\" decoding=\"async\" src=\"https:\/\/www.cylumine.fr\/img\/puce1.png\" alt=\"\" width=\"13\" height=\"11\" border=\"0\" \/>\u00a0\u00a0Avenue des 3 Fontaines<br \/><img loading=\"lazy\" decoding=\"async\" src=\"https:\/\/www.cylumine.fr\/img\/puce1.png\" alt=\"\" width=\"13\" height=\"11\" border=\"0\" \/>\u00a0\u00a0Rue Bernard Hirsch<br \/><img loading=\"lazy\" decoding=\"async\" src=\"https:\/\/www.cylumine.fr\/img\/puce1.png\" alt=\"\" width=\"13\" height=\"11\" border=\"0\" \/>\u00a0\u00a0Boulevard du Port (c\u00f4t\u00e9 gauche de l\u2019Avenue du Parc \u00e0 A15)<br \/><img loading=\"lazy\" decoding=\"async\" src=\"https:\/\/www.cylumine.fr\/img\/puce1.png\" alt=\"\" width=\"13\" height=\"11\" border=\"0\" \/>\u00a0\u00a0Boulevard de l\u2019Oise (c\u00f4t\u00e9 gauche du Boulevard du Port \u00e0 la ZAC Francis Combe)<br \/><img loading=\"lazy\" decoding=\"async\" src=\"https:\/\/www.cylumine.fr\/img\/puce1.png\" alt=\"\" width=\"13\" height=\"11\" border=\"0\" \/>\u00a0\u00a0Boulevard de la Viosne (c\u00f4t\u00e9 droit du Boulevard de l\u2019Oise \u00e0 l\u2019A15)<\/p>\n<p>3. Le\u00a0<\/span><span class=\"arialBold\" style=\"font-family: Arial, 'Gill Sans', 'Gill Sans MT', 'Myriad Pro', 'DejaVu Sans Condensed', Helvetica, sans-serif; font-size: 13px; font-weight: bold; color: #333333;\">d\u00e9part 2 du poste SPOT \u00e0 Cergy<\/span><span class=\"arial\" style=\"font-family: Arial, 'Gill Sans', 'Gill Sans MT', 'Myriad Pro', 'DejaVu Sans Condensed', Helvetica, sans-serif; font-size: 13px; color: #333333;\">\u00a0pr\u00e9sente des d\u00e9fauts sur le terrain depuis ce weekend.<\/p>\n<p>Les rues encore impact\u00e9es cette nuit sur Vaur\u00e9al et Courdimanche sont :<\/p>\n<p><img loading=\"lazy\" decoding=\"async\" src=\"https:\/\/www.cylumine.fr\/img\/puce1.png\" alt=\"\" width=\"13\" height=\"11\" border=\"0\" \/>\u00a0\u00a0Boulevard saint Apolline<br \/><img loading=\"lazy\" decoding=\"async\" src=\"https:\/\/www.cylumine.fr\/img\/puce1.png\" alt=\"\" width=\"13\" height=\"11\" border=\"0\" \/>\u00a0\u00a0Rond-point du miroir<br \/><img loading=\"lazy\" decoding=\"async\" src=\"https:\/\/www.cylumine.fr\/img\/puce1.png\" alt=\"\" width=\"13\" height=\"11\" border=\"0\" \/>\u00a0\u00a0Partie haute du boulevard des chasseur vers rue des coudraies + Rue des coudraies<br \/><img loading=\"lazy\" decoding=\"async\" src=\"https:\/\/www.cylumine.fr\/img\/puce1.png\" alt=\"\" width=\"13\" height=\"11\" border=\"0\" \/>\u00a0\u00a0Boulevard de la Cr\u00eate vers le vieux Courdimanche<br \/><img loading=\"lazy\" decoding=\"async\" src=\"https:\/\/www.cylumine.fr\/img\/puce1.png\" alt=\"\" width=\"13\" height=\"11\" border=\"0\" \/>\u00a0\u00a0D38<br \/><img loading=\"lazy\" decoding=\"async\" src=\"https:\/\/www.cylumine.fr\/img\/puce1.png\" alt=\"\" width=\"13\" height=\"11\" border=\"0\" \/>\u00a0\u00a0D51<br \/><img loading=\"lazy\" decoding=\"async\" src=\"https:\/\/www.cylumine.fr\/img\/puce1.png\" alt=\"\" width=\"13\" height=\"11\" border=\"0\" \/>\u00a0\u00a0Boulevard du golf<br \/><img loading=\"lazy\" decoding=\"async\" src=\"https:\/\/www.cylumine.fr\/img\/puce1.png\" alt=\"\" width=\"13\" height=\"11\" border=\"0\" \/>\u00a0\u00a0Rue Vieille saint Martin<br \/><img loading=\"lazy\" decoding=\"async\" src=\"https:\/\/www.cylumine.fr\/img\/puce1.png\" alt=\"\" width=\"13\" height=\"11\" border=\"0\" \/>\u00a0\u00a0Moiti\u00e9 de la rue du trou tonnerre (vers boulevard des chasseurs)<\/p>\n<p>Demain nos techniciens continuerons dans leur recherche de d\u00e9faut pour r\u00e9soudre les probl\u00e8mes en cours.<\/p>\n<p>4. Malgr\u00e9 les actions de nos techniciens ce jour, nous avons toujours une difficult\u00e9 sur le\u00a0<\/span><span class=\"arialBold\" style=\"font-family: Arial, 'Gill Sans', 'Gill Sans MT', 'Myriad Pro', 'DejaVu Sans Condensed', Helvetica, sans-serif; font-size: 13px; font-weight: bold; color: #333333;\">d\u00e9part 4 du poste HT Eralum situ\u00e9 \u00e0 Eragny.<\/span><span class=\"arial\" style=\"font-family: Arial, 'Gill Sans', 'Gill Sans MT', 'Myriad Pro', 'DejaVu Sans Condensed', Helvetica, sans-serif; font-size: 13px; color: #333333;\"><\/p>\n<p>Il y a une port\u00e9e de c\u00e2ble HS. Un camion laboratoire viendra demain nous appuyer dans la recherche de ce d\u00e9faut.<br \/>Il demeure ainsi deux rues encore impact\u00e9e par ce d\u00e9faut partiel :<\/p>\n<p><img loading=\"lazy\" decoding=\"async\" src=\"https:\/\/www.cylumine.fr\/img\/puce1.png\" alt=\"\" width=\"13\" height=\"11\" border=\"0\" \/>\u00a0\u00a0Rue du Bas Noyer<br \/><img loading=\"lazy\" decoding=\"async\" src=\"https:\/\/www.cylumine.fr\/img\/puce1.png\" alt=\"\" width=\"13\" height=\"11\" border=\"0\" \/>\u00a0\u00a0Rue des Fresnes<\/p>\n<p><\/span><span class=\"arialBold\" style=\"font-family: Arial, 'Gill Sans', 'Gill Sans MT', 'Myriad Pro', 'DejaVu Sans Condensed', Helvetica, sans-serif; font-size: 13px; font-weight: bold; color: #333333;\">L\u2019ensemble des autres postes HT sur l\u2019agglom\u00e9ration se sont tous correctement allum\u00e9s.<\/span><span class=\"arial\" style=\"font-family: Arial, 'Gill Sans', 'Gill Sans MT', 'Myriad Pro', 'DejaVu Sans Condensed', Helvetica, sans-serif; font-size: 13px; color: #333333;\"><\/p>\n<p><\/span><\/td>\n<\/tr>\n<tr>\n<td valign=\"top\" height=\"285\">\n<hr id=\"archivesBarre\" width=\"100%\" size=\"1\" noshade=\"noshade\" \/><span class=\"arialBoldsurlign\u00e9\" style=\"font-family: Arial, 'Gill Sans', 'Gill Sans MT', 'Myriad Pro', 'DejaVu Sans Condensed', Helvetica, sans-serif; font-size: 14px; font-weight: bold; color: #ffffff; background-color: #cb1e44; background-size: contain; line-height: 20pt;\">\u00a0FLASH INFOS MAINTENANCE &#8211; 28\/02\/2014 &#8211; 20h00\u00a0<\/span><span class=\"arialBold\" style=\"font-family: Arial, 'Gill Sans', 'Gill Sans MT', 'Myriad Pro', 'DejaVu Sans Condensed', Helvetica, sans-serif; font-size: 13px; font-weight: bold; color: #333333;\"><br \/><span class=\"arialBold\">A l\u2019allumage, des pannes sur le r\u00e9seau Haute Tension sont en cours<br \/><\/span><\/span><br \/><span class=\"arial\" style=\"font-family: Arial, 'Gill Sans', 'Gill Sans MT', 'Myriad Pro', 'DejaVu Sans Condensed', Helvetica, sans-serif; font-size: 13px; color: #333333;\">1. A l\u2019allumage du<\/span><span class=\"arialBold\" style=\"font-family: Arial, 'Gill Sans', 'Gill Sans MT', 'Myriad Pro', 'DejaVu Sans Condensed', Helvetica, sans-serif; font-size: 13px; font-weight: bold; color: #333333;\">\u00a0poste HT Hautilum \u00e0 Jouy le Moutier<\/span><span class=\"arial\" style=\"font-family: Arial, 'Gill Sans', 'Gill Sans MT', 'Myriad Pro', 'DejaVu Sans Condensed', Helvetica, sans-serif; font-size: 13px; color: #333333;\">, nos \u00e9quipes ont pu constater le fonctionnement de l\u2019ensemble des installations :<\/p>\n<p>Ainsi le seul tron\u00e7on qui est \u00e9teint sur le\u00a0<\/span><span class=\"arialBold\" style=\"font-family: Arial, 'Gill Sans', 'Gill Sans MT', 'Myriad Pro', 'DejaVu Sans Condensed', Helvetica, sans-serif; font-size: 13px; font-weight: bold; color: #333333;\">d\u00e9part 6 du poste HT Hautilum \u00e0 Jouy le Moutier<\/span><span class=\"arial\" style=\"font-family: Arial, 'Gill Sans', 'Gill Sans MT', 'Myriad Pro', 'DejaVu Sans Condensed', Helvetica, sans-serif; font-size: 13px; color: #333333;\">\u00a0est :<\/p>\n<p><img loading=\"lazy\" decoding=\"async\" src=\"https:\/\/www.cylumine.fr\/img\/puce1.png\" alt=\"\" width=\"13\" height=\"11\" border=\"0\" \/>\u00a0\u00a0Rue des Hubles (14 PL) dont le quartier est en travaux dans le cadre des travaux de reconstruction depuis le 10\/02<\/p>\n<p>2. Malgr\u00e9 les actions de nos techniciens ce jour, nous avons toujours une difficult\u00e9 sur le\u00a0<\/span><span class=\"arialBold\" style=\"font-family: Arial, 'Gill Sans', 'Gill Sans MT', 'Myriad Pro', 'DejaVu Sans Condensed', Helvetica, sans-serif; font-size: 13px; font-weight: bold; color: #333333;\">d\u00e9part 4 du poste HT Eralum situ\u00e9 \u00e0 Eragny<\/span><span class=\"arial\" style=\"font-family: Arial, 'Gill Sans', 'Gill Sans MT', 'Myriad Pro', 'DejaVu Sans Condensed', Helvetica, sans-serif; font-size: 13px; color: #333333;\">\u00a0:<\/p>\n<p>Il y aurait une port\u00e9e de c\u00e2ble HS. Un camion laboratoire viendra en d\u00e9but de semaine prochaine nous appuyer dans la recherche de ce d\u00e9faut.<br \/>Il demeure ainsi deux rues encore impact\u00e9e par ce d\u00e9faut partiel :<\/p>\n<p><img loading=\"lazy\" decoding=\"async\" src=\"https:\/\/www.cylumine.fr\/img\/puce1.png\" alt=\"\" width=\"13\" height=\"11\" border=\"0\" \/>\u00a0\u00a0Rue du Bas Noyer<br \/><img loading=\"lazy\" decoding=\"async\" src=\"https:\/\/www.cylumine.fr\/img\/puce1.png\" width=\"13\" height=\"11\" border=\"0\" \/>\u00a0\u00a0Rue des Fresnes<\/p>\n<p>L\u2019ensemble des autres postes HT sur l\u2019agglom\u00e9ration se sont tous correctement allum\u00e9s.<\/p>\n<p><\/span><\/td>\n<\/tr>\n<tr>\n<td valign=\"top\" height=\"364\">\n<hr id=\"archivesBarre\" width=\"100%\" size=\"1\" noshade=\"noshade\" \/><span class=\"arialBoldsurlign\u00e9\" style=\"font-family: Arial, 'Gill Sans', 'Gill Sans MT', 'Myriad Pro', 'DejaVu Sans Condensed', Helvetica, sans-serif; font-size: 14px; font-weight: bold; color: #ffffff; background-color: #cb1e44; background-size: contain; line-height: 20pt;\">\u00a0FLASH INFOS MAINTENANCE &#8211; 27\/02\/2014 &#8211; 19h30\u00a0<\/span><span class=\"arialBold\" style=\"font-family: Arial, 'Gill Sans', 'Gill Sans MT', 'Myriad Pro', 'DejaVu Sans Condensed', Helvetica, sans-serif; font-size: 13px; font-weight: bold; color: #333333;\"><br \/><span class=\"arialBold\">A l\u2019allumage, des pannes sur le r\u00e9seau Haute Tension sont en cours<br \/><\/span><\/span><span class=\"arial\" style=\"font-family: Arial, 'Gill Sans', 'Gill Sans MT', 'Myriad Pro', 'DejaVu Sans Condensed', Helvetica, sans-serif; font-size: 13px; color: #333333;\"><br \/>1. A l\u2019allumage du\u00a0<\/span><span class=\"arialBold\" style=\"font-family: Arial, 'Gill Sans', 'Gill Sans MT', 'Myriad Pro', 'DejaVu Sans Condensed', Helvetica, sans-serif; font-size: 13px; font-weight: bold; color: #333333;\">poste HT Hautilum \u00e0 Jouy le Moutier<\/span><span class=\"arial\" style=\"font-family: Arial, 'Gill Sans', 'Gill Sans MT', 'Myriad Pro', 'DejaVu Sans Condensed', Helvetica, sans-serif; font-size: 13px; color: #333333;\">, nos \u00e9quipes ont pu constater le fonctionnement de l\u2019ensemble des installations :<\/p>\n<p>Ainsi le seul tron\u00e7on qui est \u00e9teint sur le\u00a0<\/span><span class=\"arialBold\" style=\"font-family: Arial, 'Gill Sans', 'Gill Sans MT', 'Myriad Pro', 'DejaVu Sans Condensed', Helvetica, sans-serif; font-size: 13px; font-weight: bold; color: #333333;\">d\u00e9part 6 du poste HT Haut<\/span><span class=\"arialBold\" style=\"font-family: Arial, 'Gill Sans', 'Gill Sans MT', 'Myriad Pro', 'DejaVu Sans Condensed', Helvetica, sans-serif; font-size: 13px; font-weight: bold; color: #333333;\">ilum \u00e0 Jouy le Moutier<\/span><span class=\"arial\" style=\"font-family: Arial, 'Gill Sans', 'Gill Sans MT', 'Myriad Pro', 'DejaVu Sans Condensed', Helvetica, sans-serif; font-size: 13px; color: #333333;\">\u00a0est :<\/p>\n<p><img loading=\"lazy\" decoding=\"async\" src=\"https:\/\/www.cylumine.fr\/img\/puce1.png\" width=\"13\" height=\"11\" border=\"0\" \/>\u00a0\u00a0Rue des Hubles (14 PL) dont le quartier est en travaux dans le cadre des travaux de reconstruction depuis le 10\/02<\/p>\n<p>2. Nous avons rencontr\u00e9 une difficult\u00e9 la nuit derni\u00e8re sur le\u00a0<\/span><span class=\"arialBold\" style=\"font-family: Arial, 'Gill Sans', 'Gill Sans MT', 'Myriad Pro', 'DejaVu Sans Condensed', Helvetica, sans-serif; font-size: 13px; font-weight: bold; color: #333333;\">d\u00e9part 4 du poste HT Eralum situ\u00e9 \u00e0 Eragny<\/span><span class=\"arial\" style=\"font-family: Arial, 'Gill Sans', 'Gill Sans MT', 'Myriad Pro', 'DejaVu Sans Condensed', Helvetica, sans-serif; font-size: 13px; color: #333333;\">\u00a0:<\/p>\n<p>Nos techniciens sont parvenus \u00e0 le relancer partiellement. Toutefois une des phases (la Phase 3) n\u2019a pu \u00eatre relanc\u00e9e.<br \/>Suite \u00e0 l\u2019intervention de nos techniciens ce jour, une partie des rues impact\u00e9es a pu \u00eatre remis en service.<br \/>Il demeure toutefois deux rues encore impact\u00e9e ce soir par ce d\u00e9faut partiel :<\/p>\n<p><img loading=\"lazy\" decoding=\"async\" src=\"https:\/\/www.cylumine.fr\/img\/puce1.png\" alt=\"\" width=\"13\" height=\"11\" border=\"0\" \/>\u00a0\u00a0Rue du Bas Noyer<br \/><img loading=\"lazy\" decoding=\"async\" src=\"https:\/\/www.cylumine.fr\/img\/puce1.png\" alt=\"\" width=\"13\" height=\"11\" border=\"0\" \/>\u00a0\u00a0Rue des Fresnes<\/p>\n<p>Nos techniciens travailleront demain pour remettre en service ce tron\u00e7on dans les meilleurs d\u00e9lais.<br \/><span class=\"arialBold\" style=\"font-weight: bold;\">L\u2019ensemble des autres postes HT sur l\u2019agglom\u00e9ration se sont tous correctement allum\u00e9s.<\/span><\/p>\n<p><\/span><\/td>\n<\/tr>\n<tr>\n<td valign=\"top\" height=\"210\">\n<hr id=\"archivesBarre\" width=\"100%\" size=\"1\" noshade=\"noshade\" \/><span class=\"arialBoldsurlign\u00e9\" style=\"font-family: Arial, 'Gill Sans', 'Gill Sans MT', 'Myriad Pro', 'DejaVu Sans Condensed', Helvetica, sans-serif; font-size: 14px; font-weight: bold; color: #ffffff; background-color: #cb1e44; background-size: contain; line-height: 20pt;\">\u00a0FLASH INFOS MAINTENANCE &#8211; 26\/02\/2014 &#8211; 19h30\u00a0<\/span><span class=\"arialBold\" style=\"font-family: Arial, 'Gill Sans', 'Gill Sans MT', 'Myriad Pro', 'DejaVu Sans Condensed', Helvetica, sans-serif; font-size: 13px; font-weight: bold; color: #333333;\"><br \/><span class=\"arialBold\">A l\u2019allumage, des pannes sur le r\u00e9seau Haute Tension sont en cours<br \/><\/span><\/span><span class=\"arial\" style=\"font-family: Arial, 'Gill Sans', 'Gill Sans MT', 'Myriad Pro', 'DejaVu Sans Condensed', Helvetica, sans-serif; font-size: 13px; color: #333333;\"><br \/>1. A l\u2019allumage du\u00a0<\/span><span class=\"arialBold\" style=\"font-family: Arial, 'Gill Sans', 'Gill Sans MT', 'Myriad Pro', 'DejaVu Sans Condensed', Helvetica, sans-serif; font-size: 13px; font-weight: bold; color: #333333;\">poste HT Hautilum \u00e0 Jouy le Moutier<\/span><span class=\"arial\" style=\"font-family: Arial, 'Gill Sans', 'Gill Sans MT', 'Myriad Pro', 'DejaVu Sans Condensed', Helvetica, sans-serif; font-size: 13px; color: #333333;\">, nos \u00e9quipes ont pu constater le fonctionnement de l\u2019ensemble des installations :<\/p>\n<p>Ainsi le seul tron\u00e7on qui est \u00e9teint sur le\u00a0<\/span><span class=\"arialBold\" style=\"font-family: Arial, 'Gill Sans', 'Gill Sans MT', 'Myriad Pro', 'DejaVu Sans Condensed', Helvetica, sans-serif; font-size: 13px; font-weight: bold; color: #333333;\">d\u00e9part 6 du poste HT Hautilum \u00e0 Jouy le Moutier<\/span><span class=\"arial\" style=\"font-family: Arial, 'Gill Sans', 'Gill Sans MT', 'Myriad Pro', 'DejaVu Sans Condensed', Helvetica, sans-serif; font-size: 13px; color: #333333;\">\u00a0est :<\/p>\n<p><img loading=\"lazy\" decoding=\"async\" src=\"https:\/\/www.cylumine.fr\/img\/puce1.png\" width=\"13\" height=\"11\" border=\"0\" \/>\u00a0\u00a0Rue des Hubles (14 PL) dont le quartier est en travaux dans le cadre des travaux de reconstruction depuis le 10\/02<\/span><span class=\"arial\" style=\"font-family: Arial, 'Gill Sans', 'Gill Sans MT', 'Myriad Pro', 'DejaVu Sans Condensed', Helvetica, sans-serif; font-size: 13px; color: #333333;\"><\/p>\n<p><\/span><span class=\"arialBold\" style=\"font-family: Arial, 'Gill Sans', 'Gill Sans MT', 'Myriad Pro', 'DejaVu Sans Condensed', Helvetica, sans-serif; font-size: 13px; font-weight: bold; color: #333333;\">L\u2019ensemble des autres postes HT sur l\u2019agglom\u00e9ration se sont tous correctement allum\u00e9s.<\/span><span class=\"arial\" style=\"font-family: Arial, 'Gill Sans', 'Gill Sans MT', 'Myriad Pro', 'DejaVu Sans Condensed', Helvetica, sans-serif; font-size: 13px; color: #333333;\"><br \/>En effet, suite \u00e0 l\u2019intervention de nos \u00e9quipes ce jour, l\u2019ensemble des soucis rencontr\u00e9s hier soir ont \u00e9t\u00e9 r\u00e9gl\u00e9s.\u00a0<\/p>\n<p><\/span><\/td>\n<\/tr>\n<tr>\n<td valign=\"top\" height=\"375\">\n<hr id=\"archivesBarre\" width=\"100%\" size=\"1\" noshade=\"noshade\" \/><span class=\"arialBoldsurlign\u00e9\" style=\"font-family: Arial, 'Gill Sans', 'Gill Sans MT', 'Myriad Pro', 'DejaVu Sans Condensed', Helvetica, sans-serif; font-size: 14px; font-weight: bold; color: #ffffff; background-color: #cb1e44; background-size: contain; line-height: 20pt;\">\u00a0FLASH INFOS MAINTENANCE &#8211; 25\/02\/2014 &#8211; 19h30\u00a0<\/span><span class=\"arialBold\" style=\"font-family: Arial, 'Gill Sans', 'Gill Sans MT', 'Myriad Pro', 'DejaVu Sans Condensed', Helvetica, sans-serif; font-size: 13px; font-weight: bold; color: #333333;\"><br \/><span class=\"arialBold\">A l\u2019allumage, des pannes sur le r\u00e9seau Haute Tension sont en cours<br \/><\/span><\/span><span class=\"arial\" style=\"font-family: Arial, 'Gill Sans', 'Gill Sans MT', 'Myriad Pro', 'DejaVu Sans Condensed', Helvetica, sans-serif; font-size: 13px; color: #333333;\"><br \/>1. A l\u2019allumage du\u00a0<\/span><span class=\"arialBold\" style=\"font-family: Arial, 'Gill Sans', 'Gill Sans MT', 'Myriad Pro', 'DejaVu Sans Condensed', Helvetica, sans-serif; font-size: 13px; font-weight: bold; color: #333333;\">poste HT Hautilum \u00e0 Jouy le Moutier<\/span><span class=\"arial\" style=\"font-family: Arial, 'Gill Sans', 'Gill Sans MT', 'Myriad Pro', 'DejaVu Sans Condensed', Helvetica, sans-serif; font-size: 13px; color: #333333;\">, nos \u00e9quipes ont pu constater le fonctionnement de l\u2019ensemble des installations :<\/p>\n<p>Ainsi le seul tron\u00e7on qui est \u00e9teint sur le\u00a0<\/span><span class=\"arialBold\" style=\"font-family: Arial, 'Gill Sans', 'Gill Sans MT', 'Myriad Pro', 'DejaVu Sans Condensed', Helvetica, sans-serif; font-size: 13px; font-weight: bold; color: #333333;\">d\u00e9part 6 du poste HT Hautilum \u00e0 Jouy le Moutier<\/span><span class=\"arial\" style=\"font-family: Arial, 'Gill Sans', 'Gill Sans MT', 'Myriad Pro', 'DejaVu Sans Condensed', Helvetica, sans-serif; font-size: 13px; color: #333333;\">\u00a0est :<\/p>\n<p><img loading=\"lazy\" decoding=\"async\" src=\"https:\/\/www.cylumine.fr\/img\/puce1.png\" width=\"13\" height=\"11\" border=\"0\" \/>\u00a0\u00a0Rue des Hubles (14 PL) dont le quartier est en travaux dans le cadre des travaux de reconstruction depuis le 10\/02<\/p>\n<p><\/span><span class=\"arialBold\" style=\"font-family: Arial, 'Gill Sans', 'Gill Sans MT', 'Myriad Pro', 'DejaVu Sans Condensed', Helvetica, sans-serif; font-size: 13px; font-weight: bold; color: #333333;\">Le d\u00e9part 3 du poste HT Hautilum \u00e0 Jouy le Moutier<\/span><span class=\"arial\" style=\"font-family: Arial, 'Gill Sans', 'Gill Sans MT', 'Myriad Pro', 'DejaVu Sans Condensed', Helvetica, sans-serif; font-size: 13px; color: #333333;\">\u00a0a disjonct\u00e9 \u00e0 l\u2019allumage. Il a pu \u00eatre relanc\u00e9 vers 19h. Les rues impact\u00e9es durant cette demi-heure \u00e9taient :<\/p>\n<p><img loading=\"lazy\" decoding=\"async\" src=\"https:\/\/www.cylumine.fr\/img\/puce1.png\" alt=\"\" width=\"13\" height=\"11\" border=\"0\" \/>\u00a0\u00a0Rue des Tremblay (Jouy le Moutier)<br \/><img loading=\"lazy\" decoding=\"async\" src=\"https:\/\/www.cylumine.fr\/img\/puce1.png\" alt=\"\" width=\"13\" height=\"11\" border=\"0\" \/>\u00a0\u00a0All\u00e9e de sources (Jouy le Moutier)<br \/><img loading=\"lazy\" decoding=\"async\" src=\"https:\/\/www.cylumine.fr\/img\/puce1.png\" alt=\"\" width=\"13\" height=\"11\" border=\"0\" \/>\u00a0\u00a0Une partie du boulevard de l\u2019Oise (entre Vallanchards et Tremblay) (Jouy le Moutier)<br \/><img loading=\"lazy\" decoding=\"async\" src=\"https:\/\/www.cylumine.fr\/img\/puce1.png\" alt=\"\" width=\"13\" height=\"11\" border=\"0\" \/>\u00a0\u00a0La rue des valanchards (Vaur\u00e9al)<br \/><img loading=\"lazy\" decoding=\"async\" src=\"https:\/\/www.cylumine.fr\/img\/puce1.png\" alt=\"\" width=\"13\" height=\"11\" border=\"0\" \/>\u00a0\u00a0Chemin des Hauts Toupets (Vaur\u00e9al)<br \/><img loading=\"lazy\" decoding=\"async\" src=\"https:\/\/www.cylumine.fr\/img\/puce1.png\" alt=\"\" width=\"13\" height=\"11\" border=\"0\" \/>\u00a0\u00a0Rue Louise Michel (Vaur\u00e9al)<br \/><img loading=\"lazy\" decoding=\"async\" src=\"https:\/\/www.cylumine.fr\/img\/puce1.png\" alt=\"\" width=\"13\" height=\"11\" border=\"0\" \/>\u00a0\u00a0Mail de l\u2019\u00e9tincelle (Vaur\u00e9al)<br \/><img loading=\"lazy\" decoding=\"async\" src=\"https:\/\/www.cylumine.fr\/img\/puce1.png\" alt=\"\" width=\"13\" height=\"11\" border=\"0\" \/>\u00a0\u00a0Rue Michel Colucci (Vaur\u00e9al)<br \/><img loading=\"lazy\" decoding=\"async\" src=\"https:\/\/www.cylumine.fr\/img\/puce1.png\" alt=\"\" width=\"13\" height=\"11\" border=\"0\" \/>\u00a0\u00a0Avenue Jacques Brel (Vaur\u00e9al)<\/p>\n<p><\/span><span class=\"arialBold\" style=\"font-family: Arial, 'Gill Sans', 'Gill Sans MT', 'Myriad Pro', 'DejaVu Sans Condensed', Helvetica, sans-serif; font-size: 13px; font-weight: bold; color: #333333;\">L\u2019ensemble des autres postes HT sur l\u2019agglom\u00e9ration se sont tous correctement allum\u00e9s.<\/span><span class=\"arial\" style=\"font-family: Arial, 'Gill Sans', 'Gill Sans MT', 'Myriad Pro', 'DejaVu Sans Condensed', Helvetica, sans-serif; font-size: 13px; color: #333333;\"><\/p>\n<p>2. Nous avons une probl\u00e9matique sur le\u00a0<\/span><span class=\"arialBold\" style=\"font-family: Arial, 'Gill Sans', 'Gill Sans MT', 'Myriad Pro', 'DejaVu Sans Condensed', Helvetica, sans-serif; font-size: 13px; font-weight: bold; color: #333333;\">d\u00e9part 2 du poste HT d\u2019Eralum \u00e0 Eragny<\/span><span class=\"arial\" style=\"font-family: Arial, 'Gill Sans', 'Gill Sans MT', 'Myriad Pro', 'DejaVu Sans Condensed', Helvetica, sans-serif; font-size: 13px; color: #333333;\">\u00a0:<\/p>\n<p>Ainsi les rues dans le noir ce soir sont :<\/p>\n<p><img loading=\"lazy\" decoding=\"async\" src=\"https:\/\/www.cylumine.fr\/img\/puce1.png\" alt=\"\" width=\"13\" height=\"11\" border=\"0\" \/>\u00a0\u00a0L\u2019avenue Salvator Allende<br \/><img loading=\"lazy\" decoding=\"async\" src=\"https:\/\/www.cylumine.fr\/img\/puce1.png\" alt=\"\" width=\"13\" height=\"11\" border=\"0\" \/>\u00a0\u00a0La rue Jean Jaures<br \/><img loading=\"lazy\" decoding=\"async\" src=\"https:\/\/www.cylumine.fr\/img\/puce1.png\" alt=\"\" width=\"13\" height=\"11\" border=\"0\" \/>\u00a0\u00a0Le Boulevard de la Commune de Paris<br \/><img loading=\"lazy\" decoding=\"async\" src=\"https:\/\/www.cylumine.fr\/img\/puce1.png\" alt=\"\" width=\"13\" height=\"11\" border=\"0\" \/>\u00a0\u00a0La rue Roger Salengro (entre le boulevard de la commune de Paris et la rue du buisson \u00e0 Moineaux)<\/p>\n<p>Nos \u00e9quipes travailleront demain sur ces d\u00e9fauts pour une remise en service dans les meilleurs d\u00e9lais.\u00a0<\/p>\n<p><\/span><\/td>\n<\/tr>\n<tr>\n<td valign=\"top\" height=\"1070\">\n<hr id=\"archivesBarre\" width=\"100%\" size=\"1\" noshade=\"noshade\" \/><span class=\"arialBoldsurlign\u00e9\" style=\"font-family: Arial, 'Gill Sans', 'Gill Sans MT', 'Myriad Pro', 'DejaVu Sans Condensed', Helvetica, sans-serif; font-size: 14px; font-weight: bold; color: #ffffff; background-color: #cb1e44; background-size: contain; line-height: 20pt;\">\u00a0FLASH INFOS MAINTENANCE &#8211; 24\/02\/2014 &#8211; 19h30\u00a0<\/span><span class=\"arialBold\" style=\"font-family: Arial, 'Gill Sans', 'Gill Sans MT', 'Myriad Pro', 'DejaVu Sans Condensed', Helvetica, sans-serif; font-size: 13px; font-weight: bold; color: #333333;\"><br \/><span class=\"arialBold\">A l\u2019allumage, des pannes sur le r\u00e9seau Haute Tension sont en cours<br \/><\/span><\/span><span class=\"arial\" style=\"font-family: Arial, 'Gill Sans', 'Gill Sans MT', 'Myriad Pro', 'DejaVu Sans Condensed', Helvetica, sans-serif; font-size: 13px; color: #333333;\"><br \/>1. A l\u2019allumage du\u00a0<\/span><span class=\"arialBold\" style=\"font-family: Arial, 'Gill Sans', 'Gill Sans MT', 'Myriad Pro', 'DejaVu Sans Condensed', Helvetica, sans-serif; font-size: 13px; font-weight: bold; color: #333333;\">poste HT Hautilum \u00e0 Jouy le Moutier<\/span><span class=\"arial\" style=\"font-family: Arial, 'Gill Sans', 'Gill Sans MT', 'Myriad Pro', 'DejaVu Sans Condensed', Helvetica, sans-serif; font-size: 13px; color: #333333;\">, nos \u00e9quipes ont pu constater le fonctionnement de l\u2019ensemble des installations :<\/p>\n<p>Ainsi le seul tron\u00e7on qui est \u00e9teint sur le\u00a0<\/span><span class=\"arialBold\" style=\"font-family: Arial, 'Gill Sans', 'Gill Sans MT', 'Myriad Pro', 'DejaVu Sans Condensed', Helvetica, sans-serif; font-size: 13px; font-weight: bold; color: #333333;\">d\u00e9part 6 du poste HT Hautilum \u00e0 Jouy le Moutier<\/span><span class=\"arial\" style=\"font-family: Arial, 'Gill Sans', 'Gill Sans MT', 'Myriad Pro', 'DejaVu Sans Condensed', Helvetica, sans-serif; font-size: 13px; color: #333333;\">\u00a0est :<\/p>\n<p><img loading=\"lazy\" decoding=\"async\" src=\"https:\/\/www.cylumine.fr\/img\/puce1.png\" width=\"13\" height=\"11\" border=\"0\" \/>\u00a0\u00a0Rue des Hubles (14 PL) dont le quartier est en travaux dans le cadre des travaux de reconstruction depuis le 10\/02<br \/><\/span><span class=\"arialBold\" style=\"font-family: Arial, 'Gill Sans', 'Gill Sans MT', 'Myriad Pro', 'DejaVu Sans Condensed', Helvetica, sans-serif; font-size: 13px; font-weight: bold; color: #333333;\"><br \/>L\u2019ensemble des autres postes HT sur l\u2019agglom\u00e9ration se sont tous correctement allum\u00e9s.<\/span><span class=\"arial\" style=\"font-family: Arial, 'Gill Sans', 'Gill Sans MT', 'Myriad Pro', 'DejaVu Sans Condensed', Helvetica, sans-serif; font-size: 13px; color: #333333;\">\u00a0<\/p>\n<p>2. Nous avons subi ce weekend 2 vandalismes sur\u00a0<\/span><span class=\"arialBold\" style=\"font-family: Arial, 'Gill Sans', 'Gill Sans MT', 'Myriad Pro', 'DejaVu Sans Condensed', Helvetica, sans-serif; font-size: 13px; font-weight: bold; color: #333333;\">Cergy<\/span><span class=\"arial\" style=\"font-family: Arial, 'Gill Sans', 'Gill Sans MT', 'Myriad Pro', 'DejaVu Sans Condensed', Helvetica, sans-serif; font-size: 13px; color: #333333;\">\u00a0:<\/p>\n<p><img loading=\"lazy\" decoding=\"async\" src=\"https:\/\/www.cylumine.fr\/img\/puce1.png\" width=\"13\" height=\"11\" border=\"0\" \/>\u00a0\u00a0L\u2019armoire BT \u00ab Sebille \u00bb situ\u00e9e rue des Vendanges Prochaines qui est une armoire enterr\u00e9e qui a \u00e9t\u00e9 incendi\u00e9e<br \/><img loading=\"lazy\" decoding=\"async\" src=\"https:\/\/www.cylumine.fr\/img\/puce1.png\" width=\"13\" height=\"11\" border=\"0\" \/>\u00a0 L\u2019armoire BT \u00ab Heuruelles \u00bb situ\u00e9e rue de la justice Pourpre qui a \u00e9t\u00e9 fractur\u00e9e et tout l\u2019int\u00e9rieur vandalis\u00e9.<\/p>\n<p>Nos \u00e9quipes sont parvenues ce jour \u00e0 recomposer l\u2019int\u00e9rieur de l\u2019armoire \u00ab Heuruelles \u00bb et \u00e0 mettre en place une solution provisoire sur l\u2019armoire \u00ab Sebille \u00bb.<br \/><\/span><span class=\"arialBold\" style=\"font-family: Arial, 'Gill Sans', 'Gill Sans MT', 'Myriad Pro', 'DejaVu Sans Condensed', Helvetica, sans-serif; font-size: 13px; font-weight: bold; color: #333333;\">Ainsi tout fonctionne de nouveau ce soir.<\/span><span class=\"arial\" style=\"font-family: Arial, 'Gill Sans', 'Gill Sans MT', 'Myriad Pro', 'DejaVu Sans Condensed', Helvetica, sans-serif; font-size: 13px; color: #333333;\"><\/p>\n<p>Les rues impact\u00e9es ce weekend par le vandalisme de l\u2019armoire \u00ab Heuruelles \u00bb sont :\u00a0<br \/><img loading=\"lazy\" decoding=\"async\" src=\"https:\/\/www.cylumine.fr\/img\/heuruelles1.jpg\" width=\"278\" height=\"400\" border=\"1\" \/><\/p>\n<p>Les rues impact\u00e9es cette nuit par le vandalisme de l\u2019armoire \u00ab Sebille \u00bb sont :<br \/><img loading=\"lazy\" decoding=\"async\" src=\"https:\/\/www.cylumine.fr\/img\/sebille1.jpg\" width=\"570\" height=\"385\" border=\"1\" \/><\/p>\n<p><\/span><\/td>\n<\/tr>\n<tr>\n<td valign=\"top\" height=\"210\">\n<hr id=\"archivesBarre\" width=\"100%\" size=\"1\" noshade=\"noshade\" \/><span class=\"arialBoldsurlign\u00e9\" style=\"font-family: Arial, 'Gill Sans', 'Gill Sans MT', 'Myriad Pro', 'DejaVu Sans Condensed', Helvetica, sans-serif; font-size: 14px; font-weight: bold; color: #ffffff; background-color: #cb1e44; background-size: contain; line-height: 20pt;\">\u00a0FLASH INFOS MAINTENANCE &#8211; 21\/02\/2014 &#8211; 19h30\u00a0<\/span><span class=\"arialBold\" style=\"font-family: Arial, 'Gill Sans', 'Gill Sans MT', 'Myriad Pro', 'DejaVu Sans Condensed', Helvetica, sans-serif; font-size: 13px; font-weight: bold; color: #333333;\"><br \/><span class=\"arialBold\">A l\u2019allumage, des pannes sur le r\u00e9seau Haute Tension sont en cours<br \/><\/span><\/span><span class=\"arial\" style=\"font-family: Arial, 'Gill Sans', 'Gill Sans MT', 'Myriad Pro', 'DejaVu Sans Condensed', Helvetica, sans-serif; font-size: 13px; color: #333333;\"><br \/>A l\u2019allumage du\u00a0<\/span><span class=\"arialBold\" style=\"font-family: Arial, 'Gill Sans', 'Gill Sans MT', 'Myriad Pro', 'DejaVu Sans Condensed', Helvetica, sans-serif; font-size: 13px; font-weight: bold; color: #333333;\">poste HT Hautilum \u00e0 Jouy le Moutier<\/span><span class=\"arial\" style=\"font-family: Arial, 'Gill Sans', 'Gill Sans MT', 'Myriad Pro', 'DejaVu Sans Condensed', Helvetica, sans-serif; font-size: 13px; color: #333333;\">, nos \u00e9quipes ont pu constater le fonctionnement de l\u2019ensemble des installations :<\/p>\n<p>Ainsi le seul tron\u00e7on qui est \u00e9teint sur le\u00a0<\/span><span class=\"arialBold\" style=\"font-family: Arial, 'Gill Sans', 'Gill Sans MT', 'Myriad Pro', 'DejaVu Sans Condensed', Helvetica, sans-serif; font-size: 13px; font-weight: bold; color: #333333;\">d\u00e9part 6 du poste HT Hautilum \u00e0 Jouy le Moutier<\/span><span class=\"arial\" style=\"font-family: Arial, 'Gill Sans', 'Gill Sans MT', 'Myriad Pro', 'DejaVu Sans Condensed', Helvetica, sans-serif; font-size: 13px; color: #333333;\">\u00a0est :<\/p>\n<p><img loading=\"lazy\" decoding=\"async\" src=\"https:\/\/www.cylumine.fr\/img\/puce1.png\" width=\"13\" height=\"11\" border=\"0\" \/>\u00a0\u00a0Rue des Hubles (14 PL) dont le quartier est en travaux dans le cadre des travaux de reconstruction depuis le 10\/02<\/p>\n<p>L\u2019ensemble des autres postes HT sur l\u2019agglom\u00e9ration se sont tous correctement allum\u00e9s.<\/span><span class=\"arialBold\" style=\"font-family: Arial, 'Gill Sans', 'Gill Sans MT', 'Myriad Pro', 'DejaVu Sans Condensed', Helvetica, sans-serif; font-size: 13px; font-weight: bold; color: #333333;\"><\/p>\n<p><\/span><\/td>\n<\/tr>\n<tr>\n<td valign=\"top\" height=\"375\">\n<hr id=\"archivesBarre\" width=\"100%\" size=\"1\" noshade=\"noshade\" \/><span class=\"arialBoldsurlign\u00e9\" style=\"font-family: Arial, 'Gill Sans', 'Gill Sans MT', 'Myriad Pro', 'DejaVu Sans Condensed', Helvetica, sans-serif; font-size: 14px; font-weight: bold; color: #ffffff; background-color: #cb1e44; background-size: contain; line-height: 20pt;\">\u00a0FLASH INFOS MAINTENANCE &#8211; 20\/02\/2014 &#8211; 19h30\u00a0<\/span><span class=\"arialBold\" style=\"font-family: Arial, 'Gill Sans', 'Gill Sans MT', 'Myriad Pro', 'DejaVu Sans Condensed', Helvetica, sans-serif; font-size: 13px; font-weight: bold; color: #333333;\"><br \/><span class=\"arialBold\">A l\u2019allumage, des pannes sur le r\u00e9seau Haute Tension sont en cours<br \/><\/span><\/span><span class=\"arial\" style=\"font-family: Arial, 'Gill Sans', 'Gill Sans MT', 'Myriad Pro', 'DejaVu Sans Condensed', Helvetica, sans-serif; font-size: 13px; color: #333333;\"><br \/>1. A l\u2019allumage du\u00a0<\/span><span class=\"arialBold\" style=\"font-family: Arial, 'Gill Sans', 'Gill Sans MT', 'Myriad Pro', 'DejaVu Sans Condensed', Helvetica, sans-serif; font-size: 13px; font-weight: bold; color: #333333;\">poste HT Hautilum \u00e0 Jouy le Moutier<\/span><span class=\"arial\" style=\"font-family: Arial, 'Gill Sans', 'Gill Sans MT', 'Myriad Pro', 'DejaVu Sans Condensed', Helvetica, sans-serif; font-size: 13px; color: #333333;\">, nos \u00e9quipes ont pu constater le fonctionnement de l\u2019ensemble des installations :<\/p>\n<p>Ainsi le seul tron\u00e7on qui est \u00e9teint sur le\u00a0<\/span><span class=\"arialBold\" style=\"font-family: Arial, 'Gill Sans', 'Gill Sans MT', 'Myriad Pro', 'DejaVu Sans Condensed', Helvetica, sans-serif; font-size: 13px; font-weight: bold; color: #333333;\">d\u00e9part 6 du poste HT Hautilum \u00e0 Jouy le Moutier<\/span><span class=\"arial\" style=\"font-family: Arial, 'Gill Sans', 'Gill Sans MT', 'Myriad Pro', 'DejaVu Sans Condensed', Helvetica, sans-serif; font-size: 13px; color: #333333;\">\u00a0est :<\/p>\n<p><img loading=\"lazy\" decoding=\"async\" src=\"https:\/\/www.cylumine.fr\/img\/puce1.png\" width=\"13\" height=\"11\" border=\"0\" \/>\u00a0\u00a0Rue des Hubles (14 PL) dont le quartier est en travaux dans le cadre des travaux de reconstruction depuis le 10\/02<\/p>\n<p>2. Le\u00a0<\/span><span class=\"arialBold\" style=\"font-family: Arial, 'Gill Sans', 'Gill Sans MT', 'Myriad Pro', 'DejaVu Sans Condensed', Helvetica, sans-serif; font-size: 13px; font-weight: bold; color: #333333;\">d\u00e9part 6 du poste Lampadaire Cergy (dans les locaux de L\u2019Essec)<\/span><span class=\"arial\" style=\"font-family: Arial, 'Gill Sans', 'Gill Sans MT', 'Myriad Pro', 'DejaVu Sans Condensed', Helvetica, sans-serif; font-size: 13px; color: #333333;\">\u00a0s\u2019est mis en s\u00e9curit\u00e9 \u00e0 18h38. Il a \u00e9t\u00e9 relanc\u00e9 \u00e0 18H50 avec succ\u00e8s apr\u00e8s tests et mesures par nos techniciens d\u00e9j\u00e0 pr\u00e9sents sur site.<\/p>\n<p>Les rues impact\u00e9es durant ces 12 minutes par ce d\u00e9faut \u00e9taient les suivantes :<\/p>\n<p><img loading=\"lazy\" decoding=\"async\" src=\"https:\/\/www.cylumine.fr\/img\/puce1.png\" alt=\"\" width=\"13\" height=\"11\" border=\"0\" \/>\u00a0\u00a0Rue de la Pr\u00e9fecture<br \/><img loading=\"lazy\" decoding=\"async\" src=\"https:\/\/www.cylumine.fr\/img\/puce1.png\" alt=\"\" width=\"13\" height=\"11\" border=\"0\" \/>\u00a0\u00a0Avenue des 3 Fontaines<br \/><img loading=\"lazy\" decoding=\"async\" src=\"https:\/\/www.cylumine.fr\/img\/puce1.png\" alt=\"\" width=\"13\" height=\"11\" border=\"0\" \/>\u00a0\u00a0Rue Bernard Hirsch<br \/><img loading=\"lazy\" decoding=\"async\" src=\"https:\/\/www.cylumine.fr\/img\/puce1.png\" alt=\"\" width=\"13\" height=\"11\" border=\"0\" \/>\u00a0\u00a0Boulevard du Port (c\u00f4t\u00e9 gauche de l\u2019Avenue du Parc \u00e0 A15)<br \/><img loading=\"lazy\" decoding=\"async\" src=\"https:\/\/www.cylumine.fr\/img\/puce1.png\" alt=\"\" width=\"13\" height=\"11\" border=\"0\" \/>\u00a0\u00a0Boulevard de l\u2019Oise (c\u00f4t\u00e9 gauche du Boulevard du Port \u00e0 la ZAC Francis Combe)<br \/><img loading=\"lazy\" decoding=\"async\" src=\"https:\/\/www.cylumine.fr\/img\/puce1.png\" alt=\"\" width=\"13\" height=\"11\" border=\"0\" \/>\u00a0\u00a0Boulevard de la Viosne (c\u00f4t\u00e9 droit du Boulevard de l\u2019Oise \u00e0 l\u2019A15)<\/p>\n<p>L\u2019ensemble des autres postes HT sur l\u2019agglom\u00e9ration se sont tous correctement allum\u00e9s.\u00a0<\/p>\n<p><\/span><\/td>\n<\/tr>\n<tr>\n<td valign=\"top\" height=\"210\">\n<hr id=\"archivesBarre\" width=\"100%\" size=\"1\" noshade=\"noshade\" \/><span class=\"arialBoldsurlign\u00e9\" style=\"font-family: Arial, 'Gill Sans', 'Gill Sans MT', 'Myriad Pro', 'DejaVu Sans Condensed', Helvetica, sans-serif; font-size: 14px; font-weight: bold; color: #ffffff; background-color: #cb1e44; background-size: contain; line-height: 20pt;\">\u00a0FLASH INFOS MAINTENANCE &#8211; 19\/02\/2014 &#8211; 19h00\u00a0<\/span><span class=\"arialBold\" style=\"font-family: Arial, 'Gill Sans', 'Gill Sans MT', 'Myriad Pro', 'DejaVu Sans Condensed', Helvetica, sans-serif; font-size: 13px; font-weight: bold; color: #333333;\"><br \/><span class=\"arialBold\">A l\u2019allumage, des pannes sur le r\u00e9seau Haute Tension sont en cours<br \/><\/span><\/span><span class=\"arial\" style=\"font-family: Arial, 'Gill Sans', 'Gill Sans MT', 'Myriad Pro', 'DejaVu Sans Condensed', Helvetica, sans-serif; font-size: 13px; color: #333333;\"><br \/>A l\u2019allumage du\u00a0<\/span><span class=\"arialBold\" style=\"font-family: Arial, 'Gill Sans', 'Gill Sans MT', 'Myriad Pro', 'DejaVu Sans Condensed', Helvetica, sans-serif; font-size: 13px; font-weight: bold; color: #333333;\">poste HT Hautilum \u00e0 Jouy le Moutier<\/span><span class=\"arial\" style=\"font-family: Arial, 'Gill Sans', 'Gill Sans MT', 'Myriad Pro', 'DejaVu Sans Condensed', Helvetica, sans-serif; font-size: 13px; color: #333333;\">, nos \u00e9quipes ont pu constater le fonctionnement de l\u2019ensemble des installations :<\/p>\n<p>Ainsi le seul tron\u00e7on qui est \u00e9teint sur le\u00a0<\/span><span class=\"arialBold\" style=\"font-family: Arial, 'Gill Sans', 'Gill Sans MT', 'Myriad Pro', 'DejaVu Sans Condensed', Helvetica, sans-serif; font-size: 13px; font-weight: bold; color: #333333;\">d\u00e9part 6 du poste HT Hautilum \u00e0 Jouy le Moutier<\/span><span class=\"arial\" style=\"font-family: Arial, 'Gill Sans', 'Gill Sans MT', 'Myriad Pro', 'DejaVu Sans Condensed', Helvetica, sans-serif; font-size: 13px; color: #333333;\">\u00a0est :<\/p>\n<p><img loading=\"lazy\" decoding=\"async\" src=\"https:\/\/www.cylumine.fr\/img\/puce1.png\" width=\"13\" height=\"11\" border=\"0\" \/>\u00a0\u00a0Rue des Hubles (14 PL) dont le quartier est en travaux dans le cadre des travaux de reconstruction depuis le 10\/02<\/p>\n<p>L\u2019ensemble des autres postes HT sur l\u2019agglom\u00e9ration se sont tous correctement allum\u00e9s.<\/span><span class=\"arialBold\" style=\"font-family: Arial, 'Gill Sans', 'Gill Sans MT', 'Myriad Pro', 'DejaVu Sans Condensed', Helvetica, sans-serif; font-size: 13px; font-weight: bold; color: #333333;\"><\/p>\n<p><\/span><\/td>\n<\/tr>\n<tr>\n<td valign=\"top\" height=\"210\">\n<hr id=\"archivesBarre\" width=\"100%\" size=\"1\" noshade=\"noshade\" \/><span class=\"arialBoldsurlign\u00e9\" style=\"font-family: Arial, 'Gill Sans', 'Gill Sans MT', 'Myriad Pro', 'DejaVu Sans Condensed', Helvetica, sans-serif; font-size: 14px; font-weight: bold; color: #ffffff; background-color: #cb1e44; background-size: contain; line-height: 20pt;\">\u00a0FLASH INFOS MAINTENANCE &#8211; 18\/02\/2014 &#8211; 19h00\u00a0<\/span><span class=\"arialBold\" style=\"font-family: Arial, 'Gill Sans', 'Gill Sans MT', 'Myriad Pro', 'DejaVu Sans Condensed', Helvetica, sans-serif; font-size: 13px; font-weight: bold; color: #333333;\"><br \/><span class=\"arialBold\">A l\u2019allumage, des pannes sur le r\u00e9seau Haute Tension sont en cours<br \/><\/span><\/span><span class=\"arial\" style=\"font-family: Arial, 'Gill Sans', 'Gill Sans MT', 'Myriad Pro', 'DejaVu Sans Condensed', Helvetica, sans-serif; font-size: 13px; color: #333333;\"><br \/>A l\u2019allumage du\u00a0<\/span><span class=\"arialBold\" style=\"font-family: Arial, 'Gill Sans', 'Gill Sans MT', 'Myriad Pro', 'DejaVu Sans Condensed', Helvetica, sans-serif; font-size: 13px; font-weight: bold; color: #333333;\">poste HT Hautilum \u00e0 Jouy le Moutier<\/span><span class=\"arial\" style=\"font-family: Arial, 'Gill Sans', 'Gill Sans MT', 'Myriad Pro', 'DejaVu Sans Condensed', Helvetica, sans-serif; font-size: 13px; color: #333333;\">, nos \u00e9quipes ont pu constater le fonctionnement de l\u2019ensemble des installations :<\/p>\n<p>Ainsi le seul tron\u00e7on qui est \u00e9teint sur le\u00a0<\/span><span class=\"arialBold\" style=\"font-family: Arial, 'Gill Sans', 'Gill Sans MT', 'Myriad Pro', 'DejaVu Sans Condensed', Helvetica, sans-serif; font-size: 13px; font-weight: bold; color: #333333;\">d\u00e9part 6 du poste HT Hautilum \u00e0 Jouy le Moutier<\/span><span class=\"arial\" style=\"font-family: Arial, 'Gill Sans', 'Gill Sans MT', 'Myriad Pro', 'DejaVu Sans Condensed', Helvetica, sans-serif; font-size: 13px; color: #333333;\">\u00a0est :<\/p>\n<p><img loading=\"lazy\" decoding=\"async\" src=\"https:\/\/www.cylumine.fr\/img\/puce1.png\" width=\"13\" height=\"11\" border=\"0\" \/>\u00a0\u00a0Rue des Hubles (14 PL) dont le quartier est en travaux dans le cadre des travaux de reconstruction depuis le 10\/02<\/p>\n<p>L\u2019ensemble des autres postes HT sur l\u2019agglom\u00e9ration se sont tous correctement allum\u00e9s.<\/span><span class=\"arialBold\" style=\"font-family: Arial, 'Gill Sans', 'Gill Sans MT', 'Myriad Pro', 'DejaVu Sans Condensed', Helvetica, sans-serif; font-size: 13px; font-weight: bold; color: #333333;\"><\/p>\n<p><\/span><\/td>\n<\/tr>\n<tr>\n<td valign=\"top\" height=\"210\">\n<hr id=\"archivesBarre\" width=\"100%\" size=\"1\" noshade=\"noshade\" \/><span class=\"arialBoldsurlign\u00e9\" style=\"font-family: Arial, 'Gill Sans', 'Gill Sans MT', 'Myriad Pro', 'DejaVu Sans Condensed', Helvetica, sans-serif; font-size: 14px; font-weight: bold; color: #ffffff; background-color: #cb1e44; background-size: contain; line-height: 20pt;\">\u00a0FLASH INFOS MAINTENANCE &#8211; 17\/02\/2014 &#8211; 18h00\u00a0<\/span><span class=\"arialBold\" style=\"font-family: Arial, 'Gill Sans', 'Gill Sans MT', 'Myriad Pro', 'DejaVu Sans Condensed', Helvetica, sans-serif; font-size: 13px; font-weight: bold; color: #333333;\"><br \/><span class=\"arialBold\">A l\u2019allumage, des pannes sur le r\u00e9seau Haute Tension sont en cours<br \/><\/span><\/span><span class=\"arial\" style=\"font-family: Arial, 'Gill Sans', 'Gill Sans MT', 'Myriad Pro', 'DejaVu Sans Condensed', Helvetica, sans-serif; font-size: 13px; color: #333333;\"><br \/>A l\u2019allumage du\u00a0<\/span><span class=\"arialBold\" style=\"font-family: Arial, 'Gill Sans', 'Gill Sans MT', 'Myriad Pro', 'DejaVu Sans Condensed', Helvetica, sans-serif; font-size: 13px; font-weight: bold; color: #333333;\">poste HT Hautilum \u00e0 Jouy le Moutier<\/span><span class=\"arial\" style=\"font-family: Arial, 'Gill Sans', 'Gill Sans MT', 'Myriad Pro', 'DejaVu Sans Condensed', Helvetica, sans-serif; font-size: 13px; color: #333333;\">, nos \u00e9quipes ont pu constater le fonctionnement de l\u2019ensemble des installations :<\/p>\n<p>Ainsi le seul tron\u00e7on qui est \u00e9teint sur le\u00a0<\/span><span class=\"arialBold\" style=\"font-family: Arial, 'Gill Sans', 'Gill Sans MT', 'Myriad Pro', 'DejaVu Sans Condensed', Helvetica, sans-serif; font-size: 13px; font-weight: bold; color: #333333;\">d\u00e9part 6 du poste HT Hautilum \u00e0 Jouy le Moutier<\/span><span class=\"arial\" style=\"font-family: Arial, 'Gill Sans', 'Gill Sans MT', 'Myriad Pro', 'DejaVu Sans Condensed', Helvetica, sans-serif; font-size: 13px; color: #333333;\">\u00a0est :<\/p>\n<p><img loading=\"lazy\" decoding=\"async\" src=\"https:\/\/www.cylumine.fr\/img\/puce1.png\" width=\"13\" height=\"11\" border=\"0\" \/>\u00a0\u00a0Rue des Hubles (14 PL) dont le quartier est en travaux dans le cadre des travaux de reconstruction depuis le 10\/02<\/p>\n<p>L\u2019ensemble des autres postes HT sur l\u2019agglom\u00e9ration se sont tous correctement allum\u00e9s.<\/span><span class=\"arialBold\" style=\"font-family: Arial, 'Gill Sans', 'Gill Sans MT', 'Myriad Pro', 'DejaVu Sans Condensed', Helvetica, sans-serif; font-size: 13px; font-weight: bold; color: #333333;\"><\/p>\n<p><\/span><\/td>\n<\/tr>\n<tr>\n<td valign=\"top\" height=\"514\">\n<hr id=\"archivesBarre\" width=\"100%\" size=\"1\" noshade=\"noshade\" \/><span class=\"arialBoldsurlign\u00e9\" style=\"font-family: Arial, 'Gill Sans', 'Gill Sans MT', 'Myriad Pro', 'DejaVu Sans Condensed', Helvetica, sans-serif; font-size: 14px; font-weight: bold; color: #ffffff; background-color: #cb1e44; background-size: contain; line-height: 20pt;\">\u00a0FLASH INFOS MAINTENANCE &#8211; 14\/02\/2014 &#8211; 18h00\u00a0<\/span><span class=\"arialBold\" style=\"font-family: Arial, 'Gill Sans', 'Gill Sans MT', 'Myriad Pro', 'DejaVu Sans Condensed', Helvetica, sans-serif; font-size: 13px; font-weight: bold; color: #333333;\"><br \/><span class=\"arialBold\">A l\u2019allumage, des pannes sur le r\u00e9seau Haute Tension sont en cours<br \/><\/span><\/span><span class=\"arial\" style=\"font-family: Arial, 'Gill Sans', 'Gill Sans MT', 'Myriad Pro', 'DejaVu Sans Condensed', Helvetica, sans-serif; font-size: 13px; color: #333333;\"><br \/>1. Nos \u00e9quipes ont allum\u00e9 le\u00a0<\/span><span class=\"arialBold\" style=\"font-family: Arial, 'Gill Sans', 'Gill Sans MT', 'Myriad Pro', 'DejaVu Sans Condensed', Helvetica, sans-serif; font-size: 13px; font-weight: bold; color: #333333;\">poste HT Hautilum \u00e0 Jouy le Moutier<\/span><span class=\"arial\" style=\"font-family: Arial, 'Gill Sans', 'Gill Sans MT', 'Myriad Pro', 'DejaVu Sans Condensed', Helvetica, sans-serif; font-size: 13px; color: #333333;\">\u00a0vers 17h00 et ont pu constater le fonctionnement de l\u2019ensemble des installations, avant le coucher du soleil.<\/p>\n<p>Ainsi le seul tron\u00e7on qui est \u00e9teint sur le\u00a0<\/span><span class=\"arialBold\" style=\"font-family: Arial, 'Gill Sans', 'Gill Sans MT', 'Myriad Pro', 'DejaVu Sans Condensed', Helvetica, sans-serif; font-size: 13px; font-weight: bold; color: #333333;\">d\u00e9part 6 du poste HT Hautilum \u00e0 Jouy le Moutier<\/span><span class=\"arial\" style=\"font-family: Arial, 'Gill Sans', 'Gill Sans MT', 'Myriad Pro', 'DejaVu Sans Condensed', Helvetica, sans-serif; font-size: 13px; color: #333333;\">\u00a0est :<\/p>\n<p><img loading=\"lazy\" decoding=\"async\" src=\"https:\/\/www.cylumine.fr\/img\/puce1.png\" width=\"13\" height=\"11\" border=\"0\" \/>\u00a0\u00a0Rue des Hubles (14 PL) dont le quartier est en travaux dans le cadre des travaux de reconstruction depuis lundi matin (10\/02)<\/p>\n<p>2. Le\u00a0<\/span><span class=\"arialBold\" style=\"font-family: Arial, 'Gill Sans', 'Gill Sans MT', 'Myriad Pro', 'DejaVu Sans Condensed', Helvetica, sans-serif; font-size: 13px; font-weight: bold; color: #333333;\">d\u00e9part 6 du poste Lampadaire Cergy (dans les locaux de L\u2019Essec)\u00a0<\/span><span class=\"arial\" style=\"font-family: Arial, 'Gill Sans', 'Gill Sans MT', 'Myriad Pro', 'DejaVu Sans Condensed', Helvetica, sans-serif; font-size: 13px; color: #333333;\">s\u2019est mis en s\u00e9curit\u00e9 \u00e0 18h30. Il a \u00e9t\u00e9 relanc\u00e9 \u00e0 19H avec succ\u00e8s apr\u00e8s tests et mesures par nos techniciens pr\u00e9sents sur site.<\/p>\n<p>Les rues impact\u00e9es durant cette \u00bd heure par ce d\u00e9faut \u00e9taient les suivantes :<\/p>\n<p><img loading=\"lazy\" decoding=\"async\" src=\"https:\/\/www.cylumine.fr\/img\/puce1.png\" width=\"13\" height=\"11\" border=\"0\" \/>\u00a0\u00a0Rue de la Pr\u00e9fecture<br \/><img loading=\"lazy\" decoding=\"async\" src=\"https:\/\/www.cylumine.fr\/img\/puce1.png\" width=\"13\" height=\"11\" border=\"0\" \/>\u00a0\u00a0Avenue des 3 Fontaines<br \/><img loading=\"lazy\" decoding=\"async\" src=\"https:\/\/www.cylumine.fr\/img\/puce1.png\" width=\"13\" height=\"11\" border=\"0\" \/>\u00a0\u00a0Rue Bernard Hirsch<br \/><img loading=\"lazy\" decoding=\"async\" src=\"https:\/\/www.cylumine.fr\/img\/puce1.png\" width=\"13\" height=\"11\" border=\"0\" \/>\u00a0\u00a0Boulevard du Port (c\u00f4t\u00e9 gauche de l\u2019Avenue du Parc \u00e0 A15)<br \/><img loading=\"lazy\" decoding=\"async\" src=\"https:\/\/www.cylumine.fr\/img\/puce1.png\" width=\"13\" height=\"11\" border=\"0\" \/>\u00a0\u00a0Boulevard de l\u2019Oise (c\u00f4t\u00e9 gauche du Boulevard du Port \u00e0 la ZAC Francis Combe)<br \/><img loading=\"lazy\" decoding=\"async\" src=\"https:\/\/www.cylumine.fr\/img\/puce1.png\" width=\"13\" height=\"11\" border=\"0\" \/>\u00a0\u00a0Boulevard de la Viosne (c\u00f4t\u00e9 droit du Boulevard de l\u2019Oise \u00e0 l\u2019A15)<\/p>\n<p>3. Le\u00a0<\/span><span class=\"arialBold\" style=\"font-family: Arial, 'Gill Sans', 'Gill Sans MT', 'Myriad Pro', 'DejaVu Sans Condensed', Helvetica, sans-serif; font-size: 13px; font-weight: bold; color: #333333;\">d\u00e9part 1 du poste Lamparo \u00e0 Saint Ouen l\u2019Aum\u00f4ne<\/span><span class=\"arial\" style=\"font-family: Arial, 'Gill Sans', 'Gill Sans MT', 'Myriad Pro', 'DejaVu Sans Condensed', Helvetica, sans-serif; font-size: 13px; color: #333333;\">\u00a0s\u2019est mis en s\u00e9curit\u00e9 \u00e0 18h12. Il a \u00e9t\u00e9 relanc\u00e9 \u00e0 19H avec succ\u00e8s apr\u00e8s tests et mesures par nos techniciens pr\u00e9sents sur site.<\/p>\n<p>Les rues impact\u00e9es durant ces 45 min par ce d\u00e9faut \u00e9taient les suivantes :<\/p>\n<p><img loading=\"lazy\" decoding=\"async\" src=\"https:\/\/www.cylumine.fr\/img\/puce1.png\" width=\"13\" height=\"11\" border=\"0\" \/>\u00a0\u00a0Rue de la Guivernone<br \/><img loading=\"lazy\" decoding=\"async\" src=\"https:\/\/www.cylumine.fr\/img\/puce1.png\" width=\"13\" height=\"11\" border=\"0\" \/>\u00a0\u00a0Rue St Hilaire entre le chemin de St Hilaire et la rue de Guivernone<br \/><img loading=\"lazy\" decoding=\"async\" src=\"https:\/\/www.cylumine.fr\/img\/puce1.png\" width=\"13\" height=\"11\" border=\"0\" \/>\u00a0\u00a0Avenue du Vert Galant entre l\u2019avenue du Ch\u00e2teau et la rue des Oziers<br \/><img loading=\"lazy\" decoding=\"async\" src=\"https:\/\/www.cylumine.fr\/img\/puce1.png\" width=\"13\" height=\"11\" border=\"0\" \/>\u00a0\u00a0Avenue du Ch\u00e2teau entre l\u2019avenue du Vert Galant et la rue des Egalisses<\/p>\n<p>L\u2019ensemble des autres postes HT sur l\u2019agglom\u00e9ration se sont tous correctement allum\u00e9s.<\/span><span class=\"arialBold\" style=\"font-family: Arial, 'Gill Sans', 'Gill Sans MT', 'Myriad Pro', 'DejaVu Sans Condensed', Helvetica, sans-serif; font-size: 13px; font-weight: bold; color: #333333;\"><\/p>\n<p><\/span><\/td>\n<\/tr>\n<tr>\n<td valign=\"top\" height=\"244\">\n<hr id=\"archivesBarre\" width=\"100%\" size=\"1\" noshade=\"noshade\" \/><span class=\"arialBoldsurlign\u00e9\" style=\"font-family: Arial, 'Gill Sans', 'Gill Sans MT', 'Myriad Pro', 'DejaVu Sans Condensed', Helvetica, sans-serif; font-size: 14px; font-weight: bold; color: #ffffff; background-color: #cb1e44; background-size: contain; line-height: 20pt;\">\u00a0FLASH INFOS MAINTENANCE &#8211; 13\/02\/2014 &#8211; 18h00\u00a0<\/span><span class=\"arialBold\" style=\"font-family: Arial, 'Gill Sans', 'Gill Sans MT', 'Myriad Pro', 'DejaVu Sans Condensed', Helvetica, sans-serif; font-size: 13px; font-weight: bold; color: #333333;\"><br \/><span class=\"arialBold\">A l\u2019allumage, des pannes sur le r\u00e9seau Haute Tension sont en cours<br \/><\/span><\/span><span class=\"arial\" style=\"font-family: Arial, 'Gill Sans', 'Gill Sans MT', 'Myriad Pro', 'DejaVu Sans Condensed', Helvetica, sans-serif; font-size: 13px; color: #333333;\"><br \/>Nos \u00e9quipes ont allum\u00e9 le\u00a0<\/span><span class=\"arialBold\" style=\"font-family: Arial, 'Gill Sans', 'Gill Sans MT', 'Myriad Pro', 'DejaVu Sans Condensed', Helvetica, sans-serif; font-size: 13px; font-weight: bold; color: #333333;\">poste HT Hautilum \u00e0 Jouy le Moutier<\/span><span class=\"arial\" style=\"font-family: Arial, 'Gill Sans', 'Gill Sans MT', 'Myriad Pro', 'DejaVu Sans Condensed', Helvetica, sans-serif; font-size: 13px; color: #333333;\">\u00a0vers 17h00 et ont pu constater le fonctionnement de l\u2019ensemble des installations, avant le coucher du soleil.<\/p>\n<p>Ainsi le seul tron\u00e7on qui est \u00e9teint sur le\u00a0<\/span><span class=\"arialBold\" style=\"font-family: Arial, 'Gill Sans', 'Gill Sans MT', 'Myriad Pro', 'DejaVu Sans Condensed', Helvetica, sans-serif; font-size: 13px; font-weight: bold; color: #333333;\">d\u00e9part 6 du poste HT Hautilum \u00e0 Jouy<\/span><span class=\"arial\" style=\"font-family: Arial, 'Gill Sans', 'Gill Sans MT', 'Myriad Pro', 'DejaVu Sans Condensed', Helvetica, sans-serif; font-size: 13px; color: #333333;\">\u00a0le Moutier est :<\/p>\n<p><img loading=\"lazy\" decoding=\"async\" src=\"https:\/\/www.cylumine.fr\/img\/puce1.png\" width=\"13\" height=\"11\" border=\"0\" \/>\u00a0\u00a0Rue des Hubles (14 PL) dont le quartier est en travaux dans le cadre des travaux de reconstruction depuis lundi matin (10\/02)<\/p>\n<p>Les autres rues aliment\u00e9es par le poste HT Hautilum\u00a0<\/span><span class=\"arialBold\" style=\"font-family: Arial, 'Gill Sans', 'Gill Sans MT', 'Myriad Pro', 'DejaVu Sans Condensed', Helvetica, sans-serif; font-size: 13px; font-weight: bold; color: #333333;\">fonctionnent \u00e0 100%.<\/span><span class=\"arial\" style=\"font-family: Arial, 'Gill Sans', 'Gill Sans MT', 'Myriad Pro', 'DejaVu Sans Condensed', Helvetica, sans-serif; font-size: 13px; color: #333333;\"><\/p>\n<p>L\u2019ensemble des autres postes HT sur l\u2019agglom\u00e9ration se sont tous correctement allum\u00e9s.<\/span><span class=\"arialBold\" style=\"font-family: Arial, 'Gill Sans', 'Gill Sans MT', 'Myriad Pro', 'DejaVu Sans Condensed', Helvetica, sans-serif; font-size: 13px; font-weight: bold; color: #333333;\"><\/p>\n<p><\/span><\/td>\n<\/tr>\n<tr>\n<td valign=\"top\" height=\"282\">\n<hr id=\"archivesBarre\" width=\"100%\" size=\"1\" noshade=\"noshade\" \/><span class=\"arialBoldsurlign\u00e9\" style=\"font-family: Arial, 'Gill Sans', 'Gill Sans MT', 'Myriad Pro', 'DejaVu Sans Condensed', Helvetica, sans-serif; font-size: 14px; font-weight: bold; color: #ffffff; background-color: #cb1e44; background-size: contain; line-height: 20pt;\">\u00a0FLASH INFOS MAINTENANCE &#8211; 12\/02\/2014 &#8211; 18h30\u00a0<\/span><span class=\"arialBold\" style=\"font-family: Arial, 'Gill Sans', 'Gill Sans MT', 'Myriad Pro', 'DejaVu Sans Condensed', Helvetica, sans-serif; font-size: 13px; font-weight: bold; color: #333333;\"><br \/><span class=\"arialBold\">A l\u2019allumage, des pannes sur le r\u00e9seau Haute Tension sont en cours<br \/><\/span><br \/><\/span><span class=\"arial\" style=\"font-family: Arial, 'Gill Sans', 'Gill Sans MT', 'Myriad Pro', 'DejaVu Sans Condensed', Helvetica, sans-serif; font-size: 13px; color: #333333;\">Nos \u00e9quipes ont allum\u00e9 le poste\u00a0<\/span><span class=\"arialBold\" style=\"font-family: Arial, 'Gill Sans', 'Gill Sans MT', 'Myriad Pro', 'DejaVu Sans Condensed', Helvetica, sans-serif; font-size: 13px; font-weight: bold; color: #333333;\">HT Hautilum \u00e0 Jouy le Moutier<\/span><span class=\"arial\" style=\"font-family: Arial, 'Gill Sans', 'Gill Sans MT', 'Myriad Pro', 'DejaVu Sans Condensed', Helvetica, sans-serif; font-size: 13px; color: #333333;\">\u00a0vers 17h00 et ont pu constater le fonctionnement de l\u2019ensemble des installations, avant le coucher du soleil.<\/p>\n<p>Ainsi le seul tron\u00e7on qui est \u00e9teint sur le\u00a0<\/span><span class=\"arialBold\" style=\"font-family: Arial, 'Gill Sans', 'Gill Sans MT', 'Myriad Pro', 'DejaVu Sans Condensed', Helvetica, sans-serif; font-size: 13px; font-weight: bold; color: #333333;\">d\u00e9part 6 du poste HT Hautilum \u00e0 Jouy le Moutier<\/span><span class=\"arial\" style=\"font-family: Arial, 'Gill Sans', 'Gill Sans MT', 'Myriad Pro', 'DejaVu Sans Condensed', Helvetica, sans-serif; font-size: 13px; color: #333333;\">\u00a0est :<\/p>\n<p><img loading=\"lazy\" decoding=\"async\" src=\"https:\/\/www.cylumine.fr\/img\/puce1.png\" width=\"13\" height=\"11\" border=\"0\" \/>\u00a0\u00a0Rue des Hubles (14 PL) dont le quartier est en travaux dans le cadre des travaux de reconstruction depuis lundi matin (10\/02)<\/p>\n<p>L\u2019all\u00e9e des arcades a pu \u00eatre r\u00e9aliment\u00e9e par de la BT ce jour.<\/p>\n<p>Les autres rues aliment\u00e9es par le poste HT Hautilum\u00a0<\/span><span class=\"arialBold\" style=\"font-family: Arial, 'Gill Sans', 'Gill Sans MT', 'Myriad Pro', 'DejaVu Sans Condensed', Helvetica, sans-serif; font-size: 13px; font-weight: bold; color: #333333;\">fonctionnent \u00e0 100%<\/span><span class=\"arial\" style=\"font-family: Arial, 'Gill Sans', 'Gill Sans MT', 'Myriad Pro', 'DejaVu Sans Condensed', Helvetica, sans-serif; font-size: 13px; color: #333333;\">.<\/p>\n<p>L\u2019ensemble des autres postes HT sur l\u2019agglom\u00e9ration se sont tous correctement allum\u00e9s.<\/p>\n<p>Nos \u00e9quipes continueront demain \u00e0 fiabiliser les r\u00e9seaux HT d\u2019Hautilum pour p\u00e9renniser la situation actuelle.<\/span><span class=\"arialBold\" style=\"font-family: Arial, 'Gill Sans', 'Gill Sans MT', 'Myriad Pro', 'DejaVu Sans Condensed', Helvetica, sans-serif; font-size: 13px; font-weight: bold; color: #333333;\"><\/p>\n<p><\/span><\/td>\n<\/tr>\n<tr>\n<td valign=\"top\" height=\"244\">\n<hr id=\"archivesBarre\" width=\"100%\" size=\"1\" noshade=\"noshade\" \/><span class=\"arialBoldsurlign\u00e9\" style=\"font-family: Arial, 'Gill Sans', 'Gill Sans MT', 'Myriad Pro', 'DejaVu Sans Condensed', Helvetica, sans-serif; font-size: 14px; font-weight: bold; color: #ffffff; background-color: #cb1e44; background-size: contain; line-height: 20pt;\">\u00a0FLASH INFOS MAINTENANCE &#8211; 11\/02\/2014 &#8211; 18h00\u00a0<\/span><span class=\"arialBold\" style=\"font-family: Arial, 'Gill Sans', 'Gill Sans MT', 'Myriad Pro', 'DejaVu Sans Condensed', Helvetica, sans-serif; font-size: 13px; font-weight: bold; color: #333333;\"><br \/><span class=\"arialBold\">A l\u2019allumage, des pannes sur le r\u00e9seau Haute Tension sont en cours<br \/><\/span><br \/><\/span><span class=\"arial\" style=\"font-family: Arial, 'Gill Sans', 'Gill Sans MT', 'Myriad Pro', 'DejaVu Sans Condensed', Helvetica, sans-serif; font-size: 13px; color: #333333;\">Nos \u00e9quipes ont allum\u00e9 le\u00a0<\/span><span class=\"arialBold\" style=\"font-family: Arial, 'Gill Sans', 'Gill Sans MT', 'Myriad Pro', 'DejaVu Sans Condensed', Helvetica, sans-serif; font-size: 13px; font-weight: bold; color: #333333;\">poste HT Hautilum \u00e0 Jouy le Moutier<\/span><span class=\"arial\" style=\"font-family: Arial, 'Gill Sans', 'Gill Sans MT', 'Myriad Pro', 'DejaVu Sans Condensed', Helvetica, sans-serif; font-size: 13px; color: #333333;\">\u00a0vers 17h00 et ont pu constater le fonctionnement de l\u2019ensemble des installations, avant le coucher du soleil.<\/p>\n<p>Ainsi les 2 seuls tron\u00e7ons en d\u00e9faut sur le\u00a0<\/span><span class=\"arialBold\" style=\"font-family: Arial, 'Gill Sans', 'Gill Sans MT', 'Myriad Pro', 'DejaVu Sans Condensed', Helvetica, sans-serif; font-size: 13px; font-weight: bold; color: #333333;\">d\u00e9part 6 du poste HT Hautilum \u00e0 Jouy le Moutier\u00a0<\/span><span class=\"arial\" style=\"font-family: Arial, 'Gill Sans', 'Gill Sans MT', 'Myriad Pro', 'DejaVu Sans Condensed', Helvetica, sans-serif; font-size: 13px; color: #333333;\">sont :<\/p>\n<p><img loading=\"lazy\" decoding=\"async\" src=\"https:\/\/www.cylumine.fr\/img\/puce1.png\" width=\"13\" height=\"11\" border=\"0\" \/>\u00a0\u00a0Rue des Hubles (14 PL) dont le quartier est en travaux dans le cadre des travaux de reconstruction depuis ce matin.<br \/><img loading=\"lazy\" decoding=\"async\" src=\"https:\/\/www.cylumine.fr\/img\/puce1.png\" width=\"13\" height=\"11\" border=\"0\" \/>\u00a0\u00a0All\u00e9e des arcades (seulement les 5 premiers PL)<\/p>\n<p>Les autres rues aliment\u00e9es par le\u00a0<\/span><span class=\"arialBold\" style=\"font-family: Arial, 'Gill Sans', 'Gill Sans MT', 'Myriad Pro', 'DejaVu Sans Condensed', Helvetica, sans-serif; font-size: 13px; font-weight: bold; color: #333333;\">poste HT Hautilum fonctionnent \u00e0 100%<\/span><span class=\"arial\" style=\"font-family: Arial, 'Gill Sans', 'Gill Sans MT', 'Myriad Pro', 'DejaVu Sans Condensed', Helvetica, sans-serif; font-size: 13px; color: #333333;\">\u00a0tout comme hier soir.<\/p>\n<p>L\u2019ensemble des autres postes HT sur l\u2019agglom\u00e9ration se sont tous correctement allum\u00e9s.<\/p>\n<p>Nos \u00e9quipes continueront demain \u00e0 fiabiliser les r\u00e9seaux HT d\u2019Hautilum pour p\u00e9renniser la situation actuelle.<\/span><span class=\"arialBold\" style=\"font-family: Arial, 'Gill Sans', 'Gill Sans MT', 'Myriad Pro', 'DejaVu Sans Condensed', Helvetica, sans-serif; font-size: 13px; font-weight: bold; color: #333333;\"><\/p>\n<p><\/span><\/td>\n<\/tr>\n<tr>\n<td valign=\"top\" height=\"244\">\n<hr id=\"archivesBarre\" width=\"100%\" size=\"1\" noshade=\"noshade\" \/><span class=\"arialBoldsurlign\u00e9\" style=\"font-family: Arial, 'Gill Sans', 'Gill Sans MT', 'Myriad Pro', 'DejaVu Sans Condensed', Helvetica, sans-serif; font-size: 14px; font-weight: bold; color: #ffffff; background-color: #cb1e44; background-size: contain; line-height: 20pt;\">\u00a0FLASH INFOS MAINTENANCE &#8211; 10\/02\/2014 &#8211; 18h00\u00a0<\/span><span class=\"arialBold\" style=\"font-family: Arial, 'Gill Sans', 'Gill Sans MT', 'Myriad Pro', 'DejaVu Sans Condensed', Helvetica, sans-serif; font-size: 13px; font-weight: bold; color: #333333;\"><br \/><span class=\"arialBold\">A l\u2019allumage, des pannes sur le r\u00e9seau Haute Tension sont en cours<br \/><\/span><\/span><span class=\"arial\" style=\"font-family: Arial, 'Gill Sans', 'Gill Sans MT', 'Myriad Pro', 'DejaVu Sans Condensed', Helvetica, sans-serif; font-size: 13px; color: #333333;\"><br \/>Nos \u00e9quipes ont allum\u00e9 le\u00a0<\/span><span class=\"arialBold\" style=\"font-family: Arial, 'Gill Sans', 'Gill Sans MT', 'Myriad Pro', 'DejaVu Sans Condensed', Helvetica, sans-serif; font-size: 13px; font-weight: bold; color: #333333;\">poste HT Hautilum \u00e0 Jouy le Moutier<\/span><span class=\"arial\" style=\"font-family: Arial, 'Gill Sans', 'Gill Sans MT', 'Myriad Pro', 'DejaVu Sans Condensed', Helvetica, sans-serif; font-size: 13px; color: #333333;\">\u00a0vers 16h45 et ont pu constater le fonctionnement de l\u2019ensemble des installations, suite \u00e0 l\u2019intervention de nos techniciens, avant le coucher du soleil.<\/p>\n<p>1. Ainsi les 2 seuls tron\u00e7ons en d\u00e9faut sur le\u00a0<\/span><span class=\"arialBold\" style=\"font-family: Arial, 'Gill Sans', 'Gill Sans MT', 'Myriad Pro', 'DejaVu Sans Condensed', Helvetica, sans-serif; font-size: 13px; font-weight: bold; color: #333333;\">d\u00e9part 6 du poste HT Hautilum \u00e0 Jouy le Moutier<\/span><span class=\"arial\" style=\"font-family: Arial, 'Gill Sans', 'Gill Sans MT', 'Myriad Pro', 'DejaVu Sans Condensed', Helvetica, sans-serif; font-size: 13px; color: #333333;\">\u00a0sont :<\/p>\n<p><img loading=\"lazy\" decoding=\"async\" src=\"https:\/\/www.cylumine.fr\/img\/puce1.png\" width=\"13\" height=\"11\" border=\"0\" \/>\u00a0\u00a0Rue des Hubles (14 PL) dont le quartier est en travaux dans le cadre des travaux de reconstruction depuis ce matin.<br \/><img loading=\"lazy\" decoding=\"async\" src=\"https:\/\/www.cylumine.fr\/img\/puce1.png\" width=\"13\" height=\"11\" border=\"0\" \/>\u00a0\u00a0All\u00e9e des arcades (seulement les 5 premiers PL)<\/p>\n<p>Les autres rues aliment\u00e9es par le poste HT Hautilum\u00a0<\/span><span class=\"arialBold\" style=\"font-family: Arial, 'Gill Sans', 'Gill Sans MT', 'Myriad Pro', 'DejaVu Sans Condensed', Helvetica, sans-serif; font-size: 13px; font-weight: bold; color: #333333;\">fonctionnent \u00e0 100% et ont fonctionn\u00e9es \u00e9galement \u00e0 100% tout le weekend.<\/p>\n<p><\/span><\/td>\n<\/tr>\n<tr>\n<td valign=\"top\" height=\"233\">\n<hr id=\"archivesBarre\" width=\"100%\" size=\"1\" noshade=\"noshade\" \/><span class=\"arialBoldsurlign\u00e9\" style=\"font-family: Arial, 'Gill Sans', 'Gill Sans MT', 'Myriad Pro', 'DejaVu Sans Condensed', Helvetica, sans-serif; font-size: 14px; font-weight: bold; color: #ffffff; background-color: #cb1e44; background-size: contain; line-height: 20pt;\">\u00a0FLASH INFOS MAINTENANCE &#8211; 07\/02\/2014 &#8211; 18h00\u00a0<\/span><span class=\"arialBold\" style=\"font-family: Arial, 'Gill Sans', 'Gill Sans MT', 'Myriad Pro', 'DejaVu Sans Condensed', Helvetica, sans-serif; font-size: 13px; font-weight: bold; color: #333333;\"><br \/><span class=\"arialBold\">A l\u2019allumage, des pannes sur le r\u00e9seau Haute Tension sont en cours<br \/><\/span><\/span><span class=\"arial\" style=\"font-family: Arial, 'Gill Sans', 'Gill Sans MT', 'Myriad Pro', 'DejaVu Sans Condensed', Helvetica, sans-serif; font-size: 13px; color: #333333;\"><br \/>Nos \u00e9quipes ont allum\u00e9 le\u00a0<\/span><span class=\"arialBold\" style=\"font-family: Arial, 'Gill Sans', 'Gill Sans MT', 'Myriad Pro', 'DejaVu Sans Condensed', Helvetica, sans-serif; font-size: 13px; font-weight: bold; color: #333333;\">poste HT Hautilum \u00e0 Jouy le Moutier<\/span><span class=\"arial\" style=\"font-family: Arial, 'Gill Sans', 'Gill Sans MT', 'Myriad Pro', 'DejaVu Sans Condensed', Helvetica, sans-serif; font-size: 13px; color: #333333;\">\u00a0\u00e0 16h45 et ont pu constater le fonctionnement de l\u2019ensemble des installations, suite \u00e0 l\u2019intervention de nos techniciens, avant le coucher du soleil.<\/p>\n<p>1. Ainsi les seules rues encore en d\u00e9faut sur le\u00a0<\/span><span class=\"arialBold\" style=\"font-family: Arial, 'Gill Sans', 'Gill Sans MT', 'Myriad Pro', 'DejaVu Sans Condensed', Helvetica, sans-serif; font-size: 13px; font-weight: bold; color: #333333;\">d\u00e9part 6 du poste HT Hautilum \u00e0 Jouy le Moutier<\/span><span class=\"arial\" style=\"font-family: Arial, 'Gill Sans', 'Gill Sans MT', 'Myriad Pro', 'DejaVu Sans Condensed', Helvetica, sans-serif; font-size: 13px; color: #333333;\">\u00a0sont :<\/p>\n<p><img loading=\"lazy\" decoding=\"async\" src=\"https:\/\/www.cylumine.fr\/img\/puce1.png\" width=\"13\" height=\"11\" border=\"0\" \/>\u00a0\u00a0Rue des Hubles (14 PL)<br \/><img loading=\"lazy\" decoding=\"async\" src=\"https:\/\/www.cylumine.fr\/img\/puce1.png\" width=\"13\" height=\"11\" border=\"0\" \/>\u00a0\u00a0All\u00e9e des arcades (seulement les 5 premiers PL)<\/p>\n<p><\/span><span class=\"arialBold\" style=\"font-family: Arial, 'Gill Sans', 'Gill Sans MT', 'Myriad Pro', 'DejaVu Sans Condensed', Helvetica, sans-serif; font-size: 13px; font-weight: bold; color: #333333;\">Ce jour, nos techniciens ont remis en service 100% :<\/span><span class=\"arial\" style=\"font-family: Arial, 'Gill Sans', 'Gill Sans MT', 'Myriad Pro', 'DejaVu Sans Condensed', Helvetica, sans-serif; font-size: 13px; color: #333333;\"><\/p>\n<p><img loading=\"lazy\" decoding=\"async\" src=\"https:\/\/www.cylumine.fr\/img\/puce1.png\" width=\"13\" height=\"11\" border=\"0\" \/>\u00a0\u00a0la rue de l\u2019Artisanat qui a \u00e9t\u00e9 r\u00e9aliment\u00e9e par une autre source d\u2019alimentation (armoire BT)<br \/><img loading=\"lazy\" decoding=\"async\" src=\"https:\/\/www.cylumine.fr\/img\/puce1.png\" width=\"13\" height=\"11\" border=\"0\" \/>\u00a0\u00a0l\u2019all\u00e9e de Jouy et la place des Tarraches qui ont \u00e9t\u00e9 r\u00e9aliment\u00e9e par une autre source d\u2019alimentation (armoire BT)<\/p>\n<p>2. L\u2019ensemble des rues \u00e9teintes hier soir sur le\u00a0<\/span><span class=\"arialBold\" style=\"font-family: Arial, 'Gill Sans', 'Gill Sans MT', 'Myriad Pro', 'DejaVu Sans Condensed', Helvetica, sans-serif; font-size: 13px; font-weight: bold; color: #333333;\">d\u00e9part 5 du poste HT Hautilum \u00e0 Jouy le Moutier<\/span><span class=\"arial\" style=\"font-family: Arial, 'Gill Sans', 'Gill Sans MT', 'Myriad Pro', 'DejaVu Sans Condensed', Helvetica, sans-serif; font-size: 13px; color: #333333;\">\u00a0ont \u00e9t\u00e9 remises en service \u00e0 100% (Haut de Vignes Blanches, haut du boulevard d\u2019Ecancourt, avenue du Vast) suite \u00e0 l\u2019intervention de nos techniciens.<\/span><span class=\"arialBold\" style=\"font-family: Arial, 'Gill Sans', 'Gill Sans MT', 'Myriad Pro', 'DejaVu Sans Condensed', Helvetica, sans-serif; font-size: 13px; font-weight: bold; color: #333333;\"><\/p>\n<p><\/span><\/td>\n<\/tr>\n<tr>\n<td valign=\"top\" height=\"233\">\n<hr id=\"archivesBarre\" width=\"100%\" size=\"1\" noshade=\"noshade\" \/><span class=\"arialBoldsurlign\u00e9\" style=\"font-family: Arial, 'Gill Sans', 'Gill Sans MT', 'Myriad Pro', 'DejaVu Sans Condensed', Helvetica, sans-serif; font-size: 14px; font-weight: bold; color: #ffffff; background-color: #cb1e44; background-size: contain; line-height: 20pt;\">\u00a0FLASH INFOS MAINTENANCE &#8211; 06\/02\/2014 &#8211; 19h30\u00a0<\/span><span class=\"arialBold\" style=\"font-family: Arial, 'Gill Sans', 'Gill Sans MT', 'Myriad Pro', 'DejaVu Sans Condensed', Helvetica, sans-serif; font-size: 13px; font-weight: bold; color: #333333;\"><br \/><span class=\"arialBold\">A l\u2019allumage, des pannes sur le r\u00e9seau Haute Tension sont en cours<br \/><\/span><\/span><span class=\"arial\" style=\"font-family: Arial, 'Gill Sans', 'Gill Sans MT', 'Myriad Pro', 'DejaVu Sans Condensed', Helvetica, sans-serif; font-size: 13px; color: #333333;\"><br \/><\/span><span class=\"arialBold\" style=\"font-family: Arial, 'Gill Sans', 'Gill Sans MT', 'Myriad Pro', 'DejaVu Sans Condensed', Helvetica, sans-serif; font-size: 13px; font-weight: bold; color: #333333;\"><span class=\"arial\" style=\"font-weight: normal;\">1. Nous rencontrons encore une panne sur une phase du\u00a0<\/span>d\u00e9part 6 du poste HT Hautilum \u00e0 Jouy le Moutier :<span class=\"arial\" style=\"font-weight: normal;\"><\/p>\n<p>Malgr\u00e9 l\u2019intervention de nos techniciens, les rues qui sont \u00e9teintes ce soir sont :<\/span><\/span>\u00a0<\/p>\n<p><span class=\"arialBold\" style=\"font-family: Arial, 'Gill Sans', 'Gill Sans MT', 'Myriad Pro', 'DejaVu Sans Condensed', Helvetica, sans-serif; font-size: 13px; font-weight: bold; color: #333333;\"><span class=\"arial\" style=\"font-weight: normal;\"><img loading=\"lazy\" decoding=\"async\" src=\"https:\/\/www.cylumine.fr\/img\/puce1.png\" width=\"13\" height=\"11\" border=\"0\" \/>\u00a0\u00a0Rue des Hubles (hors rue des Bellevues qui est OK)<br \/><img loading=\"lazy\" decoding=\"async\" src=\"https:\/\/www.cylumine.fr\/img\/puce1.png\" alt=\"\" width=\"13\" height=\"11\" border=\"0\" \/>\u00a0 Rue de l\u2019Artisanat (\u00e9teinte hors parking &#8211; 8PL)<br \/><img loading=\"lazy\" decoding=\"async\" src=\"https:\/\/www.cylumine.fr\/img\/puce1.png\" alt=\"\" width=\"13\" height=\"11\" border=\"0\" \/>\u00a0\u00a0All\u00e9e des Arcades (seulement les 5 premiers PL, les autres ayant \u00e9t\u00e9 r\u00e9aliment\u00e9es hier par l\u2019armoire BT \u00ab Bourseaux \u00bb)<br \/><img loading=\"lazy\" decoding=\"async\" src=\"https:\/\/www.cylumine.fr\/img\/puce1.png\" alt=\"\" width=\"13\" height=\"11\" border=\"0\" \/>\u00a0 Place des Tarraches (6PL)<\/span><\/span>\u00a0<span class=\"arial\" style=\"font-family: Arial, 'Gill Sans', 'Gill Sans MT', 'Myriad Pro', 'DejaVu Sans Condensed', Helvetica, sans-serif; font-size: 13px; color: #333333;\">+ all\u00e9e de Jouy<br \/><\/span><span class=\"arialBold\" style=\"font-family: Arial, 'Gill Sans', 'Gill Sans MT', 'Myriad Pro', 'DejaVu Sans Condensed', Helvetica, sans-serif; font-size: 13px; font-weight: bold; color: #333333;\"><span class=\"arial\" style=\"font-weight: normal;\"><br \/><\/span>L\u2019avenue des Bruzacques a quant \u00e0 elle \u00e9t\u00e9 remise en service dans sa globalit\u00e9.<span class=\"arial\" style=\"font-weight: normal;\"><\/p>\n<p>Demain, une alimentation provisoire en a\u00e9rien sera mise en place pour assurer l\u2019alimentation de l\u2019all\u00e9e de Jouy.<\/p>\n<p>2. Nous rencontrons encore une panne sur une phase du\u00a0<\/span>d\u00e9part 5 du poste HT Hautilum \u00e0 Jouy le Moutier.<span class=\"arial\" style=\"font-weight: normal;\">\u00a0Ce dernier est tomb\u00e9 \u00e0 l\u2019allumage. Nos techniciens n\u2019ont pu la remettre en service que sur 2 phases.<\/p>\n<p>Les rues qui sont donc \u00e9teintes \u00e0 l\u2019heure actuelle sont :<\/p>\n<p><img loading=\"lazy\" decoding=\"async\" src=\"https:\/\/www.cylumine.fr\/img\/puce1.png\" width=\"13\" height=\"11\" border=\"0\" \/>\u00a0\u00a0Le boulevard d\u2019Ecancourt (du rd point de la croix St Jacques au rd point d\u2019Ecancourt)<br \/><img loading=\"lazy\" decoding=\"async\" src=\"https:\/\/www.cylumine.fr\/img\/puce1.png\" width=\"13\" height=\"11\" border=\"0\" \/>\u00a0 La rue des Saules Br\u00fbl\u00e9s<br \/><img loading=\"lazy\" decoding=\"async\" src=\"https:\/\/www.cylumine.fr\/img\/puce1.png\" width=\"13\" height=\"11\" border=\"0\" \/>\u00a0\u00a0Vignes Blanches (de la rue de la Pente au boulevard d\u2019Ecancourt)<\/p>\n<p>3. Les probl\u00e8mes rencontr\u00e9s sur le\u00a0<\/span>d\u00e9part 2 du poste HT Hautilum \u00e0 Jouy le Moutier\u00a0<span class=\"arial\" style=\"font-weight: normal;\">ont \u00e9t\u00e9 r\u00e9gl\u00e9s par nos techniciens ce jour. Ainsi les avenues du Vast, le Boulevard d\u2019Ecancourt (du rd point d\u2019Ecancourt \u00e0 Boulevard de l\u2019Oise) et Avenue des Vignes Blanches (tron\u00e7on de l\u2019avenue du Vast \u00e0 rue de la Pente)\u00a0<\/span>sont de nouveau en fonctionnement.<\/p>\n<p><\/span><\/td>\n<\/tr>\n<tr>\n<td valign=\"top\" height=\"321\">\n<hr id=\"archivesBarre\" width=\"100%\" size=\"1\" noshade=\"noshade\" \/><span class=\"arialBoldsurlign\u00e9\" style=\"font-family: Arial, 'Gill Sans', 'Gill Sans MT', 'Myriad Pro', 'DejaVu Sans Condensed', Helvetica, sans-serif; font-size: 14px; font-weight: bold; color: #ffffff; background-color: #cb1e44; background-size: contain; line-height: 20pt;\">\u00a0FLASH INFOS MAINTENANCE &#8211; 05\/02\/2014 &#8211; 19h30\u00a0<\/span><span class=\"arialBold\" style=\"font-family: Arial, 'Gill Sans', 'Gill Sans MT', 'Myriad Pro', 'DejaVu Sans Condensed', Helvetica, sans-serif; font-size: 13px; font-weight: bold; color: #333333;\"><br \/><span class=\"arialBold\">A l\u2019allumage, des pannes sur le r\u00e9seau Haute Tension sont en cours<br \/><\/span><\/span><span class=\"arial\" style=\"font-family: Arial, 'Gill Sans', 'Gill Sans MT', 'Myriad Pro', 'DejaVu Sans Condensed', Helvetica, sans-serif; font-size: 13px; color: #333333;\"><br \/><\/span><span class=\"arialBold\" style=\"font-family: Arial, 'Gill Sans', 'Gill Sans MT', 'Myriad Pro', 'DejaVu Sans Condensed', Helvetica, sans-serif; font-size: 13px; font-weight: bold; color: #333333;\"><span class=\"arial\" style=\"font-weight: normal;\">1. Nous rencontrons encore une panne sur une phase du\u00a0<\/span>d\u00e9part 6 du poste HT Hautilum \u00e0 Jouy le Moutier :<span class=\"arial\" style=\"font-weight: normal;\"><\/p>\n<p>Malgr\u00e9 l\u2019intervention de nos techniciens, les rues qui sont \u00e9teintes ce soir sont :<\/span><\/span>\u00a0<\/p>\n<p><span class=\"arialBold\" style=\"font-family: Arial, 'Gill Sans', 'Gill Sans MT', 'Myriad Pro', 'DejaVu Sans Condensed', Helvetica, sans-serif; font-size: 13px; font-weight: bold; color: #333333;\"><span class=\"arial\" style=\"font-weight: normal;\"><img loading=\"lazy\" decoding=\"async\" src=\"https:\/\/www.cylumine.fr\/img\/puce1.png\" width=\"13\" height=\"11\" border=\"0\" \/>\u00a0\u00a0Rue des Hubles<br \/><img loading=\"lazy\" decoding=\"async\" src=\"https:\/\/www.cylumine.fr\/img\/puce1.png\" alt=\"\" width=\"13\" height=\"11\" border=\"0\" \/>\u00a0 Rue de l\u2019Artisanat (\u00e9teinte hors parking &#8211; 8PL)<br \/><img loading=\"lazy\" decoding=\"async\" src=\"https:\/\/www.cylumine.fr\/img\/puce1.png\" alt=\"\" width=\"13\" height=\"11\" border=\"0\" \/>\u00a0\u00a0All\u00e9e des arcades<\/span><\/span><span class=\"arial\" style=\"font-family: Arial, 'Gill Sans', 'Gill Sans MT', 'Myriad Pro', 'DejaVu Sans Condensed', Helvetica, sans-serif; font-size: 13px; color: #333333;\">\u00a0(seulement les 5 premiers PL, les autres ayant \u00e9t\u00e9 r\u00e9aliment\u00e9es ce jour par l\u2019armoire BT \u00ab Bourseaux \u00bb)<br \/><img loading=\"lazy\" decoding=\"async\" src=\"https:\/\/www.cylumine.fr\/img\/puce1.png\" width=\"13\" height=\"11\" border=\"0\" \/>\u00a0\u00a0Places des Tarraches (6PL) + All\u00e9e de Jouy<br \/><img loading=\"lazy\" decoding=\"async\" src=\"https:\/\/www.cylumine.fr\/img\/puce1.png\" width=\"13\" height=\"11\" border=\"0\" \/>\u00a0\u00a0Avenue des Bruzacques (de Temps Perdu \u00e0 rue de l\u2019Eglise)<\/p>\n<p>2. Nous rencontrons encore une panne sur une phase du\u00a0<\/span><span class=\"arialBold\" style=\"font-family: Arial, 'Gill Sans', 'Gill Sans MT', 'Myriad Pro', 'DejaVu Sans Condensed', Helvetica, sans-serif; font-size: 13px; font-weight: bold; color: #333333;\">d\u00e9part 2 du poste HT Hautilum \u00e0 Jouy le Moutier<\/span><span class=\"arial\" style=\"font-family: Arial, 'Gill Sans', 'Gill Sans MT', 'Myriad Pro', 'DejaVu Sans Condensed', Helvetica, sans-serif; font-size: 13px; color: #333333;\">\u00a0:<\/p>\n<p>Les rues qui sont \u00e9teintes ce soir sont :<\/p>\n<p><img loading=\"lazy\" decoding=\"async\" src=\"https:\/\/www.cylumine.fr\/img\/puce1.png\" width=\"13\" height=\"11\" border=\"0\" \/>\u00a0\u00a0Avenue du Vast<br \/><img loading=\"lazy\" decoding=\"async\" src=\"https:\/\/www.cylumine.fr\/img\/puce1.png\" width=\"13\" height=\"11\" border=\"0\" \/>\u00a0\u00a0Avenue des Vignes Blanches (tron\u00e7on de l\u2019avenue du Vast \u00e0 rue de la Pente)<br \/><img loading=\"lazy\" decoding=\"async\" src=\"https:\/\/www.cylumine.fr\/img\/puce1.png\" width=\"13\" height=\"11\" border=\"0\" \/>\u00a0\u00a0Boulevard d\u2019Ecancourt (du rd point d\u2019Ecancourt \u00e0 Boulevard de l\u2019Oise)<\/p>\n<p>Demain nos \u00e9quipes s\u2019attacheront \u00e0 trouver d\u2019autres sources d\u2019alimentation sur les probl\u00e8mes li\u00e9s au d\u00e9part 6 et \u00e0 r\u00e9soudre les probl\u00e8mes li\u00e9s au d\u00e9part 2.<\/p>\n<p><\/span><\/td>\n<\/tr>\n<tr>\n<td valign=\"top\" height=\"321\">\n<hr id=\"archivesBarre\" width=\"100%\" size=\"1\" noshade=\"noshade\" \/><span class=\"arialBoldsurlign\u00e9\" style=\"font-family: Arial, 'Gill Sans', 'Gill Sans MT', 'Myriad Pro', 'DejaVu Sans Condensed', Helvetica, sans-serif; font-size: 14px; font-weight: bold; color: #ffffff; background-color: #cb1e44; background-size: contain; line-height: 20pt;\">\u00a0FLASH INFOS MAINTENANCE &#8211; 04\/02\/2014 &#8211; 19h00\u00a0<\/span><span class=\"arialBold\" style=\"font-family: Arial, 'Gill Sans', 'Gill Sans MT', 'Myriad Pro', 'DejaVu Sans Condensed', Helvetica, sans-serif; font-size: 13px; font-weight: bold; color: #333333;\"><br \/><span class=\"arialBold\">A l\u2019allumage, des pannes sur le r\u00e9seau Haute Tension sont en cours<br \/><\/span><\/span><span class=\"arial\" style=\"font-family: Arial, 'Gill Sans', 'Gill Sans MT', 'Myriad Pro', 'DejaVu Sans Condensed', Helvetica, sans-serif; font-size: 13px; color: #333333;\"><br \/><\/span><span class=\"arialBold\" style=\"font-family: Arial, 'Gill Sans', 'Gill Sans MT', 'Myriad Pro', 'DejaVu Sans Condensed', Helvetica, sans-serif; font-size: 13px; font-weight: bold; color: #333333;\"><span class=\"arial\" style=\"font-weight: normal;\">1. Nous rencontrons encore une panne sur une phase du\u00a0<\/span>d\u00e9part 6 du poste HT Hautilum \u00e0 Jouy le Moutier :<span class=\"arial\" style=\"font-weight: normal;\"><\/p>\n<p>Malgr\u00e9 l\u2019intervention de nos techniciens, les rues qui sont \u00e9teintes ce soir sont :<\/span><\/span>\u00a0<\/p>\n<p><span class=\"arialBold\" style=\"font-family: Arial, 'Gill Sans', 'Gill Sans MT', 'Myriad Pro', 'DejaVu Sans Condensed', Helvetica, sans-serif; font-size: 13px; font-weight: bold; color: #333333;\"><span class=\"arial\" style=\"font-weight: normal;\"><img loading=\"lazy\" decoding=\"async\" src=\"https:\/\/www.cylumine.fr\/img\/puce1.png\" width=\"13\" height=\"11\" border=\"0\" \/>\u00a0\u00a0Rue des Hubles<br \/><img loading=\"lazy\" decoding=\"async\" src=\"https:\/\/www.cylumine.fr\/img\/puce1.png\" alt=\"\" width=\"13\" height=\"11\" border=\"0\" \/>\u00a0 Rue de l\u2019Artisanat (\u00e9teinte hors parking &#8211; 8PL)<br \/><img loading=\"lazy\" decoding=\"async\" src=\"https:\/\/www.cylumine.fr\/img\/puce1.png\" alt=\"\" width=\"13\" height=\"11\" border=\"0\" \/>\u00a0\u00a0All\u00e9e des arcades (all\u00e9e \u00e9teinte de l\u2019avenue des Bruzacques \u00e0 la place des Bourseaux &#8211; 23PL)<br \/><img loading=\"lazy\" decoding=\"async\" src=\"https:\/\/www.cylumine.fr\/img\/puce1.png\" alt=\"\" width=\"13\" height=\"11\" border=\"0\" \/>\u00a0 Place des Tarraches (6PL) + all\u00e9e de Jouy<br \/><\/span><\/span><span class=\"arial\" style=\"font-family: Arial, 'Gill Sans', 'Gill Sans MT', 'Myriad Pro', 'DejaVu Sans Condensed', Helvetica, sans-serif; font-size: 13px; color: #333333;\"><br \/><\/span><span class=\"arialBold\" style=\"font-family: Arial, 'Gill Sans', 'Gill Sans MT', 'Myriad Pro', 'DejaVu Sans Condensed', Helvetica, sans-serif; font-size: 13px; font-weight: bold; color: #333333;\">Le boulevard des Bruzacques a quant \u00e0 lui pu \u00eatre remis en service.<\/span><span class=\"arial\" style=\"font-family: Arial, 'Gill Sans', 'Gill Sans MT', 'Myriad Pro', 'DejaVu Sans Condensed', Helvetica, sans-serif; font-size: 13px; color: #333333;\"><br \/>Le boulevard d\u2019Ecancourt, le rd point d\u2019Ecancourt et la rue des Saules Brul\u00e9s fonctionnent quant \u00e0 elles correctement.<\/span><span class=\"arialBold\" style=\"font-family: Arial, 'Gill Sans', 'Gill Sans MT', 'Myriad Pro', 'DejaVu Sans Condensed', Helvetica, sans-serif; font-size: 13px; font-weight: bold; color: #333333;\"><\/p>\n<p><\/span><span class=\"arial\" style=\"font-family: Arial, 'Gill Sans', 'Gill Sans MT', 'Myriad Pro', 'DejaVu Sans Condensed', Helvetica, sans-serif; font-size: 13px; color: #333333;\">2. Nous rencontrons encore une panne sur une phase du\u00a0<\/span><span class=\"arialBold\" style=\"font-family: Arial, 'Gill Sans', 'Gill Sans MT', 'Myriad Pro', 'DejaVu Sans Condensed', Helvetica, sans-serif; font-size: 13px; font-weight: bold; color: #333333;\">d\u00e9part 1 du poste HT Hautilum \u00e0 Jouy le Moutier<\/span><span class=\"arial\" style=\"font-family: Arial, 'Gill Sans', 'Gill Sans MT', 'Myriad Pro', 'DejaVu Sans Condensed', Helvetica, sans-serif; font-size: 13px; color: #333333;\">. Nos \u00e9quipes sont en train de faire le tour des rues pour identifier les tron\u00e7ons impact\u00e9s.<\/p>\n<p>Un point compl\u00e9mentaire vous sera fait ult\u00e9rieurement pour vous communiquer ces derniers \u00e9l\u00e9ments.<\/span><span class=\"arialBold\" style=\"font-family: Arial, 'Gill Sans', 'Gill Sans MT', 'Myriad Pro', 'DejaVu Sans Condensed', Helvetica, sans-serif; font-size: 13px; font-weight: bold; color: #333333;\"><\/p>\n<p><\/span><\/td>\n<\/tr>\n<tr>\n<td valign=\"top\" height=\"233\">\n<hr id=\"archivesBarre\" width=\"100%\" size=\"1\" noshade=\"noshade\" \/><span class=\"arialBoldsurlign\u00e9\" style=\"font-family: Arial, 'Gill Sans', 'Gill Sans MT', 'Myriad Pro', 'DejaVu Sans Condensed', Helvetica, sans-serif; font-size: 14px; font-weight: bold; color: #ffffff; background-color: #cb1e44; background-size: contain; line-height: 20pt;\">\u00a0FLASH INFOS MAINTENANCE &#8211; 03\/02\/2014 &#8211; 18h30\u00a0<\/span><span class=\"arialBold\" style=\"font-family: Arial, 'Gill Sans', 'Gill Sans MT', 'Myriad Pro', 'DejaVu Sans Condensed', Helvetica, sans-serif; font-size: 13px; font-weight: bold; color: #333333;\"><br \/><span class=\"arialBold\">A l\u2019allumage, des pannes sur le r\u00e9seau Haute Tension sont en cours<br \/><\/span><\/span><span class=\"arial\" style=\"font-family: Arial, 'Gill Sans', 'Gill Sans MT', 'Myriad Pro', 'DejaVu Sans Condensed', Helvetica, sans-serif; font-size: 13px; color: #333333;\"><br \/><\/span><span class=\"arialBold\" style=\"font-family: Arial, 'Gill Sans', 'Gill Sans MT', 'Myriad Pro', 'DejaVu Sans Condensed', Helvetica, sans-serif; font-size: 13px; font-weight: bold; color: #333333;\"><span class=\"arial\" style=\"font-weight: normal;\">1. Nous rencontrons encore une panne sur une phase du\u00a0<\/span>d\u00e9part 6 du poste HT Hautilum \u00e0 Jouy le Moutier :<span class=\"arial\" style=\"font-weight: normal;\"><\/p>\n<p>Malgr\u00e9 l\u2019intervention de nos techniciens, les rues qui sont \u00e9teintes ce soir sont :<\/span><\/span>\u00a0<\/p>\n<p><span class=\"arialBold\" style=\"font-family: Arial, 'Gill Sans', 'Gill Sans MT', 'Myriad Pro', 'DejaVu Sans Condensed', Helvetica, sans-serif; font-size: 13px; font-weight: bold; color: #333333;\"><span class=\"arial\" style=\"font-weight: normal;\"><img loading=\"lazy\" decoding=\"async\" src=\"https:\/\/www.cylumine.fr\/img\/puce1.png\" width=\"13\" height=\"11\" border=\"0\" \/>\u00a0\u00a0Rue des Hubles<br \/><img loading=\"lazy\" decoding=\"async\" src=\"https:\/\/www.cylumine.fr\/img\/puce1.png\" width=\"13\" height=\"11\" border=\"0\" \/>\u00a0\u00a0Avenue des Bruzacques (entre l\u2019avenue du Temps Perdu et le rd point d\u2019Ecancourt non inclus)<br \/><img loading=\"lazy\" decoding=\"async\" src=\"https:\/\/www.cylumine.fr\/img\/puce1.png\" alt=\"\" width=\"13\" height=\"11\" border=\"0\" \/>\u00a0 Rue de l\u2019Artisanat (\u00e9teinte hors parking &#8211; 8PL)<br \/><img loading=\"lazy\" decoding=\"async\" src=\"https:\/\/www.cylumine.fr\/img\/puce1.png\" alt=\"\" width=\"13\" height=\"11\" border=\"0\" \/>\u00a0\u00a0All\u00e9e des arcades (all\u00e9e \u00e9teinte de l\u2019avenue des Bruzacques \u00e0 la place des Bourseaux &#8211; 23PL)<br \/><img loading=\"lazy\" decoding=\"async\" src=\"https:\/\/www.cylumine.fr\/img\/puce1.png\" alt=\"\" width=\"13\" height=\"11\" border=\"0\" \/>\u00a0 Place des Tarraches (6PL)<br \/><\/span><\/span><span class=\"arial\" style=\"font-family: Arial, 'Gill Sans', 'Gill Sans MT', 'Myriad Pro', 'DejaVu Sans Condensed', Helvetica, sans-serif; font-size: 13px; color: #333333;\"><br \/>Le boulevard d\u2019Ecancourt, le rd point d\u2019Ecancourt et la rue des Saules Brul\u00e9s fonctionnent quant \u00e0 elles correctement.<\/p>\n<p>2. Les probl\u00e8mes rencontr\u00e9s ce week-end sur le\u00a0<\/span><span class=\"arialBold\" style=\"font-family: Arial, 'Gill Sans', 'Gill Sans MT', 'Myriad Pro', 'DejaVu Sans Condensed', Helvetica, sans-serif; font-size: 13px; font-weight: bold; color: #333333;\">d\u00e9part 1 du poste HT Hautilum \u00e0 Jouy le Moutier<\/span><span class=\"arial\" style=\"font-family: Arial, 'Gill Sans', 'Gill Sans MT', 'Myriad Pro', 'DejaVu Sans Condensed', Helvetica, sans-serif; font-size: 13px; color: #333333;\">\u00a0(impactant des tron\u00e7ons de l\u2019avenue du Temps Perdu et Boulevard de l\u2019Oise) et sur le\u00a0<\/span><span class=\"arialBold\" style=\"font-family: Arial, 'Gill Sans', 'Gill Sans MT', 'Myriad Pro', 'DejaVu Sans Condensed', Helvetica, sans-serif; font-size: 13px; font-weight: bold; color: #333333;\">poste Lampadaire (dans locaux de l\u2019ESSEC) \u00e0 Cergy<\/span>\u00a0<span class=\"arialBold\" style=\"font-family: Arial, 'Gill Sans', 'Gill Sans MT', 'Myriad Pro', 'DejaVu Sans Condensed', Helvetica, sans-serif; font-size: 13px; font-weight: bold; color: #333333;\">ont quant \u00e0 eux \u00e9t\u00e9 r\u00e9gl\u00e9s<\/span><span class=\"arial\" style=\"font-family: Arial, 'Gill Sans', 'Gill Sans MT', 'Myriad Pro', 'DejaVu Sans Condensed', Helvetica, sans-serif; font-size: 13px; color: #333333;\">\u00a0suite \u00e0 l\u2019intervention de nos techniciens.<\/span><span class=\"arialBold\" style=\"font-family: Arial, 'Gill Sans', 'Gill Sans MT', 'Myriad Pro', 'DejaVu Sans Condensed', Helvetica, sans-serif; font-size: 13px; font-weight: bold; color: #333333;\"><\/p>\n<p><\/span><\/td>\n<\/tr>\n<tr>\n<td valign=\"top\" height=\"255\">\n<hr id=\"archivesBarre\" width=\"100%\" size=\"1\" noshade=\"noshade\" \/><span class=\"arialBoldsurlign\u00e9\" style=\"font-family: Arial, 'Gill Sans', 'Gill Sans MT', 'Myriad Pro', 'DejaVu Sans Condensed', Helvetica, sans-serif; font-size: 14px; font-weight: bold; color: #ffffff; background-color: #cb1e44; background-size: contain; line-height: 20pt;\">\u00a0FLASH INFOS MAINTENANCE &#8211; 31\/01\/2014 &#8211; 18h30\u00a0\u00a0<br \/><\/span><span class=\"arialBold\" style=\"font-family: Arial, 'Gill Sans', 'Gill Sans MT', 'Myriad Pro', 'DejaVu Sans Condensed', Helvetica, sans-serif; font-size: 13px; font-weight: bold; color: #333333;\">A l\u2019allumage, des pannes sur le r\u00e9seau Haute Tension sont en cours<\/p>\n<p><\/span><span class=\"arial\" style=\"font-family: Arial, 'Gill Sans', 'Gill Sans MT', 'Myriad Pro', 'DejaVu Sans Condensed', Helvetica, sans-serif; font-size: 13px; color: #333333;\">1. Nous rencontrons encore une panne sur le\u00a0<\/span><span class=\"arialBold\" style=\"font-family: Arial, 'Gill Sans', 'Gill Sans MT', 'Myriad Pro', 'DejaVu Sans Condensed', Helvetica, sans-serif; font-size: 13px; font-weight: bold; color: #333333;\">d\u00e9part 6 du poste HT Hautilum \u00e0 Jouy le Moutier :<\/span><span class=\"arial\" style=\"font-family: Arial, 'Gill Sans', 'Gill Sans MT', 'Myriad Pro', 'DejaVu Sans Condensed', Helvetica, sans-serif; font-size: 13px; color: #333333;\"><\/p>\n<p>Suite \u00e0 l\u2019intervention de nos techniciens, les rues qui sont \u00e9teintes ce soir sont :<\/p>\n<p><img loading=\"lazy\" decoding=\"async\" src=\"https:\/\/www.cylumine.fr\/img\/puce1.png\" width=\"13\" height=\"11\" border=\"0\" \/>\u00a0 Rue de l\u2019Artisanat (\u00e9teinte hors parking &#8211; 8PL)<br \/><img loading=\"lazy\" decoding=\"async\" src=\"https:\/\/www.cylumine.fr\/img\/puce1.png\" width=\"13\" height=\"11\" border=\"0\" \/>\u00a0\u00a0All\u00e9e des arcades (all\u00e9e \u00e9teinte de l\u2019avenue des Bruzacques \u00e0 la place des Bourseaux &#8211; 23PL)<br \/><img loading=\"lazy\" decoding=\"async\" src=\"https:\/\/www.cylumine.fr\/img\/puce1.png\" width=\"13\" height=\"11\" border=\"0\" \/>\u00a0 Place des Tarraches (6PL)<\/p>\n<p>L\u2019avenue des Bruzacques et le boulevard d\u2019Ecancourt fonctionnent quant \u00e0 elles correctement.<\/p>\n<p>2. Les probl\u00e8mes rencontr\u00e9s hier sur le\u00a0<\/span><span class=\"arialBold\" style=\"font-family: Arial, 'Gill Sans', 'Gill Sans MT', 'Myriad Pro', 'DejaVu Sans Condensed', Helvetica, sans-serif; font-size: 13px; font-weight: bold; color: #333333;\">d\u00e9part 5 du poste HT Lampadaire \u00e0 Cergy (dans les locaux de l\u2019ESSEC)<\/span><span class=\"arial\" style=\"font-family: Arial, 'Gill Sans', 'Gill Sans MT', 'Myriad Pro', 'DejaVu Sans Condensed', Helvetica, sans-serif; font-size: 13px; color: #333333;\">\u00a0ont \u00e9t\u00e9 r\u00e9gl\u00e9s suite \u00e0 l\u2019intervention de nos techniciens. Les rues fonctionnent de nouveau \u00e0 100%.<br \/><\/span><\/td>\n<\/tr>\n<tr>\n<td valign=\"top\" height=\"329\">\n<hr id=\"archivesBarre\" width=\"100%\" size=\"1\" noshade=\"noshade\" \/><span class=\"arialBoldsurlign\u00e9\" style=\"font-family: Arial, 'Gill Sans', 'Gill Sans MT', 'Myriad Pro', 'DejaVu Sans Condensed', Helvetica, sans-serif; font-size: 14px; font-weight: bold; color: #ffffff; background-color: #cb1e44; background-size: contain; line-height: 20pt;\">\u00a0FLASH INFOS MAINTENANCE &#8211; 30\/01\/2014 &#8211; 18h00\u00a0\u00a0<br \/><\/span><span class=\"arialBold\" style=\"font-family: Arial, 'Gill Sans', 'Gill Sans MT', 'Myriad Pro', 'DejaVu Sans Condensed', Helvetica, sans-serif; font-size: 13px; font-weight: bold; color: #333333;\">A l\u2019allumage, des pannes sur le r\u00e9seau Haute Tension sont en cours<\/p>\n<p><\/span><span class=\"arial\" style=\"font-family: Arial, 'Gill Sans', 'Gill Sans MT', 'Myriad Pro', 'DejaVu Sans Condensed', Helvetica, sans-serif; font-size: 13px; color: #333333;\">1. Nous rencontrons une panne sur le\u00a0<\/span><span class=\"arialBold\" style=\"font-family: Arial, 'Gill Sans', 'Gill Sans MT', 'Myriad Pro', 'DejaVu Sans Condensed', Helvetica, sans-serif; font-size: 13px; font-weight: bold; color: #333333;\">d\u00e9part 6 du poste HT Hautilum \u00e0 Jouy le Moutier :<\/span><span class=\"arial\" style=\"font-family: Arial, 'Gill Sans', 'Gill Sans MT', 'Myriad Pro', 'DejaVu Sans Condensed', Helvetica, sans-serif; font-size: 13px; color: #333333;\"><\/p>\n<p>Suite \u00e0 l\u2019intervention de nos techniciens, les rues qui sont \u00e9teintes ce soir sont :<\/p>\n<p><img loading=\"lazy\" decoding=\"async\" src=\"https:\/\/www.cylumine.fr\/img\/puce1.png\" width=\"13\" height=\"11\" border=\"0\" \/>\u00a0 Rue de l\u2019Artisanat (\u00e9teinte hors parking)<br \/><img loading=\"lazy\" decoding=\"async\" src=\"https:\/\/www.cylumine.fr\/img\/puce1.png\" width=\"13\" height=\"11\" border=\"0\" \/>\u00a0\u00a0All\u00e9e des arcades (all\u00e9e \u00e9teinte de l\u2019avenue des Bruzacques \u00e0 la place des Bourseaux)<br \/><img loading=\"lazy\" decoding=\"async\" src=\"https:\/\/www.cylumine.fr\/img\/puce1.png\" width=\"13\" height=\"11\" border=\"0\" \/>\u00a0 All\u00e9e de Jouy<\/p>\n<p>L\u2019avenue des Bruzacques et le boulevard d\u2019Ecancourt fonctionnent quant \u00e0 elles correctement.<\/p>\n<p>2. Nous rencontrons une panne sur le\u00a0<\/span><span class=\"arialBold\" style=\"font-family: Arial, 'Gill Sans', 'Gill Sans MT', 'Myriad Pro', 'DejaVu Sans Condensed', Helvetica, sans-serif; font-size: 13px; font-weight: bold; color: #333333;\">d\u00e9part 5 du poste HT Lampadaire \u00e0 Cergy (dans les locaux de l\u2019ESSEC)<\/span><span class=\"arial\" style=\"font-family: Arial, 'Gill Sans', 'Gill Sans MT', 'Myriad Pro', 'DejaVu Sans Condensed', Helvetica, sans-serif; font-size: 13px; color: #333333;\">.<\/p>\n<p>Suite \u00e0 l\u2019intervention de nos techniciens, la panne est limit\u00e9e ce soir aux rues suivantes :<\/p>\n<p><img loading=\"lazy\" decoding=\"async\" src=\"https:\/\/www.cylumine.fr\/img\/puce1.png\" width=\"13\" height=\"11\" border=\"0\" \/>\u00a0 Avenue du Sud (de l\u2019avenue du Bois non inclue \u00e0 l\u2019avenue des anglais : 8 Points Lumineux)<br \/><img loading=\"lazy\" decoding=\"async\" src=\"https:\/\/www.cylumine.fr\/img\/puce1.png\" width=\"13\" height=\"11\" border=\"0\" \/>\u00a0 Avenue des Anglais (4 Points Lumineux)<br \/><img loading=\"lazy\" decoding=\"async\" src=\"https:\/\/www.cylumine.fr\/img\/puce1.png\" alt=\"\" width=\"13\" height=\"11\" border=\"0\" \/>\u00a0 Boulevard des Maraichers (17 Points Lumineux)<\/p>\n<p>Nos techniciens travailleront demain pour remettre l\u2019ensemble de ces rues en fonctionnement.<\/span><\/p>\n<\/td>\n<\/tr>\n<tr>\n<td valign=\"top\" height=\"90\">\n<hr id=\"archivesBarre\" width=\"100%\" size=\"1\" noshade=\"noshade\" \/><span class=\"arialBoldsurlign\u00e9\" style=\"font-family: Arial, 'Gill Sans', 'Gill Sans MT', 'Myriad Pro', 'DejaVu Sans Condensed', Helvetica, sans-serif; font-size: 14px; font-weight: bold; color: #ffffff; background-color: #cb1e44; background-size: contain; line-height: 20pt;\">\u00a0FLASH INFOS MAINTENANCE &#8211; 29\/01\/2014 &#8211; 18h00\u00a0<\/span><span class=\"arialBold\" style=\"font-family: Arial, 'Gill Sans', 'Gill Sans MT', 'Myriad Pro', 'DejaVu Sans Condensed', Helvetica, sans-serif; font-size: 13px; font-weight: bold; color: #333333;\"><br \/><\/span><span class=\"arial\" style=\"font-family: Arial, 'Gill Sans', 'Gill Sans MT', 'Myriad Pro', 'DejaVu Sans Condensed', Helvetica, sans-serif; font-size: 13px; color: #333333;\"><br \/>Suite \u00e0 l\u2019intervention de nos techniciens ce jour,\u00a0<\/span><span class=\"arialBold\" style=\"font-family: Arial, 'Gill Sans', 'Gill Sans MT', 'Myriad Pro', 'DejaVu Sans Condensed', Helvetica, sans-serif; font-size: 13px; font-weight: bold; color: #333333;\">tous les d\u00e9parts du poste HT Hautilum \u00e0 Jouy le Moutier<\/span>\u00a0<span class=\"arialBold\" style=\"font-family: Arial, 'Gill Sans', 'Gill Sans MT', 'Myriad Pro', 'DejaVu Sans Condensed', Helvetica, sans-serif; font-size: 13px; font-weight: bold; color: #333333;\">sont en fonctionnement 100% \u00e0 l\u2019allumage.<\/p>\n<p><\/span><\/td>\n<\/tr>\n<tr>\n<td valign=\"top\" height=\"273\">\n<hr id=\"archivesBarre\" width=\"100%\" size=\"1\" noshade=\"noshade\" \/><span class=\"arialBoldsurlign\u00e9\" style=\"font-family: Arial, 'Gill Sans', 'Gill Sans MT', 'Myriad Pro', 'DejaVu Sans Condensed', Helvetica, sans-serif; font-size: 14px; font-weight: bold; color: #ffffff; background-color: #cb1e44; background-size: contain; line-height: 20pt;\">\u00a0FLASH INFOS MAINTENANCE &#8211; 28\/01\/2014 &#8211; 19h00\u00a0\u00a0<br \/><\/span><span class=\"arialBold\" style=\"font-family: Arial, 'Gill Sans', 'Gill Sans MT', 'Myriad Pro', 'DejaVu Sans Condensed', Helvetica, sans-serif; font-size: 13px; font-weight: bold; color: #333333;\">A l\u2019allumage, des pannes sur le r\u00e9seau Haute Tension sont en cours<br \/><\/span><span class=\"arial\" style=\"font-family: Arial, 'Gill Sans', 'Gill Sans MT', 'Myriad Pro', 'DejaVu Sans Condensed', Helvetica, sans-serif; font-size: 13px; color: #333333;\"><br \/>Le\u00a0<\/span><span class=\"arialBold\" style=\"font-family: Arial, 'Gill Sans', 'Gill Sans MT', 'Myriad Pro', 'DejaVu Sans Condensed', Helvetica, sans-serif; font-size: 13px; font-weight: bold; color: #333333;\">d\u00e9part 6 du poste HT hautilum \u00e0 Jouy le Moutier<\/span><span class=\"arial\" style=\"font-family: Arial, 'Gill Sans', 'Gill Sans MT', 'Myriad Pro', 'DejaVu Sans Condensed', Helvetica, sans-serif; font-size: 13px; color: #333333;\">\u00a0est tomb\u00e9 ce soir vers 18h30. Malgr\u00e9 l&rsquo;intervention de nos techniciens, ce dernier ne veut pas repartir.<\/p>\n<p>Les principales rues impact\u00e9es sont :<\/span><span class=\"arial\" style=\"font-family: Arial, 'Gill Sans', 'Gill Sans MT', 'Myriad Pro', 'DejaVu Sans Condensed', Helvetica, sans-serif; font-size: 13px; color: #333333;\"><\/p>\n<p><img loading=\"lazy\" decoding=\"async\" src=\"https:\/\/www.cylumine.fr\/img\/puce1.png\" width=\"13\" height=\"11\" border=\"0\" \/>\u00a0\u00a0Avenue des Bruzacques<br \/><img loading=\"lazy\" decoding=\"async\" src=\"https:\/\/www.cylumine.fr\/img\/puce1.png\" width=\"13\" height=\"11\" border=\"0\" \/>\u00a0\u00a0Rue des Saules Br\u00fbl\u00e9es<br \/><img loading=\"lazy\" decoding=\"async\" src=\"https:\/\/www.cylumine.fr\/img\/puce1.png\" width=\"13\" height=\"11\" border=\"0\" \/>\u00a0\u00a0Rue de l&rsquo;artisanat<br \/><img loading=\"lazy\" decoding=\"async\" src=\"https:\/\/www.cylumine.fr\/img\/puce1.png\" width=\"13\" height=\"11\" border=\"0\" \/>\u00a0\u00a0Rue des Hubles<br \/><img loading=\"lazy\" decoding=\"async\" src=\"https:\/\/www.cylumine.fr\/img\/puce1.png\" width=\"13\" height=\"11\" border=\"0\" \/>\u00a0\u00a0All\u00e9e de Jouy<br \/><img loading=\"lazy\" decoding=\"async\" src=\"https:\/\/www.cylumine.fr\/img\/puce1.png\" width=\"13\" height=\"11\" border=\"0\" \/>\u00a0\u00a0Boulevard d&rsquo;Ecancourt (tron\u00e7on entre rd point Ecancourt et croix St. Jacques)<\/p>\n<p>Demain nos techniciens interviendront pour remettre le d\u00e9part en route.<\/span><\/p>\n<\/td>\n<\/tr>\n<tr>\n<td valign=\"top\">\n<hr id=\"archivesBarre\" width=\"100%\" size=\"1\" noshade=\"noshade\" \/><span class=\"arialBoldsurlign\u00e9\" style=\"font-family: Arial, 'Gill Sans', 'Gill Sans MT', 'Myriad Pro', 'DejaVu Sans Condensed', Helvetica, sans-serif; font-size: 14px; font-weight: bold; color: #ffffff; background-color: #cb1e44; background-size: contain; line-height: 20pt;\">\u00a0FLASH INFOS MAINTENANCE &#8211; 28\/01\/2014 &#8211; 18h00\u00a0\u00a0<br \/><\/span><span class=\"arialBold\" style=\"font-family: Arial, 'Gill Sans', 'Gill Sans MT', 'Myriad Pro', 'DejaVu Sans Condensed', Helvetica, sans-serif; font-size: 13px; font-weight: bold; color: #333333;\">A l\u2019allumage, des pannes sur le r\u00e9seau Haute Tension sont en cours<br \/><\/span><span class=\"arial\" style=\"font-family: Arial, 'Gill Sans', 'Gill Sans MT', 'Myriad Pro', 'DejaVu Sans Condensed', Helvetica, sans-serif; font-size: 13px; color: #333333;\"><br \/>Suite \u00e0 l\u2019intervention de nos techniciens ce jour, les rues en pannes encore hier provenant du\u00a0<\/span><span class=\"arialBold\" style=\"font-family: Arial, 'Gill Sans', 'Gill Sans MT', 'Myriad Pro', 'DejaVu Sans Condensed', Helvetica, sans-serif; font-size: 13px; font-weight: bold; color: #333333;\">d\u00e9part 6 du poste HT Hautilum \u00e0 Jouy le Moutier (Artisanat, Hubles)<\/span><span class=\"arial\" style=\"font-family: Arial, 'Gill Sans', 'Gill Sans MT', 'Myriad Pro', 'DejaVu Sans Condensed', Helvetica, sans-serif; font-size: 13px; color: #333333;\">\u00a0sont de nouveau en fonctionnement \u00e0 l\u2019allumage.<br \/><\/span><\/td>\n<\/tr>\n<tr>\n<td valign=\"top\">\n<hr id=\"archivesBarre\" width=\"100%\" size=\"1\" noshade=\"noshade\" \/><span class=\"arialBoldsurlign\u00e9\" style=\"font-family: Arial, 'Gill Sans', 'Gill Sans MT', 'Myriad Pro', 'DejaVu Sans Condensed', Helvetica, sans-serif; font-size: 14px; font-weight: bold; color: #ffffff; background-color: #cb1e44; background-size: contain; line-height: 20pt;\">\u00a0FLASH INFOS MAINTENANCE &#8211; 27\/01\/2014 &#8211; 19h30\u00a0\u00a0<br \/><\/span><span class=\"arialBold\" style=\"font-family: Arial, 'Gill Sans', 'Gill Sans MT', 'Myriad Pro', 'DejaVu Sans Condensed', Helvetica, sans-serif; font-size: 13px; font-weight: bold; color: #333333;\">A l\u2019allumage, des pannes sur le r\u00e9seau Haute Tension sont en cours<br \/><\/span><span class=\"arial\" style=\"font-family: Arial, 'Gill Sans', 'Gill Sans MT', 'Myriad Pro', 'DejaVu Sans Condensed', Helvetica, sans-serif; font-size: 13px; color: #333333;\"><br \/>Nous avons rencontr\u00e9 vers 19H un soucis sur le\u00a0<\/span><span class=\"arialBold\" style=\"font-family: Arial, 'Gill Sans', 'Gill Sans MT', 'Myriad Pro', 'DejaVu Sans Condensed', Helvetica, sans-serif; font-size: 13px; font-weight: bold; color: #333333;\">d\u00e9part 6 du poste HT Lampadaire \u00e0 Cergy<\/span><span class=\"arial\" style=\"font-family: Arial, 'Gill Sans', 'Gill Sans MT', 'Myriad Pro', 'DejaVu Sans Condensed', Helvetica, sans-serif; font-size: 13px; color: #333333;\">.<\/p>\n<p>Les rues impact\u00e9es par ce d\u00e9faut \u00e9taient les suivantes :<\/p>\n<p><img loading=\"lazy\" decoding=\"async\" src=\"https:\/\/www.cylumine.fr\/img\/puce1.png\" width=\"13\" height=\"11\" border=\"0\" \/>\u00a0\u00a0Rue de la Pr\u00e9fecture<br \/><img loading=\"lazy\" decoding=\"async\" src=\"https:\/\/www.cylumine.fr\/img\/puce1.png\" width=\"13\" height=\"11\" border=\"0\" \/>\u00a0\u00a0Avenue des 3 Fontaines<br \/><img loading=\"lazy\" decoding=\"async\" src=\"https:\/\/www.cylumine.fr\/img\/puce1.png\" width=\"13\" height=\"11\" border=\"0\" \/>\u00a0\u00a0Rue Bernard Hirsch<br \/><img loading=\"lazy\" decoding=\"async\" src=\"https:\/\/www.cylumine.fr\/img\/puce1.png\" width=\"13\" height=\"11\" border=\"0\" \/>\u00a0\u00a0Boulevard du Port (c\u00f4t\u00e9 gauche de l\u2019Avenue du Parc \u00e0 A15)<br \/><img loading=\"lazy\" decoding=\"async\" src=\"https:\/\/www.cylumine.fr\/img\/puce1.png\" width=\"13\" height=\"11\" border=\"0\" \/>\u00a0\u00a0Boulevard de l\u2019Oise (c\u00f4t\u00e9 gauche du Boulevard du Port \u00e0 la ZAC Francis Combe)<br \/><img loading=\"lazy\" decoding=\"async\" src=\"https:\/\/www.cylumine.fr\/img\/puce1.png\" width=\"13\" height=\"11\" border=\"0\" \/>\u00a0\u00a0Boulevard de la Viosne (c\u00f4t\u00e9 droit du Boulevard de l\u2019Oise \u00e0 l\u2019A15)<\/p>\n<p>Nos techniciens ont pu relancer le d\u00e9part vers 19H30. Ce dernier fonctionne correctement \u00e0 l\u2019heure qu\u2019il est.<br \/><\/span><\/td>\n<\/tr>\n<tr>\n<td valign=\"top\">\n<hr id=\"archivesBarre\" width=\"100%\" size=\"1\" noshade=\"noshade\" \/><span class=\"arialBoldsurlign\u00e9\" style=\"font-family: Arial, 'Gill Sans', 'Gill Sans MT', 'Myriad Pro', 'DejaVu Sans Condensed', Helvetica, sans-serif; font-size: 14px; font-weight: bold; color: #ffffff; background-color: #cb1e44; background-size: contain; line-height: 20pt;\">\u00a0FLASH INFOS MAINTENANCE &#8211; 27\/01\/2014 &#8211; 18h30 \u00a0<\/span><span class=\"arialBold\" style=\"font-family: Arial, 'Gill Sans', 'Gill Sans MT', 'Myriad Pro', 'DejaVu Sans Condensed', Helvetica, sans-serif; font-size: 13px; font-weight: bold; color: #333333;\"><br \/>A l\u2019allumage, des pannes sur le r\u00e9seau Haute Tension sont en cours<\/span><br \/><span class=\"arial\" style=\"font-family: Arial, 'Gill Sans', 'Gill Sans MT', 'Myriad Pro', 'DejaVu Sans Condensed', Helvetica, sans-serif; font-size: 13px; color: #333333;\"><br \/>1. Concernant le\u00a0<\/span><span class=\"arialBold\" style=\"font-family: Arial, 'Gill Sans', 'Gill Sans MT', 'Myriad Pro', 'DejaVu Sans Condensed', Helvetica, sans-serif; font-size: 13px; font-weight: bold; color: #333333;\">d\u00e9part 6 du poste HT Hautilum \u00e0 Jouy le Moutier<\/span><span class=\"arial\" style=\"font-family: Arial, 'Gill Sans', 'Gill Sans MT', 'Myriad Pro', 'DejaVu Sans Condensed', Helvetica, sans-serif; font-size: 13px; color: #333333;\">\u00a0:<\/p>\n<p>Malgr\u00e9 l\u2019intervention de nos techniciens ce jour, les rues encore impact\u00e9es sont les suivantes :<\/p>\n<p><img loading=\"lazy\" decoding=\"async\" src=\"https:\/\/www.cylumine.fr\/img\/puce1.png\" width=\"13\" height=\"11\" border=\"0\" \/>\u00a0\u00a0Rue de l\u2019Artisanat (\u00e9teinte hors parking) + All\u00e9e des Arcades (all\u00e9e \u00e9teinte de Bruzacques \u00e0 Bourseaux)<br \/><img loading=\"lazy\" decoding=\"async\" src=\"https:\/\/www.cylumine.fr\/img\/puce1.png\" width=\"13\" height=\"11\" border=\"0\" \/>\u00a0 Rue des Hubles (\u00e9teinte)<\/p>\n<p>2. Les probl\u00e9matiques du\u00a0<\/span><span class=\"arialBold\" style=\"font-family: Arial, 'Gill Sans', 'Gill Sans MT', 'Myriad Pro', 'DejaVu Sans Condensed', Helvetica, sans-serif; font-size: 13px; font-weight: bold; color: #333333;\">d\u00e9part 2 du poste HT Spot \u00e0 Cergy le Haut<\/span><span class=\"arial\" style=\"font-family: Arial, 'Gill Sans', 'Gill Sans MT', 'Myriad Pro', 'DejaVu Sans Condensed', Helvetica, sans-serif; font-size: 13px; color: #333333;\">\u00a0ont quant \u00e0 elles \u00e9t\u00e9 r\u00e9gl\u00e9es.<\/span><\/p>\n<\/td>\n<\/tr>\n<tr>\n<td valign=\"top\">\n<hr id=\"archivesBarre\" width=\"100%\" size=\"1\" noshade=\"noshade\" \/><span class=\"arialBoldsurlign\u00e9\" style=\"font-family: Arial, 'Gill Sans', 'Gill Sans MT', 'Myriad Pro', 'DejaVu Sans Condensed', Helvetica, sans-serif; font-size: 14px; font-weight: bold; color: #ffffff; background-color: #cb1e44; background-size: contain; line-height: 20pt;\">\u00a0FLASH INFOS MAINTENANCE &#8211; 24\/01\/2014 &#8211; 19h30\u00a0\u00a0<br \/><\/span><span class=\"arialBold\" style=\"font-family: Arial, 'Gill Sans', 'Gill Sans MT', 'Myriad Pro', 'DejaVu Sans Condensed', Helvetica, sans-serif; font-size: 13px; font-weight: bold; color: #333333;\">A l\u2019allumage, des pannes sur le r\u00e9seau Haute Tension sont en cours<\/span><span class=\"arial\" style=\"font-family: Arial, 'Gill Sans', 'Gill Sans MT', 'Myriad Pro', 'DejaVu Sans Condensed', Helvetica, sans-serif; font-size: 13px; color: #333333;\"><\/p>\n<p>1. Concernant le\u00a0<\/span><span class=\"arialBold\" style=\"font-family: Arial, 'Gill Sans', 'Gill Sans MT', 'Myriad Pro', 'DejaVu Sans Condensed', Helvetica, sans-serif; font-size: 13px; font-weight: bold; color: #333333;\">d\u00e9part 6 du poste HT Hautilum \u00e0 Jouy le Moutier<\/span><span class=\"arial\" style=\"font-family: Arial, 'Gill Sans', 'Gill Sans MT', 'Myriad Pro', 'DejaVu Sans Condensed', Helvetica, sans-serif; font-size: 13px; color: #333333;\">\u00a0:<\/p>\n<p>Suite \u00e0 l\u2019intervention de nos techniciens ce jour, les rues encore impact\u00e9es sont les suivantes :<\/p>\n<p><img loading=\"lazy\" decoding=\"async\" src=\"https:\/\/www.cylumine.fr\/img\/puce1.png\" width=\"13\" height=\"11\" border=\"0\" \/>\u00a0\u00a0Rue de l\u2019Artisanat (\u00e9teinte hors parking) + All\u00e9e des arcades (all\u00e9e \u00e9teinte de Bruzacques \u00e0 Bourseaux)<br \/><img loading=\"lazy\" decoding=\"async\" src=\"https:\/\/www.cylumine.fr\/img\/puce1.png\" width=\"13\" height=\"11\" border=\"0\" \/>\u00a0\u00a0Rue des Hubles (\u00e9teinte)<\/p>\n<p>2. Concernant le\u00a0<\/span><span class=\"arialBold\" style=\"font-family: Arial, 'Gill Sans', 'Gill Sans MT', 'Myriad Pro', 'DejaVu Sans Condensed', Helvetica, sans-serif; font-size: 13px; font-weight: bold; color: #333333;\">d\u00e9part 2 du poste HT Spot \u00e0 Cergy le Haut<\/span><span class=\"arial\" style=\"font-family: Arial, 'Gill Sans', 'Gill Sans MT', 'Myriad Pro', 'DejaVu Sans Condensed', Helvetica, sans-serif; font-size: 13px; color: #333333;\">\u00a0le tron\u00e7on encore impact\u00e9 est le suivant :<\/p>\n<p><img loading=\"lazy\" decoding=\"async\" src=\"https:\/\/www.cylumine.fr\/img\/puce1.png\" width=\"13\" height=\"11\" border=\"0\" \/>\u00a0\u00a0Rue du Capitaine N\u00e9mo\/angle Fief \u00e0 Cavan \u00e0 Cergy (7 PL \u00e9teints)<\/p>\n<p>Nos \u00e9quipes sont sur site pour essayer de r\u00e9tablir le service au plus vite<\/span><\/p>\n<\/td>\n<\/tr>\n<tr>\n<td valign=\"top\" height=\"309\">\n<hr id=\"archivesBarre\" width=\"100%\" size=\"1\" noshade=\"noshade\" \/><span class=\"arialBoldsurlign\u00e9\" style=\"font-family: Arial, 'Gill Sans', 'Gill Sans MT', 'Myriad Pro', 'DejaVu Sans Condensed', Helvetica, sans-serif; font-size: 14px; font-weight: bold; color: #ffffff; background-color: #cb1e44; background-size: contain; line-height: 20pt;\">\u00a0FLASH INFOS MAINTENANCE &#8211; 23\/01\/2014 &#8211; 18h30\u00a0<br \/><\/span><span class=\"arialBold\" style=\"font-family: Arial, 'Gill Sans', 'Gill Sans MT', 'Myriad Pro', 'DejaVu Sans Condensed', Helvetica, sans-serif; font-size: 13px; font-weight: bold; color: #333333;\">A l\u2019allumage, des pannes sur le r\u00e9seau Haute Tension sont en cours\u00a0\u00a0<\/span><span class=\"arial\" style=\"font-family: Arial, 'Gill Sans', 'Gill Sans MT', 'Myriad Pro', 'DejaVu Sans Condensed', Helvetica, sans-serif; font-size: 13px; color: #333333;\"><\/p>\n<p>1. Nous rencontrons une panne sur une\u00a0<\/span><span class=\"arialBold\" style=\"font-family: Arial, 'Gill Sans', 'Gill Sans MT', 'Myriad Pro', 'DejaVu Sans Condensed', Helvetica, sans-serif; font-size: 13px; font-weight: bold; color: #333333;\">phase du d\u00e9part 6 du poste HT Hautilum \u00e0 Jouy le Moutier<\/span><span class=\"arial\" style=\"font-family: Arial, 'Gill Sans', 'Gill Sans MT', 'Myriad Pro', 'DejaVu Sans Condensed', Helvetica, sans-serif; font-size: 13px; color: #333333;\">\u00a0:<\/p>\n<p>Ainsi les rues impact\u00e9es par ce d\u00e9faut partiel sont les suivantes :<\/p>\n<p><img loading=\"lazy\" decoding=\"async\" src=\"https:\/\/www.cylumine.fr\/img\/puce1.png\" width=\"13\" height=\"11\" border=\"0\" \/>\u00a0\u00a0Avenue des Bruzacques (\u00e9teinte de l\u2019avenue du Temps Perdu au rondpoint d\u2019Ecancourt)<br \/><img loading=\"lazy\" decoding=\"async\" src=\"https:\/\/www.cylumine.fr\/img\/puce1.png\" width=\"13\" height=\"11\" border=\"0\" \/>\u00a0\u00a0All\u00e9e de Jouy<br \/><img loading=\"lazy\" decoding=\"async\" src=\"https:\/\/www.cylumine.fr\/img\/puce1.png\" width=\"13\" height=\"11\" border=\"0\" \/>\u00a0\u00a0Rue de l\u2019Artisanat (\u00e9teinte hors parking)<br \/><img loading=\"lazy\" decoding=\"async\" src=\"https:\/\/www.cylumine.fr\/img\/puce1.png\" width=\"13\" height=\"11\" border=\"0\" \/>\u00a0\u00a0Rue des Hubles<\/p>\n<p>2. Concernant les d\u00e9fauts en cours hier soir sur le\u00a0<\/span><span class=\"arialBold\" style=\"font-family: Arial, 'Gill Sans', 'Gill Sans MT', 'Myriad Pro', 'DejaVu Sans Condensed', Helvetica, sans-serif; font-size: 13px; font-weight: bold; color: #333333;\">boulevard du port \u00e0 Cergy<\/span><span class=\"arial\" style=\"font-family: Arial, 'Gill Sans', 'Gill Sans MT', 'Myriad Pro', 'DejaVu Sans Condensed', Helvetica, sans-serif; font-size: 13px; color: #333333;\">, suite \u00e0 l\u2019intervention de nos techniciens ce jour,\u00a0<\/span><span class=\"arialBold\" style=\"font-family: Arial, 'Gill Sans', 'Gill Sans MT', 'Myriad Pro', 'DejaVu Sans Condensed', Helvetica, sans-serif; font-size: 13px; font-weight: bold; color: #333333;\">tout est de nouveau en fonctionnement.<\/p>\n<p><\/span><span class=\"arial\" style=\"font-family: Arial, 'Gill Sans', 'Gill Sans MT', 'Myriad Pro', 'DejaVu Sans Condensed', Helvetica, sans-serif; font-size: 13px; color: #333333;\">3. Cette nuit, le\u00a0<\/span><span class=\"arialBold\" style=\"font-family: Arial, 'Gill Sans', 'Gill Sans MT', 'Myriad Pro', 'DejaVu Sans Condensed', Helvetica, sans-serif; font-size: 13px; font-weight: bold; color: #333333;\">d\u00e9part 2 du poste HT Spot \u00e0 Cergy le Haut<\/span><span class=\"arial\" style=\"font-family: Arial, 'Gill Sans', 'Gill Sans MT', 'Myriad Pro', 'DejaVu Sans Condensed', Helvetica, sans-serif; font-size: 13px; color: #333333;\">\u00a0est tomb\u00e9.<\/span>\u00a0<span class=\"arial\" style=\"font-family: Arial, 'Gill Sans', 'Gill Sans MT', 'Myriad Pro', 'DejaVu Sans Condensed', Helvetica, sans-serif; font-size: 13px; color: #333333;\">Suite \u00e0 l\u2019intervention de nos techniciens, la panne est limit\u00e9e ce soir aux 2 rues suivantes :<br \/><\/span><span class=\"arial\" style=\"font-family: Arial, 'Gill Sans', 'Gill Sans MT', 'Myriad Pro', 'DejaVu Sans Condensed', Helvetica, sans-serif; font-size: 13px; color: #333333;\"><br \/><img loading=\"lazy\" decoding=\"async\" src=\"https:\/\/www.cylumine.fr\/img\/puce1.png\" width=\"13\" height=\"11\" border=\"0\" \/>\u00a0\u00a0Rue du Fief \u00e0 Cavan \u00e0 Courdimanche (\u00e9teinte entre le boulevard des Chasseurs et la villa des Gr\u00e8s)<br \/><img loading=\"lazy\" decoding=\"async\" src=\"https:\/\/www.cylumine.fr\/img\/puce1.png\" width=\"13\" height=\"11\" border=\"0\" \/>\u00a0\u00a0Rue du Capitaine N\u00e9mo \u00e0 Cergy (4 PL \u00e9teints)\u00a0<\/p>\n<p>Nos techniciens travailleront demain pour remettre ces rues en fonctionnement.<\/span><\/p>\n<\/td>\n<\/tr>\n<tr>\n<td valign=\"top\" height=\"244\">\n<hr id=\"archivesBarre\" width=\"100%\" size=\"1\" noshade=\"noshade\" \/><span class=\"arialBoldsurlign\u00e9\" style=\"font-family: Arial, 'Gill Sans', 'Gill Sans MT', 'Myriad Pro', 'DejaVu Sans Condensed', Helvetica, sans-serif; font-size: 14px; font-weight: bold; color: #ffffff; background-color: #cb1e44; background-size: contain; line-height: 20pt;\">\u00a0FLASH INFOS MAINTENANCE &#8211; 22\/01\/2014 &#8211; 18h30\u00a0<br \/><\/span><span class=\"arialBold\" style=\"font-family: Arial, 'Gill Sans', 'Gill Sans MT', 'Myriad Pro', 'DejaVu Sans Condensed', Helvetica, sans-serif; font-size: 13px; font-weight: bold; color: #333333;\">A l\u2019allumage, des pannes sur le r\u00e9seau Haute Tension sont en cours\u00a0<\/span><span class=\"arial\" style=\"font-family: Arial, 'Gill Sans', 'Gill Sans MT', 'Myriad Pro', 'DejaVu Sans Condensed', Helvetica, sans-serif; font-size: 13px; color: #333333;\"><\/p>\n<p>1. En ce qui concerne le\u00a0<\/span><span class=\"arialBold\" style=\"font-family: Arial, 'Gill Sans', 'Gill Sans MT', 'Myriad Pro', 'DejaVu Sans Condensed', Helvetica, sans-serif; font-size: 13px; font-weight: bold; color: #333333;\">d\u00e9part 1 du poste HT Lampadaire (sur Cergy dans les locaux de l\u2019ESSEC)<\/span><span class=\"arial\" style=\"font-family: Arial, 'Gill Sans', 'Gill Sans MT', 'Myriad Pro', 'DejaVu Sans Condensed', Helvetica, sans-serif; font-size: 13px; color: #333333;\">\u00a0:<\/p>\n<p>Suite \u00e0 l\u2019intervention de nos techniciens ce jour, une port\u00e9e de c\u00e2ble a \u00e9t\u00e9 chang\u00e9e et le boulevard du Port entre l\u2019avenue des Grouettes et l\u2019avenue Jean Bart (tout le c\u00f4t\u00e9 gauche \u00e9teint dans le sens A15-&gt;Port) a \u00e9t\u00e9 remis en service.<\/p>\n<p>Le dernier tron\u00e7on impact\u00e9 par un d\u00e9faut sur le d\u00e9part 1 du poste HT Lampadaire est limit\u00e9 \u00e0 :<\/p>\n<p><img loading=\"lazy\" decoding=\"async\" src=\"https:\/\/www.cylumine.fr\/img\/puce1.png\" width=\"13\" height=\"11\" border=\"0\" \/>\u00a0\u00a0Boulevard du Port entre l\u2019avenue du Parc et l\u2019avenue des Grouettes ( seuls 5 Points Lumineux \u00e9teints sur le c\u00f4t\u00e9 gauche dans le sens A15-&gt;Port ; c\u00f4t\u00e9 droit Ok car autre d\u00e9part)<\/p>\n<p>Demain, un camion laboratoire viendra nous appuyer dans la recherche du dernier d\u00e9faut. Un c\u00e2ble est visiblement d\u00e9faillant et il sera chang\u00e9 ou r\u00e9par\u00e9 une fois la localisation pr\u00e9cise effectu\u00e9e.<\/p>\n<p>2. Ce soir, le\u00a0<\/span><span class=\"arialBold\" style=\"font-family: Arial, 'Gill Sans', 'Gill Sans MT', 'Myriad Pro', 'DejaVu Sans Condensed', Helvetica, sans-serif; font-size: 13px; font-weight: bold; color: #333333;\">d\u00e9part 6 d\u2019Hautilum \u00e0 Jouy le Moutier est HS<\/span><span class=\"arial\" style=\"font-family: Arial, 'Gill Sans', 'Gill Sans MT', 'Myriad Pro', 'DejaVu Sans Condensed', Helvetica, sans-serif; font-size: 13px; color: #333333;\">.<\/p>\n<p><img loading=\"lazy\" decoding=\"async\" src=\"https:\/\/www.cylumine.fr\/img\/puce1.png\" width=\"13\" height=\"11\" border=\"0\" \/>\u00a0\u00a0Les rues concern\u00e9es sont entre autre l\u2019avenue des Bruzacques et ses abords.<\/p>\n<p>Une \u00e9quipe est sur place pour tenter de relancer un maximum de phases de ce d\u00e9part.<\/span><\/p>\n<\/td>\n<\/tr>\n<tr>\n<td>\n<hr id=\"archivesBarre\" width=\"100%\" size=\"1\" noshade=\"noshade\" \/><span class=\"arialBoldsurlign\u00e9\" style=\"font-family: Arial, 'Gill Sans', 'Gill Sans MT', 'Myriad Pro', 'DejaVu Sans Condensed', Helvetica, sans-serif; font-size: 14px; font-weight: bold; color: #ffffff; background-color: #cb1e44; background-size: contain; line-height: 20pt;\">\u00a0FLASH INFOS MAINTENANCE &#8211; 21\/01\/2014\u00a0<\/span><span class=\"arialBold\" style=\"font-family: Arial, 'Gill Sans', 'Gill Sans MT', 'Myriad Pro', 'DejaVu Sans Condensed', Helvetica, sans-serif; font-size: 13px; font-weight: bold; color: #333333;\"><br \/>A l\u2019allumage, des pannes sur le r\u00e9seau Haute Tension sont en cours<\/span><span class=\"arial\" style=\"font-family: Arial, 'Gill Sans', 'Gill Sans MT', 'Myriad Pro', 'DejaVu Sans Condensed', Helvetica, sans-serif; font-size: 13px; color: #333333;\"><\/p>\n<p>Depuis hier soir, nous avons le\u00a0<\/span><span class=\"arialBold\" style=\"font-family: Arial, 'Gill Sans', 'Gill Sans MT', 'Myriad Pro', 'DejaVu Sans Condensed', Helvetica, sans-serif; font-size: 13px; font-weight: bold; color: #333333;\">d\u00e9part 1 du poste HT Lampadaire (sur Cergy dans les locaux de l\u2019ESSEC) qui est en grande difficult\u00e9<\/span><span class=\"arial\" style=\"font-family: Arial, 'Gill Sans', 'Gill Sans MT', 'Myriad Pro', 'DejaVu Sans Condensed', Helvetica, sans-serif; font-size: 13px; color: #333333;\">.<\/p>\n<p>Suite \u00e0 l\u2019intervention de nos techniciens ce jour, les rues impact\u00e9es par le d\u00e9faut du d\u00e9part 1 du poste HT Lampadaire sont limit\u00e9es \u00e0 l\u2019allumage \u00e0 :<\/p>\n<p><img loading=\"lazy\" decoding=\"async\" src=\"https:\/\/www.cylumine.fr\/img\/puce1.png\" width=\"13\" height=\"11\" border=\"0\" \/>\u00a0\u00a0Boulevard du Port entre l\u2019avenue du Parc et l\u2019avenue des Grouettes ( 1 cand\u00e9labre \u00e9teint sur 2 sur le c\u00f4t\u00e9 gauche dans le sens A15-&gt;Port ; c\u00f4t\u00e9 droit Ok car autre d\u00e9part)<br \/><img loading=\"lazy\" decoding=\"async\" src=\"https:\/\/www.cylumine.fr\/img\/puce1.png\" width=\"13\" height=\"11\" border=\"0\" \/>\u00a0Boulevard du Port entre l\u2019avenue des Grouettes et l\u2019avenue Jean Bart (tout le c\u00f4t\u00e9 gauche \u00e9teint dans le sens A15-&gt;Port ; c\u00f4t\u00e9 droit Ok car autre d\u00e9part)<\/p>\n<p>Nos techniciens travailleront demain pour remettre ce dernier tron\u00e7on en fonctionnement.<\/span><\/td>\n<\/tr>\n<\/tbody>\n<\/table>\n<\/td>\n<\/tr>\n<\/tbody>\n<\/table>\n","protected":false},"excerpt":{"rendered":"<p>\u00a0FLASH INFOS TRAVAUX &#8211; PANNE HT POSTE LAMPARO du 24\/10\/2016 \u00a0 Depuis ce matin 5h48 le d\u00e9part N\u00b03 du Poste [&hellip;]<\/p>\n","protected":false},"author":1,"featured_media":0,"comment_status":"open","ping_status":"open","sticky":false,"template":"","format":"standard","meta":{"site-sidebar-layout":"default","site-content-layout":"","ast-site-content-layout":"default","site-content-style":"default","site-sidebar-style":"default","ast-global-header-display":"","ast-banner-title-visibility":"","ast-main-header-display":"","ast-hfb-above-header-display":"","ast-hfb-below-header-display":"","ast-hfb-mobile-header-display":"","site-post-title":"","ast-breadcrumbs-content":"","ast-featured-img":"","footer-sml-layout":"","ast-disable-related-posts":"","theme-transparent-header-meta":"","adv-header-id-meta":"","stick-header-meta":"","header-above-stick-meta":"","header-main-stick-meta":"","header-below-stick-meta":"","astra-migrate-meta-layouts":"default","ast-page-background-enabled":"default","ast-page-background-meta":{"desktop":{"background-color":"var(--ast-global-color-5)","background-image":"","background-repeat":"repeat","background-position":"center center","background-size":"auto","background-attachment":"scroll","background-type":"","background-media":"","overlay-type":"","overlay-color":"","overlay-opacity":"","overlay-gradient":""},"tablet":{"background-color":"","background-image":"","background-repeat":"repeat","background-position":"center center","background-size":"auto","background-attachment":"scroll","background-type":"","background-media":"","overlay-type":"","overlay-color":"","overlay-opacity":"","overlay-gradient":""},"mobile":{"background-color":"","background-image":"","background-repeat":"repeat","background-position":"center center","background-size":"auto","background-attachment":"scroll","background-type":"","background-media":"","overlay-type":"","overlay-color":"","overlay-opacity":"","overlay-gradient":""}},"ast-content-background-meta":{"desktop":{"background-color":"var(--ast-global-color-4)","background-image":"","background-repeat":"repeat","background-position":"center center","background-size":"auto","background-attachment":"scroll","background-type":"","background-media":"","overlay-type":"","overlay-color":"","overlay-opacity":"","overlay-gradient":""},"tablet":{"background-color":"var(--ast-global-color-4)","background-image":"","background-repeat":"repeat","background-position":"center center","background-size":"auto","background-attachment":"scroll","background-type":"","background-media":"","overlay-type":"","overlay-color":"","overlay-opacity":"","overlay-gradient":""},"mobile":{"background-color":"var(--ast-global-color-4)","background-image":"","background-repeat":"repeat","background-position":"center center","background-size":"auto","background-attachment":"scroll","background-type":"","background-media":"","overlay-type":"","overlay-color":"","overlay-opacity":"","overlay-gradient":""}},"footnotes":""},"categories":[1],"tags":[],"class_list":["post-527","post","type-post","status-publish","format-standard","hentry","category-uncategorized"],"_links":{"self":[{"href":"https:\/\/www.cylumine.fr\/index.php\/wp-json\/wp\/v2\/posts\/527","targetHints":{"allow":["GET"]}}],"collection":[{"href":"https:\/\/www.cylumine.fr\/index.php\/wp-json\/wp\/v2\/posts"}],"about":[{"href":"https:\/\/www.cylumine.fr\/index.php\/wp-json\/wp\/v2\/types\/post"}],"author":[{"embeddable":true,"href":"https:\/\/www.cylumine.fr\/index.php\/wp-json\/wp\/v2\/users\/1"}],"replies":[{"embeddable":true,"href":"https:\/\/www.cylumine.fr\/index.php\/wp-json\/wp\/v2\/comments?post=527"}],"version-history":[{"count":0,"href":"https:\/\/www.cylumine.fr\/index.php\/wp-json\/wp\/v2\/posts\/527\/revisions"}],"wp:attachment":[{"href":"https:\/\/www.cylumine.fr\/index.php\/wp-json\/wp\/v2\/media?parent=527"}],"wp:term":[{"taxonomy":"category","embeddable":true,"href":"https:\/\/www.cylumine.fr\/index.php\/wp-json\/wp\/v2\/categories?post=527"},{"taxonomy":"post_tag","embeddable":true,"href":"https:\/\/www.cylumine.fr\/index.php\/wp-json\/wp\/v2\/tags?post=527"}],"curies":[{"name":"wp","href":"https:\/\/api.w.org\/{rel}","templated":true}]}}